{"id":10191,"date":"2021-12-15T22:39:50","date_gmt":"2021-12-15T21:39:50","guid":{"rendered":"https:\/\/www.sage.com\/de-de\/blog\/?p=10191"},"modified":"2026-01-22T14:52:30","modified_gmt":"2026-01-22T13:52:30","slug":"wie-laesst-sich-eine-externe-unternehmensnachfolge-finanzieren-insights-6","status":"publish","type":"post","link":"https:\/\/www.sage.com\/de-de\/blog\/wie-laesst-sich-eine-externe-unternehmensnachfolge-finanzieren-insights-6\/","title":{"rendered":"Wie l\u00e4sst sich eine externe Unternehmensnachfolge finanzieren? Insights #6"},"content":{"rendered":"<header class=\"entry-header has-dark-background-color entry-header--has-illustration entry-header--has-illustration--generic\">\n\t<div class=\"container\">\n\t\t<div class=\"entry-header__row row align-center\">\n\t\t\t<div class=\"col col-lg-7 col-xlg-6 entry-header__content\">\n\t\t\t\t\t\t\t<div class=\"component component-single-header\">\n\t\t\t\t\t\t\t\t\t\t<div class=\"entry-header__misc text--subtitle text--uppercase text--small\">\n\t\t\t\t\t\t\t<a href=\"https:\/\/www.sage.com\/de-de\/blog\/kategorie\/digitale-transformation\/\" class=\"entry-header__link\">Digitale Transformation<\/a>\t\t\t\t\t\t<\/div>\n\t\t\t\t\n\t\t\t\t<div class=\"entry-title-wrapper\">\n\t\t\t\t\t<h1 class=\"entry-title\">\n\t\t\t\t\t\tWie l\u00e4sst sich eine externe Unternehmensnachfolge finanzieren? Insights #6\t\t\t\t\t<\/h1>\n\t\t\t\t<\/div>\n\n\t\t\t\t\t\t\t\t\t<p class=\"entry-header__description\">\n\t\t\t\t\t\t\t\t\t\t\t<\/p>\n\t\t\t\t\n\t\t\t\t\n\t\t\t\t\n\t\t\t<\/div>\n\n\t\t\t\t\t<\/div>\n\t\t\t\t\t<\/div>\n\t<\/div>\n\t<div class=\"single-post-details container\">\n\t\t<div class=\"col\">\n\t\t\t<span class=\"posted-on \"><time class=\"entry-date published\" datetime=\"2021-12-15T22:39:50+01:00\">15. December 2021<\/time><\/span><span class=\"reading-time\"> Minuten zu lesen<\/span>\n\t\t<button\n\t\t\ttype=\"button\"\n\t\t\tclass=\"social-share-button button button--icon button--secondary js-social-share-button\"\n\t\t\tdata-share-title=\"Wie l\u00e4sst sich eine externe Unternehmensnachfolge finanzieren? Insights #6\"\n\t\t\tdata-share-url=\"https:\/\/www.sage.com\/de-de\/blog\/wie-laesst-sich-eine-externe-unternehmensnachfolge-finanzieren-insights-6\/\"\n\t\t\tdata-share-text=\"Bitte lesen Sie diesen interessanten Artikel\"\n\t\t>\n\t\t\t<span class=\"social-share-button__share-label\">Teilen<\/span>\n\t\t\t<span class=\"social-share-button__copy-label\" hidden>Link kopieren<\/span>\n\t\t\t<span class=\"social-share-button__copy-tooltip\" aria-hidden=\"true\" hidden>Kopiert<\/span>\n\t\t<\/button>\n\n\t\t\t\t<\/div>\n\t<\/div>\n<\/header>\n\n\n\n<div class=\"wp-block-post-author has-dark-background-color alignfull\">\n\t<div class=\"container\">\n\t\t<div class=\"col\">\n\t\t\t\t\t\t\t<div class=\"co-authors\">\n\t\t\t\t\t\n\t\t<div class=\"entry-author-wrapper\">\n\t\t\t<a class=\"entry-author\" href=\"https:\/\/www.sage.com\/de-de\/blog\/author\/janfriedrich\/\">\n\t\t\t\t<img loading=\"lazy\" decoding=\"async\" width=\"40\" height=\"40\" src=\"https:\/\/www.sage.com\/de-de\/blog\/wp-content\/uploads\/sites\/11\/2020\/09\/Unbenannte-Aufnahme0008-2-350x350.jpg\" class=\"entry-author__image\" alt=\"Jan Friedrich, Podcast Host SageNAchfolgePlaner Unternehmensnachfolge\" srcset=\"https:\/\/www.sage.com\/de-de\/blog\/wp-content\/uploads\/sites\/11\/2020\/09\/Unbenannte-Aufnahme0008-2-350x350.jpg 350w, https:\/\/www.sage.com\/de-de\/blog\/wp-content\/uploads\/sites\/11\/2020\/09\/Unbenannte-Aufnahme0008-2-768x753.jpg 768w, https:\/\/www.sage.com\/de-de\/blog\/wp-content\/uploads\/sites\/11\/2020\/09\/Unbenannte-Aufnahme0008-2-826x810.jpg 826w, https:\/\/www.sage.com\/de-de\/blog\/wp-content\/uploads\/sites\/11\/2020\/09\/Unbenannte-Aufnahme0008-2-1536x1506.jpg 1536w, https:\/\/www.sage.com\/de-de\/blog\/wp-content\/uploads\/sites\/11\/2020\/09\/Unbenannte-Aufnahme0008-2-2048x2008.jpg 2048w\" sizes=\"auto, (max-width: 40px) 100vw, 40px\" \/>\t\t\t\t<span class=\"entry-author__name\">Jan Friedrich<\/span>\n\t\t\t<\/a>\n\n\t\t\t\t\t<\/div>\n\n\t\t\t\t\t\t<\/div>\n\t\t\t\t\t<\/div>\n\t<\/div>\n<\/div>\n\n\n\n\n\n<p>Wenn der Traum von der Selbst\u00e4ndigkeit oder der \u00dcbernahme eines Unternehmens platzt, ist einer der Hauptgr\u00fcnde daf\u00fcr oftmals die fehlende Finanzierung. Gerade bei kleinen und mittleren Unternehmen (KMU) fallen zus\u00e4tzlich zum Kaufpreis eines Unternehmens Kostenfaktoren an, die schnell untersch\u00e4tzt werden. Dabei f\u00fchrt eine Vielzahl von (Finanzierungs-)wegen zum eigenen Unternehmen. Ob Search Fund, KfW-Darlehen oder die Inanspruchnahme weiterer F\u00f6rdergelder \u2013 diese Unternehmensnachfolger geben Praxiseinblicke und machen Mut zum Kauf eines Unternehmens.<\/p>\n\n\n\n<h3 class=\"wp-block-heading\" id=\"h-1-mittels-search-fund-investoren-fur-die-suche-und-ubernahme-eines-unternehmens-gewinnen\"><strong>1. Mittels Search Fund Investoren f\u00fcr die Suche und \u00dcbernahme eines Unternehmens gewinnen <\/strong><\/h3>\n\n\n\n<figure class=\"wp-block-image alignleft\"><img loading=\"lazy\" decoding=\"async\" width=\"1535\" height=\"2244\" src=\"https:\/\/www.sage.com\/de-de\/blog\/wp-content\/uploads\/sites\/11\/2021\/10\/J.P._1.jpg\" alt=\"Philipp von Jagwitz\" class=\"wp-image-9941\" srcset=\"https:\/\/www.sage.com\/de-de\/blog\/wp-content\/uploads\/sites\/11\/2021\/10\/J.P._1.jpg 1535w, https:\/\/www.sage.com\/de-de\/blog\/wp-content\/uploads\/sites\/11\/2021\/10\/J.P._1-525x768.jpg 525w, https:\/\/www.sage.com\/de-de\/blog\/wp-content\/uploads\/sites\/11\/2021\/10\/J.P._1-554x810.jpg 554w, https:\/\/www.sage.com\/de-de\/blog\/wp-content\/uploads\/sites\/11\/2021\/10\/J.P._1-768x1123.jpg 768w, https:\/\/www.sage.com\/de-de\/blog\/wp-content\/uploads\/sites\/11\/2021\/10\/J.P._1-1051x1536.jpg 1051w, https:\/\/www.sage.com\/de-de\/blog\/wp-content\/uploads\/sites\/11\/2021\/10\/J.P._1-1401x2048.jpg 1401w\" sizes=\"auto, (max-width: 1535px) 100vw, 1535px\" \/><\/figure>\n\n\n\n<p>Der 32-j\u00e4hrige Philipp von Jagwitz ist Ingenieur und hat f\u00fcr Volkswagen und vor allem BMW im In- und Ausland im Produktmanagement gearbeitet. Doch er wusste immer, dass er irgendwann etwas Eigenes machen wollte. Ein MBA-Studium sollte den Weg zum eigenen mittelst\u00e4ndischen Unternehmen ebnen. Dabei begegnete er dem Konzept des <a href=\"https:\/\/www.sage.com\/de-de\/blog\/perspektivenwechsel-in-der-unternehmensnachfolge-das-search-fund-modell\/\" target=\"_blank\" rel=\"noopener\">Search Funds<\/a>.<\/p>\n\n\n\n<p>\u201eW\u00e4hrend meines Studiums in Barcelona lernte ich die Unternehmer J\u00fcrgen Rilling und Alexander Kirn kennen, die meine Investoren wurden. \u00dcber sie bekam ich Zugang in die recht \u00fcberschaubare Welt der Searcher. Bisher gab es wohl etwa f\u00fcnfzehn von ihnen in Deutschland, w\u00e4hrend das Konzept in den USA und Spanien deutlich weiterverbreitet ist. In der Folge konnte ich weitere, auch internationale Investoren gewinnen. Mein Bruder unterst\u00fctzt mich ebenfalls. Alle gemeinsam finanzieren nun <a href=\"https:\/\/www.sage.com\/de-de\/blog\/unternehmer-werden-mittels-search-fund-fy22\/\" target=\"_blank\" rel=\"noopener\">meine Suche nach einem passenden Unternehmen<\/a> und ich kann mich seit August letzten Jahres ohne weitere Verpflichtungen ganz der Suche widmen. Ohne diese finanzielle Basis w\u00e4re das f\u00fcr mich als dreifachen Familienvater unm\u00f6glich.\u201c<\/p>\n\n\n\n<h3 class=\"wp-block-heading\" id=\"h-2-sich-aktiv-mit-fordermitteln-auseinanderzusetzen\"><strong>2. Sich aktiv mit F\u00f6rdermitteln auseinanderzusetzen<\/strong><\/h3>\n\n\n\n<figure class=\"wp-block-image alignright\"><img decoding=\"async\" src=\"https:\/\/www.sage.com\/de-de\/blog\/wp-content\/uploads\/sites\/11\/2020\/11\/DSC_8596.jpg\" alt=\"Ines Sterling\" class=\"wp-image-8352\"\/><\/figure>\n\n\n\n<p>Ines Sterling hat mit 28 Jahren ein Brauerei-Service-Unternehmen \u00fcbernommen. Sie ist Vollblut-Unternehmerin: einige Jahre sp\u00e4ter gr\u00fcndete sie mit ihrem Ehemann einen Catering Service, mit Freunden eine kleine Hausbrauerei und nahm schlie\u00dflich noch einen Online-Braushop in ihr Portfolio auf.<\/p>\n\n\n\n<p>F\u00fcr die Finanzierung empfiehlt sie, sich aktiv mit F\u00f6rderm\u00f6glichkeiten auseinanderzusetzen, z.B. \u00fcber<\/p>\n\n\n\n<ul class=\"wp-block-list\">\n<li>klassische Recherche in Eigenregie<\/li>\n\n\n\n<li>Beratungsstellen der\u00a0IHK<\/li>\n\n\n\n<li>speziellen\u00a0F\u00f6rderberater, die einen vor Ort im Unternehmen und kostenfrei beraten<\/li>\n<\/ul>\n\n\n\n<p>Zur\u00fcckblickend sagt&nbsp;Ines Sterling: \u201eEin&nbsp;Risiko&nbsp;habe&nbsp;ich&nbsp;nie&nbsp;empfunden.\u201c&nbsp;Sie ist&nbsp;ganz entspannt: \u201eKlar habe ich jetzt&nbsp;einen&nbsp;Haufen&nbsp;Schulden. Aber bei einem Hauskauf ist das letztlich auch nicht anders.\u201c<\/p>\n\n\n\n<h3 class=\"wp-block-heading\" id=\"h-3-gunstige-konditionen-der-kapitalbeschaffung-fur-management-buy-in-mbi-nutzen\"><strong>3. G\u00fcnstige Konditionen der Kapitalbeschaffung f\u00fcr Management-Buy-In (MBI) nutzen <\/strong><\/h3>\n\n\n\n<p>Stephan Grund wollte schon immer Unternehmer werden und hat sich entsprechend fr\u00fch unter anderem durch ein BWL-Studium und Praktika darauf vorbereitet. Sein Weg in die Selbst\u00e4ndigkeit f\u00fchrte zun\u00e4chst \u00fcber ein eigenes Start-up: Im Jahr 2016 gr\u00fcndete er zusammen mit einem Freund den Online-Cateringservice Caterwings, den er drei Jahre sp\u00e4ter mit 100 Mitarbeitern erfolgreich an eine globale Foodgruppe verkaufte. 2019 hat er mithilfe eines <a href=\"https:\/\/www.sage.com\/de-de\/blog\/nachfolgeregelung-in-unternehmen-management-buy-in\/\" target=\"_blank\" rel=\"noopener\">Management-Buy-In (MBI)<\/a> das mittelst\u00e4ndischen Unternehmen OKM GmbH \u00fcbernommen, einen weltweit f\u00fchrender Hersteller von Metalldetektoren mit Sitz im th\u00fcringischen Altenburg.<\/p>\n\n\n<div class=\"single-simple-button__container\"><a class=\"single-simple-button button button--primary\" role=\"button\" href=\"https:\/\/www.sage.com\/de-de\/unternehmensnachfolge\">Interesse an weiteren Interviews, Artikeln, Podcasts und Events zum Thema Unternehmensnachfolge<\/a><\/div>\n\n\n\n<figure class=\"wp-block-image alignright\"><img loading=\"lazy\" decoding=\"async\" width=\"1812\" height=\"2560\" src=\"https:\/\/www.sage.com\/de-de\/blog\/wp-content\/uploads\/sites\/11\/2021\/08\/stephan-scaled.jpg\" alt=\"Stephan Grund\" class=\"wp-image-9609\" srcset=\"https:\/\/www.sage.com\/de-de\/blog\/wp-content\/uploads\/sites\/11\/2021\/08\/stephan-scaled.jpg 1812w, https:\/\/www.sage.com\/de-de\/blog\/wp-content\/uploads\/sites\/11\/2021\/08\/stephan-543x768.jpg 543w, https:\/\/www.sage.com\/de-de\/blog\/wp-content\/uploads\/sites\/11\/2021\/08\/stephan-573x810.jpg 573w, https:\/\/www.sage.com\/de-de\/blog\/wp-content\/uploads\/sites\/11\/2021\/08\/stephan-768x1085.jpg 768w, https:\/\/www.sage.com\/de-de\/blog\/wp-content\/uploads\/sites\/11\/2021\/08\/stephan-1087x1536.jpg 1087w, https:\/\/www.sage.com\/de-de\/blog\/wp-content\/uploads\/sites\/11\/2021\/08\/stephan-1449x2048.jpg 1449w\" sizes=\"auto, (max-width: 1812px) 100vw, 1812px\" \/><\/figure>\n\n\n\n<p><\/p>\n\n\n\n<p>Er sieht gro\u00dfen Aufkl\u00e4rungsbedarf beim Thema Finanzierung in der Unternehmensnachfolge. Die Kapitalbeschaffung und Bankenfinanzierung ist momentan g\u00fcnstig und ein KfW-Darlehen bekommt jeder deutsche Bundesb\u00fcrger ein Mal im Leben in H\u00f6he von bis 500.000 Euro\u201c, so Stephan Grund. Eigenkapital muss man daher kaum investieren und das Risk-Return-Profil ist attraktiver: Start-ups werden in der Regel mit Wagniskapital finanziert und die Wahrscheinlichkeit, dass es schief geht, ist hoch.<\/p>\n\n\n\n<h3 class=\"wp-block-heading\" id=\"h-hier-geht-es-zu-den-individuellen-unternehmensnachfolge-geschichten\"><strong>Hier geht es zu den individuellen Unternehmensnachfolge-Geschichten:<\/strong><\/h3>\n\n\n\n<p>Wie Philipp von Jagwitz die Suche nach einem mittelst\u00e4ndischen Unternehmen zum Kauf finanziert \u2013 zu lesen im Artikel <a href=\"https:\/\/www.sage.com\/de-de\/blog\/unternehmer-werden-mittels-search-fund-fy22\/\" target=\"_blank\" rel=\"noopener\">Unternehmer werden mittels Search Fund<\/a>.<\/p>\n\n\n\n<p>In der Podcast-Folge #11| <a href=\"https:\/\/www.sage.com\/de-de\/blog\/podcast-externe-nachfolge-risiko-wie-beim-hauskauf-fy21\/\" target=\"_blank\" rel=\"noopener\">Externe Nachfolge: \u201eRisiko? Wie beim Hauskauf\u201c<\/a> berichtet Ines Sterling, wie man mit Mut und Vision vier Unternehmen gleichzeitig zum Erfolg f\u00fchrt und warum eine schriftliche Lebensplanung ist.<\/p>\n\n\n\n<p>Auch der <a href=\"https:\/\/www.sage.com\/de-de\/blog\/podcast-17-hungriger-nachfolger-sucht-mittelstaendler-fy21\/\" target=\"_blank\" rel=\"noopener\">externe Unternehmensnachfolger Stephan Grund<\/a> war zu Gast im SageNachfolgePlaner-Podcast und erz\u00e4hlt eindr\u00fccklich, warum neben harten Suchkriterien und Parametern, wie ein hochmargiges Gesch\u00e4ftsmodell und eine spezifische Nische mit Wertsch\u00f6pfungstiefe, das Bauchgef\u00fchl und eine Portion Gl\u00fcck am Ende ebenso entscheidend sind.<\/p>\n\n\n\n<h3 class=\"wp-block-heading\" id=\"h-und-hier-geht-es-zu-den-weiteren-interviews-mit-fordermittel-experten\"><strong>Und hier geht es zu den weiteren Interviews mit F\u00f6rdermittel-Experten:<\/strong><\/h3>\n\n\n\n<p>Im Video-Interview <a href=\"https:\/\/www.sage.com\/de-de\/blog\/video-interview-foerdermittel-fuer-unternehmensnachfolge-fy21\/?scroll=1\" target=\"_blank\" rel=\"noopener\">F\u00f6rdermittel f\u00fcr Unternehmensnachfolger<\/a> erz\u00e4hlt Dr. Thomas A. Jesch in K\u00fcrze, wie die Beantragung und Nutzung \u00f6ffentlicher F\u00f6rdergelder zur Unternehmensnachfolge funktioniert. Diese Themen greift der gesch\u00e4ftsf\u00fchrender Vorstand des Branchenverbands Bund Institutioneller Investoren (bii) auch in seinem neuesten Buch \u201eDie F\u00f6rdergeld-Strategie 2021 \u2013 F\u00f6rdergelder akquirieren f\u00fcr Existenzgr\u00fcnder sowie kleine und mittlere Unternehmen\u201c auf.<\/p>\n\n\n\n<p>Tiefere Einblicke dazu teilt Kai Schimmelfeder im Interview <a href=\"https:\/\/www.sage.com\/de-de\/blog\/oeffentliche-foerdermittel-fuer-unternehmensnachfolger\/\" target=\"_blank\" rel=\"noopener\">F\u00f6rderungsm\u00f6glichkeiten beim Unternehmenskauf<\/a>. Als mehrfacher Buchautor, Unternehmer und Experte f\u00fcr \u00f6ffentliche F\u00f6rdermittel, Zusch\u00fcsse und Subventionen und deren konkrete Nutzung f\u00fcr den unternehmerischen Erfolg, hat er bis heute mit seinem Team \u00fcber 10.000 Beratungen durchgef\u00fchrt und begleitet kleine, mittlere und gro\u00dfe Unternehmen sowie Start-ups bei Investitionsvorhaben mit \u00f6ffentlichen F\u00f6rderungen.<\/p>\n\n\n\n<p><strong>Mehr Unternehmensnachfolge-Geschichten? Folgen Sie auch unserem Podcast \ud83c\udf99\ufe0f\ud83d\udc9a\ud83c\udfa7&nbsp;<a href=\"https:\/\/www.sage.com\/de-de\/blog\/tag\/unternehmensnachfolge-podcast\/\" target=\"_blank\" rel=\"noopener\">#SageNachfolgeplaner<\/a><\/strong><\/p>\n\n\n<div class=\"single-cta\">\n\t<div class=\"single-cta__positioner\">\n\t\t<div class=\"single-cta__wrapper has-dark-background-color\">\n\t\t\t<div class=\"single-cta__content\">\n\t\t\t\t\t\t\t\t<h2 class=\"single-cta__title h3\">Interesse an weiteren Tipps &amp; Insights zum Thema Unternehmensnachfolge?<\/h2>\n\n\t\t\t\t\t\t\t\t\t<div class=\"single-cta__description\">\n\t\t\t\t\t\t<p><!-- wp:paragraph --><\/p>\n<p class=\"\">\u2026mit unserem Newsletter 1x im Monat<\/p>\n<p><!-- \/wp:paragraph --><\/p>\n<p><!-- wp:list --><\/p>\n<ul><!-- wp:list-item --><\/p>\n<li>Neue Trends aus der Business Welt<\/li>\n<p><!-- \/wp:list-item --><\/p>\n<p><!-- wp:list-item --><\/p>\n<li>Aktuelle Urteile verst\u00e4ndlich erkl\u00e4rt<\/li>\n<p><!-- \/wp:list-item --><\/p>\n<p><!-- wp:list-item --><\/p>\n<li>Tipps zu Recht, Steuern &amp; Finanzen<\/li>\n<p><!-- \/wp:list-item --><\/p>\n<p><!-- wp:list-item --><\/p>\n<li>Experten-Interviews, Podcast, Studien u.v.m<\/li>\n<p><!-- \/wp:list-item --><\/ul>\n<p><!-- \/wp:list --><\/p>\n\t\t\t\t\t<\/div>\n\t\t\t\t\n\t\t\t\t\t\t\t\t\t\t\t\t\t\t<a\n\t\t\t\t\t\thref=\"#gate-a59880de-3d38-4b82-914c-ffa16bab6ae7\"\n\t\t\t\t\t\tclass=\"single-cta__button button button--primary\"\n\t\t\t\t\t\t\t\t\t\t\t\t\t\t\t\t\t>Jetzt Newsletter abonnieren<\/a>\n\t\t\t\t\t\t\t<\/div>\n\n\t\t\t\t\t<\/div>\n\n\t\t\t\t\t<img decoding=\"async\" width=\"1064\" height=\"810\" src=\"https:\/\/www.sage.com\/de-de\/blog\/wp-content\/uploads\/sites\/11\/2021\/03\/Blog-Unternehmensnachfolge-1064x810.jpg\" class=\"single-cta__image\" alt=\"\" loading=\"lazy\" srcset=\"https:\/\/www.sage.com\/de-de\/blog\/wp-content\/uploads\/sites\/11\/2021\/03\/Blog-Unternehmensnachfolge-1064x810.jpg 1064w\" sizes=\"auto, (min-width: 48em) 33vw, 100vw\" \/>\t\t\t<\/div>\n<\/div>\n","protected":false},"excerpt":{"rendered":"<p>Wenn der Traum von der Selbst\u00e4ndigkeit oder der \u00dcbernahme eines Unternehmens platzt, ist einer der Hauptgr\u00fcnde daf\u00fcr oftmals die fehlende Finanzierung. Gerade bei kleinen und mittleren Unternehmen (KMU) fallen zus\u00e4tzlich zum Kaufpreis eines Unternehmens Kostenfaktoren an, die schnell untersch\u00e4tzt werden. Dabei f\u00fchrt eine Vielzahl von (Finanzierungs-)wegen zum eigenen Unternehmen. Ob Search Fund, KfW-Darlehen oder die Inanspruchnahme weiterer F\u00f6rdergelder \u2013 diese Unternehmensnachfolger geben Praxiseinblicke und machen Mut zum Kauf eines Unternehmens.<\/p>\n","protected":false},"author":547,"featured_media":10193,"comment_status":"open","ping_status":"open","sticky":false,"template":"","format":"standard","meta":{"_sage_video":false,"post_featured_image_hide":false,"footnotes":""},"categories":[15],"tags":[191,837],"business_type":[18],"lilypad":[],"context":[],"industry":[],"persona":[58,54,60,57,59],"imagine_tag":[41,40,24,38],"coauthors":[962],"class_list":["post-10191","post","type-post","status-publish","format-standard","has-post-thumbnail","hentry","category-digitale-transformation","tag-mittelstand","tag-unternehmensnachfolge","business_type-mittlere-unternehmen"],"sage_meta":{"region":"de-de","author_name":"Jan Friedrich","featured_image":"https:\/\/www.sage.com\/de-de\/blog\/wp-content\/uploads\/sites\/11\/2021\/12\/Cherryduck_2019_Financial_00085.jpg","imagine_tags":{"41":"Mittelstand","40":"Mittlere Unternehmen","24":"Sage Blog","38":"Start-Ups"}},"distributor_meta":false,"distributor_terms":false,"distributor_media":false,"distributor_original_site_name":"Sage Advice Deutschland","distributor_original_site_url":"https:\/\/www.sage.com\/de-de\/blog","push-errors":false,"_links":{"self":[{"href":"https:\/\/www.sage.com\/de-de\/blog\/api\/wp\/v2\/posts\/10191","targetHints":{"allow":["GET"]}}],"collection":[{"href":"https:\/\/www.sage.com\/de-de\/blog\/api\/wp\/v2\/posts"}],"about":[{"href":"https:\/\/www.sage.com\/de-de\/blog\/api\/wp\/v2\/types\/post"}],"author":[{"embeddable":true,"href":"https:\/\/www.sage.com\/de-de\/blog\/api\/wp\/v2\/users\/547"}],"replies":[{"embeddable":true,"href":"https:\/\/www.sage.com\/de-de\/blog\/api\/wp\/v2\/comments?post=10191"}],"version-history":[{"count":0,"href":"https:\/\/www.sage.com\/de-de\/blog\/api\/wp\/v2\/posts\/10191\/revisions"}],"wp:featuredmedia":[{"embeddable":true,"href":"https:\/\/www.sage.com\/de-de\/blog\/api\/wp\/v2\/media\/10193"}],"wp:attachment":[{"href":"https:\/\/www.sage.com\/de-de\/blog\/api\/wp\/v2\/media?parent=10191"}],"wp:term":[{"taxonomy":"category","embeddable":true,"href":"https:\/\/www.sage.com\/de-de\/blog\/api\/wp\/v2\/categories?post=10191"},{"taxonomy":"post_tag","embeddable":true,"href":"https:\/\/www.sage.com\/de-de\/blog\/api\/wp\/v2\/tags?post=10191"},{"taxonomy":"business_type","embeddable":true,"href":"https:\/\/www.sage.com\/de-de\/blog\/api\/wp\/v2\/business_type?post=10191"},{"taxonomy":"lilypad","embeddable":true,"href":"https:\/\/www.sage.com\/de-de\/blog\/api\/wp\/v2\/lilypad?post=10191"},{"taxonomy":"context","embeddable":true,"href":"https:\/\/www.sage.com\/de-de\/blog\/api\/wp\/v2\/context?post=10191"},{"taxonomy":"industry","embeddable":true,"href":"https:\/\/www.sage.com\/de-de\/blog\/api\/wp\/v2\/industry?post=10191"},{"taxonomy":"persona","embeddable":true,"href":"https:\/\/www.sage.com\/de-de\/blog\/api\/wp\/v2\/persona?post=10191"},{"taxonomy":"imagine_tag","embeddable":true,"href":"https:\/\/www.sage.com\/de-de\/blog\/api\/wp\/v2\/imagine_tag?post=10191"},{"taxonomy":"author","embeddable":true,"href":"https:\/\/www.sage.com\/de-de\/blog\/api\/wp\/v2\/coauthors?post=10191"}],"curies":[{"name":"wp","href":"https:\/\/api.w.org\/{rel}","templated":true}]}}