{"id":10304,"date":"2022-01-27T08:00:11","date_gmt":"2022-01-27T07:00:11","guid":{"rendered":"https:\/\/www.sage.com\/de-de\/blog\/?p=10304"},"modified":"2026-07-15T16:16:05","modified_gmt":"2026-07-15T14:16:05","slug":"mehr-geld-in-der-rentenphase-durch-betriebliche-altersvorsorge","status":"publish","type":"post","link":"https:\/\/www.sage.com\/de-de\/blog\/mehr-geld-in-der-rentenphase-durch-betriebliche-altersvorsorge\/","title":{"rendered":"Mehr Geld in der Rentenphase \u2013 durch betriebliche Altersvorsorge"},"content":{"rendered":"<header class=\"entry-header has-dark-background-color entry-header--standard entry-header--has-illustration entry-header--has-illustration--standard\">\n\t<div class=\"container\">\n\t\t<div class=\"entry-header__row row align-center\">\n\t\t\t<div class=\"col col-lg-7 col-xlg-6 entry-header__content\">\n\t\t\t\t\t\t\t<div class=\"component component-single-header\">\n\t\t\t\t\t\t\t\t\t\t<div class=\"entry-header__misc text--subtitle text--uppercase text--small\">\n\t\t\t\t\t\t\t<a href=\"https:\/\/www.sage.com\/de-de\/blog\/kategorie\/hr-management-payroll\/\" class=\"entry-header__link\">HR-Management und Lohnbuchhaltung<\/a>\t\t\t\t\t\t<\/div>\n\t\t\t\t\n\t\t\t\t<div class=\"entry-title-wrapper\">\n\t\t\t\t\t<h1 class=\"entry-title\">\n\t\t\t\t\t\tMehr Geld in der Rentenphase \u2013 durch betriebliche Altersvorsorge\t\t\t\t\t<\/h1>\n\t\t\t\t<\/div>\n\n\t\t\t\t\t\t\t\t\t<p class=\"entry-header__description\">\n\t\t\t\t\t\tDas Betriebsrentenst\u00e4rkungsgesetz sorgt seit 2018 f\u00fcr mehr betriebliche Altersvorsorge in allen Bev\u00f6lkerungsschichten. Seit Januar 2022 gibt es einige \u00c4nderungen.\t\t\t\t\t<\/p>\n\t\t\t\t\n\t\t\t\t\n\t\t\t\t\n\t\t\t<\/div>\n\n\t\t\t\t\t<\/div>\n\t\t\t\t\t<\/div>\n\t<\/div>\n\t\t<div class=\"single-post-details container\">\n\t\t<div class=\"col\">\n\t\t\t<span class=\"posted-on \">ver\u00f6ffentlicht am <time class=\"entry-date published\" datetime=\"2022-01-27T08:00:11+01:00\">27. Januar 2022<\/time><\/span><span class=\"reading-time\"> Minuten zu lesen<\/span>\n\t\t<button\n\t\t\ttype=\"button\"\n\t\t\tclass=\"social-share-button button button--icon button--secondary js-social-share-button\"\n\t\t\tdata-share-title=\"Mehr Geld in der Rentenphase \u2013 durch betriebliche Altersvorsorge\"\n\t\t\tdata-share-url=\"https:\/\/www.sage.com\/de-de\/blog\/mehr-geld-in-der-rentenphase-durch-betriebliche-altersvorsorge\/\"\n\t\t\tdata-share-text=\"Bitte lesen Sie diesen interessanten Artikel\"\n\t\t>\n\t\t\t<span class=\"social-share-button__share-label\">Teilen<\/span>\n\t\t\t<span class=\"social-share-button__copy-label\" hidden>Link kopieren<\/span>\n\t\t\t<span class=\"social-share-button__copy-tooltip\" aria-hidden=\"true\" hidden>Kopiert<\/span>\n\t\t<\/button>\n\n\t\t\t\t<\/div>\n\t<\/div>\n\t<\/header>\n\n\n\n<div class=\"wp-block-post-author has-dark-background-color alignfull\">\n\t<div class=\"container\">\n\t\t<div class=\"col\">\n\t\t\t\t\t\t\t<div class=\"co-authors\">\n\t\t\t\t\t\n\t\t<div class=\"entry-author-wrapper\">\n\t\t\t<a class=\"entry-author\" href=\"https:\/\/www.sage.com\/de-de\/blog\/author\/kerstingessner\/\">\n\t\t\t\t<img loading=\"lazy\" decoding=\"async\" width=\"40\" height=\"40\" src=\"https:\/\/www.sage.com\/de-de\/blog\/wp-content\/uploads\/sites\/11\/2018\/05\/Profilbild-350x350.jpg\" class=\"entry-author__image\" alt=\"Kerstin Ge\u00dfner\" \/>\t\t\t\t<span class=\"entry-author__name\">Kerstin Ge\u00dfner<\/span>\n\t\t\t<\/a>\n\n\t\t\t\t\t<\/div>\n\n\t\t\t\t\t\t<\/div>\n\t\t\t\t\t<\/div>\n\t<\/div>\n<\/div>\n\n\n\n<p class=\"wp-block-paragraph\">Die gesetzliche Rente schw\u00e4chelt, die private Altersvorsorge ist in der Niedrigzinsphase nicht einfacher. Deswegen ist es dem Staat ein Anliegen, dass B\u00fcrger die betriebliche Altersvorsorge nutzen. Nur rund 60 Prozent der <a href=\"https:\/\/www.sage.com\/de-de\/blog\/lexikon\/arbeitnehmer\/\" target=\"_blank\" rel=\"noopener\">Arbeitnehmer<\/a> in Deutschland&nbsp;zahlen aktiv in diese ein und verschaffen sich so eine betriebliche Zusatzrente im Alter. Das bedeutet aber auch: 40 Prozent der Arbeitnehmer nutzen sie nicht, obwohl sie<strong>&nbsp;<\/strong>einen gesetzlichen Anspruch darauf haben.<\/p>\n\n\n\n<p class=\"wp-block-paragraph\">Deswegen wurde das Betriebsrentenst\u00e4rkungsgesetz&nbsp;(BRSG) installiert, das schon 2018 in Kraft trat. Das Ziel: Die&nbsp;betriebliche Altersvorsorge&nbsp;deutlich attraktiver zu machen. Wichtig ist dabei vor allem die Gruppe der Geringverdiener, bei der die Gefahr einer Altersarmut hoch ist. Aber auch die mittleren Einkommen k\u00f6nnen von der Betriebsrente besonders profitieren. Das BRSG sorgt daf\u00fcr mit einem erh\u00f6hten F\u00f6rderrahmen, dem Freibetrag in der Grundsicherung und dem Sozialpartnermodell. Das Sozialpartnermodell wurde 2018 im Rahmen des Betriebsrentenst\u00e4rkungsgesetzes eingef\u00fchrt und sollte die betriebliche Altersvorsorge auch f\u00fcr kleinere und mittlere Unternehmen attraktiver machen. Im Rahmen des Modells muss der Arbeitgeber nur eine Beitragszusage abgeben. Dadurch wird die tats\u00e4chliche H\u00f6he der sp\u00e4teren Betriebsrente nicht eindeutig festgelegt.<\/p>\n\n\n\n<p class=\"wp-block-paragraph\">Das BRSG bringt weitere Vorteile \u2013 nicht nur f\u00fcr Arbeitgeber, sondern auch f\u00fcr Arbeitnehmer. Das sind vor allem die Steuervorteile f\u00fcr Mitarbeiter und das einfache Handling f\u00fcr Unternehmen.<\/p>\n\n\n\n<p class=\"wp-block-paragraph\">Seit dem Betriebsrentengesetz aus dem Jahr 2002 haben Arbeitnehmer einen Anspruch darauf, \u00fcber ihren Arbeitgeber in die betriebliche Altersvorsorge zu investieren. Das findet meist in Form der <a href=\"https:\/\/www.weltsparen.de\/altersvorsorge\/betriebliche-altersvorsorge\/entgeltumwandlung\/\" target=\"_blank\" rel=\"noopener\">Entgelt-<\/a> oder Gehaltsumwandlung statt. Dabei wird steuerfrei direkt aus dem Bruttoeinkommen investiert \u2013 bevor also die Steuern und Sozialabgaben zu entrichten sind. Der Clou: Dadurch sparen sowohl Arbeitnehmer als auch <a href=\"https:\/\/www.sage.com\/de-de\/blog\/lexikon\/arbeitgeber\/\" target=\"_blank\" rel=\"noopener\">Arbeitgeber<\/a>.<\/p>\n\n\n\n<p class=\"wp-block-paragraph\">Nun sorgt das Gesetz zur St\u00e4rkung der betrieblichen Altersversorgung und zur \u00c4nderung anderer Gesetze, auch kurz das Betriebsrentenst\u00e4rkungsgesetz vom 17. August 2017, durch gezielte Ma\u00dfnahmen im Arbeits-, Sozial- und Steuerrecht auf freiwilliger Basis f\u00fcr eine weitere Verbreitung der betrieblichen Altersvorsorge.<\/p>\n\n\n\n<p class=\"wp-block-paragraph\">M\u00f6glich sind den Tarifparteien weiterhin reine Beitragszusagen. Auch kann \u00fcber durchf\u00fchrende Einrichtungen entschieden und rechtssicher Options- oder Opting-Out-Systeme in den Unternehmen und Betrieben durchgef\u00fchrt werden.<\/p>\n\n\n\n<p class=\"wp-block-paragraph\">Letzter Akt des Betriebsrentenst\u00e4rkungsgesetzes ist nun, dass Arbeitgeber ab 2022 zu allen Entgeltumwandlungen in der betrieblichen Altersversorgung einen Arbeitgeberzuschuss zu zahlen haben. Damit gilt die Verpflichtung f\u00fcr s\u00e4mtliche individual- oder kollektivrechtlichen Entgeltumwandlungsvereinbarungen \u2013 egal, wann der Vertrag abgeschlossen wurde.<\/p>\n\n\n\n<blockquote class=\"wp-block-quote is-layout-flow wp-block-quote-is-layout-flow\">\n<h3 id=\"h-tipp-so-finden-sie-die-richtige-lohnabrechnungssoftware\" class=\"wp-block-heading\">Tipp: <a href=\"https:\/\/www.sage.com\/de-de\/lohnabrechnung-software\/\"><span data-sheets-value=\"{&quot;1&quot;:2,&quot;2&quot;:&quot;So finden Sie die richtige Lohnabrechnungssoftware&quot;}\" data-sheets-userformat=\"{&quot;2&quot;:12801,&quot;3&quot;:{&quot;1&quot;:0},&quot;12&quot;:0,&quot;15&quot;:&quot;Arial&quot;,&quot;16&quot;:11}\">So finden Sie die richtige Lohnabrechnungssoftware<\/span><\/a><\/h3>\n<\/blockquote>\n\n\n\n<h3 id=\"h-rechnen-mit-spitzer-feder\" class=\"wp-block-heading\"><strong>Rechnen mit spitzer Feder<\/strong><\/h3>\n\n\n\n<p class=\"wp-block-paragraph\">Seit 2022 haben Arbeitgeber, die eine Entgeltumwandlung \u00fcber eine Direktversicherung, Pensionskasse oder einen Pensionsfonds durchf\u00fchren und dabei Sozialversicherungsbeitr\u00e4ge einsparen, nun 15 Prozent des umgewandelten Entgelts, h\u00f6chstens jedoch die eingesparten Sozialversicherungsbeitr\u00e4ge, als Zuschuss zu \u00fcberweisen.<\/p>\n\n\n\n<p class=\"wp-block-paragraph\">Entscheidend dabei: Arbeitgeber m\u00fcssen den Zuschuss nur leisten, wenn sie durch die Entgeltumwandlung tats\u00e4chlich Beitr\u00e4ge in der <a href=\"https:\/\/www.sage.com\/de-de\/blog\/lexikon\/sozialversicherung\/\" target=\"_blank\" rel=\"noopener\">Sozialversicherung<\/a> einsparen. Deswegen hei\u00dft es hier: genau rechnen.<\/p>\n\n\n\n<p class=\"wp-block-paragraph\">Es stehen zwei Optionen zur Verfu\u0308gung: entweder die pauschale Berechnung mit 15 Prozent oder die Spitzabrechnung zur Ermittlung der tatsa\u0308chlichen H\u00f6he der eingesparten SV-Beitra\u0308ge. &nbsp;Das zeigt folgendes Beispiel: Ein langj\u00e4hriger Facharbeiter verdient 50.000 Euro im Jahr und verf\u00fcgt \u00fcber eine betriebliche Altersvorsorge mit Entgeltumwandlung von 200 Euro. Bei einem 15-prozentigen AG-Beitrag geht es somit um 30 Euro. Tats\u00e4chlich liegt der EG-Beitrag aber bei 39,95 Euro. Arbeitgeber sind nun also verpflichtet, alle Altvertra\u0308ge zu pru\u0308fen, um die gesetzlich fixierten Arbeitgeberbeitra\u0308ge zu ermitteln. Weitere Informationen zu den Neuerungen in der Lohnbuchhaltung erhalten Sie in unserem eBook \u201cLohnwegweiser 2022\u201d.<\/p>\n\n\n\n<p class=\"wp-block-paragraph\"><strong>Das k\u00f6nnte Sie auch interessieren:<\/strong><\/p>\n\n\n\n<p class=\"wp-block-paragraph\"><a href=\"https:\/\/www.sage.com\/de-de\/blog\/wichtige-aufgaben-zum-jahreswechsel-abgabe-und-zahlungstermine-2022-fy22\/\" target=\"_blank\" rel=\"noopener\">Wichti<\/a><a href=\"https:\/\/www.sage.com\/de-de\/blog\/wichtige-aufgaben-zum-jahreswechsel-abgabe-und-zahlungstermine-2022-fy22\/\" target=\"_blank\" rel=\"noopener\">ge<\/a><a href=\"https:\/\/www.sage.com\/de-de\/blog\/wichtige-aufgaben-zum-jahreswechsel-abgabe-und-zahlungstermine-2022-fy22\/\" target=\"_blank\" rel=\"noopener\"> Aufgaben zum Jahreswechsel &amp; Meldefristen 2022<\/a><\/p>\n\n\n\n<p class=\"wp-block-paragraph\"><a href=\"https:\/\/www.sage.com\/de-de\/blog\/sozialversicherung-das-ist-neu-ab-2022-fy22\/\" target=\"_blank\" rel=\"noopener\">Sozialversicherung: Das ist neu ab 2022!<\/a><\/p>\n\n\n\n<p class=\"wp-block-paragraph\"><a href=\"https:\/\/www.sage.com\/de-de\/blog\/lohnabrechnung-diese-gesetzesaenderungen-muessen-sie-ab-2022-beachten-fy22\/\" target=\"_blank\" rel=\"noopener\">Lohnabrechnung: Diese Gesetzes\u00e4nderungen m\u00fcssen Sie ab 2022 beachten!<\/a><\/p>\n\n\n\n<p class=\"wp-block-paragraph\"><a href=\"https:\/\/www.sage.com\/de-de\/blog\/kuenstlersozialkasse-wer-muss-abgaben-zahlen-fy22\/\" target=\"_blank\" rel=\"noopener\">K\u00fcnstlersozialkasse \u2013 Ist mein Unternehmen abgabepflichtig?<\/a><\/p>\n\n\n\n<p class=\"wp-block-paragraph\"><a href=\"https:\/\/www.sage.com\/de-de\/blog\/die-eau-kommt-die-elektronische-arbeitsunfaehigkeitsbescheinigung-fy22\/\" target=\"_blank\" rel=\"noopener\">Die eAU kommt \u2013 die elektronische AU-Bescheinigung<\/a><\/p>\n\n\n\n<p class=\"wp-block-paragraph\"><a href=\"https:\/\/www.sage.com\/de-de\/blog\/neuerungen-kurzarbeitergeld-kug-ab-2022-fy22\/\">Kurzarbeitergeld (KUG): Neuerungen ab 2022!<\/a><\/p>\n\n\n\n<div class=\"single-cta\">\n\t<div class=\"single-cta__positioner on-scroll-highlight__target\">\n\t\t<div class=\"single-cta__wrapper has-dark-background-color\">\n\t\t\t<div class=\"single-cta__content\">\n\t\t\t\t\t\t\t\t<h2 class=\"single-cta__title h3\">Interesse an weiteren Tipps &amp; Insights zu den Themen HR und Lohnbuchhaltung?<\/h2>\n\n\t\t\t\t\t\t\t\t\t<div class=\"single-cta__description\">\n\t\t\t\t\t\t<p><!-- wp:paragraph --><\/p>\n<p class=\"\">\u2026mit unserem Newsletter 1x im Monat<\/p>\n<p><!-- \/wp:paragraph --><\/p>\n<p><!-- wp:list --><\/p>\n<ul><!-- wp:list-item --><\/p>\n<li>Neue Trends aus der Arbeitswelt<\/li>\n<p><!-- \/wp:list-item --><\/p>\n<p><!-- wp:list-item --><\/p>\n<li>Aktuelle Urteile verst\u00e4ndlich erkl\u00e4rt<\/li>\n<p><!-- \/wp:list-item --><\/p>\n<p><!-- wp:list-item --><\/p>\n<li>Tipps zu HR &amp; Lohnbuchhaltung<\/li>\n<p><!-- \/wp:list-item --><\/p>\n<p><!-- wp:list-item --><\/p>\n<li>Experten-Interviews, Studien u.v.m<\/li>\n<p><!-- \/wp:list-item --><\/ul>\n<p><!-- \/wp:list --><\/p>\n\t\t\t\t\t<\/div>\n\t\t\t\t\n\t\t\t\t\t\t\t\t\t\t\t\t\t\t<a\n\t\t\t\t\t\thref=\"#gate-a59880de-3d38-4b82-914c-ffa16bab6ae7\"\n\t\t\t\t\t\tclass=\"single-cta__button button button--primary\"\n\t\t\t\t\t\t\t\t\t\t\t\t\t\t\t\t\t>Jetzt Newsletter abonnieren<\/a>\n\t\t\t\t\t\t\t<\/div>\n\n\t\t\t\t\t<\/div>\n\n\t\t\t\t\t<img decoding=\"async\" width=\"1064\" height=\"810\" src=\"https:\/\/www.sage.com\/de-de\/blog\/wp-content\/uploads\/sites\/11\/2021\/03\/Blog-HR-Management-und-Payroll-1064x810.jpg\" class=\"single-cta__image\" alt=\"\" loading=\"lazy\" srcset=\"https:\/\/www.sage.com\/de-de\/blog\/wp-content\/uploads\/sites\/11\/2021\/03\/Blog-HR-Management-und-Payroll-1064x810.jpg 1064w\" sizes=\"auto, (min-width: 48em) 33vw, 100vw\" \/>\t\t\t<\/div>\n<\/div>\n\n\n<section class=\"more-topics alignfull has-grey-light-background-color wp-block-sage-post-topics\">\n\t<div class=\"container\">\n\t\t<div class=\"row\">\n\t\t\t<div class=\"col col-12 col-lg-4\">\n\t\t\t\t<h3 class=\"more-topics__title h2\">Hier finden Sie weitere Themen aus diesem Artikel<\/h3>\n\t\t\t<\/div>\n\t\t\t<div class=\"col col-12 col-lg-8\">\n\t\t\t\t<ul class=\"post-tags__list\">\n\t\t\t\t\t\t\t\t\t\t\t<li class=\"post-tags__item\">\n\t\t\t\t\t\t\t<a href=\"https:\/\/www.sage.com\/de-de\/blog\/tag\/arbeitsrecht\/\" class=\"post-tags__link button button--secondary\">\n\t\t\t\t\t\t\t\tArbeitsrecht\t\t\t\t\t\t\t<\/a>\n\t\t\t\t\t\t<\/li>\n\t\t\t\t\t\t\t\t\t\t\t<li class=\"post-tags__item\">\n\t\t\t\t\t\t\t<a href=\"https:\/\/www.sage.com\/de-de\/blog\/tag\/mitarbeiter-betreuen\/\" class=\"post-tags__link button button--secondary\">\n\t\t\t\t\t\t\t\tMitarbeiter betreuen\t\t\t\t\t\t\t<\/a>\n\t\t\t\t\t\t<\/li>\n\t\t\t\t\t\t\t\t\t\t\t<li class=\"post-tags__item\">\n\t\t\t\t\t\t\t<a href=\"https:\/\/www.sage.com\/de-de\/blog\/tag\/mittelstand\/\" class=\"post-tags__link button button--secondary\">\n\t\t\t\t\t\t\t\tMittelstand\t\t\t\t\t\t\t<\/a>\n\t\t\t\t\t\t<\/li>\n\t\t\t\t\t\t\t\t\t<\/ul>\n\t\t\t<\/div>\n\t\t<\/div>\n\t<\/div>\n<\/section>\n\n\n<div class=\"alignfull wp-block-sage-related-posts\">\n\t<section class=\"related-posts card-grid has-dark-background-color\">\n\t<div class=\"container\">\n\t\t\t\t\t<div class=\"row\">\n\t\t\t\t<div class=\"col\">\n\t\t\t\t\t<h2 class=\"related-posts__heading related-posts__heading--featured h1\">Mehr Wissen und Inspiration<\/h2>\n\t\t\t\t<\/div>\n\t\t\t<\/div>\n\n\t\t\t<div class=\"row related-posts__featured\">\n\t\t\t\t<div class=\"col card-grid__item\">\n\t\t\t\t\t<article\n\t\tclass=\"card-post related-post related-post-0 post-31737 post type-post status-publish format-standard has-post-thumbnail hentry category-buchhaltung-controlling category-digitale-transformation category-produktion-logistik tag-change-management tag-cloud tag-digitalisierung tag-erp tag-geschaeftsprozesse tag-investition tag-mittelstand tag-projektmanagement business_type-kleinunternehmer-handwerker business_type-mittlere-unternehmen card-post--is-clickable\"\n>\n\t<div class=\"card-post__media-wrapper\">\n\t\t<figure class=\"card-post__media\">\n\t\t\t\t\t\t\t<img decoding=\"async\" width=\"1440\" height=\"810\" src=\"https:\/\/www.sage.com\/de-de\/blog\/wp-content\/uploads\/sites\/11\/2022\/04\/GettyImages-1307905824-1440x810.jpg\" class=\"card-post__image\" alt=\"\" loading=\"lazy\" srcset=\"https:\/\/www.sage.com\/de-de\/blog\/wp-content\/uploads\/sites\/11\/2022\/04\/GettyImages-1307905824-684x384.jpg 684w, https:\/\/www.sage.com\/de-de\/blog\/wp-content\/uploads\/sites\/11\/2022\/04\/GettyImages-1307905824-768x432.jpg 768w, https:\/\/www.sage.com\/de-de\/blog\/wp-content\/uploads\/sites\/11\/2022\/04\/GettyImages-1307905824-1440x810.jpg 1440w\" sizes=\"auto, (min-width: 48em) 250px, (min-width: 30em) 100vw, 100vw\" \/>\t\t\t\n\t\t\t\n\t\t\t\t\t<\/figure>\n\t<\/div>\n\n\t<div class=\"card-post__content\">\n\t\t\t\t\t<div class=\"card-post__label\">Empfohlen<\/div>\n\t\t\n\t\t\t\t\t<div class=\"card-post__meta\">\n\t\t\t\t\t\t\t\t\t\t\t\t\t\t\t\t\t\t\t<span class=\"card-post__meta-text\"><span class=\"posted-on \"><time class=\"entry-date published\" datetime=\"2026-08-11T10:00:00+02:00\">11. August 2026<\/time><\/span><\/span>\n\t\t\t\t\t\t\t\t\t\t\t<span class=\"card-post__meta-text\"><span class=\"reading-time\">9 Minuten zu lesen<\/span><\/span>\n\t\t\t\t\t\t\t\t\t\t\t\t<\/div>\n\t\t\n\t\t<p class=\"card-post__title h3\">\n\t\t\t\t\t\t\t<a\n\t\t\t\t\tclass=\"card-post__title-link\"\n\t\t\t\t\thref=\"https:\/\/www.sage.com\/de-de\/blog\/erp-einfuehrung-kosten-dauer-fehler\/\"\n\t\t\t\t>\n\t\t\t\n\t\t\tERP-Einf\u00fchrung: Kosten, Dauer und typische Fehler\n\t\t\t\t\t\t\t<\/a>\n\t\t\t\t\t<\/p>\n\n\t\t\n\t\t\t\t\t<p class=\"card-post__description\">\n\t\t\t\tEine ERP-Einf\u00fchrung kostet laut Trovarit im Schnitt rund 5.900 Euro pro Arbeitsplatz. Der Ratgeber liefert belastbare Kostenspannen und eine Beispielrechnung, nennt realistische Laufzeiten, f\u00fchrt durch die sechs Projektphasen und zeigt, welche Fehler ERP-Projekte im Mittelstand am teuersten machen. Mit Kostentabelle und Fehler-Checkliste.\t\t\t<\/p>\n\t\t\n\t\t\t<\/div>\n\n\t<\/article>\n\t\t\t\t<\/div>\n\t\t\t<\/div>\n\t\t\n\t\t\t\t\t<div class=\"row related-posts__non-featured\">\n\t\t\t\t<div class=\"col col-12\">\n\t\t\t\t\t<h2 class=\"related-posts__heading related-posts__heading--more h4\">Mehr zu diesem Thema<\/h2>\n\t\t\t\t<\/div>\n\n\t\t\t\t\n\t\t\t\t\t<div class=\"col col-6 col-lg-3 card-grid__item\">\n\t\t\t\t\t\t<article\n\t\tclass=\"card-post related-post related-post-1 post-31636 post type-post status-publish format-standard has-post-thumbnail hentry category-digitale-transformation category-hr-management-payroll tag-buerokratie tag-change-management tag-compliance tag-datenmanagement tag-digitale-personalakte tag-digitalisierung tag-mittelstand tag-people-company tag-personalmanagement business_type-kleinunternehmer-handwerker business_type-mittlere-unternehmen\"\n>\n\t\t\t<a\n\t\t\tclass=\"card-post__link\"\n\t\t\thref=\"https:\/\/www.sage.com\/de-de\/blog\/papierakte-ade-der-komplette-migrationsleitfaden-fuer-die-digitale-personalakte\/\"\n\t\t\t\t\t>\n\t\t\t<figure class=\"card-post__media\">\n\t\t\t\t\t\t\t<img decoding=\"async\" width=\"684\" height=\"384\" src=\"https:\/\/www.sage.com\/de-de\/blog\/wp-content\/uploads\/sites\/11\/2024\/03\/Sage_BrandShootNC_Feb2024_HR-Professionals_2481-684x384.jpg\" class=\"card-post__image\" alt=\"\" loading=\"lazy\" srcset=\"https:\/\/www.sage.com\/de-de\/blog\/wp-content\/uploads\/sites\/11\/2024\/03\/Sage_BrandShootNC_Feb2024_HR-Professionals_2481-684x384.jpg 684w, https:\/\/www.sage.com\/de-de\/blog\/wp-content\/uploads\/sites\/11\/2024\/03\/Sage_BrandShootNC_Feb2024_HR-Professionals_2481-768x512.jpg 768w, https:\/\/www.sage.com\/de-de\/blog\/wp-content\/uploads\/sites\/11\/2024\/03\/Sage_BrandShootNC_Feb2024_HR-Professionals_2481-1215x810.jpg 1215w\" sizes=\"auto, (min-width: 48em) 250px, (min-width: 30em) 100vw, 100vw\" \/>\t\t\t\n\t\t\t\n\t\t\t\t\t<\/figure>\n\n\t\t\n\t\t\t\t\t<div class=\"card-post__meta\">\n\t\t\t\t\t\t\t\t\t\t\t\t\t\t\t\t\t\t\t\t\t\t\t\t\t\t<span class=\"card-post__meta-text\"><span class=\"posted-on \"><time class=\"entry-date published\" datetime=\"2026-07-30T16:24:25+02:00\">30. Juli 2026<\/time><\/span><\/span>\n\t\t\t\t\t\t\t\t\t\t\t\t\t\t\t\t\t\t\t\t\t\t\t\t<span class=\"card-post__meta-text\"><span class=\"reading-time\">17 Minuten zu lesen<\/span><\/span>\n\t\t\t\t\t\t\t\t\t\t\t\t\t\t\t\t\t\t<\/div>\n\t\t\n\t\t<p class=\"card-post__title h5\">\n\t\t\tPapierakte ade: Der komplette Migrationsleitfaden f\u00fcr die digitale Personalakte\t\t<\/p>\n\n\t\t\t<\/a>\n\t\n\t\n\t\t\n\t\n\t<\/article>\n\t\t\t\t\t<\/div>\n\t\t\t\t\n\t\t\t\t\t<div class=\"col col-6 col-lg-3 card-grid__item\">\n\t\t\t\t\t\t<article\n\t\tclass=\"card-post related-post related-post-2 post-31644 post type-post status-publish format-standard has-post-thumbnail hentry category-digitale-transformation category-hr-management-payroll category-mitarbeiter-betreuen category-mitarbeiter-bezahlen category-mitarbeiter-entwickeln category-mitarbeiter-finden category-mitarbeiter-motivieren tag-change-management tag-compliance tag-datengestuetzte-unternehmensfuehrung tag-digitale-personalakte tag-digitalisierung tag-employer-branding tag-kleinunternehmer tag-mitarbeiter-betreuen tag-mitarbeiterbindung tag-mitarbeitergespraech tag-mitarbeiterlebenszyklus tag-mitarbeitermotivation tag-mittelstand tag-people-company tag-personaleinsatz tag-personalentwicklung tag-personalmanagement business_type-kleinunternehmer-handwerker business_type-mittlere-unternehmen\"\n>\n\t\t\t<a\n\t\t\tclass=\"card-post__link\"\n\t\t\thref=\"https:\/\/www.sage.com\/de-de\/blog\/change-management-mitarbeiter-fuer-die-digitale-personalakte-begeistern\/\"\n\t\t\t\t\t>\n\t\t\t<figure class=\"card-post__media\">\n\t\t\t\t\t\t\t<img decoding=\"async\" width=\"684\" height=\"384\" src=\"https:\/\/www.sage.com\/de-de\/blog\/wp-content\/uploads\/sites\/11\/2023\/09\/GettyImages-1181224214-684x384.jpg\" class=\"card-post__image\" alt=\"\" loading=\"lazy\" srcset=\"https:\/\/www.sage.com\/de-de\/blog\/wp-content\/uploads\/sites\/11\/2023\/09\/GettyImages-1181224214-684x384.jpg 684w, https:\/\/www.sage.com\/de-de\/blog\/wp-content\/uploads\/sites\/11\/2023\/09\/GettyImages-1181224214-768x513.jpg 768w, https:\/\/www.sage.com\/de-de\/blog\/wp-content\/uploads\/sites\/11\/2023\/09\/GettyImages-1181224214-1214x810.jpg 1214w\" sizes=\"auto, (min-width: 48em) 250px, (min-width: 30em) 100vw, 100vw\" \/>\t\t\t\n\t\t\t\n\t\t\t\t\t<\/figure>\n\n\t\t\n\t\t\t\t\t<div class=\"card-post__meta\">\n\t\t\t\t\t\t\t\t\t\t\t\t\t\t\t\t\t\t\t\t\t\t\t\t\t\t<span class=\"card-post__meta-text\"><span class=\"posted-on \"><time class=\"entry-date published\" datetime=\"2026-07-29T16:00:49+02:00\">29. Juli 2026<\/time><\/span><\/span>\n\t\t\t\t\t\t\t\t\t\t\t\t\t\t\t\t\t\t\t\t\t\t\t\t<span class=\"card-post__meta-text\"><span class=\"reading-time\">15 Minuten zu lesen<\/span><\/span>\n\t\t\t\t\t\t\t\t\t\t\t\t\t\t\t\t\t\t<\/div>\n\t\t\n\t\t<p class=\"card-post__title h5\">\n\t\t\tChange Management: Mitarbeiter f\u00fcr die digitale Personalakte begeistern\t\t<\/p>\n\n\t\t\t<\/a>\n\t\n\t\n\t\t\n\t\n\t<\/article>\n\t\t\t\t\t<\/div>\n\t\t\t\t\n\t\t\t\t\t<div class=\"col col-6 col-lg-3 card-grid__item\">\n\t\t\t\t\t\t<article\n\t\tclass=\"card-post related-post related-post-3 post-31590 post type-post status-publish format-standard has-post-thumbnail hentry category-digitale-transformation category-hr-management-payroll category-mitarbeiter-betreuen category-mitarbeiter-bezahlen category-mitarbeiter-binden category-mitarbeiter-entwickeln category-mitarbeiter-finden category-mitarbeiter-motivieren category-recht-steuern-finanzen tag-compliance tag-datengestuetzte-unternehmensfuehrung tag-datenmanagement tag-digitale-personalakte tag-digitalisierung tag-employer-branding tag-kleinunternehmer tag-mitarbeiter-betreuen tag-mitarbeiterbindung tag-mitarbeitergespraech tag-mitarbeiterlebenszyklus tag-mitarbeitermotivation tag-mittelstand tag-moderne-arbeitswelt tag-onboarding tag-people-company tag-performance-management tag-personaleinsatz tag-personalentwicklung tag-personalmanagement business_type-kleinunternehmer-handwerker business_type-mittlere-unternehmen\"\n>\n\t\t\t<a\n\t\t\tclass=\"card-post__link\"\n\t\t\thref=\"https:\/\/www.sage.com\/de-de\/blog\/der-business-case-fuer-die-digitale-personalakte-roi-rechnung-fuer-geschaeftsfuehrer-und-cfos\/\"\n\t\t\t\t\t>\n\t\t\t<figure class=\"card-post__media\">\n\t\t\t\t\t\t\t<img decoding=\"async\" width=\"684\" height=\"384\" src=\"https:\/\/www.sage.com\/de-de\/blog\/wp-content\/uploads\/sites\/11\/2023\/09\/GettyImages-1409751960-684x384.jpg\" class=\"card-post__image\" alt=\"\" loading=\"lazy\" srcset=\"https:\/\/www.sage.com\/de-de\/blog\/wp-content\/uploads\/sites\/11\/2023\/09\/GettyImages-1409751960-684x384.jpg 684w, https:\/\/www.sage.com\/de-de\/blog\/wp-content\/uploads\/sites\/11\/2023\/09\/GettyImages-1409751960-768x513.jpg 768w, https:\/\/www.sage.com\/de-de\/blog\/wp-content\/uploads\/sites\/11\/2023\/09\/GettyImages-1409751960-1214x810.jpg 1214w\" sizes=\"auto, (min-width: 48em) 250px, (min-width: 30em) 100vw, 100vw\" \/>\t\t\t\n\t\t\t\n\t\t\t\t\t<\/figure>\n\n\t\t\n\t\t\t\t\t<div class=\"card-post__meta\">\n\t\t\t\t\t\t\t\t\t\t\t\t\t\t\t\t\t\t\t\t\t\t\t\t\t\t<span class=\"card-post__meta-text\"><span class=\"posted-on \"><time class=\"entry-date published\" datetime=\"2026-07-27T15:43:10+02:00\">27. Juli 2026<\/time><\/span><\/span>\n\t\t\t\t\t\t\t\t\t\t\t\t\t\t\t\t\t\t\t\t\t\t\t\t<span class=\"card-post__meta-text\"><span class=\"reading-time\">11 Minuten zu lesen<\/span><\/span>\n\t\t\t\t\t\t\t\t\t\t\t\t\t\t\t\t\t\t<\/div>\n\t\t\n\t\t<p class=\"card-post__title h5\">\n\t\t\tDer Business Case f\u00fcr die digitale Personalakte: ROI-Rechnung f\u00fcr Gesch\u00e4ftsf\u00fchrer und CFOs\t\t<\/p>\n\n\t\t\t<\/a>\n\t\n\t\n\t\t\n\t\n\t<\/article>\n\t\t\t\t\t<\/div>\n\t\t\t\t\n\t\t\t\t\t<div class=\"col col-6 col-lg-3 card-grid__item\">\n\t\t\t\t\t\t<article\n\t\tclass=\"card-post related-post related-post-4 post-31561 post type-post status-publish format-standard has-post-thumbnail hentry category-digitale-transformation category-hr-management-payroll category-mitarbeiter-betreuen category-mitarbeiter-bezahlen category-mitarbeiter-binden category-mitarbeiter-entwickeln category-mitarbeiter-finden category-mitarbeiter-motivieren tag-bewerbermanagement tag-datengestuetzte-unternehmensfuehrung tag-digitale-personalakte tag-digitalisierung tag-dsgvo tag-employer-branding tag-mitarbeiter-betreuen tag-mitarbeiterbindung tag-mitarbeitergespraech tag-mitarbeiterlebenszyklus tag-mitarbeitermotivation tag-mittelstand tag-moderne-arbeitswelt tag-onboarding tag-people-company tag-performance-management tag-personaleinsatz tag-personalentwicklung tag-personalmanagement business_type-kleinunternehmer-handwerker business_type-mittlere-unternehmen\"\n>\n\t\t\t<a\n\t\t\tclass=\"card-post__link\"\n\t\t\thref=\"https:\/\/www.sage.com\/de-de\/blog\/employee-journey-neu-gedacht-wie-die-digitale-personalakte-jeden-karriereschritt-begleitet\/\"\n\t\t\t\t\t>\n\t\t\t<figure class=\"card-post__media\">\n\t\t\t\t\t\t\t<img decoding=\"async\" width=\"684\" height=\"384\" src=\"https:\/\/www.sage.com\/de-de\/blog\/wp-content\/uploads\/sites\/11\/2023\/09\/GettyImages-1369412492-684x384.jpg\" class=\"card-post__image\" alt=\"\" loading=\"lazy\" srcset=\"https:\/\/www.sage.com\/de-de\/blog\/wp-content\/uploads\/sites\/11\/2023\/09\/GettyImages-1369412492-684x384.jpg 684w, https:\/\/www.sage.com\/de-de\/blog\/wp-content\/uploads\/sites\/11\/2023\/09\/GettyImages-1369412492-768x512.jpg 768w, https:\/\/www.sage.com\/de-de\/blog\/wp-content\/uploads\/sites\/11\/2023\/09\/GettyImages-1369412492-1215x810.jpg 1215w\" sizes=\"auto, (min-width: 48em) 250px, (min-width: 30em) 100vw, 100vw\" \/>\t\t\t\n\t\t\t\n\t\t\t\t\t<\/figure>\n\n\t\t\n\t\t\t\t\t<div class=\"card-post__meta\">\n\t\t\t\t\t\t\t\t\t\t\t\t\t\t\t\t\t\t\t\t\t\t\t\t\t\t<span class=\"card-post__meta-text\"><span class=\"posted-on \"><time class=\"entry-date published\" datetime=\"2026-07-24T15:43:12+02:00\">24. Juli 2026<\/time><\/span><\/span>\n\t\t\t\t\t\t\t\t\t\t\t\t\t\t\t\t\t\t\t\t\t\t\t\t<span class=\"card-post__meta-text\"><span class=\"reading-time\">17 Minuten zu lesen<\/span><\/span>\n\t\t\t\t\t\t\t\t\t\t\t\t\t\t\t\t\t\t<\/div>\n\t\t\n\t\t<p class=\"card-post__title h5\">\n\t\t\tEmployee Journey neu gedacht: Wie die digitale Personalakte jeden Karriereschritt begleitet\t\t<\/p>\n\n\t\t\t<\/a>\n\t\n\t\n\t\t\n\t\n\t<\/article>\n\t\t\t\t\t<\/div>\n\t\t\t\t\t\t\t<\/div>\n\t\t\t<\/div>\n<\/section>\n<\/div>\n","protected":false},"excerpt":{"rendered":"<p>Das Betriebsrentenst\u00e4rkungsgesetz sorgt seit 2018 f\u00fcr mehr betriebliche Altersvorsorge in allen Bev\u00f6lkerungsschichten. Seit Januar 2022 gibt es einige \u00c4nderungen.<\/p>\n","protected":false},"author":576,"featured_media":10305,"comment_status":"open","ping_status":"open","sticky":false,"template":"","format":"standard","meta":{"_yoast_wpseo_is_cornerstone":"","_yoast_wpseo_meta-robots-noindex":"","_yoast_wpseo_meta-robots-nofollow":"","_yoast_wpseo_opengraph-title":"","_yoast_wpseo_opengraph-description":"","_yoast_wpseo_opengraph-image":"","_yoast_wpseo_opengraph-image-id":"","_yoast_wpseo_twitter-title":"","_yoast_wpseo_twitter-description":"","_yoast_wpseo_twitter-image":"","_yoast_wpseo_twitter-image-id":"","_yoast_wpseo_schema_page_type":"","_yoast_wpseo_schema_article_type":"","_sage_video":false,"_yoast_wpseo_focuskeywords":"","_yoast_wpseo_keywordsynonyms":"","_yoast_wpseo_primary_category":"22","post_featured_image_hide":false,"sage_hide_published_date":false,"sage_hide_read_time":false,"sage_hide_share_buttons":false,"_pwl_sage_podcast_buzzsprout_src":"","footnotes":""},"categories":[22,65],"tags":[663,895,191],"business_type":[17,18],"lilypad":[],"context":[],"industry":[],"persona":[58,54,60,57,59,56,55],"imagine_tag":[39,41,40],"coauthors":[979],"class_list":["post-10304","post","type-post","status-publish","format-standard","has-post-thumbnail","hentry","category-hr-management-payroll","category-recht-steuern-finanzen","tag-arbeitsrecht","tag-mitarbeiter-betreuen","tag-mittelstand","business_type-kleinunternehmer-handwerker","business_type-mittlere-unternehmen"],"sage_meta":{"region":"de-de","author_name":"Kerstin Ge\u00dfner","featured_image":"https:\/\/www.sage.com\/de-de\/blog\/wp-content\/uploads\/sites\/11\/2022\/01\/Caravan_Center_2019_Sage_X3_Photo_10522..jpg","imagine_tags":{"39":"Kleine Unternehmen","41":"Mittelstand","40":"Mittlere Unternehmen"}},"distributor_meta":false,"distributor_terms":false,"distributor_media":false,"distributor_original_site_name":"Sage Advice Deutschland","distributor_original_site_url":"https:\/\/www.sage.com\/de-de\/blog","push-errors":false,"_links":{"self":[{"href":"https:\/\/www.sage.com\/de-de\/blog\/api\/wp\/v2\/posts\/10304","targetHints":{"allow":["GET"]}}],"collection":[{"href":"https:\/\/www.sage.com\/de-de\/blog\/api\/wp\/v2\/posts"}],"about":[{"href":"https:\/\/www.sage.com\/de-de\/blog\/api\/wp\/v2\/types\/post"}],"author":[{"embeddable":true,"href":"https:\/\/www.sage.com\/de-de\/blog\/api\/wp\/v2\/users\/576"}],"replies":[{"embeddable":true,"href":"https:\/\/www.sage.com\/de-de\/blog\/api\/wp\/v2\/comments?post=10304"}],"version-history":[{"count":1,"href":"https:\/\/www.sage.com\/de-de\/blog\/api\/wp\/v2\/posts\/10304\/revisions"}],"predecessor-version":[{"id":31454,"href":"https:\/\/www.sage.com\/de-de\/blog\/api\/wp\/v2\/posts\/10304\/revisions\/31454"}],"wp:featuredmedia":[{"embeddable":true,"href":"https:\/\/www.sage.com\/de-de\/blog\/api\/wp\/v2\/media\/10305"}],"wp:attachment":[{"href":"https:\/\/www.sage.com\/de-de\/blog\/api\/wp\/v2\/media?parent=10304"}],"wp:term":[{"taxonomy":"category","embeddable":true,"href":"https:\/\/www.sage.com\/de-de\/blog\/api\/wp\/v2\/categories?post=10304"},{"taxonomy":"post_tag","embeddable":true,"href":"https:\/\/www.sage.com\/de-de\/blog\/api\/wp\/v2\/tags?post=10304"},{"taxonomy":"business_type","embeddable":true,"href":"https:\/\/www.sage.com\/de-de\/blog\/api\/wp\/v2\/business_type?post=10304"},{"taxonomy":"lilypad","embeddable":true,"href":"https:\/\/www.sage.com\/de-de\/blog\/api\/wp\/v2\/lilypad?post=10304"},{"taxonomy":"context","embeddable":true,"href":"https:\/\/www.sage.com\/de-de\/blog\/api\/wp\/v2\/context?post=10304"},{"taxonomy":"industry","embeddable":true,"href":"https:\/\/www.sage.com\/de-de\/blog\/api\/wp\/v2\/industry?post=10304"},{"taxonomy":"persona","embeddable":true,"href":"https:\/\/www.sage.com\/de-de\/blog\/api\/wp\/v2\/persona?post=10304"},{"taxonomy":"imagine_tag","embeddable":true,"href":"https:\/\/www.sage.com\/de-de\/blog\/api\/wp\/v2\/imagine_tag?post=10304"},{"taxonomy":"author","embeddable":true,"href":"https:\/\/www.sage.com\/de-de\/blog\/api\/wp\/v2\/coauthors?post=10304"}],"curies":[{"name":"wp","href":"https:\/\/api.w.org\/{rel}","templated":true}]}}