{"id":10412,"date":"2022-03-21T07:22:07","date_gmt":"2022-03-21T06:22:07","guid":{"rendered":"https:\/\/www.sage.com\/de-de\/blog\/?p=10412"},"modified":"2026-03-26T14:05:43","modified_gmt":"2026-03-26T13:05:43","slug":"so-wirkt-sich-die-abfindung-auf-steuern-und-sv-aus","status":"publish","type":"post","link":"https:\/\/www.sage.com\/de-de\/blog\/so-wirkt-sich-die-abfindung-auf-steuern-und-sv-aus\/","title":{"rendered":"So wirkt sich die Abfindung auf Steuern und SV aus"},"content":{"rendered":"<header class=\"entry-header has-dark-background-color entry-header--standard entry-header--has-illustration entry-header--has-illustration--standard\">\n\t<div class=\"container\">\n\t\t<div class=\"entry-header__row row align-center\">\n\t\t\t<div class=\"col col-lg-7 col-xlg-6 entry-header__content\">\n\t\t\t\t\t\t\t<div class=\"component component-single-header\">\n\t\t\t\t\t\t\t\t\t\t<div class=\"entry-header__misc text--subtitle text--uppercase text--small\">\n\t\t\t\t\t\t\t<a href=\"https:\/\/www.sage.com\/de-de\/blog\/kategorie\/hr-management-payroll\/mitarbeiter-bezahlen\/\" class=\"entry-header__link\">Mitarbeiter bezahlen<\/a>\t\t\t\t\t\t<\/div>\n\t\t\t\t\n\t\t\t\t<div class=\"entry-title-wrapper\">\n\t\t\t\t\t<h1 class=\"entry-title\">\n\t\t\t\t\t\tSo wirkt sich die Abfindung auf Steuern und SV aus\t\t\t\t\t<\/h1>\n\t\t\t\t<\/div>\n\n\t\t\t\t\t\t\t\t\t<p class=\"entry-header__description\">\n\t\t\t\t\t\t\t\t\t\t\t<\/p>\n\t\t\t\t\n\t\t\t\t\n\t\t\t\t\n\t\t\t<\/div>\n\n\t\t\t\t\t<\/div>\n\t\t\t\t\t<\/div>\n\t<\/div>\n\t<div class=\"single-post-details container\">\n\t\t<div class=\"col\">\n\t\t\t<span class=\"posted-on \"><time class=\"entry-date published\" datetime=\"2022-03-21T07:22:07+01:00\">21. March 2022<\/time><\/span><span class=\"reading-time\"> Minuten zu lesen<\/span>\n\t\t<button\n\t\t\ttype=\"button\"\n\t\t\tclass=\"social-share-button button button--icon button--secondary js-social-share-button\"\n\t\t\tdata-share-title=\"So wirkt sich die Abfindung auf Steuern und SV aus\"\n\t\t\tdata-share-url=\"https:\/\/www.sage.com\/de-de\/blog\/so-wirkt-sich-die-abfindung-auf-steuern-und-sv-aus\/\"\n\t\t\tdata-share-text=\"Bitte lesen Sie diesen interessanten Artikel\"\n\t\t>\n\t\t\t<span class=\"social-share-button__share-label\">Teilen<\/span>\n\t\t\t<span class=\"social-share-button__copy-label\" hidden>Link kopieren<\/span>\n\t\t\t<span class=\"social-share-button__copy-tooltip\" aria-hidden=\"true\" hidden>Kopiert<\/span>\n\t\t<\/button>\n\n\t\t\t\t<\/div>\n\t<\/div>\n<\/header>\n\n\n\n<div class=\"wp-block-post-author has-dark-background-color alignfull\">\n\t<div class=\"container\">\n\t\t<div class=\"col\">\n\t\t\t\t\t\t\t<div class=\"co-authors\">\n\t\t\t\t\t\n\t\t<div class=\"entry-author-wrapper\">\n\t\t\t<a class=\"entry-author\" href=\"https:\/\/www.sage.com\/de-de\/blog\/author\/andreaschmidt\/\">\n\t\t\t\t<img loading=\"lazy\" decoding=\"async\" width=\"40\" height=\"40\" src=\"https:\/\/www.sage.com\/de-de\/blog\/wp-content\/uploads\/sites\/11\/2018\/12\/DrAS2-350x350.jpg\" class=\"entry-author__image\" alt=\"Andrea Schmidt\" \/>\t\t\t\t<span class=\"entry-author__name\">Dr. Andrea Schmidt<\/span>\n\t\t\t<\/a>\n\n\t\t\t\t\t<\/div>\n\n\t\t\t\t\t\t<\/div>\n\t\t\t\t\t<\/div>\n\t<\/div>\n<\/div>\n\n\n\n<p>Arbeitnehmer oder Angestellte, die eine Abfindung erhalten, sind sich h\u00e4ufig unsicher dar\u00fcber, ob diese der Beitragspflicht in der Sozialversicherung unterliegt. Unterschieden werden generell echte und unechte Abfindungen. Daher erfolgt bei der Beitragspflicht auch eine Differenzierung und diese kann unterschiedliche sozialversicherungsrechtliche Beurteilungen zur Folge haben. Der Besteuerung unterliegt die Abfindung jedoch in jedem Fall, wobei diese abgemildert wird.<\/p>\n\n\n\n<h3 class=\"wp-block-heading\"><strong>Die Definition einer Abfindung<\/strong><\/h3>\n\n\n\n<p>Erh\u00e4lt ein Arbeitnehmer eine einmalige au\u00dferordentliche Zahlung bei Beendigung seines Arbeitsverh\u00e4ltnisses als Entsch\u00e4digung f\u00fcr den Verlust seines Arbeitsplatzes, so handelt es sich bei dieser Zahlung um eine Abfindung. Eine Abfindung k\u00f6nnen auch Fremdgesch\u00e4ftsf\u00fchrer einer GmbH erhalten, die zwar keine Arbeitnehmer sind, aber sozialversicherungspflichtige Besch\u00e4ftigte sein k\u00f6nnen. Dagegen erhalten Handelsvertreter gem\u00e4\u00df \u00a7 89b HGB keine Abfindung, sondern eine finanzielle Ausgleichszahlung.<\/p>\n\n\n\n<h3 class=\"wp-block-heading\"><strong>Beitragspflicht bei echten Abfindungen<\/strong><\/h3>\n\n\n\n<p>Eine echte Abfindung liegt dann vor, wenn diese wegen der Beendigung eines Besch\u00e4ftigungsverh\u00e4ltnisses gezahlt wird. Diese unterliegt dann nicht der sozialversicherungsrechtlichen Beitragspflicht, wenn sie f\u00fcr den Ausgleich zuk\u00fcnftiger Verdienstm\u00f6glichkeiten sorgen soll und f\u00fcr den Verlust des Arbeitsplatzes geleistet wird.<\/p>\n\n\n\n<p>Bei solch einem Fall ist die Abfindung kein Arbeitsentgelt i. S. d. \u00a7 14 SGB IV. Daher fallen keine <a href=\"https:\/\/www.sage.com\/de-de\/blog\/13-faq-was-sind-die-sozialversicherungsbeitraege-und-warum-muessen-sie-gezahlt-werden-fy21\/\" target=\"_blank\" rel=\"noopener\">Sozialversicherungsbeitr\u00e4ge<\/a> an. Das Gleiche gilt f\u00fcr die Beitr\u00e4ge zur Rentenversicherung. Zu einer Erh\u00f6hung der Rente oder Rentenanwartschaft kommt es daher nicht. Siehe auch Urteil des Bundessozialgerichts vom 21.02.1990, Az.: 12 RK 20\/88. In der Urteilsbegr\u00fcndung hei\u00dft es, dass die Zahlung nicht dem vergangenen Arbeitsverh\u00e4ltnis zugeordnet werden kann, wenn sie als Entsch\u00e4digung f\u00fcr den Wegfall zuk\u00fcnftiger Verdienstm\u00f6glichkeiten geleistet wird.<\/p>\n\n\n\n<h3 class=\"wp-block-heading\"><strong>Unechte Abfindungen und Beitragspflicht<\/strong><\/h3>\n\n\n\n<p>Unechte Abfindungen liegen immer dann vor, wenn ein Arbeitnehmer bei einem beendeten Arbeitsverh\u00e4ltnis eine Abfindung zur Abgeltung von arbeitsrechtlich bereits erworbenen Anspr\u00fcchen erh\u00e4lt. Das kann die Zahlung von r\u00fcckst\u00e4ndigem Arbeitsentgelt aus der einvernehmlichen Beendigung eines Arbeitsverh\u00e4ltnisses sein, aber sich auch aus der Aufl\u00f6sung des Arbeitsverh\u00e4ltnisses im Rahmen eines K\u00fcndigungsschutzprozesses ergeben.<\/p>\n\n\n\n<p>Wird eine fristlose K\u00fcndigung in eine fristgem\u00e4\u00dfe K\u00fcndigung umgewandelt und wird in diesem Zusammenhang eine Abfindung geleistet, die f\u00fcr die Zeit der K\u00fcndigungsfrist f\u00e4llig wird, so ist diese ebenfalls als unechte Abfindung zu behandeln. Das Urteil des Bundessozialgerichts vom 25.10.1990, Az. 12 RK 40\/89 stellt klar, dass man davon ausgehen muss, dass der Arbeitnehmer seine Arbeitsleistung w\u00e4hrend der K\u00fcndigungsfrist zur Verf\u00fcgung gestellt h\u00e4tte, der Arbeitgeber das aber nicht wollte.<\/p>\n\n\n\n<p>Eine unechte Abfindung &#8211; und damit Arbeitsentgelt &#8211; liegt auch dann vor, wenn bei einem aufrechten Arbeitsverh\u00e4ltnis eine \u00c4nderungsk\u00fcndigung oder eine einvernehmlich vorgenommene \u00c4nderung des Arbeitsvertrages vorgenommen und die Zahlung als Ausgleich f\u00fcr nun schlechtere Arbeitsbedingungen geleistet wird (Siehe Urteil des Bundessozialgerichts vom 28.01.1999, Az. B 12 KR 6\/98; B 12 KR 14\/98 R). Der Fall kann etwa bei einer Entgeltherabstufung aufgrund einer Minderung der Arbeitszeit oder im Falle des Wegfalls von Urlaubs- und Weihnachtsgeld eintreten, wenn die Abfindung als Entsch\u00e4digung dient. Die Abfindung ist dann als Einmalzahlung anzusehen und wird dem letzten Abrechnungszeitraum zuzuordnen sein.<\/p>\n\n\n\n<h3 class=\"wp-block-heading\"><strong>Abfindung und Beitragspflicht in der Sozialversicherung<\/strong><\/h3>\n\n\n\n<p>Zusammenfassend kann festgehalten werden, dass eine Abfindung immer dann als Arbeitsentgelt i. S. d. \u00a7 14 SGB IV zu werten ist, wenn:<\/p>\n\n\n\n<ul class=\"wp-block-list\">\n<li>nach einer gerichtlichen Aufl\u00f6sung im K\u00fcndigungsschutzprozess eine Zahlung von ausstehendem Arbeitsentgelt geleistet wird<\/li>\n\n\n\n<li>die Abfindung aufgrund einer einvernehmlichen Beendigung eines Arbeitsverh\u00e4ltnisses geleistet wird <\/li>\n\n\n\n<li>eine fristlose K\u00fcndigung in eine fristgem\u00e4\u00dfe umgewandelt wird und die Zahlung f\u00fcr die K\u00fcndigungsfrist als Arbeitsentgelt geleistet wird<\/li>\n\n\n\n<li>eine \u00c4nderungsk\u00fcndigung oder einvernehmliche \u00c4nderung des Arbeitsvertrages und daf\u00fcr eine Zahlung erfolgte.<\/li>\n<\/ul>\n\n\n\n<p>In diesen F\u00e4llen besteht eine Beitragspflicht zur <a href=\"https:\/\/www.sage.com\/de-de\/blog\/lexikon\/sozialversicherung\/\" target=\"_blank\" rel=\"noopener\">Sozialversicherung<\/a>.<\/p>\n\n\n\n<h3 class=\"wp-block-heading\"><strong>Abfindung und Lohnsteuer<\/strong><\/h3>\n\n\n\n<p>Abfindungszahlungen unterliegen der Lohnsteuer, und zwar vollumf\u00e4nglich. Wird eine Abfindung gezahlt, so kommt es zu einer Erh\u00f6hung des zu versteuernden Einkommens des Arbeitnehmers in hohem Ma\u00dfe. Dadurch ergibt sich f\u00fcr den Steuerpflichtigen ein weitaus h\u00f6herer Steuertarif als gew\u00f6hnlich im Jahr des Zuflusses. Da die Zahlung einer Abfindung ein Ausnahmefall darstellt, ist das steuerrechtlich ungerecht. Der \u00a7 34 Abs. 1 Satz 1, 2 EStG sieht deshalb eine steuerliche Besserstellung vor, die im Allgemeinen F\u00fcnftelregelung genannt wird.<\/p>\n\n\n\n<h3 class=\"wp-block-heading\"><strong>Die F\u00fcnftelregelung<\/strong><\/h3>\n\n\n\n<p>Die F\u00fcnftelregelung in \u00a7 34 Abs. 1 Satz 2 EStG sieht vor, dass man die au\u00dferordentlichen Eink\u00fcnfte, also die Abfindung durch f\u00fcnf teilt und dieses errechnete F\u00fcnftel zu den \u00fcbrigen Jahreseink\u00fcnften hinzurechnet. Dann wird die Steuer errechnet, die sich aus diesem Jahreseinkommen ergibt. Diese errechnete Steuer wird mit der Steuer verglichen, die sich ergeben w\u00fcrde, wenn keine Abfindung gezahlt worden w\u00e4re. Durch diesen Vergleich errechnet sich die steuerliche Mehrbelastung, die sich ergeben w\u00fcrde, wenn der Arbeitnehmer nur ein F\u00fcnftel der wirklich erhaltenen Abfindungszahlung erhalten h\u00e4tte. Anschlie\u00dfend multipliziert man die steuerliche Mehrbelastung mit f\u00fcnf. Das Ergebnis: die sich aus der F\u00fcnftelregelung ergebende g\u00fcnstigere Besteuerung wird auf die gesamte Abfindungszahlung angewendet. Anzumerken ist jedoch, dass bei einem hohen Einkommen und\/oder gro\u00dfen Abfindungszahlungen kein oder nur ein minimaler Steuerspareffekt eintritt. Die steuerliche Mehrbelastung ist in diesen F\u00e4llen progressionsbedingt sehr hoch.<\/p>\n\n\n\n<p>Tipp:\u00a0<a href=\"https:\/\/www.sage.com\/de-de\/lohnabrechnung-software\/\">So finden Sie die richtige Lohnabrechnungssoftware<\/a><\/p>\n\n\n\n<h3 class=\"wp-block-heading\"><strong>Abfindung und Arbeitslosengeld<\/strong><\/h3>\n\n\n\n<p>Wer als Arbeitnehmer aufgrund der Beendigung des Arbeitsverh\u00e4ltnisses eine Abfindung bekommt, muss eventuell mit Nachteilen beim Arbeitslosengeldanspruch rechnen. Hat der Arbeitgeber dem Arbeitnehmer ordentlich gek\u00fcndigt, beispielsweise betriebsbedingt und hat man sich anschlie\u00dfend im Rahmen einer K\u00fcndigungsschutzklage auf die Beendigung des Arbeitsverh\u00e4ltnisses gegen eine Abfindungszahlung geeinigt, so kann es passieren, dass die Abfindung teilweise auf das Arbeitslosengeld angerechnet wird. Voraussetzung ist in so einem Fall die einvernehmliche Beendigung des Prozesses, weil die zu beachtenden K\u00fcndigungsfristen damit auch einvernehmlich gek\u00fcrzt werden. Geregelt in \u00a7 158 SGB III. Grundregel ist, dass wenn K\u00fcndigungsfristen gegen die Abfindungszahlung verkauft werden, der Anspruch auf Arbeitslosengeld f\u00fcr die Zeitdauer der verkauften K\u00fcndigungsfristen ruht.<\/p>\n\n\n\n<p>Quelle: BMF Schreiben vom 11. Januar 2022<\/p>\n\n\n\n<p>Weitere Artikel zum Thema:<\/p>\n\n\n\n<p class=\"entry-title\"><a href=\"https:\/\/www.sage.com\/de-de\/blog\/abfindung-und-aufhebungsvertrag-das-muss-man-wissen_fy22\/\" target=\"_blank\" rel=\"noopener\">Abfindung und Aufhebungsvertrag: Das muss man wissen!<\/a><\/p>\n\n\n\n<p class=\"entry-title\"><a href=\"https:\/\/www.sage.com\/de-de\/blog\/lexikon\/\" target=\"_blank\" rel=\"noopener\">Wir erkl\u00e4ren betriebswirtschaftliche Fachbegriffe<\/a>:<br><a href=\"https:\/\/www.sage.com\/de-de\/blog\/lexikon\/abfindung\/\" target=\"_blank\" rel=\"noopener\">Abfindung<\/a><br><a href=\"https:\/\/www.sage.com\/de-de\/blog\/lexikon\/gehaltsabrechnung\/\" target=\"_blank\" rel=\"noopener\">Gehaltsabrechnung<\/a><\/p>\n\n\n\n<h3 class=\"wp-block-heading\" id=\"h-diese-beitrage-zur-sozialversicherung-konnten-sie-auch-interessieren\"><strong>Diese Beitr\u00e4ge zur Sozialversicherung k\u00f6nnten Sie auch interessieren<\/strong><\/h3>\n\n\n\n<ul class=\"wp-block-list\">\n<li><a href=\"https:\/\/www.sage.com\/de-de\/blog\/13-faq-was-sind-die-sozialversicherungsbeitraege-und-warum-muessen-sie-gezahlt-werden-fy21\/\" target=\"_blank\" rel=\"noreferrer noopener\">Was sind Sozialversicherungs\u00adbeitr\u00e4ge und warum m\u00fcssen sie gezahlt werden?<\/a><\/li>\n\n\n\n<li><a href=\"https:\/\/www.sage.com\/de-de\/blog\/die-sozialversicherungs-rechengrossenverordnung-2023-fy23\/\" target=\"_blank\" rel=\"noreferrer noopener\">Sozialver\u00adsicherungs-Rechen\u00adgr\u00f6\u00dfen\u00adverordnung 2023<\/a><\/li>\n\n\n\n<li><a href=\"https:\/\/www.sage.com\/de-de\/blog\/beitrag-zur-pflegeversicherung-fy23\/\" target=\"_blank\" rel=\"noreferrer noopener\">Beitrag zur Pflegeversicherung berechnen ab Juli 2023<\/a><\/li>\n\n\n\n<li><a href=\"https:\/\/www.sage.com\/de-de\/blog\/so-wirkt-sich-die-abfindung-auf-steuern-und-sv-aus-fy22\/\" target=\"_blank\" rel=\"noreferrer noopener\">So wirkt sich die Abfindung auf Steuern und SV aus<\/a><\/li>\n<\/ul>\n\n\n\n<div class=\"single-cta\">\n\t<div class=\"single-cta__positioner\">\n\t\t<div class=\"single-cta__wrapper has-dark-background-color\">\n\t\t\t<div class=\"single-cta__content\">\n\t\t\t\t\t\t\t\t<h2 class=\"single-cta__title h3\">Eine Gehalts\u00adsoftware, die sich f\u00fcr Sie lohnt<\/h2>\n\n\t\t\t\t\t\t\t\t\t<div class=\"single-cta__description\">\n\t\t\t\t\t\t<ul>\n<li>inkl. komplexer Abrechnungsf\u00e4lle (Altersteilzeit, Zuschl\u00e4ge, Kurzarbeit, Versorgungsbez\u00fcge, betriebliche Altersvorsorge usw.)<\/li>\n<li>zertifiziert und systemgepr\u00fcft inkl. aller Meldungen<\/li>\n<li>Branchenl\u00f6sungen (u.a. Bau, \u00d6ffentlicher Dienst, Heuer)<\/li>\n<li>inkl. vielf\u00e4ltige Reports und Auswertungen<\/li>\n<\/ul>\n\t\t\t\t\t<\/div>\n\t\t\t\t\n\t\t\t\t\t\t\t\t\t\t\t\t\t\t<a\n\t\t\t\t\t\thref=\"https:\/\/www.sage.com\/de-de\/personalabrechnung-software\/\"\n\t\t\t\t\t\tclass=\"single-cta__button button button--primary\"\n\t\t\t\t\t\t\t\t\t\t\t\t\tid=\"cta-id-5947\"\n\t\t\t\t\t\t\t\t\t\t\t\t\t\t\t\t\t\t\tdata-button-location=\"cta_box\"\n\t\t\t\t\t\t\t\t\t\t\t>Mehr erfahren<\/a>\n\t\t\t\t\t\t\t<\/div>\n\n\t\t\t\t\t<\/div>\n\n\t\t\t\t\t<img decoding=\"async\" width=\"1215\" height=\"810\" src=\"https:\/\/www.sage.com\/de-de\/blog\/wp-content\/uploads\/sites\/11\/2019\/03\/iStock-618761888_A3ModSTruk_Komm-1215x810.jpg\" class=\"single-cta__image\" alt=\"Frau im B\u00fcro\" loading=\"lazy\" srcset=\"https:\/\/www.sage.com\/de-de\/blog\/wp-content\/uploads\/sites\/11\/2019\/03\/iStock-618761888_A3ModSTruk_Komm-1215x810.jpg 1215w\" sizes=\"auto, (min-width: 48em) 33vw, 100vw\" \/>\t\t\t<\/div>\n<\/div>\n\n\n\n<div class=\"single-cta\">\n\t<div class=\"single-cta__positioner\">\n\t\t<div class=\"single-cta__wrapper has-dark-background-color\">\n\t\t\t<div class=\"single-cta__content\">\n\t\t\t\t\t\t\t\t<h2 class=\"single-cta__title h3\">Interesse an weiteren Tipps &amp; Insights zu den Themen HR und Lohnbuchhaltung?<\/h2>\n\n\t\t\t\t\t\t\t\t\t<div class=\"single-cta__description\">\n\t\t\t\t\t\t<p><!-- wp:paragraph --><\/p>\n<p class=\"\">\u2026mit unserem Newsletter 1x im Monat<\/p>\n<p><!-- \/wp:paragraph --><\/p>\n<p><!-- wp:list --><\/p>\n<ul><!-- wp:list-item --><\/p>\n<li>Neue Trends aus der Arbeitswelt<\/li>\n<p><!-- \/wp:list-item --><\/p>\n<p><!-- wp:list-item --><\/p>\n<li>Aktuelle Urteile verst\u00e4ndlich erkl\u00e4rt<\/li>\n<p><!-- \/wp:list-item --><\/p>\n<p><!-- wp:list-item --><\/p>\n<li>Tipps zu HR &amp; Lohnbuchhaltung<\/li>\n<p><!-- \/wp:list-item --><\/p>\n<p><!-- wp:list-item --><\/p>\n<li>Experten-Interviews, Studien u.v.m<\/li>\n<p><!-- \/wp:list-item --><\/ul>\n<p><!-- \/wp:list --><\/p>\n\t\t\t\t\t<\/div>\n\t\t\t\t\n\t\t\t\t\t\t\t\t\t\t\t\t\t\t<a\n\t\t\t\t\t\thref=\"#gate-a59880de-3d38-4b82-914c-ffa16bab6ae7\"\n\t\t\t\t\t\tclass=\"single-cta__button button button--primary\"\n\t\t\t\t\t\t\t\t\t\t\t\t\t\t\t\t\t>Jetzt Newsletter abonnieren<\/a>\n\t\t\t\t\t\t\t<\/div>\n\n\t\t\t\t\t<\/div>\n\n\t\t\t\t\t<img decoding=\"async\" width=\"1064\" height=\"810\" src=\"https:\/\/www.sage.com\/de-de\/blog\/wp-content\/uploads\/sites\/11\/2021\/03\/Blog-HR-Management-und-Payroll-1064x810.jpg\" class=\"single-cta__image\" alt=\"\" loading=\"lazy\" srcset=\"https:\/\/www.sage.com\/de-de\/blog\/wp-content\/uploads\/sites\/11\/2021\/03\/Blog-HR-Management-und-Payroll-1064x810.jpg 1064w\" sizes=\"auto, (min-width: 48em) 33vw, 100vw\" \/>\t\t\t<\/div>\n<\/div>\n","protected":false},"excerpt":{"rendered":"<p>Arbeitnehmer oder Angestellte, die eine Abfindung erhalten, sind sich h\u00e4ufig unsicher dar\u00fcber, ob diese der Beitragspflicht in der Sozialversicherung unterliegt. Unterschieden werden generell echte und unechte Abfindungen. Daher erfolgt bei der Beitragspflicht auch eine Differenzierung und diese kann unterschiedliche sozialversicherungsrechtliche Beurteilungen zur Folge haben. Der Besteuerung unterliegt die Abfindung jedoch in jedem Fall, wobei diese [&hellip;]<\/p>\n","protected":false},"author":1899,"featured_media":10413,"comment_status":"open","ping_status":"open","sticky":false,"template":"","format":"standard","meta":{"_sage_video":false,"post_featured_image_hide":false,"footnotes":""},"categories":[22,74,65],"tags":[84,115,191,247],"business_type":[17,18],"lilypad":[],"context":[],"industry":[],"persona":[58,54,60,57,59,56,55],"imagine_tag":[32,33,37,61,41,40,24],"coauthors":[961],"class_list":["post-10412","post","type-post","status-publish","format-standard","has-post-thumbnail","hentry","category-hr-management-payroll","category-mitarbeiter-bezahlen","category-recht-steuern-finanzen","tag-buchhaltung","tag-lohnabrechnung","tag-mittelstand","tag-sage","business_type-kleinunternehmer-handwerker","business_type-mittlere-unternehmen"],"sage_meta":{"region":"de-de","author_name":"Dr. Andrea Schmidt","featured_image":"https:\/\/www.sage.com\/de-de\/blog\/wp-content\/uploads\/sites\/11\/2022\/03\/21-Mrz-22-Compliance_-Abfindung-Stuer-und-SV_-Finlayson_FY19_Testimonial_5E3A8875.jpg","imagine_tags":{"32":"Buchhaltung","33":"Finanzen","37":"HR","61":"Mitarbeiter bezahlen","41":"Mittelstand","40":"Mittlere Unternehmen","24":"Sage Blog"}},"distributor_meta":false,"distributor_terms":false,"distributor_media":false,"distributor_original_site_name":"Sage Advice Deutschland","distributor_original_site_url":"https:\/\/www.sage.com\/de-de\/blog","push-errors":false,"_links":{"self":[{"href":"https:\/\/www.sage.com\/de-de\/blog\/api\/wp\/v2\/posts\/10412","targetHints":{"allow":["GET"]}}],"collection":[{"href":"https:\/\/www.sage.com\/de-de\/blog\/api\/wp\/v2\/posts"}],"about":[{"href":"https:\/\/www.sage.com\/de-de\/blog\/api\/wp\/v2\/types\/post"}],"author":[{"embeddable":true,"href":"https:\/\/www.sage.com\/de-de\/blog\/api\/wp\/v2\/users\/1899"}],"replies":[{"embeddable":true,"href":"https:\/\/www.sage.com\/de-de\/blog\/api\/wp\/v2\/comments?post=10412"}],"version-history":[{"count":2,"href":"https:\/\/www.sage.com\/de-de\/blog\/api\/wp\/v2\/posts\/10412\/revisions"}],"predecessor-version":[{"id":30966,"href":"https:\/\/www.sage.com\/de-de\/blog\/api\/wp\/v2\/posts\/10412\/revisions\/30966"}],"wp:featuredmedia":[{"embeddable":true,"href":"https:\/\/www.sage.com\/de-de\/blog\/api\/wp\/v2\/media\/10413"}],"wp:attachment":[{"href":"https:\/\/www.sage.com\/de-de\/blog\/api\/wp\/v2\/media?parent=10412"}],"wp:term":[{"taxonomy":"category","embeddable":true,"href":"https:\/\/www.sage.com\/de-de\/blog\/api\/wp\/v2\/categories?post=10412"},{"taxonomy":"post_tag","embeddable":true,"href":"https:\/\/www.sage.com\/de-de\/blog\/api\/wp\/v2\/tags?post=10412"},{"taxonomy":"business_type","embeddable":true,"href":"https:\/\/www.sage.com\/de-de\/blog\/api\/wp\/v2\/business_type?post=10412"},{"taxonomy":"lilypad","embeddable":true,"href":"https:\/\/www.sage.com\/de-de\/blog\/api\/wp\/v2\/lilypad?post=10412"},{"taxonomy":"context","embeddable":true,"href":"https:\/\/www.sage.com\/de-de\/blog\/api\/wp\/v2\/context?post=10412"},{"taxonomy":"industry","embeddable":true,"href":"https:\/\/www.sage.com\/de-de\/blog\/api\/wp\/v2\/industry?post=10412"},{"taxonomy":"persona","embeddable":true,"href":"https:\/\/www.sage.com\/de-de\/blog\/api\/wp\/v2\/persona?post=10412"},{"taxonomy":"imagine_tag","embeddable":true,"href":"https:\/\/www.sage.com\/de-de\/blog\/api\/wp\/v2\/imagine_tag?post=10412"},{"taxonomy":"author","embeddable":true,"href":"https:\/\/www.sage.com\/de-de\/blog\/api\/wp\/v2\/coauthors?post=10412"}],"curies":[{"name":"wp","href":"https:\/\/api.w.org\/{rel}","templated":true}]}}