{"id":11721,"date":"2023-01-09T08:00:00","date_gmt":"2023-01-09T07:00:00","guid":{"rendered":"https:\/\/www.sage.com\/de-de\/blog\/?p=11721"},"modified":"2025-04-24T16:40:49","modified_gmt":"2025-04-24T14:40:49","slug":"anderung-des-10d-estg-wegfall-des-teilweisen-verzichts-auf-verlustverrechnung-ab","status":"publish","type":"post","link":"https:\/\/www.sage.com\/de-de\/blog\/anderung-des-10d-estg-wegfall-des-teilweisen-verzichts-auf-verlustverrechnung-ab\/","title":{"rendered":"Verlustr\u00fccktrag: \u00c4nderung des \u00a7 10d EStG &#8211; Wegfall des teilweisen Verzichts auf Verlust\u00ad\u00adverrech\u00ad\u00adnung"},"content":{"rendered":"<header class=\"entry-header has-dark-background-color entry-header--has-illustration entry-header--has-illustration--generic\">\n\t<div class=\"container\">\n\t\t<div class=\"entry-header__row row align-center\">\n\t\t\t<div class=\"col col-lg-7 col-xlg-6 entry-header__content\">\n\t\t\t\t\t\t\t<div class=\"component component-single-header\">\n\t\t\t\t\t\t\t\t\t\t<div class=\"entry-header__misc text--subtitle text--uppercase text--small\">\n\t\t\t\t\t\t\t<a href=\"https:\/\/www.sage.com\/de-de\/blog\/kategorie\/recht-steuern-finanzen\/\" class=\"entry-header__link\">Recht, Steuern und Finanzen<\/a>\t\t\t\t\t\t<\/div>\n\t\t\t\t\n\t\t\t\t<div class=\"entry-title-wrapper\">\n\t\t\t\t\t<h1 class=\"entry-title\">\n\t\t\t\t\t\tVerlustr\u00fccktrag: \u00c4nderung des \u00a7 10d EStG &#8211; Wegfall des teilweisen Verzichts auf Verlust\u00ad\u00adverrech\u00ad\u00adnung\t\t\t\t\t<\/h1>\n\t\t\t\t<\/div>\n\n\t\t\t\t\t\t\t\t\t<p class=\"entry-header__description\">\n\t\t\t\t\t\t\t\t\t\t\t<\/p>\n\t\t\t\t\n\t\t\t\t\n\t\t\t\t\n\t\t\t<\/div>\n\n\t\t\t\t\t<\/div>\n\t\t\t\t\t<\/div>\n\t<\/div>\n\t<div class=\"single-post-details container\">\n\t\t<div class=\"col\">\n\t\t\t<span class=\"posted-on \"><time class=\"entry-date published\" datetime=\"2023-01-09T08:00:00+01:00\">9. January 2023<\/time><\/span><span class=\"reading-time\"> Minuten zu lesen<\/span>\n\t\t<button\n\t\t\ttype=\"button\"\n\t\t\tclass=\"social-share-button button button--icon button--secondary js-social-share-button\"\n\t\t\tdata-share-title=\"Verlustr\u00fccktrag: \u00c4nderung des \u00a7 10d EStG &#8211; Wegfall des teilweisen Verzichts auf Verlust\u00ad\u00adverrech\u00ad\u00adnung\"\n\t\t\tdata-share-url=\"https:\/\/www.sage.com\/de-de\/blog\/anderung-des-10d-estg-wegfall-des-teilweisen-verzichts-auf-verlustverrechnung-ab\/\"\n\t\t\tdata-share-text=\"Bitte lesen Sie diesen interessanten Artikel\"\n\t\t>\n\t\t\t<span class=\"social-share-button__share-label\">Teilen<\/span>\n\t\t\t<span class=\"social-share-button__copy-label\" hidden>Link kopieren<\/span>\n\t\t\t<span class=\"social-share-button__copy-tooltip\" aria-hidden=\"true\" hidden>Kopiert<\/span>\n\t\t<\/button>\n\n\t\t\t\t<\/div>\n\t<\/div>\n<\/header>\n\n\n<div class=\"wp-block-post-author has-dark-background-color alignfull\">\n\t<div class=\"container\">\n\t\t<div class=\"col\">\n\t\t\t\t\t\t\t<div class=\"co-authors\">\n\t\t\t\t\t\n\t\t<div class=\"entry-author-wrapper\">\n\t\t\t<a class=\"entry-author\" href=\"https:\/\/www.sage.com\/de-de\/blog\/author\/sabinepreusser\/\">\n\t\t\t\t<img decoding=\"async\" alt=\"\" src=\"https:\/\/www.sage.com\/de-de\/blog\/wp-content\/uploads\/sites\/11\/2019\/02\/PreusserSabine2015.jpg\" class=\"entry-author__image\" height=\"40\" width=\"40\" fetchpriority=\"high\" \/>\t\t\t\t<span class=\"entry-author__name\">Sabine Preusser<\/span>\n\t\t\t<\/a>\n\n\t\t\t\t\t<\/div>\n\n\t\t\t\t\t\t<\/div>\n\t\t\t\t\t<\/div>\n\t<\/div>\n<\/div>\n\n\n\n<p class=\"\">Die wirtschaftlichen Belastungen f\u00fcr die Unternehmen in Deutschland sind durch Pandemie und Krieg immer noch gravierend. Im <a href=\"https:\/\/www.bundesfinanzministerium.de\/Content\/DE\/Gesetzestexte\/Gesetze_Gesetzesvorhaben\/Abteilungen\/Abteilung_IV\/20_Legislaturperiode\/2022-06-22-Viertes-Corona-Steuerhilfegesetz\/0-Gesetz.html\" target=\"_blank\" rel=\"noreferrer noopener\">Vierten Corona-Steuerhilfegesetz<\/a> sollen besonders die erweiterte Verlustverrechnung sowie verl\u00e4ngerte Investitionsfristen f\u00fcr Investitionsabzugsbetr\u00e4ge die Liquidit\u00e4t der Betriebe st\u00e4rken. Dabei soll das Vierte Corona-Steuerhilfegesetz rasch greifen und unterst\u00fctzen. Der Gro\u00dfteil der Ma\u00dfnahmen besteht in der Fortf\u00fchrung der bislang bestehenden Ma\u00dfnahmen, sodass diese nicht auslaufen. Wichtig in diesem Zusammenhang ist allerdings die Ab\u00e4nderung des \u00a7 10d EStG. Unternehmen k\u00f6nnen einen Verlustr\u00fccktrag vornehmen, indem sie Verluste bis zehn Millionen Euro mit Gewinnen fr\u00fcherer Jahre verrechnen, bei gemeinsamer Veranlagung 20 Millionen.<\/p>\n\n\n\n<p class=\"\">Folgende Punkte sind bei der Verlustverrechnung mit Vorjahresgewinnen zu beachten:<\/p>\n\n\n\n<ul class=\"wp-block-list\">\n<li>Veranlagungszeitr\u00e4ume bis 2021: Ein Verlustr\u00fccktrag ist nur ins Vorjahr m\u00f6glich<\/li>\n\n\n\n<li>Seit 2022 lassen sich Verluste mit Gewinnen der beiden unmittelbar vorausgehenden Jahre verrechnen<\/li>\n\n\n\n<li>Verlustverrechnung ist auf maximal zehn Millionen beschr\u00e4nkt, bei gemeinsamer Veranlagung auf 20 Millionen<\/li>\n\n\n\n<li>Ab 2024 sinken die zul\u00e4ssigen H\u00f6chstbetr\u00e4ge auf eine bzw. zwei Millionen Euro<\/li>\n<\/ul>\n\n\n\n<h3 class=\"wp-block-heading\"><strong>M\u00f6glichkeiten f\u00fcr den Verlustr\u00fccktrag<\/strong><\/h3>\n\n\n\n<p class=\"\">Nicht alle Ma\u00dfnahmen im Vierten Corona-Steuerhilfegesetz stellen auch tats\u00e4chlich eine Erleichterung f\u00fcr Unternehmen dar. Wie oben geschrieben wird in \u00a7 10d EStG der Verlustr\u00fccktrag zwar auf zwei Jahre verl\u00e4ngert und von einer Million Euro auf zehn Millionen Euro erh\u00f6ht, daf\u00fcr entf\u00e4llt aber der teilweise Verzicht auf den Verlustr\u00fccktrag, und zwar dauerhaft. Unternehmen, Solo-Selbstst\u00e4ndige und Gesellschafter von <a href=\"https:\/\/www.sage.com\/de-de\/blog\/lexikon\/personengesellschaft\/\" target=\"_blank\" rel=\"noreferrer noopener\">Personengesellschaften<\/a> sind ganz besonders von dieser Regelung betroffen. Im Einzelnen bedeutet das:<\/p>\n\n\n\n<p class=\"\">Bis Ende 2023 wird die erweiterte Verlustverrechnung verl\u00e4ngert. F\u00fcr den Verlustr\u00fccktrag wird der H\u00f6chstbetrag f\u00fcr die Jahre 2022 und 2023 auf zehn Millionen Euro bei Einzelveranlagung und 20 Millionen Euro bei Zusammenveranlagung erh\u00f6ht. Mit dem Jahr 2024 werden die H\u00f6chstbetr\u00e4ge nach jetzigem Gesetzesstand wieder eine Million Euro bei Einzelveranlagung und zwei Millionen Euro bei Zusammenveranlagung betragen.<\/p>\n\n\n\n<p class=\"\">Seit dem Jahr 2022 wird der Verlustr\u00fccktrag dauerhaft auf die zwei unmittelbar vorangegangenen Jahre ausgeweitet.<\/p>\n\n\n\n<p class=\"\">Das Wahlrecht von einem Verlustr\u00fccktrag auf Antrag ganz oder teilweise abzusehen gem\u00e4\u00df \u00a7 10d Abs. 1 Satz 5 und 6 EStG wird allerdings eingeschr\u00e4nkt. F\u00fcr alle Verluste, die seit dem Jahr 2022 entstehen, gilt, dass Unternehmen nur noch ganz auf den Verlustr\u00fccktrag zugunsten des Verlustvortrags verzichten k\u00f6nnen. Ein teilweiser Verzicht ist nicht mehr m\u00f6glich.<\/p>\n\n\n\n<p class=\"\">F\u00fcr die <a href=\"https:\/\/www.sage.com\/de-de\/blog\/lexikon\/koerperschaftsteuer\/\" target=\"_blank\" rel=\"noreferrer noopener\">K\u00f6rperschaftsteuer<\/a> gilt die Erweiterung des Verlustr\u00fccktrages ebenfalls.<\/p>\n\n\n\n<figure class=\"wp-block-pullquote\"><blockquote><p>Empfehlung:<br><a href=\"https:\/\/www.sage.com\/de-de\/buchhaltung-software\/\" target=\"_blank\" rel=\"noreferrer noopener\">Erledigen Sie Ihre Buchhaltung und Warenwirtschaft einfach selbst \u2013 mit Buchhaltungssoftware von Sage<\/a><\/p><\/blockquote><\/figure>\n\n\n\n<h3 class=\"wp-block-heading\"><strong>Systematik der Verlustverrechnung und der Ermittlung der Eink\u00fcnfte<\/strong><\/h3>\n\n\n\n<p class=\"\">Das verk\u00fcrzte Schema zur Ermittlung des zu versteuernden Einkommens ist hilfreich. Denn so kann man sich vor Augen f\u00fchren, wie die Verlustverrechnung funktioniert. Die verschiedenen Einkunftsarten (Eink\u00fcnfte aus Gewerbebetrieb, Vermietung und Verpachtung, Kapital usw.) werden aufsummiert. Diese ergeben zusammen den Gesamtbetrag der Eink\u00fcnfte. Von diesem zieht man dann einen bestehenden Verlust nach \u00a7 10d EStG ab. Anschlie\u00dfend sind noch die Sonderausgaben und die au\u00dfergew\u00f6hnlichen Belastungen abzuziehen. <\/p>\n\n\n\n<p class=\"\">Bleibt das zu versteuernde Einkommen bereits vor Abzug der Sonderausgaben und\/oder der au\u00dfergew\u00f6hnlichen Belastungen unter dem steuerlichen Grundfreibetrag oder sinkt sogar auf null, so k\u00f6nnen sowohl die Sonderausgaben als auch die au\u00dfergew\u00f6hnlichen Belastungen ihre steuerliche Wirkung nicht mehr entfalten. Einen Vor- oder R\u00fccktrag von Sonderausgaben und au\u00dfergew\u00f6hnlichen Belastungen gibt es nicht.<\/p>\n\n\n\n<p class=\"\"><\/p>\n\n\n\n<h3 class=\"wp-block-heading\">Verlustr\u00fccktrag: <strong>Folgen der Gesetzes\u00e4nderung des \u00a7 10d EStG<\/strong><\/h3>\n\n\n\n<p class=\"\">Auch wenn im \u00a7 10d EStG nur ein Wort ersetzt wird (statt \u2018teilweise\u2019 nun \u2018insgesamt\u2019) hat das doch gravierende Auswirkungen. Betroffen sind alle nat\u00fcrlichen Personen, Unternehmen und Selbstst\u00e4ndige, aber auch Gesellschafter von Personengesellschaften. Selbst f\u00fcr GmbHs und <a href=\"https:\/\/www.sage.com\/de-de\/blog\/lexikon\/aktiengesellschaft\/\" target=\"_blank\" rel=\"noreferrer noopener\">Aktiengesellschaften<\/a> sind die Auswirkungen sp\u00fcrbar, wenn sie auch geringer ausfallen. Das Schema f\u00fcr die Einkommensermittlung weicht bei den zuletzt genannten ab und der Abzug von Sonderausgaben und au\u00dfergew\u00f6hnlichen Belastungen ist f\u00fcr Kapitalgesellschaften nicht relevant.<\/p>\n\n\n\n<p class=\"\">Durch die Gesetzes\u00e4nderung kann, wie bereits oben beschrieben, auf den Verlustr\u00fccktrag nur noch vollst\u00e4ndig verzichtet werden. Der Steuerpflichtige kann sich nun entweder f\u00fcr einen vollst\u00e4ndigen Verlustr\u00fccktrag entscheiden oder daf\u00fcr, den Verlust auf die kommenden Veranlagungszeitr\u00e4ume vollst\u00e4ndig vorzutragen. F\u00fcr jeden Unternehmer ist es sinnvoll, um schnell Liquidit\u00e4t zu erlangen, den Verlust auf vergangene Wirtschaftsjahre zur\u00fcckzutragen, wenn in diesen hohe Gewinne erwirtschaftet und Steuern gezahlt wurden. Die Steuerr\u00fcckzahlung bringt liquide Mittel ins Unternehmen. Nach der neuen Regelung w\u00e4re das bei einem vollst\u00e4ndigen Verzicht nicht mehr m\u00f6glich.<\/p>\n\n\n\n<p class=\"\">Weder Sonderausgaben noch au\u00dfergew\u00f6hnliche Belastungen lassen sich vor- oder r\u00fccktragen. In dem Jahr, in dem sie anfallen, k\u00f6nnen sie bei der Berechnung der <a href=\"https:\/\/www.sage.com\/de-de\/blog\/lexikon\/einkommensteuer\/\" target=\"_blank\" rel=\"noreferrer noopener\">Einkommensteuer <\/a>ber\u00fccksichtigt werden. Wer wirklich Steuern durch das Absetzen von Sonderausgaben und au\u00dfergew\u00f6hnlichen Belastungen sparen will, muss mit dem Gesamtbetrag der Eink\u00fcnfte nach einem eventuellen Abzug eines Verlustes \u00fcber dem Grundfreibetrag liegen.<\/p>\n\n\n\n<p class=\"\">Fehlt eine Veranlagung f\u00fcr das dem Verlust vorangegangene <a href=\"https:\/\/www.sage.com\/de-de\/blog\/lexikon\/wirtschaftsjahr\/\" target=\"_blank\" rel=\"noreferrer noopener\">Wirtschaftsjahr<\/a> oder dem noch davor liegenden Veranlagungszeitraum, so wird das Potenzial eines Verlustabzugs trotzdem nicht geschont. Im Klartext bedeutet das, erfolgt f\u00fcr einen Veranlagungszeitraum keine Veranlagung, so kann der in diesem Zeitraum eigentlich ber\u00fccksichtigungsf\u00e4hige Verlustabzug nicht in einem anderen Veranlagungszeitraum geltend gemacht werden. Das war allerdings immer schon so. Wird auf den Verlustr\u00fccktrag gem\u00e4\u00df \u00a7 10d Abs. 1 Satz 6 EStG verzichtet, so erfolgt f\u00fcr den Veranlagungszeitraum der Entstehung des Verlusts keine Minderung des auf den Schluss des vorangegangenen Veranlagungszeitraums festgestellten verbleibenden Verlustvortrag.<\/p>\n\n\n\n<h3 class=\"wp-block-heading\"><strong>Problematik f\u00fcr die Unternehmen<\/strong><\/h3>\n\n\n\n<p class=\"\">Nicht nur das Volumen bei dem Verlustr\u00fccktrag d\u00fcrfte f\u00fcr Unternehmen problematisch sein. Auch der R\u00fccktragungszeitraum von zwei Jahren ist mit Problemen f\u00fcr Unternehmen behaftet, die durch die Corona-Pandemie hohe Verluste erlitten haben. Allerdings k\u00f6nnen Unternehmen durch den R\u00fccktragungszeitraum von zwei Jahren Verluste aus 2022 lediglich in die Jahre 2021 und 2020 zur\u00fccktragen. Das sind aber genau die Jahre, in denen viele Unternehmen sowieso schon durch die Pandemie belastet waren. Ob genug Gewinne in diesen Jahren f\u00fcr eine Verrechnung vorhanden sind, darf daher zumindest bezweifelt werden.&nbsp;<\/p>\n\n\n<div class=\"single-cta\">\n\t<div class=\"single-cta__positioner\">\n\t\t<div class=\"single-cta__wrapper has-dark-background-color\">\n\t\t\t<div class=\"single-cta__content\">\n\t\t\t\t\t\t\t\t<h2 class=\"single-cta__title h3\">Interesse an weiteren Tipps &amp; Insights zu den Themen Recht, Steuern und Finanzen?<\/h2>\n\n\t\t\t\t\t\t\t\t\t<div class=\"single-cta__description\">\n\t\t\t\t\t\t<p><!-- wp:paragraph --><\/p>\n<p class=\"\">\u2026mit unserem Newsletter 1x im Monat<\/p>\n<p><!-- \/wp:paragraph --><\/p>\n<p><!-- wp:list --><\/p>\n<ul><!-- wp:list-item --><\/p>\n<li>Neue Trends aus der Business Welt<\/li>\n<p><!-- \/wp:list-item --><\/p>\n<p><!-- wp:list-item --><\/p>\n<li>Aktuelle Urteile verst\u00e4ndlich erkl\u00e4rt<\/li>\n<p><!-- \/wp:list-item --><\/p>\n<p><!-- wp:list-item --><\/p>\n<li>Tipps zu Recht, Steuern &amp; Finanzen<\/li>\n<p><!-- \/wp:list-item --><\/p>\n<p><!-- wp:list-item --><\/p>\n<li>Experten-Interviews, Studien u.v.m<\/li>\n<p><!-- \/wp:list-item --><\/ul>\n<p><!-- \/wp:list --><\/p>\n\t\t\t\t\t<\/div>\n\t\t\t\t\n\t\t\t\t\t\t\t\t\t\t\t\t\t\t<a\n\t\t\t\t\t\thref=\"#gate-a59880de-3d38-4b82-914c-ffa16bab6ae7\"\n\t\t\t\t\t\tclass=\"single-cta__button button button--primary\"\n\t\t\t\t\t\t\t\t\t\t\t\t\t\t\t\t\t>Jetzt Newsletter abonnieren<\/a>\n\t\t\t\t\t\t\t<\/div>\n\n\t\t\t\t\t<\/div>\n\n\t\t\t\t\t<img decoding=\"async\" width=\"1064\" height=\"810\" src=\"https:\/\/www.sage.com\/de-de\/blog\/wp-content\/uploads\/sites\/11\/2021\/03\/Blog-Recht-Steuern-und-Finanzen-1064x810.jpg\" class=\"single-cta__image\" alt=\"\" loading=\"lazy\" srcset=\"https:\/\/www.sage.com\/de-de\/blog\/wp-content\/uploads\/sites\/11\/2021\/03\/Blog-Recht-Steuern-und-Finanzen-1064x810.jpg 1064w\" sizes=\"auto, (min-width: 48em) 33vw, 100vw\" \/>\t\t\t<\/div>\n<\/div>\n","protected":false},"excerpt":{"rendered":"<p>Der Wegfall des teilweisen Verzichts auf Verlustverrechnung ab 2022 steht in der Kritik. Der Verlustr\u00fccktrag aus 2022 kann problematisch werden. Infos hier!<\/p>\n","protected":false},"author":722,"featured_media":10731,"comment_status":"closed","ping_status":"closed","sticky":false,"template":"","format":"standard","meta":{"_sage_video":false,"post_featured_image_hide":false,"footnotes":""},"categories":[65],"tags":[84,63,730,289,191],"business_type":[17,18],"lilypad":[],"context":[],"industry":[],"persona":[58,54,60,57,59],"imagine_tag":[32,39,41,40,24],"coauthors":[953],"class_list":["post-11721","post","type-post","status-publish","format-standard","has-post-thumbnail","hentry","category-recht-steuern-finanzen","tag-buchhaltung","tag-compliance","tag-finanzbuchhaltung","tag-kleinunternehmer","tag-mittelstand","business_type-kleinunternehmer-handwerker","business_type-mittlere-unternehmen"],"sage_meta":{"region":"de-de","author_name":"Sabine Preusser","featured_image":"https:\/\/www.sage.com\/de-de\/blog\/wp-content\/uploads\/sites\/11\/2022\/04\/GettyImages-1271694534.jpg","imagine_tags":{"32":"Buchhaltung","39":"Kleine Unternehmen","41":"Mittelstand","40":"Mittlere Unternehmen","24":"Sage Blog"}},"distributor_meta":false,"distributor_terms":false,"distributor_media":false,"distributor_original_site_name":"Sage Advice Deutschland","distributor_original_site_url":"https:\/\/www.sage.com\/de-de\/blog","push-errors":false,"_links":{"self":[{"href":"https:\/\/www.sage.com\/de-de\/blog\/api\/wp\/v2\/posts\/11721","targetHints":{"allow":["GET"]}}],"collection":[{"href":"https:\/\/www.sage.com\/de-de\/blog\/api\/wp\/v2\/posts"}],"about":[{"href":"https:\/\/www.sage.com\/de-de\/blog\/api\/wp\/v2\/types\/post"}],"author":[{"embeddable":true,"href":"https:\/\/www.sage.com\/de-de\/blog\/api\/wp\/v2\/users\/722"}],"replies":[{"embeddable":true,"href":"https:\/\/www.sage.com\/de-de\/blog\/api\/wp\/v2\/comments?post=11721"}],"version-history":[{"count":0,"href":"https:\/\/www.sage.com\/de-de\/blog\/api\/wp\/v2\/posts\/11721\/revisions"}],"wp:featuredmedia":[{"embeddable":true,"href":"https:\/\/www.sage.com\/de-de\/blog\/api\/wp\/v2\/media\/10731"}],"wp:attachment":[{"href":"https:\/\/www.sage.com\/de-de\/blog\/api\/wp\/v2\/media?parent=11721"}],"wp:term":[{"taxonomy":"category","embeddable":true,"href":"https:\/\/www.sage.com\/de-de\/blog\/api\/wp\/v2\/categories?post=11721"},{"taxonomy":"post_tag","embeddable":true,"href":"https:\/\/www.sage.com\/de-de\/blog\/api\/wp\/v2\/tags?post=11721"},{"taxonomy":"business_type","embeddable":true,"href":"https:\/\/www.sage.com\/de-de\/blog\/api\/wp\/v2\/business_type?post=11721"},{"taxonomy":"lilypad","embeddable":true,"href":"https:\/\/www.sage.com\/de-de\/blog\/api\/wp\/v2\/lilypad?post=11721"},{"taxonomy":"context","embeddable":true,"href":"https:\/\/www.sage.com\/de-de\/blog\/api\/wp\/v2\/context?post=11721"},{"taxonomy":"industry","embeddable":true,"href":"https:\/\/www.sage.com\/de-de\/blog\/api\/wp\/v2\/industry?post=11721"},{"taxonomy":"persona","embeddable":true,"href":"https:\/\/www.sage.com\/de-de\/blog\/api\/wp\/v2\/persona?post=11721"},{"taxonomy":"imagine_tag","embeddable":true,"href":"https:\/\/www.sage.com\/de-de\/blog\/api\/wp\/v2\/imagine_tag?post=11721"},{"taxonomy":"author","embeddable":true,"href":"https:\/\/www.sage.com\/de-de\/blog\/api\/wp\/v2\/coauthors?post=11721"}],"curies":[{"name":"wp","href":"https:\/\/api.w.org\/{rel}","templated":true}]}}