{"id":1309,"date":"2015-04-16T00:00:00","date_gmt":"2015-04-15T22:00:00","guid":{"rendered":"https:\/\/www.sage.com\/de-de\/blog\/?p=1309"},"modified":"2026-01-22T16:27:52","modified_gmt":"2026-01-22T15:27:52","slug":"industrie-4-0-haengt-sich-deutschland-selber-ab","status":"publish","type":"post","link":"https:\/\/www.sage.com\/de-de\/blog\/industrie-4-0-haengt-sich-deutschland-selber-ab\/","title":{"rendered":"Industrie 4.0: H\u00e4ngt sich Deutschland selber ab?"},"content":{"rendered":"<header class=\"entry-header has-dark-background-color entry-header--has-illustration entry-header--has-illustration--generic\">\n\t<div class=\"container\">\n\t\t<div class=\"entry-header__row row align-center\">\n\t\t\t<div class=\"col col-lg-7 col-xlg-6 entry-header__content\">\n\t\t\t\t\t\t\t<div class=\"component component-single-header\">\n\t\t\t\t\t\t\t\t\t\t<div class=\"entry-header__misc text--subtitle text--uppercase text--small\">\n\t\t\t\t\t\t\t<a href=\"https:\/\/www.sage.com\/de-de\/blog\/kategorie\/digitale-transformation\/\" class=\"entry-header__link\">Digitale Transformation<\/a>\t\t\t\t\t\t<\/div>\n\t\t\t\t\n\t\t\t\t<div class=\"entry-title-wrapper\">\n\t\t\t\t\t<h1 class=\"entry-title\">\n\t\t\t\t\t\tIndustrie 4.0: H\u00e4ngt sich Deutschland selber ab?\t\t\t\t\t<\/h1>\n\t\t\t\t<\/div>\n\n\t\t\t\t\t\t\t\t\t<p class=\"entry-header__description\">\n\t\t\t\t\t\t\t\t\t\t\t<\/p>\n\t\t\t\t\n\t\t\t\t\n\t\t\t\t\n\t\t\t<\/div>\n\n\t\t\t\t\t<\/div>\n\t\t\t\t\t<\/div>\n\t<\/div>\n\t<div class=\"single-post-details container\">\n\t\t<div class=\"col\">\n\t\t\t<span class=\"posted-on \"><time class=\"entry-date published\" datetime=\"2015-04-16T00:00:00+02:00\">16. April 2015<\/time><\/span><span class=\"reading-time\"> Minuten zu lesen<\/span>\n\t\t<button\n\t\t\ttype=\"button\"\n\t\t\tclass=\"social-share-button button button--icon button--secondary js-social-share-button\"\n\t\t\tdata-share-title=\"Industrie 4.0: H\u00e4ngt sich Deutschland selber ab?\"\n\t\t\tdata-share-url=\"https:\/\/www.sage.com\/de-de\/blog\/industrie-4-0-haengt-sich-deutschland-selber-ab\/\"\n\t\t\tdata-share-text=\"Bitte lesen Sie diesen interessanten Artikel\"\n\t\t>\n\t\t\t<span class=\"social-share-button__share-label\">Teilen<\/span>\n\t\t\t<span class=\"social-share-button__copy-label\" hidden>Link kopieren<\/span>\n\t\t\t<span class=\"social-share-button__copy-tooltip\" aria-hidden=\"true\" hidden>Kopiert<\/span>\n\t\t<\/button>\n\n\t\t\t\t<\/div>\n\t<\/div>\n<\/header>\n\n\n\n<div class=\"wp-block-post-author has-dark-background-color alignfull\">\n\t<div class=\"container\">\n\t\t<div class=\"col\">\n\t\t\t\t\t\t\t<div class=\"co-authors\">\n\t\t\t\t\t\n\t\t<div class=\"entry-author-wrapper\">\n\t\t\t<a class=\"entry-author\" href=\"https:\/\/www.sage.com\/de-de\/blog\/author\/sageredakion\/\">\n\t\t\t\t<img loading=\"lazy\" decoding=\"async\" width=\"40\" height=\"40\" src=\"https:\/\/www.sage.com\/de-de\/blog\/wp-content\/uploads\/sites\/11\/2022\/05\/Sage-Advice-YT-logo-1-350x350.png\" class=\"entry-author__image\" alt=\"\" srcset=\"https:\/\/www.sage.com\/de-de\/blog\/wp-content\/uploads\/sites\/11\/2022\/05\/Sage-Advice-YT-logo-1-350x350.png 350w, https:\/\/www.sage.com\/de-de\/blog\/wp-content\/uploads\/sites\/11\/2022\/05\/Sage-Advice-YT-logo-1.png 500w\" sizes=\"auto, (max-width: 40px) 100vw, 40px\" \/>\t\t\t\t<span class=\"entry-author__name\">Sage Redaktion<\/span>\n\t\t\t<\/a>\n\n\t\t\t\t\t<\/div>\n\n\t\t\t\t\t\t<\/div>\n\t\t\t\t\t<\/div>\n\t<\/div>\n<\/div>\n\n\n\n\n\n<div id=\"attachment_4027\" class=\"wp-caption aligncenter\" style=\"max-width: 550px;\">\n<p class=\"wp-caption-text\">\n<\/p><\/div>\n\n\n\n<p>Das Industrieklassentreffen, die Hannovermesse, zeigt eins ganz deutlich: In Hinblick auf Industrie 4.0 gibt es Handlungsbedarf, <a href=\"http:\/\/www.bild.de\/geld\/wirtschaft\/wirtschaft\/zoegern-bei-industrie-4-0-kostet-arbeitsplaetze-40536284.bild.html\" target=\"_blank\" rel=\"noopener noreferrer\">wie auch Bild-Netwelt-Blogger Nico Lumma feststellt<\/a>. Und es tut sich etwas. Auf der diesj\u00e4hrigen Cebit haben Forschungsministerin Johanna Wanka und Wirtschaftsminister Sigmar Gabriel die <a href=\"http:\/\/www.bmwi.de\/DE\/Presse\/pressemitteilungen,did=696160.html\" target=\"_blank\" rel=\"noopener noreferrer\">Plattform Industrie 4.0<\/a> gestartet. Damit soll die \u201eerfolgreiche Arbeit&#8221; der bisherigen Verb\u00e4ndeplattform des VDMA (Verband Deutscher Maschinen- und Anlagenbau), ZVEI (Zentralverband Elektrotechnik- und Elektronikindustrie) und des IuK-Branchenverbands Bitkom auf eine breitere politische und gesellschaftliche Basis gestellt werden, so die beiden Minister zur Begr\u00fcndung.<\/p>\n\n\n\n<p>Au\u00dferdem werde die Plattform thematisch und strukturell neu ausgerichtet. Eine \u201efolgerichtige und gute Entwicklung&#8221;, sagt der Bitkom. Die Verb\u00e4nde h\u00e4tten das Thema bis zu einem gewissen Punkt erfolgreich vorangetrieben. Doch: \u201eJetzt ist Industrie 4.0 nicht mehr nur ein wirtschaftliches Thema, sondern ein gesamtgesellschaftlich relevantes.&#8221;<span id=\"more-4022\"><\/span><\/p>\n\n\n\n<h2 class=\"wp-block-heading\" id=\"h-deutschland-muss-am-ball-bleiben\">Deutschland muss am Ball bleiben<\/h2>\n\n\n\n<div id=\"attachment_4032\" class=\"wp-caption alignleft\" style=\"max-width: 310px;\">\n<figure><img loading=\"lazy\" decoding=\"async\" class=\"size-medium wp-image-4032\" src=\"https:\/\/www.sage.com\/de-de\/blog\/wp-content\/uploads\/sites\/11\/2018\/01\/ADs-Facebook-Blog-allgemein-300x200.jpg\" alt=\"Deutschlands Mittelstand ist gepr\u00e4gt von der Industrie. Industrie 4.0 ist jedoch h\u00e4ufig noch nicht im Fokus. Quelle: Sage\" width=\"300\" height=\"200\"><\/figure><p><\/p>\n<p class=\"wp-caption-text\">Deutschlands Mittelstand ist gepr\u00e4gt von der Industrie. Industrie 4.0 ist jedoch h\u00e4ufig noch nicht im Fokus. Quelle: Sage<\/p>\n<\/div>\n\n\n\n<p>Und ein brisantes dazu: In den vergangenen Monaten mehrten sich die Stimmen, die Deutschland bei Industrie 4.0 und Digitalisierung den Anschluss verlieren sehen. Die renommierte Technologievereinigung M\u00fcnchner Kreis spricht im Rahmen ihrer aktuellen Zukunftsstudie von Fachleuten, die einige Missst\u00e4nde und zahlreiche Schwachstellen der deutschen Wirtschaft erkannt haben, \u201ehinsichtlich ihrer F\u00e4higkeit, den Herausforderungen, die das digitale Zeitalter mit sich bringt, zu begegnen.&#8221; Und: \u201eIn Amerika und Asien werden (digitale) Innovationsstrategien derzeit im Vergleich zu Europa beziehungsweise zu Deutschland h\u00e4ufiger, schneller und erfolgreicher umgesetzt.&#8221;<\/p>\n\n\n\n<p>Deutlichere Worte fand Horst Westerfeld, ehemals CIO des Landes Hessen, auf der Softwareentwicklungskonferenz OOP in M\u00fcnchen. Laut der Online-Ausgabe des Fachmagazins \u201e<a href=\"http:\/\/www.elektronikpraxis.vogel.de\/themen\/softwareengineering\/articles\/473333\/\" target=\"_blank\" rel=\"noopener noreferrer\">Elektronik Praxis<\/a>&#8221; beklagte der Wirtschaftsinformatiker Westerfeld, dass bei Industrie 4.0 die Amerikaner wieder einmal schneller gewesen seien. So habe General Electric im vergangenen Jahr zusammen mit einigen weiteren US-Unternehmen das <a href=\"http:\/\/www.industrialinternetconsortium.org\/\" target=\"_blank\" rel=\"noopener noreferrer\">Industrial Internet Consortium<\/a> (IIC) gegr\u00fcndet. Dieses solle Interoperabilit\u00e4tsstandards f\u00fcr das Internet der Dinge im Industriebereich erarbeiten. <mark class=\"highlight-and-share\">\u201eWer die Schnittstellen bestimmt, der bestimmt das Spiel&#8221;<\/mark>, so Westerfeld laut \u201eElektronik Praxis&#8221;.<\/p>\n\n\n\n<p>Dagegen will der <a href=\"http:\/\/www.vdma.org\/\" target=\"_blank\" rel=\"noopener noreferrer\">VDMA<\/a> von einem Zur\u00fcckfallen Deutschlands im internationalen Vergleich nichts wissen. \u201e[etweet]Der Begriff Industrie 4.0 wurde in Deutschland gepr\u00e4gt [\/etweet]und wird hier mit viel Know-how aus Maschinen- und Anlagenbau, Elektrotechnik und Informationstechnologie mit Leben gef\u00fcllt&#8221;, betont Verbandssprecher Frank Br\u00fcckner. \u201eWir sind in einer starken Position und die sollten wir f\u00fcr den weiteren Weg nutzen.&#8221;<\/p>\n\n\n\n<h2 class=\"wp-block-heading\" id=\"h-sorgenkind-mittelstand\">Sorgenkind Mittelstand<\/h2>\n\n\n\n<div id=\"attachment_4030\" class=\"wp-caption alignleft\" style=\"max-width: 310px;\">\n<figure><img loading=\"lazy\" decoding=\"async\" class=\"size-medium wp-image-4030\" src=\"https:\/\/www.sage.com\/de-de\/blog\/wp-content\/uploads\/sites\/11\/2018\/01\/1-RB-20590-300x217.jpg\" alt=\"Bosch-Chef Dr. Volkmar Denner sieht gro\u00dfe Chancen in der Industrie 4.0. Quelle: Bosch\" width=\"300\" height=\"217\"><\/figure><p><\/p>\n<p class=\"wp-caption-text\">Bosch-Chef Dr. Volkmar Denner sieht gro\u00dfe Chancen in der Industrie 4.0. Quelle: Bosch<\/p>\n<\/div>\n\n\n\n<p>Dem IIC geh\u00f6ren jedoch nicht nur US-amerikanische Firmen an. Auch deutsche Technologieunternehmen wie Infineon Technologies und Siemens sind mit dabei. Ebenso der Technikkonzern <a href=\"http:\/\/www.bosch-presse.de\/presseforum\/details.htm?txtID=7089&amp;tk_id=107\" target=\"_blank\" rel=\"noopener noreferrer\">Bosch<\/a>. Dessen Chef Volkmar Denner sieht in Industrie 4.0 eine historische Chance f\u00fcr den Industriestandort Deutschland, die Wettbewerbsf\u00e4higkeit zu st\u00e4rken. \u201eDiese Chance wird aber vertan, wenn die deutschen Unternehmen bei der Umsetzung zu langsam sind&#8221;, mahnt Denner. \u201eDeutschland muss jetzt schnell die Voraussetzungen f\u00fcr die vernetzte Industrie schaffen, sonst verspielen wir im Wettbewerb mit anderen Regionen unsere eigentlich vorhandenen St\u00e4rken und Vorteile.&#8221;<\/p>\n\n\n\n<p>Zu diesen St\u00e4rken des Standorts Deutschland z\u00e4hlt zweifellos der Mittelstand. Allerdings ist h\u00e4ufig zu h\u00f6ren und zu lesen, dass gerade der Mittelstand mit Industrie 4.0 nicht klar komme: Kleine und mittlere Unternehmen begegneten der Cloud-Nutzung und der umfassenden Vernetzung eher mit Skepsis als mit Offenheit.<\/p>\n\n\n\n<p>\u201eBeim Thema Cloud-Nutzung stellt sich f\u00fcr viele Unternehmen die Frage nach der Datensicherheit&#8221;, so VDMA-Sprecher Br\u00fcckner. \u201eDiese Frage muss beantwortet werden und zugleich muss die Praxis die Vorteile der Cloud-Technologie aufzeigen. Dann wird die Akzeptanz und Nutzung sicherlich zunehmen.&#8221; Digitalisierung und Industrie 4.0 gel\u00e4ngen nur dann, wenn man es schaffe, den industriellen Mittelstand einzubinden und ihn zum Treiber und Nutznie\u00dfer dieser Entwicklung zu machen.<\/p>\n\n\n\n<p>Der Bitkom fordert die kleinen und mittleren Unternehmen dazu auf sich klarzumachen, dass sie ohne Industrie 4.0 in den meisten F\u00e4llen mittelfristig nicht konkurrenzf\u00e4hig seien. \u201eHier muss aus unserer Sicht noch einiges getan werden, um das Bewusstsein f\u00fcr die Bedeutung des Themas und das Wissen in den Betrieben zu erh\u00f6hen.&#8221;<\/p>\n\n\n\n<h2 class=\"wp-block-heading\" id=\"h-auch-die-politik-muss-handeln-jetzt\">Auch die Politik muss handeln &#8211; jetzt<\/h2>\n\n\n\n<div id=\"attachment_105\" class=\"wp-caption alignright\" style=\"max-width: 200px;\">\n<figure><img loading=\"lazy\" decoding=\"async\" class=\" wp-image-105\" src=\"https:\/\/www.sage.com\/de-de\/blog\/wp-content\/uploads\/sites\/11\/2018\/01\/Hengl_blog-682x1024.jpg\" alt=\"Hans-Thomas hengl ist IT-Journalist und Gast-Blogger im Sage Mittelstandsblog. Quelle: Hengl\" width=\"190\" height=\"285\"><\/figure><p><\/p>\n<p class=\"wp-caption-text\">Hans-Thomas Hengl ist IT-Journalist und Gast-Blogger im Sage Mittelstandsblog. Quelle: Hengl<\/p>\n<\/div>\n\n\n\n<p>Was, dar\u00fcber hat der Bitkom klare Vorstellungen und diese in politische Handlungsempfehlungen gepackt. Dazu geh\u00f6rt auch die bessere F\u00f6rderung des Mittelstands bei Investitionen zur Digitalisierung. Baustellen sieht der Bitkom beim Breitbandausbau, au\u00dferdem fehle ein moderner und international anschlussf\u00e4higer Ordnungsrahmen. Weitere Stichworte: Datensicherheit und Datenschutz, Ausbildung geeigneter Fachkr\u00e4fte sowie F\u00f6rderung von Leuchtturmprojekten und Start-ups, die an innovativen Konzepten im Kontext von Industrie 4.0 arbeiten. Au\u00dferdem m\u00fcssten die Voraussetzungen daf\u00fcr geschaffen werden, damit deutsche Unternehmen Vertreter in internationale Normungsgremien entsenden k\u00f6nnen.<\/p>\n\n\n\n<p>Das sind zweifellos wichtige und richtige Schritte. Aber reicht das aus? Die Voraussetzung daf\u00fcr, dass diese Ma\u00dfnahmen Deutschland in die internationale Spitzengruppe bei Industrie 4.0 f\u00fchren, ist eine grunds\u00e4tzlich positive Einstellung zu technischen Ver\u00e4nderungen. In der Bundesrepublik hat aber eher ein Misstrauen gegen\u00fcber Technik und Innovation Tradition. Jetzt ist der Zeitpunkt, mit dieser Tradition zu brechen. Ein durchaus kritischer Optimismus muss an die Stelle der kulturpessimistischen Technikfeindlichkeit treten. Dann kann Industrie 4.0 eine deutsche Erfolgsgeschichte werden.<\/p>\n\n\n\n<p class=\"has-text-align-left\"><a title=\"Unsere Autoren\" href=\"https:\/\/www.sage.com\/de-de\/blog\/\" rel=\"noopener\">Von Hans-Thomas Hengl<\/a><\/p>\n\n\n<div class=\"single-cta\">\n\t<div class=\"single-cta__positioner\">\n\t\t<div class=\"single-cta__wrapper has-dark-background-color\">\n\t\t\t<div class=\"single-cta__content\">\n\t\t\t\t\t\t\t\t<h2 class=\"single-cta__title h3\">2026: Alle neuen Gesetze immer im Blick<\/h2>\n\n\t\t\t\t\t\t\t\t\t<div class=\"single-cta__description\">\n\t\t\t\t\t\t<p><!-- wp:paragraph --><\/p>\n<p><strong>Bleiben Sie informiert &#8211; mit unserem Newsletter<\/strong> 1x im Monat<\/p>\n<p><!-- \/wp:paragraph --><\/p>\n<p><!-- wp:list --><\/p>\n<ul class=\"wp-block-list\"><!-- wp:list-item --><\/p>\n<li>Neue Trends aus der Arbeitswelt<\/li>\n<p><!-- \/wp:list-item --><\/p>\n<p><!-- wp:list-item --><\/p>\n<li>Aktuelle Urteile verst\u00e4ndlich erkl\u00e4rt<\/li>\n<p><!-- \/wp:list-item --><\/p>\n<p><!-- wp:list-item --><\/p>\n<li>Tipps zu Recht, Steuern &amp; Finanzen<\/li>\n<p><!-- \/wp:list-item --><\/p>\n<p><!-- wp:list-item --><\/p>\n<li>Experten-Interviews, Studien u.v.m<\/li>\n<p><!-- \/wp:list-item --><\/ul>\n<p><!-- \/wp:list --><\/p>\n\t\t\t\t\t<\/div>\n\t\t\t\t\n\t\t\t\t\t\t\t\t\t\t\t\t\t\t<a\n\t\t\t\t\t\thref=\"#gate-a59880de-3d38-4b82-914c-ffa16bab6ae7\"\n\t\t\t\t\t\tclass=\"single-cta__button button button--primary\"\n\t\t\t\t\t\t\t\t\t\t\t\t\t\t\t\t\t>Newsletter abonnieren<\/a>\n\t\t\t\t\t\t\t<\/div>\n\n\t\t\t\t\t<\/div>\n\n\t\t\t\t\t<img decoding=\"async\" width=\"1215\" height=\"810\" src=\"https:\/\/www.sage.com\/de-de\/blog\/wp-content\/uploads\/sites\/11\/2023\/09\/GettyImages-1277533180-1215x810.jpg\" class=\"single-cta__image\" alt=\"\" loading=\"lazy\" srcset=\"https:\/\/www.sage.com\/de-de\/blog\/wp-content\/uploads\/sites\/11\/2023\/09\/GettyImages-1277533180-1215x810.jpg 1215w\" sizes=\"auto, (min-width: 48em) 33vw, 100vw\" \/>\t\t\t<\/div>\n<\/div>\n","protected":false},"excerpt":{"rendered":"<p>Das Industrieklassentreffen, die Hannovermesse, zeigt eins ganz deutlich: In Hinblick auf Industrie 4.0 gibt es Handlungsbedarf, wie auch Bild-Netwelt-Blogger Nico Lumma feststellt. Und es tut sich etwas. Auf der diesj\u00e4hrigen Cebit haben Forschungsministerin Johanna Wanka und Wirtschaftsminister Sigmar Gabriel die Plattform Industrie 4.0 gestartet. Damit soll die \u201eerfolgreiche Arbeit&#8221; der bisherigen Verb\u00e4ndeplattform des VDMA (Verband [&hellip;]<\/p>\n","protected":false},"author":545,"featured_media":1943,"comment_status":"open","ping_status":"closed","sticky":false,"template":"","format":"standard","meta":{"_sage_video":false,"post_featured_image_hide":false,"footnotes":""},"categories":[15],"tags":[85,76,485,191],"business_type":[17,18],"lilypad":[],"context":[],"industry":[],"persona":[54,57,59],"imagine_tag":[46,34,51,41,40,24],"coauthors":[973],"class_list":["post-1309","post","type-post","status-publish","format-standard","has-post-thumbnail","hentry","category-digitale-transformation","tag-cloud","tag-digitalisierung","tag-industrie-4-0","tag-mittelstand","business_type-kleinunternehmer-handwerker","business_type-mittlere-unternehmen"],"sage_meta":{"region":"de-de","author_name":"Sage Redaktion","featured_image":"https:\/\/www.sage.com\/de-de\/blog\/wp-content\/uploads\/sites\/11\/2018\/01\/Sage_ZA_Estee_Lauder_127A7545-1024x366.jpg","imagine_tags":{"46":"Diskrete Fertigung","34":"ERP","51":"Kunstoffspritzgu\u00df","41":"Mittelstand","40":"Mittlere Unternehmen","24":"Sage Blog"}},"distributor_meta":false,"distributor_terms":false,"distributor_media":false,"distributor_original_site_name":"Sage Advice Deutschland","distributor_original_site_url":"https:\/\/www.sage.com\/de-de\/blog","push-errors":false,"_links":{"self":[{"href":"https:\/\/www.sage.com\/de-de\/blog\/api\/wp\/v2\/posts\/1309","targetHints":{"allow":["GET"]}}],"collection":[{"href":"https:\/\/www.sage.com\/de-de\/blog\/api\/wp\/v2\/posts"}],"about":[{"href":"https:\/\/www.sage.com\/de-de\/blog\/api\/wp\/v2\/types\/post"}],"author":[{"embeddable":true,"href":"https:\/\/www.sage.com\/de-de\/blog\/api\/wp\/v2\/users\/545"}],"replies":[{"embeddable":true,"href":"https:\/\/www.sage.com\/de-de\/blog\/api\/wp\/v2\/comments?post=1309"}],"version-history":[{"count":0,"href":"https:\/\/www.sage.com\/de-de\/blog\/api\/wp\/v2\/posts\/1309\/revisions"}],"wp:featuredmedia":[{"embeddable":true,"href":"https:\/\/www.sage.com\/de-de\/blog\/api\/wp\/v2\/media\/1943"}],"wp:attachment":[{"href":"https:\/\/www.sage.com\/de-de\/blog\/api\/wp\/v2\/media?parent=1309"}],"wp:term":[{"taxonomy":"category","embeddable":true,"href":"https:\/\/www.sage.com\/de-de\/blog\/api\/wp\/v2\/categories?post=1309"},{"taxonomy":"post_tag","embeddable":true,"href":"https:\/\/www.sage.com\/de-de\/blog\/api\/wp\/v2\/tags?post=1309"},{"taxonomy":"business_type","embeddable":true,"href":"https:\/\/www.sage.com\/de-de\/blog\/api\/wp\/v2\/business_type?post=1309"},{"taxonomy":"lilypad","embeddable":true,"href":"https:\/\/www.sage.com\/de-de\/blog\/api\/wp\/v2\/lilypad?post=1309"},{"taxonomy":"context","embeddable":true,"href":"https:\/\/www.sage.com\/de-de\/blog\/api\/wp\/v2\/context?post=1309"},{"taxonomy":"industry","embeddable":true,"href":"https:\/\/www.sage.com\/de-de\/blog\/api\/wp\/v2\/industry?post=1309"},{"taxonomy":"persona","embeddable":true,"href":"https:\/\/www.sage.com\/de-de\/blog\/api\/wp\/v2\/persona?post=1309"},{"taxonomy":"imagine_tag","embeddable":true,"href":"https:\/\/www.sage.com\/de-de\/blog\/api\/wp\/v2\/imagine_tag?post=1309"},{"taxonomy":"author","embeddable":true,"href":"https:\/\/www.sage.com\/de-de\/blog\/api\/wp\/v2\/coauthors?post=1309"}],"curies":[{"name":"wp","href":"https:\/\/api.w.org\/{rel}","templated":true}]}}