{"id":1363,"date":"2013-04-02T00:00:00","date_gmt":"2013-04-01T22:00:00","guid":{"rendered":"https:\/\/www.sage.com\/de-de\/blog\/?p=1363"},"modified":"2026-01-22T16:47:27","modified_gmt":"2026-01-22T15:47:27","slug":"mittelstaendlern-winken-im-ausland-gute-chancen-wenn-die-it-darauf-vorbereitet-ist","status":"publish","type":"post","link":"https:\/\/www.sage.com\/de-de\/blog\/mittelstaendlern-winken-im-ausland-gute-chancen-wenn-die-it-darauf-vorbereitet-ist\/","title":{"rendered":"Mittelst\u00e4ndlern winken im Ausland gute Chancen &#8211; wenn die IT darauf vorbereitet ist"},"content":{"rendered":"<header class=\"entry-header has-dark-background-color entry-header--has-illustration entry-header--has-illustration--generic\">\n\t<div class=\"container\">\n\t\t<div class=\"entry-header__row row align-center\">\n\t\t\t<div class=\"col col-lg-7 col-xlg-6 entry-header__content\">\n\t\t\t\t\t\t\t<div class=\"component component-single-header\">\n\t\t\t\t\t\t\t\t\t\t<div class=\"entry-header__misc text--subtitle text--uppercase text--small\">\n\t\t\t\t\t\t\t<a href=\"https:\/\/www.sage.com\/de-de\/blog\/kategorie\/digitale-transformation\/\" class=\"entry-header__link\">Digitale Transformation<\/a>\t\t\t\t\t\t<\/div>\n\t\t\t\t\n\t\t\t\t<div class=\"entry-title-wrapper\">\n\t\t\t\t\t<h1 class=\"entry-title\">\n\t\t\t\t\t\tMittelst\u00e4ndlern winken im Ausland gute Chancen &#8211; wenn die IT darauf vorbereitet ist\t\t\t\t\t<\/h1>\n\t\t\t\t<\/div>\n\n\t\t\t\t\t\t\t\t\t<p class=\"entry-header__description\">\n\t\t\t\t\t\t\t\t\t\t\t<\/p>\n\t\t\t\t\n\t\t\t\t\n\t\t\t\t\n\t\t\t<\/div>\n\n\t\t\t\t\t<\/div>\n\t\t\t\t\t<\/div>\n\t<\/div>\n\t<div class=\"single-post-details container\">\n\t\t<div class=\"col\">\n\t\t\t<span class=\"posted-on \"><time class=\"entry-date published\" datetime=\"2013-04-02T00:00:00+02:00\">2. April 2013<\/time><\/span><span class=\"reading-time\"> Minuten zu lesen<\/span>\n\t\t<button\n\t\t\ttype=\"button\"\n\t\t\tclass=\"social-share-button button button--icon button--secondary js-social-share-button\"\n\t\t\tdata-share-title=\"Mittelst\u00e4ndlern winken im Ausland gute Chancen &#8211; wenn die IT darauf vorbereitet ist\"\n\t\t\tdata-share-url=\"https:\/\/www.sage.com\/de-de\/blog\/mittelstaendlern-winken-im-ausland-gute-chancen-wenn-die-it-darauf-vorbereitet-ist\/\"\n\t\t\tdata-share-text=\"Bitte lesen Sie diesen interessanten Artikel\"\n\t\t>\n\t\t\t<span class=\"social-share-button__share-label\">Teilen<\/span>\n\t\t\t<span class=\"social-share-button__copy-label\" hidden>Link kopieren<\/span>\n\t\t\t<span class=\"social-share-button__copy-tooltip\" aria-hidden=\"true\" hidden>Kopiert<\/span>\n\t\t<\/button>\n\n\t\t\t\t<\/div>\n\t<\/div>\n<\/header>\n\n\n\n<div class=\"wp-block-post-author has-dark-background-color alignfull\">\n\t<div class=\"container\">\n\t\t<div class=\"col\">\n\t\t\t\t\t\t\t<div class=\"co-authors\">\n\t\t\t\t\t\n\t\t<div class=\"entry-author-wrapper\">\n\t\t\t<a class=\"entry-author\" href=\"https:\/\/www.sage.com\/de-de\/blog\/author\/sageredakion\/\">\n\t\t\t\t<img loading=\"lazy\" decoding=\"async\" width=\"40\" height=\"40\" src=\"https:\/\/www.sage.com\/de-de\/blog\/wp-content\/uploads\/sites\/11\/2022\/05\/Sage-Advice-YT-logo-1-350x350.png\" class=\"entry-author__image\" alt=\"\" srcset=\"https:\/\/www.sage.com\/de-de\/blog\/wp-content\/uploads\/sites\/11\/2022\/05\/Sage-Advice-YT-logo-1-350x350.png 350w, https:\/\/www.sage.com\/de-de\/blog\/wp-content\/uploads\/sites\/11\/2022\/05\/Sage-Advice-YT-logo-1.png 500w\" sizes=\"auto, (max-width: 40px) 100vw, 40px\" \/>\t\t\t\t<span class=\"entry-author__name\">Sage Redaktion<\/span>\n\t\t\t<\/a>\n\n\t\t\t\t\t<\/div>\n\n\t\t\t\t\t\t<\/div>\n\t\t\t\t\t<\/div>\n\t<\/div>\n<\/div>\n\n\n\n\n\n<div id=\"attachment_350\" class=\"wp-caption alignleft\" style=\"max-width: 250px;\">\n<figure><img loading=\"lazy\" decoding=\"async\" class=\" wp-image-350 \" src=\"https:\/\/www.sage.com\/de-de\/blog\/wp-content\/uploads\/sites\/11\/2018\/01\/DHL-300x160.jpg\" alt=\"Quelle: DHL \" width=\"240\" height=\"128\"><\/figure><p><\/p>\n<p class=\"wp-caption-text\">Quelle: DHL<\/p>\n<\/div>\n\n\n\n<p>Bleibe im Lande und n\u00e4hre dich redlich, sagt ein biblisches Sprichwort. Von dieser leicht angestaubten Weisheit sollten sich Mittelst\u00e4ndler nicht beeindrucken lassen: International t\u00e4tige kleine und mittelgro\u00dfe Unternehmen (KMU) sind doppelt so erfolgreich wie ausschlie\u00dflich auf den Inlandsmarkt fokussierte Firmen. Das sagt eine aktuelle <a href=\"http:\/\/www.dhl.com\/en\/about_us\/logistics_insights\/studies_research\/sme_internationalization_study.html\" target=\"_blank\" rel=\"noopener noreferrer\">Studie<\/a> von <a href=\"http:\/\/www.dhl.de\/de\/express.html\" target=\"_blank\" rel=\"noopener noreferrer\">DHL Express<\/a> und dem globalen Informationsunternehmen <a href=\"http:\/\/www.ihs.com\/\" target=\"_blank\" rel=\"noopener noreferrer\">IHS<\/a>.<\/p>\n\n\n\n<h2 class=\"wp-block-heading\" id=\"h-pisa-pessimisten-aufgepasst-best-qualifizierte-fachkrafte-in-deutschland\">Pisa-Pessimisten aufgepasst: Best qualifizierte Fachkr\u00e4fte in Deutschland<\/h2>\n\n\n\n<p>Besonders deutsche Unternehmen haben demnach f\u00fcr das Gesch\u00e4ft jenseits der Landesgrenzen die besten Voraussetzungen &#8211; im Vergleich zu ihren Wettbewerbern aus den anderen <a href=\"http:\/\/www.wissen.de\/lexikon\/g7-staaten\" target=\"_blank\" rel=\"noopener noreferrer\">G7-Staaten<\/a> sowie Brasilien, Russland, Indien, China und Mexiko (BRICM). Die deutschen Mittelst\u00e4ndler profitieren nicht nur vom starken gesamtwirtschaftlichen Umfeld auf dem Heimatmarkt. Vielmehr verf\u00fcgen Sie auch &#8211; Pisa-Pessimisten und Bildungs-Schwarzmaler aufgepasst &#8211; \u00fcber die am h\u00f6chsten qualifizierten und am besten ausgebildeten Mitarbeiter, so die Studie.<\/p>\n\n\n\n<p>Dem beherzten Gang ins Ausland steht also nichts mehr im Weg. Zumal dort mehr winkt als neue Ums\u00e4tze: \u201eWeltweiter Handel erm\u00f6glicht den kleinen und mittelst\u00e4ndischen Unternehmen nicht nur, neue M\u00e4rkte f\u00fcr ihre Produkte und Dienstleistungen zu erschlie\u00dfen, sondern bietet ihnen auch Zugang zu internationalen Best-Practice-Ans\u00e4tzen und Innovationen&#8221;, betont DHL-CEO <a href=\"http:\/\/www.dp-dhl.com\/de\/investoren\/corporate_governance\/vorstand\/mitglieder\/ken_allen.html\" target=\"_blank\" rel=\"noopener noreferrer\">Ken Allen<\/a>. \u201eVor allem aber sehen sich KMUs, die im internationalen Wettbewerb stehen gezwungen, ihre eigenen operativen Prozesse zu optimieren.&#8221;<\/p>\n\n\n\n<div id=\"attachment_352\" class=\"wp-caption aligncenter\" style=\"max-width: 594px;\">\n<figure><img loading=\"lazy\" decoding=\"async\" class=\"size-large wp-image-352\" src=\"https:\/\/www.sage.com\/de-de\/blog\/wp-content\/uploads\/sites\/11\/2018\/01\/Unbenannt-1024x638.jpg\" alt=\"Quelle: DHL\" width=\"584\" height=\"363\"><\/figure><p><\/p>\n<p class=\"wp-caption-text\">Quelle: DHL<\/p>\n<\/div>\n\n\n\n<p>Damit ist nicht zuletzt die Unternehmens-IT angesprochen. Ihr kommt die Aufgabe zu, international ausgerichtete Gesch\u00e4ftsprozesse abzubilden. Und nicht nur das: In diesem Zusammenhang hat das Management der Finanzen sowie das Reporting gro\u00dfe Bedeutung, unterstreicht PAC-Analyst Frank Niemann. Auch diese m\u00fcssen an die Anforderungen einer Internationalisierung angepasst werden.<\/p>\n\n\n\n<h2 class=\"wp-block-heading\" id=\"h-internationalisierung-bedarf-einer-entsprechenden-software\">Internationalisierung bedarf einer entsprechenden Software<\/h2>\n\n\n\n<p>\u00dcberlegungen, so Niemann, m\u00fcssten Unternehmen au\u00dferdem bez\u00fcglich ihres Datenmanagements anstellen. Einerseits betreffe dies den Zugriff auf Daten unter Gesichtspunkten wie Performance und Sicherheit, andererseits auch grundlegende Fragen, etwa welche Daten zentral oder dezentral gespeichert werden sollten sowie wer welche Best\u00e4nde pflegt.<\/p>\n\n\n\n<p>Eine wichtige Rolle spielt nicht zuletzt die Standardsoftware. \u201eDiese muss nicht nur unterschiedliche Sprachen und gesetzliche Anforderungen abdecken k\u00f6nnen&#8221;, erl\u00e4utert Niemann, \u201esondern auch in der Lage sein, Gesch\u00e4ftsprozesse \u00fcber die Standorte hinweg zu steuern.&#8221; Dabei sei gleicherma\u00dfen zwischen zentral sowie dezentral gesteuerten Prozessen zu unterscheiden. Au\u00dferdem sollten Kooperationspartner, zum Beispiel Lieferanten, an den jeweiligen Standorten eingebunden werden &#8211; ebenfalls eine Aufgabe f\u00fcr das ERP-System.<\/p>\n\n\n\n<p>Aber: Technik existiert nicht im luftleeren Raum &#8211; erst recht nicht die IT, ruft Niemann in Erinnerung: \u201eEine Herausforderung besteht oft darin, die mit der Internationalisierung einhergehenden organisatorischen Ver\u00e4nderungen in den Griff zu bekommen.&#8221;<\/p>\n\n\n\n<p class=\"has-text-align-left\">Von Hans-Thomas Hengl<\/p>\n\n\n\n<figure class=\"wp-block-image aligncenter\"><img decoding=\"async\" src=\"https:\/\/www.sage.com\/de-de\/blog\/wp-content\/uploads\/sites\/11\/2018\/01\/CONV2013.gif\" alt=\"CONV2013\" class=\"wp-image-354\"\/><\/figure>\n\n\n\n<p class=\"has-text-align-center\"><strong>+++ Zusammenkommen werden Vertreter des internationalen Mittelstands in Berlin vom 9. bis 12. April 2013 bei der Sage ERP X3 Global Convention. Unter den Referenten der internationalen Sage-Veranstaltung sind zum einen Mitglieder des Sage Executive Committees, darunter CEO Guy Berruyer, CTO Klaus Michael Vogelberg sowie Christophe Letellier, CEO Mid-Market Europe und CEO Sage ERP X3. Zudem sind zahlreiche Sage Partner mit Partnerst\u00e4nden in der Convention-Ausstellung pr\u00e4sent. +++<\/strong><\/p>\n\n\n<div class=\"single-cta\">\n\t<div class=\"single-cta__positioner\">\n\t\t<div class=\"single-cta__wrapper has-dark-background-color\">\n\t\t\t<div class=\"single-cta__content\">\n\t\t\t\t\t\t\t\t<h2 class=\"single-cta__title h3\">Bleiben Sie informiert.<\/h2>\n\n\t\t\t\t\t\t\t\t\t<div class=\"single-cta__description\">\n\t\t\t\t\t\t<p>&#8230;mit unserem Newsletter 1x im Monat<\/p>\n<ul>\n<li>Neue Trends aus der Arbeitswelt<\/li>\n<li>Aktuelle Urteile verst\u00e4ndlich erkl\u00e4rt<\/li>\n<li>Tipps zu Steuern &amp; Finanzen<\/li>\n<li>Experten-Interviews, Studien u.v.m<\/li>\n<\/ul>\n\t\t\t\t\t<\/div>\n\t\t\t\t\n\t\t\t\t\t\t\t\t\t\t\t\t\t\t<a\n\t\t\t\t\t\thref=\"#gate-a59880de-3d38-4b82-914c-ffa16bab6ae7\"\n\t\t\t\t\t\tclass=\"single-cta__button button button--primary\"\n\t\t\t\t\t\t\t\t\t\t\t\t\t\t\t\t\t>Newsletter abonnieren<\/a>\n\t\t\t\t\t\t\t<\/div>\n\n\t\t\t\t\t<\/div>\n\n\t\t\t\t\t<img decoding=\"async\" width=\"1064\" height=\"810\" src=\"https:\/\/www.sage.com\/de-de\/blog\/wp-content\/uploads\/sites\/11\/2018\/02\/Blog-Datenbasiert-entscheiden-1064x810.jpg\" class=\"single-cta__image\" alt=\"\" loading=\"lazy\" srcset=\"https:\/\/www.sage.com\/de-de\/blog\/wp-content\/uploads\/sites\/11\/2018\/02\/Blog-Datenbasiert-entscheiden-1064x810.jpg 1064w\" sizes=\"auto, (min-width: 48em) 33vw, 100vw\" \/>\t\t\t<\/div>\n<\/div>\n","protected":false},"excerpt":{"rendered":"<p>Quelle: DHL Bleibe im Lande und n\u00e4hre dich redlich, sagt ein biblisches Sprichwort. Von dieser leicht angestaubten Weisheit sollten sich Mittelst\u00e4ndler nicht beeindrucken lassen: International t\u00e4tige kleine und mittelgro\u00dfe Unternehmen (KMU) sind doppelt so erfolgreich wie ausschlie\u00dflich auf den Inlandsmarkt fokussierte Firmen. Das sagt eine aktuelle Studie von DHL Express und dem globalen Informationsunternehmen IHS. [&hellip;]<\/p>\n","protected":false},"author":545,"featured_media":1958,"comment_status":"open","ping_status":"closed","sticky":false,"template":"","format":"standard","meta":{"_sage_video":false,"post_featured_image_hide":false,"footnotes":""},"categories":[15],"tags":[158,375,191,192],"business_type":[18],"lilypad":[],"context":[],"industry":[],"persona":[54,57,59],"imagine_tag":[46,34,51,41,40,49,24],"coauthors":[973],"class_list":["post-1363","post","type-post","status-publish","format-standard","has-post-thumbnail","hentry","category-digitale-transformation","tag-erp","tag-event","tag-mittelstand","tag-software","business_type-mittlere-unternehmen"],"sage_meta":{"region":"de-de","author_name":"Sage Redaktion","featured_image":"https:\/\/www.sage.com\/de-de\/blog\/wp-content\/uploads\/sites\/11\/2018\/01\/ViennaOffice_Austria_270812_129-1024x366.jpg","imagine_tags":{"46":"Diskrete Fertigung","34":"ERP","51":"Kunstoffspritzgu\u00df","41":"Mittelstand","40":"Mittlere Unternehmen","49":"Prozessfertigung","24":"Sage Blog"}},"distributor_meta":false,"distributor_terms":false,"distributor_media":false,"distributor_original_site_name":"Sage Advice Deutschland","distributor_original_site_url":"https:\/\/www.sage.com\/de-de\/blog","push-errors":false,"_links":{"self":[{"href":"https:\/\/www.sage.com\/de-de\/blog\/api\/wp\/v2\/posts\/1363","targetHints":{"allow":["GET"]}}],"collection":[{"href":"https:\/\/www.sage.com\/de-de\/blog\/api\/wp\/v2\/posts"}],"about":[{"href":"https:\/\/www.sage.com\/de-de\/blog\/api\/wp\/v2\/types\/post"}],"author":[{"embeddable":true,"href":"https:\/\/www.sage.com\/de-de\/blog\/api\/wp\/v2\/users\/545"}],"replies":[{"embeddable":true,"href":"https:\/\/www.sage.com\/de-de\/blog\/api\/wp\/v2\/comments?post=1363"}],"version-history":[{"count":0,"href":"https:\/\/www.sage.com\/de-de\/blog\/api\/wp\/v2\/posts\/1363\/revisions"}],"wp:featuredmedia":[{"embeddable":true,"href":"https:\/\/www.sage.com\/de-de\/blog\/api\/wp\/v2\/media\/1958"}],"wp:attachment":[{"href":"https:\/\/www.sage.com\/de-de\/blog\/api\/wp\/v2\/media?parent=1363"}],"wp:term":[{"taxonomy":"category","embeddable":true,"href":"https:\/\/www.sage.com\/de-de\/blog\/api\/wp\/v2\/categories?post=1363"},{"taxonomy":"post_tag","embeddable":true,"href":"https:\/\/www.sage.com\/de-de\/blog\/api\/wp\/v2\/tags?post=1363"},{"taxonomy":"business_type","embeddable":true,"href":"https:\/\/www.sage.com\/de-de\/blog\/api\/wp\/v2\/business_type?post=1363"},{"taxonomy":"lilypad","embeddable":true,"href":"https:\/\/www.sage.com\/de-de\/blog\/api\/wp\/v2\/lilypad?post=1363"},{"taxonomy":"context","embeddable":true,"href":"https:\/\/www.sage.com\/de-de\/blog\/api\/wp\/v2\/context?post=1363"},{"taxonomy":"industry","embeddable":true,"href":"https:\/\/www.sage.com\/de-de\/blog\/api\/wp\/v2\/industry?post=1363"},{"taxonomy":"persona","embeddable":true,"href":"https:\/\/www.sage.com\/de-de\/blog\/api\/wp\/v2\/persona?post=1363"},{"taxonomy":"imagine_tag","embeddable":true,"href":"https:\/\/www.sage.com\/de-de\/blog\/api\/wp\/v2\/imagine_tag?post=1363"},{"taxonomy":"author","embeddable":true,"href":"https:\/\/www.sage.com\/de-de\/blog\/api\/wp\/v2\/coauthors?post=1363"}],"curies":[{"name":"wp","href":"https:\/\/api.w.org\/{rel}","templated":true}]}}