{"id":2272,"date":"2017-10-28T00:00:00","date_gmt":"2017-10-27T22:00:00","guid":{"rendered":"https:\/\/www.sage.com\/de-de\/blog\/welche-prozesse-und-dokumente-muessen-in-unternehmen-jetzt-ueberprueft-werden\/"},"modified":"2026-01-22T16:06:55","modified_gmt":"2026-01-22T15:06:55","slug":"welche-prozesse-und-dokumente-muessen-in-unternehmen-jetzt-ueberprueft-werden","status":"publish","type":"post","link":"https:\/\/www.sage.com\/de-de\/blog\/welche-prozesse-und-dokumente-muessen-in-unternehmen-jetzt-ueberprueft-werden\/","title":{"rendered":"Welche Prozesse und Dokumente m\u00fcssen in Unternehmen jetzt \u00fcberpr\u00fcft werden?"},"content":{"rendered":"<header class=\"entry-header has-dark-background-color entry-header--has-illustration entry-header--has-illustration--generic\">\n\t<div class=\"container\">\n\t\t<div class=\"entry-header__row row align-center\">\n\t\t\t<div class=\"col col-lg-7 col-xlg-6 entry-header__content\">\n\t\t\t\t\t\t\t<div class=\"component component-single-header\">\n\t\t\t\t\t\t\t\t\t\t<div class=\"entry-header__misc text--subtitle text--uppercase text--small\">\n\t\t\t\t\t\t\t<a href=\"https:\/\/www.sage.com\/de-de\/blog\/kategorie\/recht-steuern-finanzen\/\" class=\"entry-header__link\">Recht, Steuern und Finanzen<\/a>\t\t\t\t\t\t<\/div>\n\t\t\t\t\n\t\t\t\t<div class=\"entry-title-wrapper\">\n\t\t\t\t\t<h1 class=\"entry-title\">\n\t\t\t\t\t\tWelche Prozesse und Dokumente m\u00fcssen in Unternehmen jetzt \u00fcberpr\u00fcft werden?\t\t\t\t\t<\/h1>\n\t\t\t\t<\/div>\n\n\t\t\t\t\t\t\t\t\t<p class=\"entry-header__description\">\n\t\t\t\t\t\t\t\t\t\t\t<\/p>\n\t\t\t\t\n\t\t\t\t\n\t\t\t\t\n\t\t\t<\/div>\n\n\t\t\t\t\t<\/div>\n\t\t\t\t\t<\/div>\n\t<\/div>\n\t<div class=\"single-post-details container\">\n\t\t<div class=\"col\">\n\t\t\t<span class=\"posted-on \"><time class=\"entry-date published\" datetime=\"2017-10-28T00:00:00+02:00\">28. October 2017<\/time><\/span><span class=\"reading-time\"> Minuten zu lesen<\/span>\n\t\t<button\n\t\t\ttype=\"button\"\n\t\t\tclass=\"social-share-button button button--icon button--secondary js-social-share-button\"\n\t\t\tdata-share-title=\"Welche Prozesse und Dokumente m\u00fcssen in Unternehmen jetzt \u00fcberpr\u00fcft werden?\"\n\t\t\tdata-share-url=\"https:\/\/www.sage.com\/de-de\/blog\/welche-prozesse-und-dokumente-muessen-in-unternehmen-jetzt-ueberprueft-werden\/\"\n\t\t\tdata-share-text=\"Bitte lesen Sie diesen interessanten Artikel\"\n\t\t>\n\t\t\t<span class=\"social-share-button__share-label\">Teilen<\/span>\n\t\t\t<span class=\"social-share-button__copy-label\" hidden>Link kopieren<\/span>\n\t\t\t<span class=\"social-share-button__copy-tooltip\" aria-hidden=\"true\" hidden>Kopiert<\/span>\n\t\t<\/button>\n\n\t\t\t\t<\/div>\n\t<\/div>\n<\/header>\n\n\n\n<div class=\"wp-block-post-author has-dark-background-color alignfull\">\n\t<div class=\"container\">\n\t\t<div class=\"col\">\n\t\t\t\t\t\t\t<div class=\"co-authors\">\n\t\t\t\t\t\n\t\t<div class=\"entry-author-wrapper\">\n\t\t\t<a class=\"entry-author\" href=\"https:\/\/www.sage.com\/de-de\/blog\/author\/sageredakion\/\">\n\t\t\t\t<img loading=\"lazy\" decoding=\"async\" width=\"40\" height=\"40\" src=\"https:\/\/www.sage.com\/de-de\/blog\/wp-content\/uploads\/sites\/11\/2022\/05\/Sage-Advice-YT-logo-1-350x350.png\" class=\"entry-author__image\" alt=\"\" srcset=\"https:\/\/www.sage.com\/de-de\/blog\/wp-content\/uploads\/sites\/11\/2022\/05\/Sage-Advice-YT-logo-1-350x350.png 350w, https:\/\/www.sage.com\/de-de\/blog\/wp-content\/uploads\/sites\/11\/2022\/05\/Sage-Advice-YT-logo-1.png 500w\" sizes=\"auto, (max-width: 40px) 100vw, 40px\" \/>\t\t\t\t<span class=\"entry-author__name\">Sage Redaktion<\/span>\n\t\t\t<\/a>\n\n\t\t\t\t\t<\/div>\n\n\t\t\t\t\t\t<\/div>\n\t\t\t\t\t<\/div>\n\t<\/div>\n<\/div>\n\n\n\n\n\n<p>Die DSGVO r\u00fcckt die Verantwortlichkeit von Unternehmen in den Vordergrund und f\u00fchrt erstmalig die Rechenschaftspflicht als zentralen Grundsatz der Datenverarbeitung auf. Sie sollten ein effektives Datenschutzmanagement &#8211; System in Ihrem Unternehmen aufbauen und vor allem die einzelnen Schritte dokumentieren, sodass Sie &#8211; speziell gegen\u00fcber einer Aufsichtsbeh\u00f6rde &#8211; nachweisen k\u00f6nnen, dass Sie geeignete Strategien und Ma\u00dfnahmen zur Umsetzung der DSGVO ergriffen haben. Eine unzureichende Dokumentation der datenschutzrechtlichen Umsetzung der DSGVO kann sich n\u00e4mlich ma\u00dfgeblich auf die H\u00f6he eines wom\u00f6glich im Raum stehenden Bu\u00dfgeldes auswirken.<\/p>\n\n\n\n<h2 class=\"wp-block-heading\" id=\"h-folgende-dokumente-mussen-sie-bis-zum-stichtag-25-mai-2018-an-die-neuen-bestimmungen-der-dsgvo-angepasst-haben\">Folgende Dokumente m\u00fcssen Sie bis zum Stichtag 25. Mai 2018 an die neuen Bestimmungen der DSGVO angepasst haben:<\/h2>\n\n\n\n<ul class=\"wp-block-list\">\n<li>Anpassung der Datenschutzerkl\u00e4rung hinsichtlich der Erweiterung der Informationspflicht<\/li>\n\n\n\n<li>Anpassung der bestehenden Betriebsvereinbarungen an die DSGVO<\/li>\n\n\n\n<li>Anpassung der Einwilligungserkl\u00e4rungen, hier sind besonders die Versch\u00e4rfungen hinsichtlich der formalen Angaben zu beachten<\/li>\n\n\n\n<li>Anpassung der Widerrufserkl\u00e4rung an die DSGVO<\/li>\n\n\n\n<li>Anpassung der Vereinbarungen zur Auftragsdatenerfassung &#8211; speziell die Haftungsregelung<\/li>\n<\/ul>\n\n\n\n<h2 class=\"wp-block-heading\" id=\"h-folgende-prozesse-innerhalb-ihres-unternehmens-mussen-ebenfalls-bis-zum-stichtag-25-mai-2018-an-die-dsgvo-angepasst-und-ggf-neu-aufgesetzt-werden\">Folgende Prozesse innerhalb Ihres Unternehmens m\u00fcssen ebenfalls bis zum Stichtag 25. Mai 2018 an die DSGVO angepasst und ggf. neu aufgesetzt werden:<\/h2>\n\n\n\n<ul class=\"wp-block-list\">\n<li>Prozess f\u00fcr den Widerruf einer Einwilligungserkl\u00e4rung<\/li>\n\n\n\n<li>Prozess zur Umsetzung von Widerspr\u00fcchen<\/li>\n\n\n\n<li>Prozess bzw. Vorgehen bei Datenpannen<\/li>\n\n\n\n<li>Prozess der Daten\u00fcbertragung in ein g\u00e4ngiges elektronisches Format<\/li>\n\n\n\n<li>Dokumentation der Datenverarbeitungsprozesse im Unternehmen<\/li>\n\n\n\n<li>Schulungen f\u00fcr die Mitarbeiter zu den Neuerungen im Datenschutz durch die DSGVO<\/li>\n\n\n\n<li>Schulungen f\u00fcr die Mitarbeiter zu neuen, an die DSGVO angepassten Prozessen im Unternehmen<\/li>\n<\/ul>\n\n\n\n<div class=\"addtoany_share_save_container addtoany_content addtoany_content_bottom\">\n<div class=\"a2a_kit a2a_kit_size_32 addtoany_list\"><\/div>\n<\/div>\n\n\n\n<div class=\"single-cta gated-content\">\n\t<div class=\"single-cta__positioner\">\n\t\t<div class=\"single-cta__wrapper has-dark-background-color\">\n\t\t\t<div class=\"single-cta__content\">\n\t\t\t\t\t\t\t\t<h2 class=\"single-cta__title h3\">e-Book: Die DSGVO kommt!<\/h2>\n\n\t\t\t\t\t\t\t\t\t<div class=\"single-cta__description\">\n\t\t\t\t\t\t<h2>Was sich \u00e4ndert und was Unternehmen jetzt beachten m\u00fcssen, erfahren Sie in unserem e-Book<\/h2>\n<div id=\"eloquaform\">\n\n<div class=\"eloqua-form-item eloqua-form-salutation \"><\/div>\n\n<\/div>\n\t\t\t\t\t<\/div>\n\t\t\t\t\n\t\t\t\t\t\t\t\t\t\t\t\t\t\t<a\n\t\t\t\t\t\thref=\"#gate-c2b1e016-0280-402d-8eae-64cf25591324\"\n\t\t\t\t\t\tclass=\"single-cta__button button button--primary\"\n\t\t\t\t\t\t\t\t\t\t\t\t\t\t\t\t\t>Jetzt kostenfrei laden<\/a>\n\t\t\t\t\t\t\t<\/div>\n\n\t\t\t\t\t<\/div>\n\n\t\t\t\t\t<img decoding=\"async\" width=\"1367\" height=\"810\" src=\"https:\/\/www.sage.com\/de-de\/blog\/wp-content\/uploads\/sites\/11\/2018\/03\/iStock-862457100-1367x810.jpg\" class=\"single-cta__image\" alt=\"EU\" loading=\"lazy\" srcset=\"https:\/\/www.sage.com\/de-de\/blog\/wp-content\/uploads\/sites\/11\/2018\/03\/iStock-862457100-1367x810.jpg 1367w\" sizes=\"auto, (min-width: 48em) 33vw, 100vw\" \/>\t\t\t<\/div>\n<\/div>\n\n\n<div class=\"single-cta\">\n\t<div class=\"single-cta__positioner\">\n\t\t<div class=\"single-cta__wrapper has-dark-background-color\">\n\t\t\t<div class=\"single-cta__content\">\n\t\t\t\t\t\t\t\t<h2 class=\"single-cta__title h3\">Bleiben Sie informiert.<\/h2>\n\n\t\t\t\t\t\t\t\t\t<div class=\"single-cta__description\">\n\t\t\t\t\t\t<p>&#8230;mit unserem Newsletter 1x im Monat<\/p>\n<ul>\n<li>Neue Trends aus der Arbeitswelt<\/li>\n<li>Aktuelle Urteile verst\u00e4ndlich erkl\u00e4rt<\/li>\n<li>Tipps zu Steuern &amp; Finanzen<\/li>\n<li>Experten-Interviews, Studien u.v.m<\/li>\n<\/ul>\n\t\t\t\t\t<\/div>\n\t\t\t\t\n\t\t\t\t\t\t\t\t\t\t\t\t\t\t<a\n\t\t\t\t\t\thref=\"#gate-a59880de-3d38-4b82-914c-ffa16bab6ae7\"\n\t\t\t\t\t\tclass=\"single-cta__button button button--primary\"\n\t\t\t\t\t\t\t\t\t\t\t\t\t\t\t\t\t>Newsletter abonnieren<\/a>\n\t\t\t\t\t\t\t<\/div>\n\n\t\t\t\t\t<\/div>\n\n\t\t\t\t\t<img decoding=\"async\" width=\"1064\" height=\"810\" src=\"https:\/\/www.sage.com\/de-de\/blog\/wp-content\/uploads\/sites\/11\/2018\/02\/Blog-Datenbasiert-entscheiden-1064x810.jpg\" class=\"single-cta__image\" alt=\"\" loading=\"lazy\" srcset=\"https:\/\/www.sage.com\/de-de\/blog\/wp-content\/uploads\/sites\/11\/2018\/02\/Blog-Datenbasiert-entscheiden-1064x810.jpg 1064w\" sizes=\"auto, (min-width: 48em) 33vw, 100vw\" \/>\t\t\t<\/div>\n<\/div>\n","protected":false},"excerpt":{"rendered":"<p>Die DSGVO r\u00fcckt die Verantwortlichkeit von Unternehmen in den Vordergrund und f\u00fchrt erstmalig die Rechenschaftspflicht als zentralen Grundsatz der Datenverarbeitung auf. Sie sollten ein effektives Datenschutzmanagement &#8211; System in Ihrem Unternehmen aufbauen und vor allem die einzelnen Schritte dokumentieren, sodass Sie &#8211; speziell gegen\u00fcber einer Aufsichtsbeh\u00f6rde &#8211; nachweisen k\u00f6nnen, dass Sie geeignete Strategien und Ma\u00dfnahmen [&hellip;]<\/p>\n","protected":false},"author":545,"featured_media":2963,"comment_status":"open","ping_status":"closed","sticky":false,"template":"","format":"standard","meta":{"_sage_video":false,"post_featured_image_hide":false,"footnotes":""},"categories":[65],"tags":[599,627,631],"business_type":[17,18],"lilypad":[],"context":[],"industry":[],"persona":[58,60,57,59,55],"imagine_tag":[34,41,40],"coauthors":[973],"class_list":["post-2272","post","type-post","status-publish","format-standard","has-post-thumbnail","hentry","category-recht-steuern-finanzen","tag-blog","tag-dsgvo","tag-faq-dsgvo","business_type-kleinunternehmer-handwerker","business_type-mittlere-unternehmen"],"sage_meta":{"region":"de-de","author_name":"Sage Redaktion","featured_image":"https:\/\/www.sage.com\/de-de\/blog\/wp-content\/uploads\/sites\/11\/2018\/01\/dsgvo2.jpg","imagine_tags":{"34":"ERP","41":"Mittelstand","40":"Mittlere Unternehmen"}},"distributor_meta":false,"distributor_terms":false,"distributor_media":false,"distributor_original_site_name":"Sage Advice Deutschland","distributor_original_site_url":"https:\/\/www.sage.com\/de-de\/blog","push-errors":false,"_links":{"self":[{"href":"https:\/\/www.sage.com\/de-de\/blog\/api\/wp\/v2\/posts\/2272","targetHints":{"allow":["GET"]}}],"collection":[{"href":"https:\/\/www.sage.com\/de-de\/blog\/api\/wp\/v2\/posts"}],"about":[{"href":"https:\/\/www.sage.com\/de-de\/blog\/api\/wp\/v2\/types\/post"}],"author":[{"embeddable":true,"href":"https:\/\/www.sage.com\/de-de\/blog\/api\/wp\/v2\/users\/545"}],"replies":[{"embeddable":true,"href":"https:\/\/www.sage.com\/de-de\/blog\/api\/wp\/v2\/comments?post=2272"}],"version-history":[{"count":0,"href":"https:\/\/www.sage.com\/de-de\/blog\/api\/wp\/v2\/posts\/2272\/revisions"}],"wp:featuredmedia":[{"embeddable":true,"href":"https:\/\/www.sage.com\/de-de\/blog\/api\/wp\/v2\/media\/2963"}],"wp:attachment":[{"href":"https:\/\/www.sage.com\/de-de\/blog\/api\/wp\/v2\/media?parent=2272"}],"wp:term":[{"taxonomy":"category","embeddable":true,"href":"https:\/\/www.sage.com\/de-de\/blog\/api\/wp\/v2\/categories?post=2272"},{"taxonomy":"post_tag","embeddable":true,"href":"https:\/\/www.sage.com\/de-de\/blog\/api\/wp\/v2\/tags?post=2272"},{"taxonomy":"business_type","embeddable":true,"href":"https:\/\/www.sage.com\/de-de\/blog\/api\/wp\/v2\/business_type?post=2272"},{"taxonomy":"lilypad","embeddable":true,"href":"https:\/\/www.sage.com\/de-de\/blog\/api\/wp\/v2\/lilypad?post=2272"},{"taxonomy":"context","embeddable":true,"href":"https:\/\/www.sage.com\/de-de\/blog\/api\/wp\/v2\/context?post=2272"},{"taxonomy":"industry","embeddable":true,"href":"https:\/\/www.sage.com\/de-de\/blog\/api\/wp\/v2\/industry?post=2272"},{"taxonomy":"persona","embeddable":true,"href":"https:\/\/www.sage.com\/de-de\/blog\/api\/wp\/v2\/persona?post=2272"},{"taxonomy":"imagine_tag","embeddable":true,"href":"https:\/\/www.sage.com\/de-de\/blog\/api\/wp\/v2\/imagine_tag?post=2272"},{"taxonomy":"author","embeddable":true,"href":"https:\/\/www.sage.com\/de-de\/blog\/api\/wp\/v2\/coauthors?post=2272"}],"curies":[{"name":"wp","href":"https:\/\/api.w.org\/{rel}","templated":true}]}}