{"id":25679,"date":"2024-11-27T08:49:10","date_gmt":"2024-11-27T07:49:10","guid":{"rendered":"https:\/\/www.sage.com\/de-de\/blog\/?p=25679"},"modified":"2026-01-22T14:33:04","modified_gmt":"2026-01-22T13:33:04","slug":"sozialversicherung-wegfall-der-rechtskreistrennung-ab-2025","status":"publish","type":"post","link":"https:\/\/www.sage.com\/de-de\/blog\/sozialversicherung-wegfall-der-rechtskreistrennung-ab-2025\/","title":{"rendered":"Sozialversicherung: Wegfall der Rechtskreistrennung ab 2025"},"content":{"rendered":"<header class=\"entry-header has-dark-background-color entry-header--has-illustration entry-header--has-illustration--generic\">\n\t<div class=\"container\">\n\t\t<div class=\"entry-header__row row align-center\">\n\t\t\t<div class=\"col col-lg-7 col-xlg-6 entry-header__content\">\n\t\t\t\t\t\t\t<div class=\"component component-single-header\">\n\t\t\t\t\t\t\t\t\t\t<div class=\"entry-header__misc text--subtitle text--uppercase text--small\">\n\t\t\t\t\t\t\t<a href=\"https:\/\/www.sage.com\/de-de\/blog\/kategorie\/hr-management-payroll\/\" class=\"entry-header__link\">HR-Management und Lohnbuchhaltung<\/a>\t\t\t\t\t\t<\/div>\n\t\t\t\t\n\t\t\t\t<div class=\"entry-title-wrapper\">\n\t\t\t\t\t<h1 class=\"entry-title\">\n\t\t\t\t\t\tSozialversicherung: Wegfall der Rechtskreistrennung ab 2025\t\t\t\t\t<\/h1>\n\t\t\t\t<\/div>\n\n\t\t\t\t\t\t\t\t\t<p class=\"entry-header__description\">\n\t\t\t\t\t\t\t\t\t\t\t<\/p>\n\t\t\t\t\n\t\t\t\t\n\t\t\t\t\n\t\t\t<\/div>\n\n\t\t\t\t\t<\/div>\n\t\t\t\t\t<\/div>\n\t<\/div>\n\t<div class=\"single-post-details container\">\n\t\t<div class=\"col\">\n\t\t\t<span class=\"posted-on \"><time class=\"entry-date published\" datetime=\"2024-11-27T08:49:10+01:00\">27. November 2024<\/time><\/span><span class=\"reading-time\"> Minuten zu lesen<\/span>\n\t\t<button\n\t\t\ttype=\"button\"\n\t\t\tclass=\"social-share-button button button--icon button--secondary js-social-share-button\"\n\t\t\tdata-share-title=\"Sozialversicherung: Wegfall der Rechtskreistrennung ab 2025\"\n\t\t\tdata-share-url=\"https:\/\/www.sage.com\/de-de\/blog\/sozialversicherung-wegfall-der-rechtskreistrennung-ab-2025\/\"\n\t\t\tdata-share-text=\"Bitte lesen Sie diesen interessanten Artikel\"\n\t\t>\n\t\t\t<span class=\"social-share-button__share-label\">Teilen<\/span>\n\t\t\t<span class=\"social-share-button__copy-label\" hidden>Link kopieren<\/span>\n\t\t\t<span class=\"social-share-button__copy-tooltip\" aria-hidden=\"true\" hidden>Kopiert<\/span>\n\t\t<\/button>\n\n\t\t\t\t<\/div>\n\t<\/div>\n<\/header>\n\n\n\n<div class=\"wp-block-post-author has-dark-background-color alignfull\">\n\t<div class=\"container\">\n\t\t<div class=\"col\">\n\t\t\t\t\t\t\t<div class=\"co-authors\">\n\t\t\t\t\t\n\t\t<div class=\"entry-author-wrapper\">\n\t\t\t<a class=\"entry-author\" href=\"https:\/\/www.sage.com\/de-de\/blog\/author\/andreaschmidt\/\">\n\t\t\t\t<img loading=\"lazy\" decoding=\"async\" width=\"40\" height=\"40\" src=\"https:\/\/www.sage.com\/de-de\/blog\/wp-content\/uploads\/sites\/11\/2018\/12\/DrAS2-350x350.jpg\" class=\"entry-author__image\" alt=\"Andrea Schmidt\" \/>\t\t\t\t<span class=\"entry-author__name\">Dr. Andrea Schmidt<\/span>\n\t\t\t<\/a>\n\n\t\t\t\t\t<\/div>\n\n\t\t\t\t\t\t<\/div>\n\t\t\t\t\t<\/div>\n\t<\/div>\n<\/div>\n\n\n\n\n\n<p>Seit der Wiedervereinigung gelten in der <a href=\"https:\/\/www.sage.com\/de-de\/blog\/lexikon\/sozialversicherung\/\" target=\"_blank\" rel=\"noreferrer noopener\">Sozialversicherung<\/a> in den sogenannten alten und neuen Bundesl\u00e4ndern unterschiedliche Rahmenbedingungen. Bis heute unterscheiden sich die Bezugsgr\u00f6\u00dfen und Beitragsbemessungsgrenzen in der Renten- und Arbeitslosenversicherung in West- und Ostdeutschland genauso wie die Umrechnungsfaktoren und Rentenwerte f\u00fcr die Berechnung gesetzlicher Renten. Damit ist ab 2025 Schluss und die Werte werden angeglichen.<\/p>\n\n\n<?xml encoding=\"utf-8\" ?><div class=\"wp-block-yoast-seo-table-of-contents yoast-table-of-contents\"><ul><li><a href=\"#h-rechtskreistrennung-im-meldeverfahren-entfallt\" data-level=\"2\">Rechtskreistrennung im Meldeverfahren entf&auml;llt<\/a><\/li><li><a href=\"#h-beitragsnachweise-weiter-mit-rechtskreistrennung\" data-level=\"2\">Beitragsnachweise weiter mit Rechtskreistrennung<\/a><\/li><li><a href=\"#h-was-arbeitgeber-beachten-mussen\" data-level=\"2\">Was Arbeitgeber beachten m&uuml;ssen<\/a><\/li><li><a href=\"#h-hintergrund-der-bisherigen-rechtskreistrennung\" data-level=\"2\">Hintergrund der bisherigen Rechtskreistrennung<\/a><\/li><li><a href=\"#h-uberblick-lohnabrechnung-zum-jahreswechsel\" data-level=\"2\">&Uuml;berblick Lohnabrechnung zum Jahreswechsel<\/a><\/li><\/ul><\/div>\n\n\n\n<div class=\"single-cta gated-content\">\n\t<div class=\"single-cta__positioner\">\n\t\t<div class=\"single-cta__wrapper has-dark-background-color\">\n\t\t\t<div class=\"single-cta__content\">\n\t\t\t\t\t\t\t\t<h2 class=\"single-cta__title h3\">E-Book Lohnwegweiser 2026<\/h2>\n\n\t\t\t\t\t\t\t\t\t<div class=\"single-cta__description\">\n\t\t\t\t\t\t<p><!-- wp:paragraph --><\/p>\n<p><strong>Mit dem kostenfreien Lohnwegweiser fit f\u00fcr den Jahreswechsel und das neue Jahr!<\/strong><\/p>\n<p><!-- \/wp:paragraph --><\/p>\n<p><!-- wp:list --><\/p>\n<ul class=\"wp-block-list\"><!-- wp:list-item --><\/p>\n<li>B\u00fcrokratieentlastungsgesetz IV<\/li>\n<p><!-- \/wp:list-item --><\/p>\n<p><!-- wp:list-item --><\/p>\n<li>Minijob und Mindestlohn 2026<\/li>\n<p><!-- \/wp:list-item --><\/p>\n<p><!-- wp:list-item --><\/p>\n<li>Beitragss\u00e4tze und Beitragsbemessungsgrenzen 2026<\/li>\n<p><!-- \/wp:list-item --><\/p>\n<p><!-- wp:list-item --><\/p>\n<li>Neue Sachbezugswerte 2026<\/li>\n<p><!-- \/wp:list-item --><\/p>\n<p><!-- wp:list-item --><\/p>\n<li>Entgelttransparenzgesetz 2026<\/li>\n<p><!-- \/wp:list-item --><\/p>\n<p><!-- wp:list-item --><\/p>\n<li>Digitale SV-Meldungen<\/li>\n<p><!-- \/wp:list-item --><\/p>\n<p><!-- wp:list-item --><\/p>\n<li>Checklisten und Zahlungstermine 2026<\/li>\n<p><!-- \/wp:list-item --><\/ul>\n<p><!-- \/wp:list --><\/p>\n<p><!-- wp:paragraph --><\/p>\n<p><!-- \/wp:paragraph --><\/p>\n<p><!-- wp:paragraph --><\/p>\n<p><!-- \/wp:paragraph --><\/p>\n\t\t\t\t\t<\/div>\n\t\t\t\t\n\t\t\t\t\t\t\t\t\t\t\t\t\t\t<a\n\t\t\t\t\t\thref=\"#gate-8f3f8a19-d6b1-4aaf-a54c-ff091bb23092\"\n\t\t\t\t\t\tclass=\"single-cta__button button button--primary\"\n\t\t\t\t\t\t\t\t\t\t\t\t\t\t\t\t\t>Jetzt kostenfreies E-Book herunterladen<\/a>\n\t\t\t\t\t\t\t<\/div>\n\n\t\t\t\t\t<\/div>\n\n\t\t\t\t\t<img decoding=\"async\" width=\"1214\" height=\"810\" src=\"https:\/\/www.sage.com\/de-de\/blog\/wp-content\/uploads\/sites\/11\/2023\/09\/GettyImages-1181224214-1214x810.jpg\" class=\"single-cta__image\" alt=\"\" loading=\"lazy\" srcset=\"https:\/\/www.sage.com\/de-de\/blog\/wp-content\/uploads\/sites\/11\/2023\/09\/GettyImages-1181224214-1214x810.jpg 1214w\" sizes=\"auto, (min-width: 48em) 33vw, 100vw\" \/>\t\t\t<\/div>\n<\/div>\n\n\n\n<h2 class=\"wp-block-heading\" id=\"h-rechtskreistrennung-im-meldeverfahren-entfallt\"><strong>Rechtskreistrennung im Meldeverfahren entf\u00e4llt<\/strong><\/h2>\n\n\n\n<p>Bundeseinheitliche Rechengr\u00f6\u00dfen lassen die Rechtskreistrennung k\u00fcnftig \u00fcberfl\u00fcssig werden, so wie es in der Krankenversicherung bereits seit einigen Jahren gehandhabt wird. Aus diesem Grund haben die Sozialversicherungen \u00c4nderungen f\u00fcr das <a href=\"https:\/\/www.sage.com\/de-de\/blog\/lexikon\/deuev\/\" target=\"_blank\" rel=\"noreferrer noopener\">DE\u00dcV-Meldeverfahren<\/a> festgelegt. Ma\u00dfgeblich f\u00fcr das weitere Vorgehen ist dabei der Meldezeitraum. Konkret bedeutet das:<\/p>\n\n\n\n<p>F\u00fcr Meldezeitr\u00e4ume ab dem 1. Januar 2025 geben Arbeitgeber im Meldeverfahren kein Rechtskreiskennzeichen mehr an. Auch der Fall der innerdeutschen Entsendung f\u00e4llt damit weg. <br><strong>Das hei\u00dft: In den DE\u00dcV-Meldungen bleibt das Feld KENNZ-RECHTSKREIS leer.<\/strong><\/p>\n\n\n\n<p>Letztmalig m\u00fcssen die Kennzeichen \u201eW\u201c f\u00fcr das Gebiet der Bundesrepublik Deutschland und \u201eO\u201c f\u00fcr das Beitrittsgebiet somit f\u00fcr Meldungen alter Zeitr\u00e4ume angegeben werden. Das Gleiche gilt f\u00fcr die Jahresmeldung 2024. Erforderlich sind sie au\u00dferdem noch bei Stornierungsmeldungen, die den Zeitraum bis zum 31. Dezember 2024 betreffen.<\/p>\n\n\n\n<div class=\"single-cta gated-content\">\n\t<div class=\"single-cta__positioner\">\n\t\t<div class=\"single-cta__wrapper has-dark-background-color\">\n\t\t\t<div class=\"single-cta__content\">\n\t\t\t\t\t\t\t\t<h2 class=\"single-cta__title h3\">Checkliste Lohnabrechnung Jahreswechsel 2025-2026<\/h2>\n\n\t\t\t\t\t\t\t\t\t<div class=\"single-cta__description\">\n\t\t\t\t\t\t<p><!-- wp:list --><\/p>\n<ul class=\"wp-block-list\"><!-- wp:list-item --><\/p>\n<li>Kostenfreie Checkliste f\u00fcr alle wichtigen Aufgaben<\/li>\n<p><!-- \/wp:list-item --><\/p>\n<p><!-- wp:list-item --><\/p>\n<li>Strukturierter Ablauf zum Jahreswechsel<\/li>\n<p><!-- \/wp:list-item --><\/p>\n<p><!-- wp:list-item --><\/p>\n<li>Alle wichtigen Termine 2026 im Blick<\/li>\n<p><!-- \/wp:list-item --><\/ul>\n<p><!-- \/wp:list --><\/p>\n\t\t\t\t\t<\/div>\n\t\t\t\t\n\t\t\t\t\t\t\t\t\t\t\t\t\t\t<a\n\t\t\t\t\t\thref=\"#gate-915759ef-533c-4247-b71a-b27a43ab561f\"\n\t\t\t\t\t\tclass=\"single-cta__button button button--primary\"\n\t\t\t\t\t\t\t\t\t\t\t\t\t\t\t\t\t>Jetzt kostenfreie Checkliste herunterladen<\/a>\n\t\t\t\t\t\t\t<\/div>\n\n\t\t\t\t\t<\/div>\n\n\t\t\t\t\t<img decoding=\"async\" width=\"1440\" height=\"810\" src=\"https:\/\/www.sage.com\/de-de\/blog\/wp-content\/uploads\/sites\/11\/2023\/09\/GettyImages-1271906346-1440x810.jpg\" class=\"single-cta__image\" alt=\"\" loading=\"lazy\" srcset=\"https:\/\/www.sage.com\/de-de\/blog\/wp-content\/uploads\/sites\/11\/2023\/09\/GettyImages-1271906346-1440x810.jpg 1440w\" sizes=\"auto, (min-width: 48em) 33vw, 100vw\" \/>\t\t\t<\/div>\n<\/div>\n\n\n\n<h2 class=\"wp-block-heading\" id=\"h-beitragsnachweise-weiter-mit-rechtskreistrennung\"><strong>Beitragsnachweise weiter mit Rechtskreistrennung<\/strong><\/h2>\n\n\n\n<p>Anders ist das Vorgehen bei den Beitragsnachweisen geregelt. Hier bleibt die Rechtskreistrennung in jedem Fall erst einmal erhalten. Grundlage daf\u00fcr ist die aktuelle Fassung der \u201eGemeinsamen Grunds\u00e4tze zum Aufbau der Datens\u00e4tze f\u00fcr die \u00dcbermittlung von Beitragsnachweisen durch Daten\u00fcbertragung\u201c. F\u00fcr Arbeitgeber hei\u00dft das, dass sie beim Beitragsnachweis, der Weiterleitung und der Abrechnung weiterhin die Kennzeichen \u201eW\u201c und \u201eO\u201c eintragen. Haben sie Besch\u00e4ftigte in den alten und den neuen Bundesl\u00e4ndern, sind separate Datens\u00e4tze f\u00fcr die beiden Rechtskreise zu erstellen.<\/p>\n\n\n\n<p>Dieses Verfahren gilt zun\u00e4chst bis mindestens Ende 2025. Voraussichtlich ab 2026 wird die Rechtskreistrennung dann auch bei den Beitragsnachweisen aufgehoben. Der Grund f\u00fcr die unterschiedliche Behandlung gegen\u00fcber dem Meldeverfahren ist der Bundeszuschuss f\u00fcr die Rentenversicherung. Dieser wird weiterhin f\u00fcr die alten und die neuen Bundesl\u00e4nder getrennt ermittelt. Diesem Grundsatz folgen au\u00dferdem verschiedene Finanzstatistiken.<\/p>\n\n\n\n<figure class=\"wp-block-pullquote\"><blockquote><p>Tipp: Mit der passenden <a href=\"https:\/\/www.sage.com\/de-de\/lohnabrechnung-software\/?utm_source=sageadvice&amp;utm_medium=website&amp;utm_campaign=Owned&amp;utm_term=Compliance&amp;utm_content=JW_Artikel\" target=\"_blank\" rel=\"noreferrer noopener\">Lohnsoftware <\/a>sind Sie stets auf der sicheren Seite<\/p><\/blockquote><\/figure>\n\n\n\n<h2 class=\"wp-block-heading\" id=\"h-was-arbeitgeber-beachten-mussen\"><strong>Was Arbeitgeber beachten m\u00fcssen<\/strong><\/h2>\n\n\n\n<p>Dadurch dass die Rechtskreistrennung mit Beginn des kommenden Jahres entf\u00e4llt, ist eine klare Trennung der Daten bei den Krankenkassen gesichert. F\u00fcr Arbeitgeber kommt es nun darauf an, die Meldedaten korrekt den Jahren zuzuordnen. Besondere Aufmerksamkeit sollte dabei der Jahresmeldung 2024 sowie m\u00f6glichen Stornierungsmeldungen aus diesem Jahr gelten. Denn auch wenn diese 2025 abgegeben werden, betreffen sie das Vorjahr und erfordern damit noch die Angabe der Kennzeichen.<\/p>\n\n\n\n<p>Eine weitere Umstellung wie zum Beispiel der Software sollte auch f\u00fcr Meldungen, die das Jahr 2025 betreffen, im Allgemeinen nicht notwendig sein. Dies ergibt sich vor allem daraus, dass im DE\u00dcV-Verfahren das entsprechende Kennzeichenfeld lediglich unausgef\u00fcllt bleibt. Eine besondere Meldung wegen des Wegfalls der Kennzeichen ist jedoch nicht notwendig. Demnach m\u00fcssen Arbeitgeber keine An- und Abmeldung zum Jahresbeginn vornehmen, nur weil die Rechtskreistrennung entf\u00e4llt.<\/p>\n\n\n\n<h2 class=\"wp-block-heading\" id=\"h-hintergrund-der-bisherigen-rechtskreistrennung\"><strong>Hintergrund der bisherigen Rechtskreistrennung<\/strong><\/h2>\n\n\n\n<p>Durch das Gesetz zur Rechtseinheit in der gesetzlichen Renten- und Unfallversicherung (Renten\u00fcberleitungsgesetz &#8211; R\u00dcG) wurde 1991 die Renten\u00fcberleitung der DDR-Alterssicherung in die Rentenversicherung der Bundesrepublik Deutschland geregelt. Demnach sollten f\u00fcr die damals neuen Bundesl\u00e4nder niedrigere Berechnungsgr\u00f6\u00dfen gelten als f\u00fcr die alten. Dies sollte so lange fortbestehen, bis sich die Einkommensverh\u00e4ltnisse in beiden Teilen Deutschlands vollst\u00e4ndig angeglichen hatten.<\/p>\n\n\n\n<p>Um die beiden Rechtskreise unterscheiden zu k\u00f6nnen, wurden entsprechend Kennzeichen eingef\u00fchrt. Dabei umfasste das \u201eW\u201c neben den alten Bundesl\u00e4ndern auch West-Berlin, das \u201eO\u201c die neuen Bundesl\u00e4nder und Ost-Berlin. Diese Rechtskreiskennzeichen mussten Arbeitgeber dann bei Meldungen an die Rentenversicherung angeben. Das Gleiche galt seitdem bei der \u00dcbermittlung von Beitragsnachweisen durch Daten\u00fcbertragung, wo getrennte Beitragsnachweis-Datens\u00e4tze f\u00fcr die Rechtskreise \u201eWest\u201c und \u201eOst\u201c erstellt werden.<\/p>\n\n\n\n<p>Mit dem Gesetz \u00fcber den Abschluss der Renten\u00fcberleitung vom 17. Juli 2017 wurden die unterschiedlichen Rechengr\u00f6\u00dfen nun angeglichen. Diese Angleichung betraf den aktuellen Rentenwert, die Beitragsbemessungsgrenze sowie die Bezugsgr\u00f6\u00dfe und den Umrechnungsfaktor. Sie erfolgte schrittweise und ist am 31. Dezember 2024 abgeschlossen. F\u00fcr die Sozialversicherten bedeutet dies auch, dass ab 2025 erstmalig einheitliches Recht gilt \u2013 unabh\u00e4ngig davon, ob sie ihre Beitr\u00e4ge zur Rentenversicherung in den alten oder neuen Bundesl\u00e4ndern leisten.<\/p>\n\n\n\n<h2 class=\"wp-block-heading\" id=\"h-uberblick-lohnabrechnung-zum-jahreswechsel\"><strong>\u00dcberblick Lohnabrechnung zum Jahreswechsel<\/strong><\/h2>\n\n\n\n<p>Alle wichtigen gesetzlichen \u00c4nderungen, eine Checkliste mit allen Zahlungsterminen&nbsp;und weitere top-aktuelle Artikel zum Jahreswechsel finden Sie auf unserer \u00dcberblicksseite&nbsp;<a href=\"https:\/\/www.sage.com\/de-de\/blog\/lohnabrechnung-zum-jahreswechsel-2023-2024\">Jahreswechsel Lohnbuchhaltung <\/a>.<\/p>\n\n\n\n<p><\/p>\n\n\n<div class=\"single-cta\">\n\t<div class=\"single-cta__positioner\">\n\t\t<div class=\"single-cta__wrapper has-dark-background-color\">\n\t\t\t<div class=\"single-cta__content\">\n\t\t\t\t\t\t\t\t<h2 class=\"single-cta__title h3\">Interesse an weiteren Tipps &amp; Insights zu den Themen HR und Lohnbuchhaltung?<\/h2>\n\n\t\t\t\t\t\t\t\t\t<div class=\"single-cta__description\">\n\t\t\t\t\t\t<p><!-- wp:paragraph --><\/p>\n<p class=\"\">\u2026mit unserem Newsletter 1x im Monat<\/p>\n<p><!-- \/wp:paragraph --><\/p>\n<p><!-- wp:list --><\/p>\n<ul><!-- wp:list-item --><\/p>\n<li>Neue Trends aus der Arbeitswelt<\/li>\n<p><!-- \/wp:list-item --><\/p>\n<p><!-- wp:list-item --><\/p>\n<li>Aktuelle Urteile verst\u00e4ndlich erkl\u00e4rt<\/li>\n<p><!-- \/wp:list-item --><\/p>\n<p><!-- wp:list-item --><\/p>\n<li>Tipps zu HR &amp; Lohnbuchhaltung<\/li>\n<p><!-- \/wp:list-item --><\/p>\n<p><!-- wp:list-item --><\/p>\n<li>Experten-Interviews, Studien u.v.m<\/li>\n<p><!-- \/wp:list-item --><\/ul>\n<p><!-- \/wp:list --><\/p>\n\t\t\t\t\t<\/div>\n\t\t\t\t\n\t\t\t\t\t\t\t\t\t\t\t\t\t\t<a\n\t\t\t\t\t\thref=\"#gate-a59880de-3d38-4b82-914c-ffa16bab6ae7\"\n\t\t\t\t\t\tclass=\"single-cta__button button button--primary\"\n\t\t\t\t\t\t\t\t\t\t\t\t\t\t\t\t\t>Jetzt Newsletter abonnieren<\/a>\n\t\t\t\t\t\t\t<\/div>\n\n\t\t\t\t\t<\/div>\n\n\t\t\t\t\t<img decoding=\"async\" width=\"1064\" height=\"810\" src=\"https:\/\/www.sage.com\/de-de\/blog\/wp-content\/uploads\/sites\/11\/2021\/03\/Blog-HR-Management-und-Payroll-1064x810.jpg\" class=\"single-cta__image\" alt=\"\" loading=\"lazy\" srcset=\"https:\/\/www.sage.com\/de-de\/blog\/wp-content\/uploads\/sites\/11\/2021\/03\/Blog-HR-Management-und-Payroll-1064x810.jpg 1064w\" sizes=\"auto, (min-width: 48em) 33vw, 100vw\" \/>\t\t\t<\/div>\n<\/div>\n","protected":false},"excerpt":{"rendered":"<p>Lange galten in West und Ost unterschiedliche Rechengr\u00f6\u00dfen f\u00fcr die Renten- und Arbeitslosenversicherung. Ab 2025 ist damit Schluss und im Meldeverfahren f\u00e4llt die Rechtskreistrennung weg. Was das f\u00fcr Arbeitgeber bedeutet, lesen Sie im Beitrag.<\/p>\n","protected":false},"author":700,"featured_media":18541,"comment_status":"closed","ping_status":"closed","sticky":false,"template":"","format":"standard","meta":{"_sage_video":false,"post_featured_image_hide":false,"footnotes":""},"categories":[22,70,74,65],"tags":[63,289,115,244,895,180,191,89],"business_type":[17,18],"lilypad":[],"context":[],"industry":[],"persona":[58,54,60,57,59,56,55],"imagine_tag":[37,39,61,41,40,24],"coauthors":[961],"class_list":["post-25679","post","type-post","status-publish","format-standard","has-post-thumbnail","hentry","category-hr-management-payroll","category-mitarbeiter-betreuen","category-mitarbeiter-bezahlen","category-recht-steuern-finanzen","tag-compliance","tag-kleinunternehmer","tag-lohnabrechnung","tag-lohnwegweiser","tag-mitarbeiter-betreuen","tag-mitarbeiterlebenszyklus","tag-mittelstand","tag-personalmanagement","business_type-kleinunternehmer-handwerker","business_type-mittlere-unternehmen"],"sage_meta":{"region":"de-de","author_name":"","featured_image":"https:\/\/www.sage.com\/de-de\/blog\/wp-content\/uploads\/sites\/11\/2023\/09\/GettyImages-1160135293.jpg","imagine_tags":{"37":"HR","39":"Kleine Unternehmen","61":"Mitarbeiter bezahlen","41":"Mittelstand","40":"Mittlere Unternehmen","24":"Sage Blog"}},"distributor_meta":false,"distributor_terms":false,"distributor_media":false,"distributor_original_site_name":"Sage Advice Deutschland","distributor_original_site_url":"https:\/\/www.sage.com\/de-de\/blog","push-errors":false,"_links":{"self":[{"href":"https:\/\/www.sage.com\/de-de\/blog\/api\/wp\/v2\/posts\/25679","targetHints":{"allow":["GET"]}}],"collection":[{"href":"https:\/\/www.sage.com\/de-de\/blog\/api\/wp\/v2\/posts"}],"about":[{"href":"https:\/\/www.sage.com\/de-de\/blog\/api\/wp\/v2\/types\/post"}],"author":[{"embeddable":true,"href":"https:\/\/www.sage.com\/de-de\/blog\/api\/wp\/v2\/users\/700"}],"replies":[{"embeddable":true,"href":"https:\/\/www.sage.com\/de-de\/blog\/api\/wp\/v2\/comments?post=25679"}],"version-history":[{"count":0,"href":"https:\/\/www.sage.com\/de-de\/blog\/api\/wp\/v2\/posts\/25679\/revisions"}],"wp:featuredmedia":[{"embeddable":true,"href":"https:\/\/www.sage.com\/de-de\/blog\/api\/wp\/v2\/media\/18541"}],"wp:attachment":[{"href":"https:\/\/www.sage.com\/de-de\/blog\/api\/wp\/v2\/media?parent=25679"}],"wp:term":[{"taxonomy":"category","embeddable":true,"href":"https:\/\/www.sage.com\/de-de\/blog\/api\/wp\/v2\/categories?post=25679"},{"taxonomy":"post_tag","embeddable":true,"href":"https:\/\/www.sage.com\/de-de\/blog\/api\/wp\/v2\/tags?post=25679"},{"taxonomy":"business_type","embeddable":true,"href":"https:\/\/www.sage.com\/de-de\/blog\/api\/wp\/v2\/business_type?post=25679"},{"taxonomy":"lilypad","embeddable":true,"href":"https:\/\/www.sage.com\/de-de\/blog\/api\/wp\/v2\/lilypad?post=25679"},{"taxonomy":"context","embeddable":true,"href":"https:\/\/www.sage.com\/de-de\/blog\/api\/wp\/v2\/context?post=25679"},{"taxonomy":"industry","embeddable":true,"href":"https:\/\/www.sage.com\/de-de\/blog\/api\/wp\/v2\/industry?post=25679"},{"taxonomy":"persona","embeddable":true,"href":"https:\/\/www.sage.com\/de-de\/blog\/api\/wp\/v2\/persona?post=25679"},{"taxonomy":"imagine_tag","embeddable":true,"href":"https:\/\/www.sage.com\/de-de\/blog\/api\/wp\/v2\/imagine_tag?post=25679"},{"taxonomy":"author","embeddable":true,"href":"https:\/\/www.sage.com\/de-de\/blog\/api\/wp\/v2\/coauthors?post=25679"}],"curies":[{"name":"wp","href":"https:\/\/api.w.org\/{rel}","templated":true}]}}