{"id":3359,"date":"2018-09-07T00:00:00","date_gmt":"2018-09-06T22:00:00","guid":{"rendered":"https:\/\/www.sage.com\/de-de\/blog\/?p=3359"},"modified":"2026-01-22T15:58:15","modified_gmt":"2026-01-22T14:58:15","slug":"digitalisierung-im-mittelstand-vorantreiben-sind-foerderprogramme-die-loesung","status":"publish","type":"post","link":"https:\/\/www.sage.com\/de-de\/blog\/digitalisierung-im-mittelstand-vorantreiben-sind-foerderprogramme-die-loesung\/","title":{"rendered":"Digitalisierung im Mittelstand vorantreiben: Sind F\u00f6rderprogramme die L\u00f6sung?"},"content":{"rendered":"<header class=\"entry-header has-dark-background-color entry-header--has-illustration entry-header--has-illustration--generic\">\n\t<div class=\"container\">\n\t\t<div class=\"entry-header__row row align-center\">\n\t\t\t<div class=\"col col-lg-7 col-xlg-6 entry-header__content\">\n\t\t\t\t\t\t\t<div class=\"component component-single-header\">\n\t\t\t\t\t\t\t\t\t\t<div class=\"entry-header__misc text--subtitle text--uppercase text--small\">\n\t\t\t\t\t\t\t<a href=\"https:\/\/www.sage.com\/de-de\/blog\/kategorie\/digitale-transformation\/\" class=\"entry-header__link\">Digitale Transformation<\/a>\t\t\t\t\t\t<\/div>\n\t\t\t\t\n\t\t\t\t<div class=\"entry-title-wrapper\">\n\t\t\t\t\t<h1 class=\"entry-title\">\n\t\t\t\t\t\tDigitalisierung im Mittelstand vorantreiben: Sind F\u00f6rderprogramme die L\u00f6sung?\t\t\t\t\t<\/h1>\n\t\t\t\t<\/div>\n\n\t\t\t\t\t\t\t\t\t<p class=\"entry-header__description\">\n\t\t\t\t\t\t\t\t\t\t\t<\/p>\n\t\t\t\t\n\t\t\t\t\n\t\t\t\t\n\t\t\t<\/div>\n\n\t\t\t\t\t<\/div>\n\t\t\t\t\t<\/div>\n\t<\/div>\n\t<div class=\"single-post-details container\">\n\t\t<div class=\"col\">\n\t\t\t<span class=\"posted-on \"><time class=\"entry-date published\" datetime=\"2018-09-07T00:00:00+02:00\">7. September 2018<\/time><\/span><span class=\"reading-time\"> Minuten zu lesen<\/span>\n\t\t<button\n\t\t\ttype=\"button\"\n\t\t\tclass=\"social-share-button button button--icon button--secondary js-social-share-button\"\n\t\t\tdata-share-title=\"Digitalisierung im Mittelstand vorantreiben: Sind F\u00f6rderprogramme die L\u00f6sung?\"\n\t\t\tdata-share-url=\"https:\/\/www.sage.com\/de-de\/blog\/digitalisierung-im-mittelstand-vorantreiben-sind-foerderprogramme-die-loesung\/\"\n\t\t\tdata-share-text=\"Bitte lesen Sie diesen interessanten Artikel\"\n\t\t>\n\t\t\t<span class=\"social-share-button__share-label\">Teilen<\/span>\n\t\t\t<span class=\"social-share-button__copy-label\" hidden>Link kopieren<\/span>\n\t\t\t<span class=\"social-share-button__copy-tooltip\" aria-hidden=\"true\" hidden>Kopiert<\/span>\n\t\t<\/button>\n\n\t\t\t\t<\/div>\n\t<\/div>\n<\/header>\n\n\n\n<div class=\"wp-block-post-author has-dark-background-color alignfull\">\n\t<div class=\"container\">\n\t\t<div class=\"col\">\n\t\t\t\t\t\t\t<div class=\"co-authors\">\n\t\t\t\t\t\n\t\t<div class=\"entry-author-wrapper\">\n\t\t\t<a class=\"entry-author\" href=\"https:\/\/www.sage.com\/de-de\/blog\/author\/andreaszipser\/\">\n\t\t\t\t<img loading=\"lazy\" decoding=\"async\" width=\"40\" height=\"40\" src=\"https:\/\/www.sage.com\/de-de\/blog\/wp-content\/uploads\/sites\/11\/2018\/04\/andreas-zipser-350x350.jpg\" class=\"entry-author__image\" alt=\"Andreas Zipser\" srcset=\"https:\/\/www.sage.com\/de-de\/blog\/wp-content\/uploads\/sites\/11\/2018\/04\/andreas-zipser-350x350.jpg 350w, https:\/\/www.sage.com\/de-de\/blog\/wp-content\/uploads\/sites\/11\/2018\/04\/andreas-zipser-768x768.jpg 768w, https:\/\/www.sage.com\/de-de\/blog\/wp-content\/uploads\/sites\/11\/2018\/04\/andreas-zipser-810x810.jpg 810w, https:\/\/www.sage.com\/de-de\/blog\/wp-content\/uploads\/sites\/11\/2018\/04\/andreas-zipser.jpg 1024w\" sizes=\"auto, (max-width: 40px) 100vw, 40px\" \/>\t\t\t\t<span class=\"entry-author__name\">Andreas Zipser<\/span>\n\t\t\t<\/a>\n\n\t\t\t\t\t<\/div>\n\n\t\t\t\t\t\t<\/div>\n\t\t\t\t\t<\/div>\n\t<\/div>\n<\/div>\n\n\n\n\n\n<p>Viele Mittelst\u00e4ndler in Deutschland \u00fcben zurzeit einen schwierigen Spagat. Auf der einen Seite wissen sie genau, dass kein Weg an der dringend erforderlichen Digitalisierung in ihren Betrieben vorbeif\u00fchrt. Auf der anderen Seite f\u00fcrchten sie die Kosten, die durch die Umstellung auf die neue Technologie auf ihre Unternehmen zukommen. Wir zeigen, wie Sie die Digitalisierung vorantreiben k\u00f6nnen.<\/p>\n\n\n\n<h2 class=\"wp-block-heading\" id=\"h-wer-soll-das-bezahlen\">Wer soll das bezahlen?<\/h2>\n\n\n\n<div class=\"spacing-top-medium\">\n<div class=\"redactor-box redactor-container\">\n<div class=\"redactor-preview redactor-preview--medium\">\n<p>Aus Tradition und Vorsicht investieren zahlreiche mittelst\u00e4ndische Firmen nur so viel in die innerbetriebliche digitale Transformation, wie es die wirtschaftliche Situation erlaubt. In Zahlen ausgedr\u00fcckt, bedeutet das: Digitalisierungsvorhaben werden zu 77% aus den laufenden Einnahmen finanziert; Bankkredite spielen in diesem Zusammenhang mit lediglich 4% als Finanzierungsinstrument eine untergeordnete Rolle. Grund daf\u00fcr ist vielfach ein Z\u00f6gern der Geldgeber, die sich bei Digitalisierungsprojekten unter anderem wegen mangelnder Sicherheiten eher zur\u00fcckhalten. <a class=\"inline-twitter-link inline-tweet-click\" title=\"Tweet This!\" href=\"#\">32% im Mittelstand sind wegen der Finanzierung nicht in der Lage, die Digitalisierung in Angriff zu nehmen <\/a>, wie eine Unternehmensstudie des ZEW zur Digitalisierung im Mittelstand ergab.<\/p>\n<h2>Zur\u00fcckhaltung beim Investieren<\/h2>\n<p>Die KfW-Bankengruppe hat zudem festgestellt, dass gerade einmal 12% der von ihr befragten Unternehmen j\u00e4hrlich mehr als 40.000 Euro f\u00fcr digitale Projekte ausgeben. Dem gegen\u00fcber nehmen jedoch fast 50% der Firmen weniger als 10.000 Euro im Jahr in die Hand, um den digitalen Wandel im eigenen Haus voranzutreiben.<\/p>\n<p>Aber: Nichtstun und warten, bis frisches Geld in die Firmenkasse flie\u00dft, ist auch keine L\u00f6sung. Doch es zeigt sich Licht am Ende des Tunnels. Denn Hilfe naht, um die Ausgaben f\u00fcr die Digitalisierung zu stemmen.<\/p>\n<h2>Digitalisierung vorantreiben: Hilfe aus staatlichen F\u00f6rdert\u00f6pfen<\/h2>\n<p>Bund, L\u00e4nder und auch die EU sind angetreten, innovationswilligen kleineren und mittleren Betrieben finanziell unter die Arme zu greifen und ihre Digitalisierungs-Vorhaben zu unterst\u00fctzen. Zu diesem Zweck wurden verschiedene F\u00f6rderprogramme aufgelegt, die Ihnen beim Sprung ins digitale Zeitalter den n\u00f6tigen Anschub geben.<\/p>\n<\/div><\/div><\/div>\n\n\n\n<div class=\"single-cta gated-content\">\n\t<div class=\"single-cta__positioner\">\n\t\t<div class=\"single-cta__wrapper has-dark-background-color\">\n\t\t\t<div class=\"single-cta__content\">\n\t\t\t\t\t\t\t\t<h2 class=\"single-cta__title h3\">Whitepaper: F\u00f6rderprogramme f\u00fcr Digitalisierungsvorhaben<\/h2>\n\n\t\t\t\t\t\t\t\t\t<div class=\"single-cta__description\">\n\t\t\t\t\t\t<h2>Davon profitiert der Mittelstand:<\/h2>\n<ul>\n<li>Zukunftschance Digitalisierung<\/li>\n<li>Roadmap f\u00fcr Digitalisierungsvorhaben<\/li>\n<li>F\u00f6rderprogramme von Bund Land und EU<\/li>\n<\/ul>\n\t\t\t\t\t<\/div>\n\t\t\t\t\n\t\t\t\t\t\t\t\t\t\t\t\t\t\t<a\n\t\t\t\t\t\thref=\"#gate-6f5140aa-b1ea-4f56-90b0-38ff03d0e45f\"\n\t\t\t\t\t\tclass=\"single-cta__button button button--primary\"\n\t\t\t\t\t\t\t\t\t\t\t\t\t\t\t\t\t>Jetzt kostenfrei laden<\/a>\n\t\t\t\t\t\t\t<\/div>\n\n\t\t\t\t\t<\/div>\n\n\t\t\t\t\t<img decoding=\"async\" width=\"1016\" height=\"810\" src=\"https:\/\/www.sage.com\/de-de\/blog\/wp-content\/uploads\/sites\/11\/2018\/03\/iStock-641919368-e1557152817385-1016x810.jpg\" class=\"single-cta__image\" alt=\"F\u00f6rderung\" loading=\"lazy\" srcset=\"https:\/\/www.sage.com\/de-de\/blog\/wp-content\/uploads\/sites\/11\/2018\/03\/iStock-641919368-e1557152817385-1016x810.jpg 1016w\" sizes=\"auto, (min-width: 48em) 33vw, 100vw\" \/>\t\t\t<\/div>\n<\/div>\n\n\n\n<h2 class=\"wp-block-heading\" id=\"h-gefordert-werden-beispielsweise\">Gef\u00f6rdert werden beispielsweise<\/h2>\n\n\n\n<ul class=\"wp-block-list\">\n<li>Die Entwicklung, Einf\u00fchrung und Verbesserung von Produkten, Prozesse und Dienstleistungen durch eine zeitgem\u00e4\u00dfe Informations- und Kommunikationstechnologie<\/li>\n\n\n\n<li>Die Migration und Portierung von IT-Systemen und &#8211; Anwendungen.<\/li>\n\n\n\n<li>Die Einf\u00fchrung oder Optimierung der IT-Sicherheit im Unternehmen.<\/li>\n<\/ul>\n\n\n\n<p>Je nach Art und Umfang der F\u00f6rderung werden dar\u00fcber hinaus auch Aufwendungen f\u00fcr Leistungen externer Anbieter sowie die Anschaffung von Hardware und Software bezuschusst. Angebote, die bereits millionenfach mit Erfolg vom deutschen Mittelstand in Anspruch genommen werden.<\/p>\n\n\n\n<h2 class=\"wp-block-heading\" id=\"h-deutschland-und-eu-in-einem-boot\">Deutschland und EU in einem Boot<\/h2>\n\n\n\n<p>Das Spektrum der F\u00f6rderm\u00f6glichkeiten ist \u00fcberaus umfangreich. Von Innovationsgutscheinen bis zur F\u00f6rderung von Forschung- und Entwicklung, von Digitalisierungspr\u00e4mien bis zu ERP-Programmen. Ebenfalls lohnt der Blick nach Br\u00fcssel. Denn auch die F\u00f6rdert\u00f6pfe der EU sind gut gef\u00fcllt. Zu den bekanntesten F\u00f6rderprogrammen z\u00e4hlt Horizont 2020, das eine besondere F\u00f6rderlinie f\u00fcr kleine und mittlere Unternehmen enth\u00e4lt. Das COSME-Programm hat sich dagegen das Ziel gesetzt, die Wettbewerbsf\u00e4higkeit in Europa zu st\u00e4rken und gleichzeitig dem Mittelstand den Zugang zu Finanzmitteln zu erleichtern. Und Eurostars konzentriert sich darauf, kleine und mittlere Unternehmen zu motivieren, in den Bereichen Forschung und Entwicklung europaweit besser zusammenzuarbeiten. Mehr zu den Bem\u00fchungen speziell der EU werden wir im n\u00e4chsten Blogbeitrag zu diesem Thema behandeln.<\/p>\n\n\n\n<h2 class=\"wp-block-heading\" id=\"h-kompetenzgewinn-durch-gezielte-beratung\">Kompetenzgewinn durch gezielte Beratung<\/h2>\n\n\n\n<p>Neben den Finanzierungsprogrammen werden auch spezielle Beratungs-Dienste offeriert, mit deren Hilfe Mittelst\u00e4ndler wie Sie ihr Know-how rund um das Thema Digitalisierung erweitern k\u00f6nnen. Dazu geh\u00f6rt beispielsweise die F\u00f6rderinitiative Mittelstand 4.0 des Bundeswirtschaftsministeriums. Mittelstand 4.0-Agenturen und Mittelstand 4.0 Kompetenzzentren unterst\u00fctzen hierbei gemeinsam mittelst\u00e4ndische Unternehmen und Handwerksbetriebe bei der Digitalisierung, Vernetzung und Anwendung von Industrie 4.0-Ma\u00dfnahmen.<\/p>\n\n\n\n<h2 class=\"wp-block-heading\" id=\"h-ein-klick-der-sie-weiterbringt\">Ein Klick, der Sie weiterbringt.<\/h2>\n\n\n\n<p>Einen Leitfaden f\u00fcr den Umgang mit der Digitalisierung, die Chancen die sich hier speziell f\u00fcr den Mittelstand bieten, um Digitalisierung voranzutreiben sowie eine Road Map hin zur erfolgreichen Digitalisierung finden Sie in unserem Infopaket: &#8220;F\u00f6rderprogramme f\u00fcr Digitalisierung im Mittelstand&#8221;<\/p>\n\n\n<div class=\"single-cta\">\n\t<div class=\"single-cta__positioner\">\n\t\t<div class=\"single-cta__wrapper has-dark-background-color\">\n\t\t\t<div class=\"single-cta__content\">\n\t\t\t\t\t\t\t\t<h2 class=\"single-cta__title h3\">2026: Alle neuen Gesetze immer im Blick<\/h2>\n\n\t\t\t\t\t\t\t\t\t<div class=\"single-cta__description\">\n\t\t\t\t\t\t<p><!-- wp:paragraph --><\/p>\n<p><strong>Bleiben Sie informiert &#8211; mit unserem Newsletter<\/strong> 1x im Monat<\/p>\n<p><!-- \/wp:paragraph --><\/p>\n<p><!-- wp:list --><\/p>\n<ul class=\"wp-block-list\"><!-- wp:list-item --><\/p>\n<li>Neue Trends aus der Arbeitswelt<\/li>\n<p><!-- \/wp:list-item --><\/p>\n<p><!-- wp:list-item --><\/p>\n<li>Aktuelle Urteile verst\u00e4ndlich erkl\u00e4rt<\/li>\n<p><!-- \/wp:list-item --><\/p>\n<p><!-- wp:list-item --><\/p>\n<li>Tipps zu Recht, Steuern &amp; Finanzen<\/li>\n<p><!-- \/wp:list-item --><\/p>\n<p><!-- wp:list-item --><\/p>\n<li>Experten-Interviews, Studien u.v.m<\/li>\n<p><!-- \/wp:list-item --><\/ul>\n<p><!-- \/wp:list --><\/p>\n\t\t\t\t\t<\/div>\n\t\t\t\t\n\t\t\t\t\t\t\t\t\t\t\t\t\t\t<a\n\t\t\t\t\t\thref=\"#gate-a59880de-3d38-4b82-914c-ffa16bab6ae7\"\n\t\t\t\t\t\tclass=\"single-cta__button button button--primary\"\n\t\t\t\t\t\t\t\t\t\t\t\t\t\t\t\t\t>Newsletter abonnieren<\/a>\n\t\t\t\t\t\t\t<\/div>\n\n\t\t\t\t\t<\/div>\n\n\t\t\t\t\t<img decoding=\"async\" width=\"1215\" height=\"810\" src=\"https:\/\/www.sage.com\/de-de\/blog\/wp-content\/uploads\/sites\/11\/2023\/09\/GettyImages-1277533180-1215x810.jpg\" class=\"single-cta__image\" alt=\"\" loading=\"lazy\" srcset=\"https:\/\/www.sage.com\/de-de\/blog\/wp-content\/uploads\/sites\/11\/2023\/09\/GettyImages-1277533180-1215x810.jpg 1215w\" sizes=\"auto, (min-width: 48em) 33vw, 100vw\" \/>\t\t\t<\/div>\n<\/div>\n","protected":false},"excerpt":{"rendered":"<p>Viele Mittelst\u00e4ndler in Deutschland \u00fcben zurzeit einen schwierigen Spagat. Auf der einen Seite wissen sie genau, dass kein Weg an der dringend erforderlichen Digitalisierung in ihren Betrieben vorbeif\u00fchrt. Auf der anderen Seite f\u00fcrchten sie die Kosten, die durch die Umstellung auf die neue Technologie auf ihre Unternehmen zukommen. Wir zeigen, wie Sie die Digitalisierung vorantreiben [&hellip;]<\/p>\n","protected":false},"author":588,"featured_media":3361,"comment_status":"open","ping_status":"closed","sticky":false,"template":"","format":"standard","meta":{"_sage_video":false,"post_featured_image_hide":false,"footnotes":""},"categories":[15,676],"tags":[76,667,191],"business_type":[17,18],"lilypad":[],"context":[],"industry":[],"persona":[54,57],"imagine_tag":[],"coauthors":[999],"class_list":["post-3359","post","type-post","status-publish","format-standard","has-post-thumbnail","hentry","category-digitale-transformation","category-kostenfreie-praxisleitfaeden","tag-digitalisierung","tag-foerderprogramme","tag-mittelstand","business_type-kleinunternehmer-handwerker","business_type-mittlere-unternehmen"],"sage_meta":{"region":"de-de","author_name":"Andreas Zipser","featured_image":"https:\/\/www.sage.com\/de-de\/blog\/wp-content\/uploads\/sites\/11\/2018\/03\/Digitalisierung_im_Mittelstand_vorantreiben-1024x683.jpg","imagine_tags":[]},"distributor_meta":false,"distributor_terms":false,"distributor_media":false,"distributor_original_site_name":"Sage Advice Deutschland","distributor_original_site_url":"https:\/\/www.sage.com\/de-de\/blog","push-errors":false,"_links":{"self":[{"href":"https:\/\/www.sage.com\/de-de\/blog\/api\/wp\/v2\/posts\/3359","targetHints":{"allow":["GET"]}}],"collection":[{"href":"https:\/\/www.sage.com\/de-de\/blog\/api\/wp\/v2\/posts"}],"about":[{"href":"https:\/\/www.sage.com\/de-de\/blog\/api\/wp\/v2\/types\/post"}],"author":[{"embeddable":true,"href":"https:\/\/www.sage.com\/de-de\/blog\/api\/wp\/v2\/users\/588"}],"replies":[{"embeddable":true,"href":"https:\/\/www.sage.com\/de-de\/blog\/api\/wp\/v2\/comments?post=3359"}],"version-history":[{"count":0,"href":"https:\/\/www.sage.com\/de-de\/blog\/api\/wp\/v2\/posts\/3359\/revisions"}],"wp:featuredmedia":[{"embeddable":true,"href":"https:\/\/www.sage.com\/de-de\/blog\/api\/wp\/v2\/media\/3361"}],"wp:attachment":[{"href":"https:\/\/www.sage.com\/de-de\/blog\/api\/wp\/v2\/media?parent=3359"}],"wp:term":[{"taxonomy":"category","embeddable":true,"href":"https:\/\/www.sage.com\/de-de\/blog\/api\/wp\/v2\/categories?post=3359"},{"taxonomy":"post_tag","embeddable":true,"href":"https:\/\/www.sage.com\/de-de\/blog\/api\/wp\/v2\/tags?post=3359"},{"taxonomy":"business_type","embeddable":true,"href":"https:\/\/www.sage.com\/de-de\/blog\/api\/wp\/v2\/business_type?post=3359"},{"taxonomy":"lilypad","embeddable":true,"href":"https:\/\/www.sage.com\/de-de\/blog\/api\/wp\/v2\/lilypad?post=3359"},{"taxonomy":"context","embeddable":true,"href":"https:\/\/www.sage.com\/de-de\/blog\/api\/wp\/v2\/context?post=3359"},{"taxonomy":"industry","embeddable":true,"href":"https:\/\/www.sage.com\/de-de\/blog\/api\/wp\/v2\/industry?post=3359"},{"taxonomy":"persona","embeddable":true,"href":"https:\/\/www.sage.com\/de-de\/blog\/api\/wp\/v2\/persona?post=3359"},{"taxonomy":"imagine_tag","embeddable":true,"href":"https:\/\/www.sage.com\/de-de\/blog\/api\/wp\/v2\/imagine_tag?post=3359"},{"taxonomy":"author","embeddable":true,"href":"https:\/\/www.sage.com\/de-de\/blog\/api\/wp\/v2\/coauthors?post=3359"}],"curies":[{"name":"wp","href":"https:\/\/api.w.org\/{rel}","templated":true}]}}