{"id":3395,"date":"2018-09-16T00:00:00","date_gmt":"2018-09-15T22:00:00","guid":{"rendered":"https:\/\/www.sage.com\/de-de\/blog\/?p=3395"},"modified":"2026-01-22T15:57:42","modified_gmt":"2026-01-22T14:57:42","slug":"wirtschaftsfaktor-cloud-infografik-spezial-mit-sicherheit-in-die-cloud-teil-6","status":"publish","type":"post","link":"https:\/\/www.sage.com\/de-de\/blog\/wirtschaftsfaktor-cloud-infografik-spezial-mit-sicherheit-in-die-cloud-teil-6\/","title":{"rendered":"Wirtschaftsfaktor Cloud"},"content":{"rendered":"<header class=\"entry-header has-dark-background-color entry-header--has-illustration entry-header--has-illustration--generic\">\n\t<div class=\"container\">\n\t\t<div class=\"entry-header__row row align-center\">\n\t\t\t<div class=\"col col-lg-7 col-xlg-6 entry-header__content\">\n\t\t\t\t\t\t\t<div class=\"component component-single-header\">\n\t\t\t\t\t\t\t\t\t\t<div class=\"entry-header__misc text--subtitle text--uppercase text--small\">\n\t\t\t\t\t\t\t<a href=\"https:\/\/www.sage.com\/de-de\/blog\/kategorie\/recht-steuern-finanzen\/\" class=\"entry-header__link\">Recht, Steuern und Finanzen<\/a>\t\t\t\t\t\t<\/div>\n\t\t\t\t\n\t\t\t\t<div class=\"entry-title-wrapper\">\n\t\t\t\t\t<h1 class=\"entry-title\">\n\t\t\t\t\t\tWirtschaftsfaktor Cloud\t\t\t\t\t<\/h1>\n\t\t\t\t<\/div>\n\n\t\t\t\t\t\t\t\t\t<p class=\"entry-header__description\">\n\t\t\t\t\t\t\t\t\t\t\t<\/p>\n\t\t\t\t\n\t\t\t\t\n\t\t\t\t\n\t\t\t<\/div>\n\n\t\t\t\t\t<\/div>\n\t\t\t\t\t<\/div>\n\t<\/div>\n\t<div class=\"single-post-details container\">\n\t\t<div class=\"col\">\n\t\t\t<span class=\"posted-on \"><time class=\"entry-date published\" datetime=\"2018-09-16T00:00:00+02:00\">16. September 2018<\/time><\/span><span class=\"reading-time\"> Minuten zu lesen<\/span>\n\t\t<button\n\t\t\ttype=\"button\"\n\t\t\tclass=\"social-share-button button button--icon button--secondary js-social-share-button\"\n\t\t\tdata-share-title=\"Wirtschaftsfaktor Cloud\"\n\t\t\tdata-share-url=\"https:\/\/www.sage.com\/de-de\/blog\/wirtschaftsfaktor-cloud-infografik-spezial-mit-sicherheit-in-die-cloud-teil-6\/\"\n\t\t\tdata-share-text=\"Bitte lesen Sie diesen interessanten Artikel\"\n\t\t>\n\t\t\t<span class=\"social-share-button__share-label\">Teilen<\/span>\n\t\t\t<span class=\"social-share-button__copy-label\" hidden>Link kopieren<\/span>\n\t\t\t<span class=\"social-share-button__copy-tooltip\" aria-hidden=\"true\" hidden>Kopiert<\/span>\n\t\t<\/button>\n\n\t\t\t\t<\/div>\n\t<\/div>\n<\/header>\n\n\n\n<div class=\"wp-block-post-author has-dark-background-color alignfull\">\n\t<div class=\"container\">\n\t\t<div class=\"col\">\n\t\t\t\t\t\t\t<div class=\"co-authors\">\n\t\t\t\t\t\n\t\t<div class=\"entry-author-wrapper\">\n\t\t\t<a class=\"entry-author\" href=\"https:\/\/www.sage.com\/de-de\/blog\/author\/sageredakion\/\">\n\t\t\t\t<img loading=\"lazy\" decoding=\"async\" width=\"40\" height=\"40\" src=\"https:\/\/www.sage.com\/de-de\/blog\/wp-content\/uploads\/sites\/11\/2022\/05\/Sage-Advice-YT-logo-1-350x350.png\" class=\"entry-author__image\" alt=\"\" srcset=\"https:\/\/www.sage.com\/de-de\/blog\/wp-content\/uploads\/sites\/11\/2022\/05\/Sage-Advice-YT-logo-1-350x350.png 350w, https:\/\/www.sage.com\/de-de\/blog\/wp-content\/uploads\/sites\/11\/2022\/05\/Sage-Advice-YT-logo-1.png 500w\" sizes=\"auto, (max-width: 40px) 100vw, 40px\" \/>\t\t\t\t<span class=\"entry-author__name\">Sage Redaktion<\/span>\n\t\t\t<\/a>\n\n\t\t\t\t\t<\/div>\n\n\t\t\t\t\t\t<\/div>\n\t\t\t\t\t<\/div>\n\t<\/div>\n<\/div>\n\n\n\n\n\n<p>Wolke, Wirtschaft, Wachstum &#8211; das ist der moderne Dreiklang erfolgreicher Unternehmen. Die Arbeit mit und in der Cloud hat sich zu einem enormen Wirtschaftsfaktor entwickelt, weltweit investieren Unternehmen kr\u00e4ftig in das Cloud Computing. F\u00fcr das Jahr 2017 wird mit einer Gesamt-Investitionssumme von 105 Millionen US-Dollar gerechnet &#8211; Tendenz weiter stark steigend. Das verwundert nicht, betrachtet man gleichzeitig das gewaltige Wirtschaftswachstum von 272 Milliarden US-Dollar weltweit, das auf cloudbasierten Ums\u00e4tzen fu\u00dft. <strong>Mit Cloudcomputing die Zukunft sichern<\/strong><\/p>\n\n\n\n<p>&nbsp;<\/p>\n\n\n\n<figure class=\"wp-block-image aligncenter\"><img loading=\"lazy\" decoding=\"async\" width=\"356\" height=\"2560\" src=\"https:\/\/www.sage.com\/de-de\/blog\/wp-content\/uploads\/sites\/11\/2018\/09\/infografikCloud_Wirtschaftsfaktor-scaled.jpeg\" alt=\"Wirtschaftsfaktor Cloud\" class=\"wp-image-9083\" srcset=\"https:\/\/www.sage.com\/de-de\/blog\/wp-content\/uploads\/sites\/11\/2018\/09\/infografikCloud_Wirtschaftsfaktor-scaled.jpeg 356w, https:\/\/www.sage.com\/de-de\/blog\/wp-content\/uploads\/sites\/11\/2018\/09\/infografikCloud_Wirtschaftsfaktor-107x768.jpeg 107w, https:\/\/www.sage.com\/de-de\/blog\/wp-content\/uploads\/sites\/11\/2018\/09\/infografikCloud_Wirtschaftsfaktor-768x5525.jpeg 768w, https:\/\/www.sage.com\/de-de\/blog\/wp-content\/uploads\/sites\/11\/2018\/09\/infografikCloud_Wirtschaftsfaktor-285x2048.jpeg 285w\" sizes=\"auto, (max-width: 356px) 100vw, 356px\" \/><\/figure>\n\n\n\n<p><\/p>\n\n\n\n<h2 class=\"wp-block-heading\" id=\"h-kurve-zeigt-steil-nach-oben\">Kurve zeigt steil nach oben<\/h2>\n\n\n\n<p>Ganz \u00e4hnlich sieht die Entwicklung beim Thema Arbeitspl\u00e4tze aus, denn auch als Jobmotor weist das Cloud Computing spektakul\u00e4re Zahlen auf. Eine Million Jobs entstanden bisher rund um die Wolke. Allein in Deutschland geht man von 10.000 neuen Jobs aus, die wiederum bis zu 16.000 indirekt betroffene Jobs nach sich gezogen haben. Weitere Steigerungen werden erwartet.<\/p>\n\n\n\n<h2 class=\"wp-block-heading\" id=\"h-cloudnutzer-benennen-die-vorteile\">Cloudnutzer benennen die Vorteile<\/h2>\n\n\n\n<p>Aber wieso das Ganze? Was macht die Wolke so unwiderstehlich f\u00fcr Unternehmen? In der IDC-Studie \u00bbThe Salesforce Economy\u00ab aus dem Jahr 2015 antworten Firmenchefs und Cloud-Kunden auf diese Fragen mit beeindruckenden Zahlen. 60% sagten, dass ihre Ums\u00e4tze dank der Cloud gestiegen seien. 28% der Befragten gaben an, dass die Cloud ihnen auf vielerlei Weise dabei helfe, ihre Kosten zu senken. Einen Anstieg der Produktivit\u00e4t verzeichneten 13% der Kunden, die Angebote der Cloud nutzten.<\/p>\n\n\n\n<h2 class=\"wp-block-heading\" id=\"h-schneller-einfacher-sicherer\">Schneller, einfacher, sicherer<\/h2>\n\n\n\n<p>Neben den reinen Wirtschaftszahlen sch\u00e4tzen Unternehmen aber noch weitere wichtige Faktoren. Das verwundert nicht, denn<strong> <a href=\"https:\/\/www.sage.com\/de-de\/finanzbuchhaltung-software\/\" target=\"_blank\" rel=\"noopener noreferrer\">Cloud-Anwendungen<\/a><\/strong> erleichtern die t\u00e4gliche Arbeit ihrer Nutzer ungemein. L\u00e4stige Routineaufgaben und aufwendige Systemwartungen fallen weg, weil sich die Experten der Anbieter darum k\u00fcmmern. Die Profis garantieren dar\u00fcber hinaus h\u00f6chste <strong><a href=\"https:\/\/www.sage.com\/de-de\/blog\/online-buchhaltung-diese-vorbehalte-gilt-es-zu-zerstreuen\/\">Sicherheitsstandards<\/a> <\/strong>und stellen in ihren Angeboten stets die neueste Technik bereit.<\/p>\n\n\n\n<h2 class=\"wp-block-heading\" id=\"h-frei-werdende-kapazitaten-fur-neues-nutzen\"><strong>Frei werdende Kapazit\u00e4ten f\u00fcr Neues nutzen<\/strong><\/h2>\n\n\n\n<p>Damit bereitet Cloudcomputing auch den Weg f\u00fcr Innovationen. Befreit von Routinearbeiten gewinnen vor allem IT-Abteilungen, aber auch andere Kollegen Zeit und Kraft, sich vermehrt Neuentwicklungen zu widmen.<\/p>\n\n\n\n<p><mark class=\"highlight-and-share\">Cloudcomputing ist Zukunftsarbeit &#8211; in vielen Bereichen. Unsere Grafik zeigt Ihnen, wie sich der Markt entwickelt und welche Errungenschaften Unternehmen daran besonders sch\u00e4tzen.<\/mark><\/p>\n\n\n\n<h2 class=\"wp-block-heading\" id=\"h-unser-spezial-mit-sicherheit-in-die-cloud\">Unser Spezial \u201eMit Sicherheit in die Cloud&#8221;:<\/h2>\n\n\n\n<p>Das Thema Cloudtechnologie ist in aller Munde, die Erleichterungen, die ein flexibler Zugriff auf Informationen, Daten und Dokumente mit sich bringt, ist charmant wie nie genauso wie die damit einhergehenden Arbeitserleichterungen. Dennoch muss man sich mit einigen Anforderungen an Datensicherheit und Datenschutz auseinandersetzen. Neben den Haftungsanforderungen beantworten wir in unserem Spezial \u201eMit Sicherheit in die Cloud&#8221; in den folgenden Beitr\u00e4gen Fragen wie:<\/p>\n\n\n\n<ul class=\"wp-block-list\">\n<li><a href=\"https:\/\/www.sage.com\/de-de\/blog\/wer-haftet-bei-buchhaltung-in-der-cloud-spezial-mit-sicherheit-in-die-cloud-teil-1\/\">Wer haftet bei Buchhaltung aus der Cloud?<\/a><\/li>\n\n\n\n<li><a href=\"https:\/\/www.sage.com\/de-de\/blog\/cloud-oder-server-welche-loesung-ist-fuer-sie-die-richtige-infografik-spezial-mit-sicherheit-in-die-cloud-teil-2\/\">Cloud oder Server &#8211; Welche L\u00f6sung ist f\u00fcr Sie die richtige?<\/a><\/li>\n\n\n\n<li><a href=\"https:\/\/www.sage.com\/de-de\/blog\/rechtliche-aspekte-des-cloud-computing-spezial-mit-sicherheit-in-die-cloud-teil-4\/\">Rechtliche Aspekte im Cloud Computing<\/a><\/li>\n\n\n\n<li><a href=\"https:\/\/www.sage.com\/de-de\/blog\/gross-oder-klein-fuer-welche-unternehmen-eignet-sich-eigentlich-die-cloud-spezial-mit-sicherheit-in-die-cloud-teil-3\/\">Gro\u00df oder Klein &#8211; f\u00fcr welche Unternehmen eignet sich die Cloud?<\/a><\/li>\n\n\n\n<li><a href=\"https:\/\/www.sage.com\/de-de\/blog\/fakten-versus-wolkenaengste-infografik-spezial-mit-sicherheit-in-die-cloud-teil-5\/\">Fakten vs. Wolken\u00e4ngste<\/a><\/li>\n<\/ul>\n\n\n\n<div class=\"single-cta gated-content\">\n\t<div class=\"single-cta__positioner\">\n\t\t<div class=\"single-cta__wrapper has-dark-background-color\">\n\t\t\t<div class=\"single-cta__content\">\n\t\t\t\t\t\t\t\t<h2 class=\"single-cta__title h3\">e-Book: Datenschutz &amp; Datensicherheit in der Cloud<\/h2>\n\n\t\t\t\t\t\t\t\t\t<div class=\"single-cta__description\">\n\t\t\t\t\t\t<p>So wird die Cloud zur sicheren Erfolgsgeschichte<\/p>\n\t\t\t\t\t<\/div>\n\t\t\t\t\n\t\t\t\t\t\t\t\t\t\t\t\t\t\t<a\n\t\t\t\t\t\thref=\"#gate-1c2ceb45-a3eb-4092-abe3-490af73b0559\"\n\t\t\t\t\t\tclass=\"single-cta__button button button--primary\"\n\t\t\t\t\t\t\t\t\t\t\t\t\t\t\t\t\t>Jetzt kostenfrei laden<\/a>\n\t\t\t\t\t\t\t<\/div>\n\n\t\t\t\t\t<\/div>\n\n\t\t\t\t\t<img decoding=\"async\" width=\"1064\" height=\"810\" src=\"https:\/\/www.sage.com\/de-de\/blog\/wp-content\/uploads\/sites\/11\/2018\/03\/GettyImages-683807936_super-1064x810.jpg\" class=\"single-cta__image\" alt=\"Cloud Datenschutz\" loading=\"lazy\" srcset=\"https:\/\/www.sage.com\/de-de\/blog\/wp-content\/uploads\/sites\/11\/2018\/03\/GettyImages-683807936_super-1064x810.jpg 1064w\" sizes=\"auto, (min-width: 48em) 33vw, 100vw\" \/>\t\t\t<\/div>\n<\/div>\n\n\n<div class=\"single-cta\">\n\t<div class=\"single-cta__positioner\">\n\t\t<div class=\"single-cta__wrapper has-dark-background-color\">\n\t\t\t<div class=\"single-cta__content\">\n\t\t\t\t\t\t\t\t<h2 class=\"single-cta__title h3\">2026: Alle neuen Gesetze immer im Blick<\/h2>\n\n\t\t\t\t\t\t\t\t\t<div class=\"single-cta__description\">\n\t\t\t\t\t\t<p><!-- wp:paragraph --><\/p>\n<p><strong>Bleiben Sie informiert &#8211; mit unserem Newsletter<\/strong> 1x im Monat<\/p>\n<p><!-- \/wp:paragraph --><\/p>\n<p><!-- wp:list --><\/p>\n<ul class=\"wp-block-list\"><!-- wp:list-item --><\/p>\n<li>Neue Trends aus der Arbeitswelt<\/li>\n<p><!-- \/wp:list-item --><\/p>\n<p><!-- wp:list-item --><\/p>\n<li>Aktuelle Urteile verst\u00e4ndlich erkl\u00e4rt<\/li>\n<p><!-- \/wp:list-item --><\/p>\n<p><!-- wp:list-item --><\/p>\n<li>Tipps zu Recht, Steuern &amp; Finanzen<\/li>\n<p><!-- \/wp:list-item --><\/p>\n<p><!-- wp:list-item --><\/p>\n<li>Experten-Interviews, Studien u.v.m<\/li>\n<p><!-- \/wp:list-item --><\/ul>\n<p><!-- \/wp:list --><\/p>\n\t\t\t\t\t<\/div>\n\t\t\t\t\n\t\t\t\t\t\t\t\t\t\t\t\t\t\t<a\n\t\t\t\t\t\thref=\"#gate-a59880de-3d38-4b82-914c-ffa16bab6ae7\"\n\t\t\t\t\t\tclass=\"single-cta__button button button--primary\"\n\t\t\t\t\t\t\t\t\t\t\t\t\t\t\t\t\t>Newsletter abonnieren<\/a>\n\t\t\t\t\t\t\t<\/div>\n\n\t\t\t\t\t<\/div>\n\n\t\t\t\t\t<img decoding=\"async\" width=\"1215\" height=\"810\" src=\"https:\/\/www.sage.com\/de-de\/blog\/wp-content\/uploads\/sites\/11\/2023\/09\/GettyImages-1277533180-1215x810.jpg\" class=\"single-cta__image\" alt=\"\" loading=\"lazy\" srcset=\"https:\/\/www.sage.com\/de-de\/blog\/wp-content\/uploads\/sites\/11\/2023\/09\/GettyImages-1277533180-1215x810.jpg 1215w\" sizes=\"auto, (min-width: 48em) 33vw, 100vw\" \/>\t\t\t<\/div>\n<\/div>\n","protected":false},"excerpt":{"rendered":"<p>Wolke, Wirtschaft, Wachstum &#8211; das ist der moderne Dreiklang erfolgreicher Unternehmen. Die Arbeit mit und in der Cloud hat sich zu einem enormen Wirtschaftsfaktor entwickelt, weltweit investieren Unternehmen kr\u00e4ftig in das Cloud Computing. F\u00fcr das Jahr 2017 wird mit einer Gesamt-Investitionssumme von 105 Millionen US-Dollar gerechnet &#8211; Tendenz weiter stark steigend. Das verwundert nicht, betrachtet [&hellip;]<\/p>\n","protected":false},"author":545,"featured_media":3044,"comment_status":"open","ping_status":"closed","sticky":false,"template":"","format":"standard","meta":{"_sage_video":false,"post_featured_image_hide":false,"footnotes":""},"categories":[65],"tags":[84,670,85],"business_type":[17,18],"lilypad":[],"context":[],"industry":[],"persona":[58,54,57,59],"imagine_tag":[32,33,39,41,40,38],"coauthors":[973],"class_list":["post-3395","post","type-post","status-publish","format-standard","has-post-thumbnail","hentry","category-recht-steuern-finanzen","tag-buchhaltung","tag-business-cloud","tag-cloud","business_type-kleinunternehmer-handwerker","business_type-mittlere-unternehmen"],"sage_meta":{"region":"de-de","author_name":"Sage Redaktion","featured_image":"https:\/\/www.sage.com\/de-de\/blog\/wp-content\/uploads\/sites\/11\/2018\/03\/1stCloudAccounting_GL_110815-549.jpg","imagine_tags":{"32":"Buchhaltung","33":"Finanzen","39":"Kleine Unternehmen","41":"Mittelstand","40":"Mittlere Unternehmen","38":"Start-Ups"}},"distributor_meta":false,"distributor_terms":false,"distributor_media":false,"distributor_original_site_name":"Sage Advice Deutschland","distributor_original_site_url":"https:\/\/www.sage.com\/de-de\/blog","push-errors":false,"_links":{"self":[{"href":"https:\/\/www.sage.com\/de-de\/blog\/api\/wp\/v2\/posts\/3395","targetHints":{"allow":["GET"]}}],"collection":[{"href":"https:\/\/www.sage.com\/de-de\/blog\/api\/wp\/v2\/posts"}],"about":[{"href":"https:\/\/www.sage.com\/de-de\/blog\/api\/wp\/v2\/types\/post"}],"author":[{"embeddable":true,"href":"https:\/\/www.sage.com\/de-de\/blog\/api\/wp\/v2\/users\/545"}],"replies":[{"embeddable":true,"href":"https:\/\/www.sage.com\/de-de\/blog\/api\/wp\/v2\/comments?post=3395"}],"version-history":[{"count":0,"href":"https:\/\/www.sage.com\/de-de\/blog\/api\/wp\/v2\/posts\/3395\/revisions"}],"wp:featuredmedia":[{"embeddable":true,"href":"https:\/\/www.sage.com\/de-de\/blog\/api\/wp\/v2\/media\/3044"}],"wp:attachment":[{"href":"https:\/\/www.sage.com\/de-de\/blog\/api\/wp\/v2\/media?parent=3395"}],"wp:term":[{"taxonomy":"category","embeddable":true,"href":"https:\/\/www.sage.com\/de-de\/blog\/api\/wp\/v2\/categories?post=3395"},{"taxonomy":"post_tag","embeddable":true,"href":"https:\/\/www.sage.com\/de-de\/blog\/api\/wp\/v2\/tags?post=3395"},{"taxonomy":"business_type","embeddable":true,"href":"https:\/\/www.sage.com\/de-de\/blog\/api\/wp\/v2\/business_type?post=3395"},{"taxonomy":"lilypad","embeddable":true,"href":"https:\/\/www.sage.com\/de-de\/blog\/api\/wp\/v2\/lilypad?post=3395"},{"taxonomy":"context","embeddable":true,"href":"https:\/\/www.sage.com\/de-de\/blog\/api\/wp\/v2\/context?post=3395"},{"taxonomy":"industry","embeddable":true,"href":"https:\/\/www.sage.com\/de-de\/blog\/api\/wp\/v2\/industry?post=3395"},{"taxonomy":"persona","embeddable":true,"href":"https:\/\/www.sage.com\/de-de\/blog\/api\/wp\/v2\/persona?post=3395"},{"taxonomy":"imagine_tag","embeddable":true,"href":"https:\/\/www.sage.com\/de-de\/blog\/api\/wp\/v2\/imagine_tag?post=3395"},{"taxonomy":"author","embeddable":true,"href":"https:\/\/www.sage.com\/de-de\/blog\/api\/wp\/v2\/coauthors?post=3395"}],"curies":[{"name":"wp","href":"https:\/\/api.w.org\/{rel}","templated":true}]}}