{"id":5536,"date":"2019-02-21T10:28:37","date_gmt":"2019-02-21T09:28:37","guid":{"rendered":"https:\/\/www.sage.com\/de-de\/blog\/?p=5536"},"modified":"2026-01-22T15:53:11","modified_gmt":"2026-01-22T14:53:11","slug":"kuenstliche-intelligenz-als-rechtspersoenlichkeit-wer-haftet-eigentlich-fuer-fehler","status":"publish","type":"post","link":"https:\/\/www.sage.com\/de-de\/blog\/kuenstliche-intelligenz-als-rechtspersoenlichkeit-wer-haftet-eigentlich-fuer-fehler\/","title":{"rendered":"K\u00fcnstliche Intelligenz als Rechtspers\u00f6nlichkeit? Wer haftet eigentlich f\u00fcr Fehler?"},"content":{"rendered":"<header class=\"entry-header has-dark-background-color entry-header--has-illustration entry-header--has-illustration--generic\">\n\t<div class=\"container\">\n\t\t<div class=\"entry-header__row row align-center\">\n\t\t\t<div class=\"col col-lg-7 col-xlg-6 entry-header__content\">\n\t\t\t\t\t\t\t<div class=\"component component-single-header\">\n\t\t\t\t\t\t\t\t\t\t<div class=\"entry-header__misc text--subtitle text--uppercase text--small\">\n\t\t\t\t\t\t\t<a href=\"https:\/\/www.sage.com\/de-de\/blog\/kategorie\/digitale-transformation\/\" class=\"entry-header__link\">Digitale Transformation<\/a>\t\t\t\t\t\t<\/div>\n\t\t\t\t\n\t\t\t\t<div class=\"entry-title-wrapper\">\n\t\t\t\t\t<h1 class=\"entry-title\">\n\t\t\t\t\t\tK\u00fcnstliche Intelligenz als Rechtspers\u00f6nlichkeit? Wer haftet eigentlich f\u00fcr Fehler?\t\t\t\t\t<\/h1>\n\t\t\t\t<\/div>\n\n\t\t\t\t\t\t\t\t\t<p class=\"entry-header__description\">\n\t\t\t\t\t\t\t\t\t\t\t<\/p>\n\t\t\t\t\n\t\t\t\t\n\t\t\t\t\n\t\t\t<\/div>\n\n\t\t\t\t\t<\/div>\n\t\t\t\t\t<\/div>\n\t<\/div>\n\t<div class=\"single-post-details container\">\n\t\t<div class=\"col\">\n\t\t\t<span class=\"posted-on \"><time class=\"entry-date published\" datetime=\"2019-02-21T10:28:37+01:00\">21. February 2019<\/time><\/span><span class=\"reading-time\"> Minuten zu lesen<\/span>\n\t\t<button\n\t\t\ttype=\"button\"\n\t\t\tclass=\"social-share-button button button--icon button--secondary js-social-share-button\"\n\t\t\tdata-share-title=\"K\u00fcnstliche Intelligenz als Rechtspers\u00f6nlichkeit? Wer haftet eigentlich f\u00fcr Fehler?\"\n\t\t\tdata-share-url=\"https:\/\/www.sage.com\/de-de\/blog\/kuenstliche-intelligenz-als-rechtspersoenlichkeit-wer-haftet-eigentlich-fuer-fehler\/\"\n\t\t\tdata-share-text=\"Bitte lesen Sie diesen interessanten Artikel\"\n\t\t>\n\t\t\t<span class=\"social-share-button__share-label\">Teilen<\/span>\n\t\t\t<span class=\"social-share-button__copy-label\" hidden>Link kopieren<\/span>\n\t\t\t<span class=\"social-share-button__copy-tooltip\" aria-hidden=\"true\" hidden>Kopiert<\/span>\n\t\t<\/button>\n\n\t\t\t\t<\/div>\n\t<\/div>\n<\/header>\n\n\n\n<div class=\"wp-block-post-author has-dark-background-color alignfull\">\n\t<div class=\"container\">\n\t\t<div class=\"col\">\n\t\t\t\t\t\t\t<div class=\"co-authors\">\n\t\t\t\t\t\n\t\t<div class=\"entry-author-wrapper\">\n\t\t\t<a class=\"entry-author\" href=\"https:\/\/www.sage.com\/de-de\/blog\/author\/oliverhenrich\/\">\n\t\t\t\t<img loading=\"lazy\" decoding=\"async\" width=\"40\" height=\"40\" src=\"https:\/\/www.sage.com\/de-de\/blog\/wp-content\/uploads\/sites\/11\/2021\/09\/oliver-rozic-screen-350x350.jpg\" class=\"entry-author__image\" alt=\"\" \/>\t\t\t\t<span class=\"entry-author__name\">Oliver Rozi\u0107<\/span>\n\t\t\t<\/a>\n\n\t\t\t\t\t<\/div>\n\n\t\t\t\t\t\t<\/div>\n\t\t\t\t\t<\/div>\n\t<\/div>\n<\/div>\n\n\n\n\n\n<p><strong>Im M\u00e4rz 2018 verungl\u00fcckte ein Roboterauto von Uber mit schweren Folgen. Ereignisse wie diese lassen Rufe nach gesetzlichen Regelungen von K\u00fcnstlicher Intelligenz (KI) laut werden: Wer haftet eigentlich f\u00fcr die Fehler von KI? Haben wir es mit einer eigenen Rechtspers\u00f6nlichkeit zu tun? <\/strong><\/p>\n\n\n\n<p><a href=\"https:\/\/www.sage.com\/de-de\/blog\/kuenstliche-intelligenz-und-ethische-dimension-geht-das\/\">Neben den ethischen Dimensionen, also den Sorgfaltspflichten gegen\u00fcber Mitarbeitern, Kunden und Interessenten beim Einsatz von K\u00fcnstlicher Intelligenz<\/a>, sind es vor allem Haftungsfragen, die eine neue Relevanz bekommen. Fragen danach, inwieweit Maschinen und Roboter zur Verantwortung zu ziehen sind und inwieweit eine Schuldf\u00e4higkeit besteht. Die Grundfrage, die dahintersteht ist, ob K\u00fcnstliche Intelligenz als Rechtspers\u00f6nlichkeit anerkannt und behandelt wird.<\/p>\n\n\n\n<h2 class=\"wp-block-heading\" id=\"h-d-ie-probleme-von-kunstlicher-intelligenz-als-rechtspersonlichkeit\"><strong>D<\/strong><strong>ie Probleme von K\u00fcnstlicher Intelligenz als Rechtspers\u00f6nlichkeit<\/strong><\/h2>\n\n\n\n<p>Derzeit sind laut Gesetz nat\u00fcrliche Personen, juristische Personen und bestimmte Personenvereinigungen als rechtsf\u00e4hig anerkannt. Wenn KI hinzuk\u00e4me, w\u00fcrde das einen zentralen Paradigmenwechsel in Gang setzen.<\/p>\n\n\n\n<p>In einem maschinen-\u00fcbergreifenden Haftungsrechtssystem m\u00fcsste diese zun\u00e4chst mit Startkapital ausgestattet werden, von dem aus die Maschine Haftungssch\u00e4den bezahlt. Damit gehen zahlreiche Probleme einher: Woher kommt das Kapital und wie hoch ist es? Zudem entsteht das Problem, dass diese Form der \u201eStrafe\u201c durch Haftung keinen Einfluss auf die \u201eMoral\u201c der Maschine hat. Sie k\u00f6nnte ihr Verhalten lediglich gem\u00e4\u00df Trial and Error-Prinzip optimieren. Die Behandlung von KI als eigene Rechtspers\u00f6nlichkeit wirkt insgesamt nicht salonf\u00e4hig und wird von Experten abgelehnt. Joachim M\u00fcller, Vorstandsvorsitzender der Allianz Versicherungs-AG, wei\u00df: \u201eF\u00fcr die Folgen ihres Handelns k\u00f6nnen Maschinen derzeit rechtlich aber nicht verantwortlich gemacht werden\u201c.<\/p>\n\n\n\n<h2 class=\"wp-block-heading\" id=\"h-das-bestehende-recht-ist-ausreichend\">Das bestehende Recht ist ausreichend<\/h2>\n\n\n\n<p>Obwohl vermehrt rechtliche Unsicherheiten in den Fokus treten, plant das Bundesjustizministerium in dieser Hinsicht derzeit keine Revolutionen. Auch Stephan Lorenz, Lehrstuhlinhaber f\u00fcr B\u00fcrgerliches Recht und Internationales Privatrecht an der Ludwig-Maximilians-Universit\u00e4t in M\u00fcnchen, h\u00e4lt geltende Bestimmungen zur Gef\u00e4hrdungshaftung f\u00fcr ausreichend und geeignet f\u00fcr die Etablierung von KI.<\/p>\n\n\n\n<p>Diese Bestimmungen sehen vor, dass derjenige, der den Nutzen aus dem Einsatz einer gef\u00e4hrlichen Sache zieht, auch daf\u00fcr haftet \u2013 unabh\u00e4ngig von der Ursache des entstandenen Schadens. Ob also Mensch oder Maschine einen Fehler macht, ist zun\u00e4chst egal. Laut Joachim M\u00fcller wird Herstellerhaftung, auch von Softwareherstellern, das zentrale Thema von KI im Rechtsbereich.<\/p>\n\n\n\n<div class=\"single-cta gated-content\">\n\t<div class=\"single-cta__positioner\">\n\t\t<div class=\"single-cta__wrapper has-dark-background-color\">\n\t\t\t<div class=\"single-cta__content\">\n\t\t\t\t\t\t\t\t<h2 class=\"single-cta__title h3\">K\u00fcnstliche Intelligenz in Unternehmen<\/h2>\n\n\t\t\t\t\t\t\t\t\t<div class=\"single-cta__description\">\n\t\t\t\t\t\t<h2>Wie kann die Wirtschaft von dieser\u00a0Technologie profitieren?<\/h2>\n<ul>\n<li><span style=\"color: #ffffff\">Freund oder Feind?<\/span><\/li>\n<li><span style=\"color: #ffffff\">Wachstumsmotor?<\/span><\/li>\n<li><span style=\"color: #ffffff\">Potentiale!<\/span><\/li>\n<li><span style=\"color: #ffffff\">und was Sie bei der Einf\u00fchrung im Unternehmen beachten sollten!<\/span><\/li>\n<\/ul>\n\t\t\t\t\t<\/div>\n\t\t\t\t\n\t\t\t\t\t\t\t\t\t\t\t\t\t\t<a\n\t\t\t\t\t\thref=\"#gate-9dbdb4e3-72c3-431c-9a50-dd435f2c7c5e\"\n\t\t\t\t\t\tclass=\"single-cta__button button button--primary\"\n\t\t\t\t\t\t\t\t\t\t\t\t\t\t\t\t\t>Whitepaper laden<\/a>\n\t\t\t\t\t\t\t<\/div>\n\n\t\t\t\t\t<\/div>\n\n\t\t\t\t\t<img decoding=\"async\" width=\"1215\" height=\"810\" src=\"https:\/\/www.sage.com\/de-de\/blog\/wp-content\/uploads\/sites\/11\/2018\/12\/iStock-861148370-1215x810.jpg\" class=\"single-cta__image\" alt=\"\" loading=\"lazy\" srcset=\"https:\/\/www.sage.com\/de-de\/blog\/wp-content\/uploads\/sites\/11\/2018\/12\/iStock-861148370-1215x810.jpg 1215w\" sizes=\"auto, (min-width: 48em) 33vw, 100vw\" \/>\t\t\t<\/div>\n<\/div>\n\n\n\n<p>Daraus resultiert: Sofern keine Produktionsfehler bestehen, haftet im Beispiel eines Autounfalls der Fahrzeughalter. Ansonsten k\u00f6nnten Autohersteller in die Pflicht genommen werden. Laut EU-Kommission sind bislang 95 Prozent aller Verkehrsunf\u00e4lle auf menschliches Fehlverhalten zur\u00fcckzuf\u00fchren. Doch in Zukunft k\u00f6nnten Systemfehler beziehungsweise, \u201etechnisches Versagen\u201c als Unfallursache vermehrt auftreten.<\/p>\n\n\n\n<h2 class=\"wp-block-heading\" id=\"h-gesetze-zur-ethischen-einfuhrung-von-ki\">Gesetze zur ethischen Einf\u00fchrung von KI<\/h2>\n\n\n\n<p>Neben Haftungsfragen beziehen sich aktuelle Forderungen auch zunehmend darauf, Gesetze \u00fcber die ethische und rechtskonforme Entwicklung und Verwendung von KI zu erlassen. Denn einige Entwicklungen in der KI kommen mit Menschenrechten immer st\u00e4rker in Ber\u00fchrung, etwa wenn KI zur Vorhersage von Kriminalit\u00e4t oder in zur \u00dcberwachung des B\u00fcrgerverhaltens genutzt wird. Szenarien wie die algorithmische Ermittlung von Kreditw\u00fcrdigkeit k\u00f6nnen im Zweifelsfall mit dem Diskriminierungsverbot kollidieren. <a href=\"https:\/\/www.sage.com\/de-de\/blog\/ethikplan-kuenstliche-intelligenz-darauf-muessen-unternehmen-achten\/\">Auch Unternehmen sollten sich mit den rechtlichen und ethischen Fragen rund um KI auseinandersetzen.<\/a><\/p>\n\n\n\n<h2 class=\"wp-block-heading\" id=\"h-exkurs-ki-in-der-rechtsbranche\">Exkurs: KI in der Rechtsbranche<\/h2>\n\n\n\n<p>Spannend ist neben der Rechtslage von KI auch der Einsatz der Technologie in der Rechtsbranche, beziehungsweise Rechtsprechung selbst. Die Potentiale sind gro\u00df.&nbsp;KI-Algorithmen \u00fcbernehmen beispielsweise Routinearbeiten wie das Durchsuchen von Vertr\u00e4gen nach bestimmten Klauseln und Informationen. Sie kategorisieren diese, identifizieren Muster und finden l\u00fcckenhafte Stellen, an denen bestimmte Regelungen (m\u00f6glicherweise systematisch) fehlen.<\/p>\n\n\n\n<p>Das Durchsuchen von Ergebnislisten und juristischer Literatur geschieht nicht mehr nur nach Schlagw\u00f6rtern, sondern nach dem Aspekt der Relevanz. Die Auswertung von Gerichtsentscheidungen gibt Auskunft dar\u00fcber, wie bestimmte Richter urteilen, welche Argumente den Ausschlag f\u00fcr ein Urteil geben und wie hoch etwa die Wahrscheinlichkeit einer erfolgreichen Klage ist.<\/p>\n\n\n\n<p>Weitere Einsatzm\u00f6glichkeit: Zur Rechtsauskunft dienen praktische Chatbots, die mithilfe der Verarbeitung nat\u00fcrlicher Sprache die Anliegen von Klienten verstehen.<\/p>\n\n\n\n<h2 class=\"wp-block-heading\" id=\"h-kunstliche-intelligenz-als-nbsp-rechtspersonlichkeit\">K\u00fcnstliche Intelligenz als&nbsp; Rechtspers\u00f6nlichkeit?<\/h2>\n\n\n\n<p>KI sollte keine eigene Rechtspers\u00f6nlichkeit werden. Der Fokus sollte vielmehr auf Bestimmungen des aktuellen Rechtssystems liegen. Zus\u00e4tzliche Regelungen \u00fcber die rechtssichere Verwendung von KI verhindern Kollisionen mit ethischen und moralischen Grunds\u00e4tzen.<\/p>\n\n\n\n<p>Unternehmen, die KI-Technologien verwenden, sollten geltende gesetzliche Bestimmungen wie die Gef\u00e4hrdungshaftung f\u00fcr ihren spezifischen Anwendungsfall durchspielen. Das hilft, <a href=\"https:\/\/www.sage.com\/de-de\/blog\/ethikplan-ki-5-tipps-worauf-die-hr-abteilung-achten-sollte\/\">Verantwortlichkeiten zu kl\u00e4ren und nimmt Mitarbeitern die Scheu vor Zusammenarbeit und Kontakt mit ihren KI-Kollegen<\/a>.<\/p>\n\n\n<div class=\"single-cta\">\n\t<div class=\"single-cta__positioner\">\n\t\t<div class=\"single-cta__wrapper has-dark-background-color\">\n\t\t\t<div class=\"single-cta__content\">\n\t\t\t\t\t\t\t\t<h2 class=\"single-cta__title h3\">2026: Alle neuen Gesetze immer im Blick<\/h2>\n\n\t\t\t\t\t\t\t\t\t<div class=\"single-cta__description\">\n\t\t\t\t\t\t<p><!-- wp:paragraph --><\/p>\n<p><strong>Bleiben Sie informiert &#8211; mit unserem Newsletter<\/strong> 1x im Monat<\/p>\n<p><!-- \/wp:paragraph --><\/p>\n<p><!-- wp:list --><\/p>\n<ul class=\"wp-block-list\"><!-- wp:list-item --><\/p>\n<li>Neue Trends aus der Arbeitswelt<\/li>\n<p><!-- \/wp:list-item --><\/p>\n<p><!-- wp:list-item --><\/p>\n<li>Aktuelle Urteile verst\u00e4ndlich erkl\u00e4rt<\/li>\n<p><!-- \/wp:list-item --><\/p>\n<p><!-- wp:list-item --><\/p>\n<li>Tipps zu Recht, Steuern &amp; Finanzen<\/li>\n<p><!-- \/wp:list-item --><\/p>\n<p><!-- wp:list-item --><\/p>\n<li>Experten-Interviews, Studien u.v.m<\/li>\n<p><!-- \/wp:list-item --><\/ul>\n<p><!-- \/wp:list --><\/p>\n\t\t\t\t\t<\/div>\n\t\t\t\t\n\t\t\t\t\t\t\t\t\t\t\t\t\t\t<a\n\t\t\t\t\t\thref=\"#gate-a59880de-3d38-4b82-914c-ffa16bab6ae7\"\n\t\t\t\t\t\tclass=\"single-cta__button button button--primary\"\n\t\t\t\t\t\t\t\t\t\t\t\t\t\t\t\t\t>Newsletter abonnieren<\/a>\n\t\t\t\t\t\t\t<\/div>\n\n\t\t\t\t\t<\/div>\n\n\t\t\t\t\t<img decoding=\"async\" width=\"1215\" height=\"810\" src=\"https:\/\/www.sage.com\/de-de\/blog\/wp-content\/uploads\/sites\/11\/2023\/09\/GettyImages-1277533180-1215x810.jpg\" class=\"single-cta__image\" alt=\"\" loading=\"lazy\" srcset=\"https:\/\/www.sage.com\/de-de\/blog\/wp-content\/uploads\/sites\/11\/2023\/09\/GettyImages-1277533180-1215x810.jpg 1215w\" sizes=\"auto, (min-width: 48em) 33vw, 100vw\" \/>\t\t\t<\/div>\n<\/div>\n","protected":false},"excerpt":{"rendered":"<p>Im M\u00e4rz 2018 verungl\u00fcckte ein Roboterauto von Uber mit schweren Folgen. Ereignisse wie diese lassen Rufe nach gesetzlichen Regelungen von K\u00fcnstlicher Intelligenz (KI) laut werden: Wer haftet eigentlich f\u00fcr die Fehler von KI? Haben wir es mit einer eigenen Rechtspers\u00f6nlichkeit zu tun? Neben den ethischen Dimensionen, also den Sorgfaltspflichten gegen\u00fcber Mitarbeitern, Kunden und Interessenten beim [&hellip;]<\/p>\n","protected":false},"author":578,"featured_media":5537,"comment_status":"open","ping_status":"closed","sticky":false,"template":"","format":"standard","meta":{"_sage_video":false,"post_featured_image_hide":false,"footnotes":""},"categories":[15],"tags":[76,257],"business_type":[18],"lilypad":[],"context":[],"industry":[],"persona":[57,59],"imagine_tag":[34,33,37,40,24,29],"coauthors":[964],"class_list":["post-5536","post","type-post","status-publish","format-standard","has-post-thumbnail","hentry","category-digitale-transformation","tag-digitalisierung","tag-kuenstliche-intelligenz","business_type-mittlere-unternehmen"],"sage_meta":{"region":"de-de","author_name":"Oliver Rozi\u0107","featured_image":"https:\/\/www.sage.com\/de-de\/blog\/wp-content\/uploads\/sites\/11\/2019\/02\/iStock-531266212.jpg","imagine_tags":{"34":"ERP","33":"Finanzen","37":"HR","40":"Mittlere Unternehmen","24":"Sage Blog","29":"\u00dcber Sage"}},"distributor_meta":false,"distributor_terms":false,"distributor_media":false,"distributor_original_site_name":"Sage Advice Deutschland","distributor_original_site_url":"https:\/\/www.sage.com\/de-de\/blog","push-errors":false,"_links":{"self":[{"href":"https:\/\/www.sage.com\/de-de\/blog\/api\/wp\/v2\/posts\/5536","targetHints":{"allow":["GET"]}}],"collection":[{"href":"https:\/\/www.sage.com\/de-de\/blog\/api\/wp\/v2\/posts"}],"about":[{"href":"https:\/\/www.sage.com\/de-de\/blog\/api\/wp\/v2\/types\/post"}],"author":[{"embeddable":true,"href":"https:\/\/www.sage.com\/de-de\/blog\/api\/wp\/v2\/users\/578"}],"replies":[{"embeddable":true,"href":"https:\/\/www.sage.com\/de-de\/blog\/api\/wp\/v2\/comments?post=5536"}],"version-history":[{"count":0,"href":"https:\/\/www.sage.com\/de-de\/blog\/api\/wp\/v2\/posts\/5536\/revisions"}],"wp:featuredmedia":[{"embeddable":true,"href":"https:\/\/www.sage.com\/de-de\/blog\/api\/wp\/v2\/media\/5537"}],"wp:attachment":[{"href":"https:\/\/www.sage.com\/de-de\/blog\/api\/wp\/v2\/media?parent=5536"}],"wp:term":[{"taxonomy":"category","embeddable":true,"href":"https:\/\/www.sage.com\/de-de\/blog\/api\/wp\/v2\/categories?post=5536"},{"taxonomy":"post_tag","embeddable":true,"href":"https:\/\/www.sage.com\/de-de\/blog\/api\/wp\/v2\/tags?post=5536"},{"taxonomy":"business_type","embeddable":true,"href":"https:\/\/www.sage.com\/de-de\/blog\/api\/wp\/v2\/business_type?post=5536"},{"taxonomy":"lilypad","embeddable":true,"href":"https:\/\/www.sage.com\/de-de\/blog\/api\/wp\/v2\/lilypad?post=5536"},{"taxonomy":"context","embeddable":true,"href":"https:\/\/www.sage.com\/de-de\/blog\/api\/wp\/v2\/context?post=5536"},{"taxonomy":"industry","embeddable":true,"href":"https:\/\/www.sage.com\/de-de\/blog\/api\/wp\/v2\/industry?post=5536"},{"taxonomy":"persona","embeddable":true,"href":"https:\/\/www.sage.com\/de-de\/blog\/api\/wp\/v2\/persona?post=5536"},{"taxonomy":"imagine_tag","embeddable":true,"href":"https:\/\/www.sage.com\/de-de\/blog\/api\/wp\/v2\/imagine_tag?post=5536"},{"taxonomy":"author","embeddable":true,"href":"https:\/\/www.sage.com\/de-de\/blog\/api\/wp\/v2\/coauthors?post=5536"}],"curies":[{"name":"wp","href":"https:\/\/api.w.org\/{rel}","templated":true}]}}