{"id":5807,"date":"2019-06-12T08:00:13","date_gmt":"2019-06-12T06:00:13","guid":{"rendered":"https:\/\/www.sage.com\/de-de\/blog\/?p=5807"},"modified":"2026-01-22T15:49:36","modified_gmt":"2026-01-22T14:49:36","slug":"geraete-und-ausruestungsbranche-in-zeiten-des-fachkraeftemangels","status":"publish","type":"post","link":"https:\/\/www.sage.com\/de-de\/blog\/geraete-und-ausruestungsbranche-in-zeiten-des-fachkraeftemangels\/","title":{"rendered":"Ger\u00e4te- und Aus&shy;r\u00fcs&shy;tungs&shy;bran&shy;che in Zeiten des Fach&shy;kr\u00e4fte&shy;mangels"},"content":{"rendered":"<header class=\"entry-header has-dark-background-color entry-header--has-illustration entry-header--has-illustration--generic\">\n\t<div class=\"container\">\n\t\t<div class=\"entry-header__row row align-center\">\n\t\t\t<div class=\"col col-lg-7 col-xlg-6 entry-header__content\">\n\t\t\t\t\t\t\t<div class=\"component component-single-header\">\n\t\t\t\t\t\t\t\t\t\t<div class=\"entry-header__misc text--subtitle text--uppercase text--small\">\n\t\t\t\t\t\t\t<a href=\"https:\/\/www.sage.com\/de-de\/blog\/kategorie\/recht-steuern-finanzen\/\" class=\"entry-header__link\">Recht, Steuern und Finanzen<\/a>\t\t\t\t\t\t<\/div>\n\t\t\t\t\n\t\t\t\t<div class=\"entry-title-wrapper\">\n\t\t\t\t\t<h1 class=\"entry-title\">\n\t\t\t\t\t\tGer\u00e4te- und Aus&shy;r\u00fcs&shy;tungs&shy;bran&shy;che in Zeiten des Fach&shy;kr\u00e4fte&shy;mangels\t\t\t\t\t<\/h1>\n\t\t\t\t<\/div>\n\n\t\t\t\t\t\t\t\t\t<p class=\"entry-header__description\">\n\t\t\t\t\t\t\t\t\t\t\t<\/p>\n\t\t\t\t\n\t\t\t\t\n\t\t\t\t\n\t\t\t<\/div>\n\n\t\t\t\t\t<\/div>\n\t\t\t\t\t<\/div>\n\t<\/div>\n\t<div class=\"single-post-details container\">\n\t\t<div class=\"col\">\n\t\t\t<span class=\"posted-on \"><time class=\"entry-date published\" datetime=\"2019-06-12T08:00:13+02:00\">12. June 2019<\/time><\/span><span class=\"reading-time\"> Minuten zu lesen<\/span>\n\t\t<button\n\t\t\ttype=\"button\"\n\t\t\tclass=\"social-share-button button button--icon button--secondary js-social-share-button\"\n\t\t\tdata-share-title=\"Ger\u00e4te- und Aus&shy;r\u00fcs&shy;tungs&shy;bran&shy;che in Zeiten des Fach&shy;kr\u00e4fte&shy;mangels\"\n\t\t\tdata-share-url=\"https:\/\/www.sage.com\/de-de\/blog\/geraete-und-ausruestungsbranche-in-zeiten-des-fachkraeftemangels\/\"\n\t\t\tdata-share-text=\"Bitte lesen Sie diesen interessanten Artikel\"\n\t\t>\n\t\t\t<span class=\"social-share-button__share-label\">Teilen<\/span>\n\t\t\t<span class=\"social-share-button__copy-label\" hidden>Link kopieren<\/span>\n\t\t\t<span class=\"social-share-button__copy-tooltip\" aria-hidden=\"true\" hidden>Kopiert<\/span>\n\t\t<\/button>\n\n\t\t\t\t<\/div>\n\t<\/div>\n<\/header>\n\n\n\n<div class=\"wp-block-post-author has-dark-background-color alignfull\">\n\t<div class=\"container\">\n\t\t<div class=\"col\">\n\t\t\t\t\t\t\t<div class=\"co-authors\">\n\t\t\t\t\t\n\t\t<div class=\"entry-author-wrapper\">\n\t\t\t<a class=\"entry-author\" href=\"https:\/\/www.sage.com\/de-de\/blog\/author\/florianschwitzgebel\/\">\n\t\t\t\t<img loading=\"lazy\" decoding=\"async\" width=\"40\" height=\"40\" src=\"https:\/\/www.sage.com\/de-de\/blog\/wp-content\/uploads\/sites\/11\/2018\/05\/florian-schwitzgebel-foto.1024x1024-350x350.jpg\" class=\"entry-author__image\" alt=\"Florian Schwitzgebel\" srcset=\"https:\/\/www.sage.com\/de-de\/blog\/wp-content\/uploads\/sites\/11\/2018\/05\/florian-schwitzgebel-foto.1024x1024-350x350.jpg 350w, https:\/\/www.sage.com\/de-de\/blog\/wp-content\/uploads\/sites\/11\/2018\/05\/florian-schwitzgebel-foto.1024x1024-768x768.jpg 768w, https:\/\/www.sage.com\/de-de\/blog\/wp-content\/uploads\/sites\/11\/2018\/05\/florian-schwitzgebel-foto.1024x1024-810x810.jpg 810w, https:\/\/www.sage.com\/de-de\/blog\/wp-content\/uploads\/sites\/11\/2018\/05\/florian-schwitzgebel-foto.1024x1024.jpg 1024w\" sizes=\"auto, (max-width: 40px) 100vw, 40px\" \/>\t\t\t\t<span class=\"entry-author__name\">Florian Schwitzgebel<\/span>\n\t\t\t<\/a>\n\n\t\t\t\t\t<\/div>\n\n\t\t\t\t\t\t<\/div>\n\t\t\t\t\t<\/div>\n\t<\/div>\n<\/div>\n\n\n\n\n\n<p>Die deutsche Ger\u00e4te- und Ausr\u00fcstungsbranche agiert weltweit und geh\u00f6rt oft zu den Hidden Champions in ihren Nischen. Durch die Digitalisierung unter dem Schlagwort Industrie 4.0 und dem Fachkr\u00e4ftemangel \u00e4ndern sich aber gerade die Rahmenbedingungen f\u00fcr Ger\u00e4tehersteller und deren Kunden \u2013 auch hinsichtlich Instandhaltung.<\/p>\n\n\n\n<p>Immer mehr Kunden vernetzen ihre Ger\u00e4te und Maschinen \u00fcber ein Enterprise-Resource-Planning (<a href=\"https:\/\/www.sage.com\/de-de\/blog\/lexikon\/enterprise-resource-planning\/\" target=\"_blank\" rel=\"noopener noreferrer\">ERP<\/a>)- oder ein Manufacturing-Execution-System (MES). F\u00fcr die Hersteller er\u00f6ffnet dies Chancen f\u00fcr neue Gesch\u00e4ftsmodelle.<\/p>\n\n\n\n<p>Wenn Sie, als mittelst\u00e4ndischer Hersteller, an diesen Datenstr\u00f6men partizipieren, k\u00f6nnen Sie auch Ihre Instandhaltungsdienstleistung neu ausrichten. Denn mit aktuellen Ger\u00e4tedaten k\u00f6nnen Sie erstmals eine \u201ePredictive Maintenance\u201c \u2013 eine vorausschauende Wartung \u2013 anbieten.<\/p>\n\n\n\n<h2 class=\"wp-block-heading\" id=\"h-einstieg-in-die-instandhaltung-2-0-mit-gerateverfugbarkeit-as-a-service\">Einstieg in die Instandhaltung 2.0 mit Ger\u00e4teverf\u00fcgbarkeit as a Service<\/h2>\n\n\n\n<p>Mit der Digitalisierung und neuen vernetzten Sensoren ist eine vorausschauende und zustandsorientierte Instandhaltungsstrategie f\u00fcr Ihre Ger\u00e4te heute \u00fcberhaupt erst m\u00f6glich geworden. Durch die Einbindung Ihrer Ger\u00e4te in das MES oder das ERP-System Ihres Kunden k\u00f6nnen Sie heute praktisch alle Betriebszeiten, Belastungszust\u00e4nde, F\u00fcllmengen und Abnutzungsgrade beispielsweise von Werkzeugen, Lagern, Achsen, Wellen, Motoren, Steuerelektronik und sonstigen Bauteilen erfassen.<\/p>\n\n\n\n<p>Wenn Sie diese Daten mit einem eigenen ERP-System erfassen und von Ihren Instandhaltungsfachleuten auswerten lassen, erkennen diese fr\u00fchzeitig den Wartungsbedarf. Sie k\u00f6nnen rechtzeitig Ersatzteile bestellen, Wartungspersonal disponieren und mit dem Kunden einen Zeitraum vereinbaren, an dem Ihr Personal die Arbeiten ausf\u00fchren kann.<\/p>\n\n\n\n<p>So wird das Gesch\u00e4ftsmodell Ger\u00e4teverf\u00fcgbarkeit as a Service \u00fcberhaupt erst m\u00f6glich. Entscheidend ist dabei, dass Sie angesichts des Fachkr\u00e4ftemangels eine konsequente, flexible und gleichzeitig sichere Personalstrategie mit festen und freien Mitarbeitern sowie Instandhaltungsdienstleistern verfolgen.<\/p>\n\n\n\n<div class=\"single-cta gated-content\">\n\t<div class=\"single-cta__positioner\">\n\t\t<div class=\"single-cta__wrapper has-dark-background-color\">\n\t\t\t<div class=\"single-cta__content\">\n\t\t\t\t\t\t\t\t<h2 class=\"single-cta__title h3\">Ratgeber: Instandhaltung 2.0 mit Enterprise Resource Planning<\/h2>\n\n\t\t\t\t\t\t\t\t\t<div class=\"single-cta__description\">\n\t\t\t\t\t\t<p>Erfahren Sie, wie Ger\u00e4te- und Ausr\u00fcstungshersteller datengetriebene Gesch\u00e4ftsmodelle realisieren. Es geht u.a. um:<\/p>\n<ul>\n<li>Kosteneinsparung durch Predictive Maintenance<\/li>\n<li>Fachkr\u00e4ftemangel<\/li>\n<li>VDI 2890<\/li>\n<\/ul>\n\t\t\t\t\t<\/div>\n\t\t\t\t\n\t\t\t\t\t\t\t\t\t\t\t\t\t\t<a\n\t\t\t\t\t\thref=\"#gate-411664ba-30a1-423d-a213-42630794b138\"\n\t\t\t\t\t\tclass=\"single-cta__button button button--primary\"\n\t\t\t\t\t\t\t\t\t\t\t\t\t\t\t\t\t>Jetzt kostenfrei Ratgeber herunterladen<\/a>\n\t\t\t\t\t\t\t<\/div>\n\n\t\t\t\t\t<\/div>\n\n\t\t\t\t\t<img decoding=\"async\" width=\"1214\" height=\"810\" src=\"https:\/\/www.sage.com\/de-de\/blog\/wp-content\/uploads\/sites\/11\/2019\/01\/iStock-902811294-1214x810.jpg\" class=\"single-cta__image\" alt=\"\" loading=\"lazy\" srcset=\"https:\/\/www.sage.com\/de-de\/blog\/wp-content\/uploads\/sites\/11\/2019\/01\/iStock-902811294-1214x810.jpg 1214w\" sizes=\"auto, (min-width: 48em) 33vw, 100vw\" \/>\t\t\t<\/div>\n<\/div>\n\n\n\n<h2 class=\"wp-block-heading\" id=\"h-instandhaltung-2-0-personell-aufstellen\">Instandhaltung 2.0 personell aufstellen<\/h2>\n\n\n\n<p>Wollen Sie diese mit fest angestellten eigenen Mitarbeitern gestalten, sollten Sie eine systematische Personalplanung implementieren. Wollen Sie sich ein Netzwerk freier Techniker aufbauen, die weltweit verteilt mit kurzen Anreisezeiten und -wegen bei Ihren Ger\u00e4ten einsatzbereit sind, m\u00fcssen Sie dieses Netzwerk systematisch aufbauen und dauerhaft erhalten.<\/p>\n\n\n\n<p>Das mag selbstverst\u00e4ndlich klingen, ist es in der Praxis aber viel seltener. Der Personaldienstleister Hays fand beispielsweise 2014 heraus, dass 80 Prozent der befragten Unternehmen zwar \u00fcber eine Strategie zur Personalplanung verf\u00fcgen. Diese wenden sie aber nur auf fest angestelltes Personal an. Das kann fatale Auswirkungen haben, wenn Sie mit freien Service-Technikern arbeiten. Vor allem wenn Ihre Ger\u00e4te weltweit verteilt im Kundeneinsatz sind, brauchen Sie mit freiem Personal eine doppelt abgesicherte Personalplanung.<\/p>\n\n\n\n<p>Idealerweise bauen Sie einen Techniker-Pool auf, der weltweit verteilt schnell vor Ort einsatzbereit ist. Eine entspannte Strategie ist die Zusammenarbeit mit einem weltweit aufgestellten Instandhaltungsdienstleister. Mit diesem vereinbaren Sie Service Level Agreements; die Personalbeschaffung und -bereitstellung erledigt dann Ihr Dienstleister.<\/p>\n\n\n\n<h2 class=\"wp-block-heading\" id=\"h-fazit-mit-einem-erp-system-personalressourcen-und-geratedaten-administrieren\">Fazit: Mit einem ERP-System Personalressourcen und Ger\u00e4tedaten administrieren<\/h2>\n\n\n\n<p>Aber wie auch immer Sie Ihre Personalplanung organisieren, brauchen Sie eine Basis, auf der alle Akteure, Datenstr\u00f6me und Logistikprozesse sowie Ersatzteile koordiniert werden. Ihre Kunden, deren Ger\u00e4tedaten, Ihr eigenes und externes Personal m\u00fcssen so zusammenarbeiten, dass keine Zeit-, Reibungs- und Ressourcenverluste eintreten k\u00f6nnen. F\u00fcr diese Aufgaben sind ERP-Systeme das Mittel der Wahl. Denn erst damit schaffen Sie eine Basis, auf der Sie \u201eGer\u00e4teverf\u00fcgbarkeit as a Service\u201c administrieren k\u00f6nnen.<\/p>\n\n\n<div class=\"single-cta\">\n\t<div class=\"single-cta__positioner\">\n\t\t<div class=\"single-cta__wrapper has-dark-background-color\">\n\t\t\t<div class=\"single-cta__content\">\n\t\t\t\t\t\t\t\t<h2 class=\"single-cta__title h3\">2026: Alle neuen Gesetze immer im Blick<\/h2>\n\n\t\t\t\t\t\t\t\t\t<div class=\"single-cta__description\">\n\t\t\t\t\t\t<p><!-- wp:paragraph --><\/p>\n<p><strong>Bleiben Sie informiert &#8211; mit unserem Newsletter<\/strong> 1x im Monat<\/p>\n<p><!-- \/wp:paragraph --><\/p>\n<p><!-- wp:list --><\/p>\n<ul class=\"wp-block-list\"><!-- wp:list-item --><\/p>\n<li>Neue Trends aus der Arbeitswelt<\/li>\n<p><!-- \/wp:list-item --><\/p>\n<p><!-- wp:list-item --><\/p>\n<li>Aktuelle Urteile verst\u00e4ndlich erkl\u00e4rt<\/li>\n<p><!-- \/wp:list-item --><\/p>\n<p><!-- wp:list-item --><\/p>\n<li>Tipps zu Recht, Steuern &amp; Finanzen<\/li>\n<p><!-- \/wp:list-item --><\/p>\n<p><!-- wp:list-item --><\/p>\n<li>Experten-Interviews, Studien u.v.m<\/li>\n<p><!-- \/wp:list-item --><\/ul>\n<p><!-- \/wp:list --><\/p>\n\t\t\t\t\t<\/div>\n\t\t\t\t\n\t\t\t\t\t\t\t\t\t\t\t\t\t\t<a\n\t\t\t\t\t\thref=\"#gate-a59880de-3d38-4b82-914c-ffa16bab6ae7\"\n\t\t\t\t\t\tclass=\"single-cta__button button button--primary\"\n\t\t\t\t\t\t\t\t\t\t\t\t\t\t\t\t\t>Newsletter abonnieren<\/a>\n\t\t\t\t\t\t\t<\/div>\n\n\t\t\t\t\t<\/div>\n\n\t\t\t\t\t<img decoding=\"async\" width=\"1215\" height=\"810\" src=\"https:\/\/www.sage.com\/de-de\/blog\/wp-content\/uploads\/sites\/11\/2023\/09\/GettyImages-1277533180-1215x810.jpg\" class=\"single-cta__image\" alt=\"\" loading=\"lazy\" srcset=\"https:\/\/www.sage.com\/de-de\/blog\/wp-content\/uploads\/sites\/11\/2023\/09\/GettyImages-1277533180-1215x810.jpg 1215w\" sizes=\"auto, (min-width: 48em) 33vw, 100vw\" \/>\t\t\t<\/div>\n<\/div>\n","protected":false},"excerpt":{"rendered":"<p>Die deutsche Ger\u00e4te- und Ausr\u00fcstungsbranche agiert weltweit und geh\u00f6rt oft zu den Hidden Champions in ihren Nischen. Durch die Digitalisierung unter dem Schlagwort Industrie 4.0 und dem Fachkr\u00e4ftemangel \u00e4ndern sich aber gerade die Rahmenbedingungen f\u00fcr Ger\u00e4tehersteller und deren Kunden \u2013 auch hinsichtlich Instandhaltung. Immer mehr Kunden vernetzen ihre Ger\u00e4te und Maschinen \u00fcber ein Enterprise-Resource-Planning (ERP)- [&hellip;]<\/p>\n","protected":false},"author":599,"featured_media":5809,"comment_status":"open","ping_status":"closed","sticky":false,"template":"","format":"standard","meta":{"_sage_video":false,"post_featured_image_hide":false,"footnotes":""},"categories":[65],"tags":[888,76,158],"business_type":[17,18],"lilypad":[],"context":[],"industry":[],"persona":[54,60,57,59],"imagine_tag":[34,39,47,41,40],"coauthors":[992],"class_list":["post-5807","post","type-post","status-publish","format-standard","has-post-thumbnail","hentry","category-recht-steuern-finanzen","tag-business","tag-digitalisierung","tag-erp","business_type-kleinunternehmer-handwerker","business_type-mittlere-unternehmen"],"sage_meta":{"region":"de-de","author_name":"Florian Schwitzgebel","featured_image":"https:\/\/www.sage.com\/de-de\/blog\/wp-content\/uploads\/sites\/11\/2019\/04\/Foto-Artikel-3-Fachkr\u00e4ftemangel-iStock-685688410.jpg","imagine_tags":{"34":"ERP","39":"Kleine Unternehmen","47":"Maschinen- und Anlagenbau","41":"Mittelstand","40":"Mittlere Unternehmen"}},"distributor_meta":false,"distributor_terms":false,"distributor_media":false,"distributor_original_site_name":"Sage Advice Deutschland","distributor_original_site_url":"https:\/\/www.sage.com\/de-de\/blog","push-errors":false,"_links":{"self":[{"href":"https:\/\/www.sage.com\/de-de\/blog\/api\/wp\/v2\/posts\/5807","targetHints":{"allow":["GET"]}}],"collection":[{"href":"https:\/\/www.sage.com\/de-de\/blog\/api\/wp\/v2\/posts"}],"about":[{"href":"https:\/\/www.sage.com\/de-de\/blog\/api\/wp\/v2\/types\/post"}],"author":[{"embeddable":true,"href":"https:\/\/www.sage.com\/de-de\/blog\/api\/wp\/v2\/users\/599"}],"replies":[{"embeddable":true,"href":"https:\/\/www.sage.com\/de-de\/blog\/api\/wp\/v2\/comments?post=5807"}],"version-history":[{"count":0,"href":"https:\/\/www.sage.com\/de-de\/blog\/api\/wp\/v2\/posts\/5807\/revisions"}],"wp:featuredmedia":[{"embeddable":true,"href":"https:\/\/www.sage.com\/de-de\/blog\/api\/wp\/v2\/media\/5809"}],"wp:attachment":[{"href":"https:\/\/www.sage.com\/de-de\/blog\/api\/wp\/v2\/media?parent=5807"}],"wp:term":[{"taxonomy":"category","embeddable":true,"href":"https:\/\/www.sage.com\/de-de\/blog\/api\/wp\/v2\/categories?post=5807"},{"taxonomy":"post_tag","embeddable":true,"href":"https:\/\/www.sage.com\/de-de\/blog\/api\/wp\/v2\/tags?post=5807"},{"taxonomy":"business_type","embeddable":true,"href":"https:\/\/www.sage.com\/de-de\/blog\/api\/wp\/v2\/business_type?post=5807"},{"taxonomy":"lilypad","embeddable":true,"href":"https:\/\/www.sage.com\/de-de\/blog\/api\/wp\/v2\/lilypad?post=5807"},{"taxonomy":"context","embeddable":true,"href":"https:\/\/www.sage.com\/de-de\/blog\/api\/wp\/v2\/context?post=5807"},{"taxonomy":"industry","embeddable":true,"href":"https:\/\/www.sage.com\/de-de\/blog\/api\/wp\/v2\/industry?post=5807"},{"taxonomy":"persona","embeddable":true,"href":"https:\/\/www.sage.com\/de-de\/blog\/api\/wp\/v2\/persona?post=5807"},{"taxonomy":"imagine_tag","embeddable":true,"href":"https:\/\/www.sage.com\/de-de\/blog\/api\/wp\/v2\/imagine_tag?post=5807"},{"taxonomy":"author","embeddable":true,"href":"https:\/\/www.sage.com\/de-de\/blog\/api\/wp\/v2\/coauthors?post=5807"}],"curies":[{"name":"wp","href":"https:\/\/api.w.org\/{rel}","templated":true}]}}