{"id":5851,"date":"2018-08-14T14:51:58","date_gmt":"2018-08-14T12:51:58","guid":{"rendered":"https:\/\/www.sage.com\/de-de\/blog\/?p=5851"},"modified":"2026-01-22T15:58:47","modified_gmt":"2026-01-22T14:58:47","slug":"herausforderungen-bei-der-digitalisierung-im-technischen-grosshandel","status":"publish","type":"post","link":"https:\/\/www.sage.com\/de-de\/blog\/herausforderungen-bei-der-digitalisierung-im-technischen-grosshandel\/","title":{"rendered":"Herausforderungen bei der Digitalisierung im Technischen Gro\u00dfhandel"},"content":{"rendered":"<header class=\"entry-header has-dark-background-color entry-header--has-illustration entry-header--has-illustration--generic\">\n\t<div class=\"container\">\n\t\t<div class=\"entry-header__row row align-center\">\n\t\t\t<div class=\"col col-lg-7 col-xlg-6 entry-header__content\">\n\t\t\t\t\t\t\t<div class=\"component component-single-header\">\n\t\t\t\t\t\t\t\t\t\t<div class=\"entry-header__misc text--subtitle text--uppercase text--small\">\n\t\t\t\t\t\t\t<a href=\"https:\/\/www.sage.com\/de-de\/blog\/kategorie\/digitale-transformation\/\" class=\"entry-header__link\">Digitale Transformation<\/a>\t\t\t\t\t\t<\/div>\n\t\t\t\t\n\t\t\t\t<div class=\"entry-title-wrapper\">\n\t\t\t\t\t<h1 class=\"entry-title\">\n\t\t\t\t\t\tHerausforderungen bei der Digitalisierung im Technischen Gro\u00dfhandel\t\t\t\t\t<\/h1>\n\t\t\t\t<\/div>\n\n\t\t\t\t\t\t\t\t\t<p class=\"entry-header__description\">\n\t\t\t\t\t\t\t\t\t\t\t<\/p>\n\t\t\t\t\n\t\t\t\t\n\t\t\t\t\n\t\t\t<\/div>\n\n\t\t\t\t\t<\/div>\n\t\t\t\t\t<\/div>\n\t<\/div>\n\t<div class=\"single-post-details container\">\n\t\t<div class=\"col\">\n\t\t\t<span class=\"posted-on \"><time class=\"entry-date published\" datetime=\"2018-08-14T14:51:58+02:00\">14. August 2018<\/time><\/span><span class=\"reading-time\"> Minuten zu lesen<\/span>\n\t\t<button\n\t\t\ttype=\"button\"\n\t\t\tclass=\"social-share-button button button--icon button--secondary js-social-share-button\"\n\t\t\tdata-share-title=\"Herausforderungen bei der Digitalisierung im Technischen Gro\u00dfhandel\"\n\t\t\tdata-share-url=\"https:\/\/www.sage.com\/de-de\/blog\/herausforderungen-bei-der-digitalisierung-im-technischen-grosshandel\/\"\n\t\t\tdata-share-text=\"Bitte lesen Sie diesen interessanten Artikel\"\n\t\t>\n\t\t\t<span class=\"social-share-button__share-label\">Teilen<\/span>\n\t\t\t<span class=\"social-share-button__copy-label\" hidden>Link kopieren<\/span>\n\t\t\t<span class=\"social-share-button__copy-tooltip\" aria-hidden=\"true\" hidden>Kopiert<\/span>\n\t\t<\/button>\n\n\t\t\t\t<\/div>\n\t<\/div>\n<\/header>\n\n\n\n<div class=\"wp-block-post-author has-dark-background-color alignfull\">\n\t<div class=\"container\">\n\t\t<div class=\"col\">\n\t\t\t\t\t\t\t<div class=\"co-authors\">\n\t\t\t\t\t\n\t\t<div class=\"entry-author-wrapper\">\n\t\t\t<a class=\"entry-author\" href=\"https:\/\/www.sage.com\/de-de\/blog\/author\/stefanliehr\/\">\n\t\t\t\t<img loading=\"lazy\" decoding=\"async\" width=\"40\" height=\"40\" src=\"https:\/\/www.sage.com\/de-de\/blog\/wp-content\/uploads\/sites\/11\/2019\/01\/026112_141105_3015-2-350x350.jpg\" class=\"entry-author__image\" alt=\"Stefan Liehr\" srcset=\"https:\/\/www.sage.com\/de-de\/blog\/wp-content\/uploads\/sites\/11\/2019\/01\/026112_141105_3015-2-350x350.jpg 350w, https:\/\/www.sage.com\/de-de\/blog\/wp-content\/uploads\/sites\/11\/2019\/01\/026112_141105_3015-2.jpg 480w\" sizes=\"auto, (max-width: 40px) 100vw, 40px\" \/>\t\t\t\t<span class=\"entry-author__name\">Stefan Liehr<\/span>\n\t\t\t<\/a>\n\n\t\t\t\t\t<\/div>\n\n\t\t\t\t\t\t<\/div>\n\t\t\t\t\t<\/div>\n\t<\/div>\n<\/div>\n\n\n\n\n\n<div class=\"DraftEditor-unstyled\" data-block=\"true\" data-editor=\"7lmfm\" data-offset-key=\"84qvr-0-0\">\n<p class=\"public-DraftStyleDefault-block public-DraftStyleDefault-ltr\" data-offset-key=\"84qvr-0-0\"><span data-offset-key=\"84qvr-0-0\">F\u00fcr den Technischen Gro\u00dfhandel geht die Digitalisierung mit vielen Ver\u00e4nderungen einher, die Unternehmen zunehmend unter Druck setzen. Doch mit dem Wandel sind auch Chancen verbunden, wenn die Herausforderungen rechtzeitig erkannt und bew\u00e4ltigt werden. Mithilfe von speziellen F\u00f6rderprogrammen und Krediten kann dies auch im technischen Gro\u00dfhandel gelingen. Wichtig ist daf\u00fcr eine Standortbestimmung und eine passende Digitalisierunsgstrategie. Doch welche Herausforderungen sind im Technischen Gro\u00dfhandel zu meistern?<\/span><\/p>\n<\/div>\n\n\n\n<div class=\"public-DraftStyleDefault-block public-DraftStyleDefault-ltr\" data-offset-key=\"8t0ql-0-0\">\n<h2><span data-offset-key=\"8t0ql-0-0\">Herausforderung 1: Steigende Komplexit\u00e4t der Produkte und Prozesse<\/span><\/h2>\n<\/div>\n\n\n\n<div class=\"public-DraftStyleDefault-block public-DraftStyleDefault-ltr\" data-offset-key=\"2sbcq-0-0\"><span data-offset-key=\"2sbcq-0-0\">Eine gro\u00dfe Herausforderung f\u00fcr den Technischen Gro\u00dfhandel liegt darin, dass h\u00e4ufig Standards f\u00fcr digitale Gesch\u00e4ftsprozesse fehlen und sich eine Umstellung der technischen Systeme als schwierig gestaltet. Produkte werden immer komplexer sowie beratungsintensiver, und es bedarf digitaler Prozesse, diese transparent abzubilden und auch zu steuern. Neue Technologien k\u00f6nnen Informationen besser vernetzen und automatisieren. Dadurch lassen sich Vorg\u00e4nge besser nachvollziehen; Prozesse lassen sich effizienter gestalten; die Produktqualit\u00e4t verbessert sich und ein optimierter Warenfluss macht die Preise wieder wettbewerbsf\u00e4hig.<\/span><\/div>\n\n\n\n<div class=\"public-DraftStyleDefault-block public-DraftStyleDefault-ltr\" data-offset-key=\"8s9bi-0-0\">\n<h3><span data-offset-key=\"8s9bi-0-0\">F\u00f6rderm\u00f6glichkeiten bei der Umstellung auf digitale Technologie<\/span><\/h3>\n<\/div>\n\n\n\n<div class=\"public-DraftStyleDefault-block public-DraftStyleDefault-ltr\" data-offset-key=\"d7tc6-0-0\"><span data-offset-key=\"d7tc6-0-0\">Unternehmen, die digitale Standards einf\u00fchren m\u00f6chten und ihre Systeme auf neue digitale Technologien umstellen wollen, finden z. B. Unterst\u00fctzung bei der \u201eMittelstand 4.0-Agentur Handel\u201c der F\u00f6rderinitiative Mittelstand 4.0. Die Agentur informiert speziell zu neuen Technologien im digitalen Handel wie z.B. zum Produktionsverbindungshandel oder e-Rechnungen. Bei der Digitalisierung von Prozessen im Bereich Logistik werden Unternehmen aus dem technischen Gro\u00dfhandel ebenfalls f\u00fcndig: zum einen bietet das Mittelstand 4.0-Kompetenzzentrum am Standort Hannover eine Reihe an Leistungen mit aktuellen L\u00f6sungen; zum anderen fokussiert sich ein weiteres Mittelstand 4.0-Kompetenzzentrum in Hamburg auf die Logistik innerhalb der Lieferkette. Am Zentrum in Dortmund finden insbesondere kleine und mittelst\u00e4ndische Unternehmen ein umfangreiches Beratungsangebot u. a. zu autonomen und wandelbaren Logistiksystemen und neuen L\u00f6sungen in der Produktionstechnik.<\/span><\/div>\n\n\n\n<div data-offset-key=\"d7tc6-0-0\"><\/div>\n\n\n\n<div data-offset-key=\"d7tc6-0-0\">\n<div class=\"single-cta\">\n\t<div class=\"single-cta__positioner\">\n\t\t<div class=\"single-cta__wrapper has-dark-background-color\">\n\t\t\t<div class=\"single-cta__content\">\n\t\t\t\t\t\t\t\t<h2 class=\"single-cta__title h3\">Pr\u00fcfen Sie den Digitalisierungsgrad Ihres Unternehmens: <\/h2>\n\n\t\t\t\t\t\t\t\t\t<div class=\"single-cta__description\">\n\t\t\t\t\t\t<p>Machen Sie den Digicheck und finden Sie in nur 3 Minuten heraus:<\/p>\n<ul class=\"list mb-30\">\n<li class=\"big\">Wie ist Ihr Digitalisierungsgrad?<\/li>\n<li class=\"big\">Wo genau besteht Handlungsbedarf?<\/li>\n<li class=\"big\">Wie k\u00f6nnen Sie die Digitalisierung vorantreiben?<\/li>\n<\/ul>\n<p>Anschlie\u00dfend stellen wir Ihnen kostenfrei und unverbindlich Ihre pers\u00f6nliche Auswertung mit weiteren Infos und Empfehlungen zur Verf\u00fcgung.<\/p>\n\t\t\t\t\t<\/div>\n\t\t\t\t\n\t\t\t\t\t\t\t\t\t\t\t\t\t\t<a\n\t\t\t\t\t\thref=\"https:\/\/kampagnen.sage.de\/digicheck\/?ref=blog\"\n\t\t\t\t\t\tclass=\"single-cta__button button button--primary\"\n\t\t\t\t\t\t\t\t\t\t\t\t\tid=\"cta-id-5715\"\n\t\t\t\t\t\t\t\t\t\t\t\t\t\t\t\t\t\t\tdata-button-location=\"cta_box\"\n\t\t\t\t\t\t\t\t\t\t\t>zum Digicheck<\/a>\n\t\t\t\t\t\t\t<\/div>\n\n\t\t\t\t\t<\/div>\n\n\t\t\t\t\t<img decoding=\"async\" width=\"1064\" height=\"810\" src=\"https:\/\/www.sage.com\/de-de\/blog\/wp-content\/uploads\/sites\/11\/2019\/03\/GettyImages-521136693-1064x810.jpg\" class=\"single-cta__image\" alt=\"digital\" loading=\"lazy\" srcset=\"https:\/\/www.sage.com\/de-de\/blog\/wp-content\/uploads\/sites\/11\/2019\/03\/GettyImages-521136693-1064x810.jpg 1064w\" sizes=\"auto, (min-width: 48em) 33vw, 100vw\" \/>\t\t\t<\/div>\n<\/div>\n<\/div>\n\n\n\n<div data-offset-key=\"d7tc6-0-0\"><\/div>\n\n\n\n<p class=\"public-DraftStyleDefault-block public-DraftStyleDefault-ltr\"><span data-offset-key=\"k510-0-0\">Dar\u00fcber hinaus f\u00f6rdert das Programm \u201ego digital\u201c als Baustein der Initiative Bayern Digital Unternehmen, die ihre Produkte, Prozesse und Dienstleistungen mithilfe fortschrittlicher Informations- und Kommunikationstechnologie einf\u00fchren oder optimieren. Das F\u00f6rderprogramm ist in unterschiedliche Bonus-Varianten unterteilt und richtet sich an in Deutschland ans\u00e4ssige Unternehmen.<\/span><\/p>\n\n\n\n<div data-offset-key=\"k510-0-0\"><\/div>\n\n\n\n<div class=\"public-DraftStyleDefault-block public-DraftStyleDefault-ltr\" data-offset-key=\"c9i34-0-0\"><span data-offset-key=\"c9i34-0-0\">Mit dem Programm \u201eERP-Digitalisierungs- und Innovationskredit\u201c der KfW-Bankengruppe erhalten Unternehmen eine m\u00f6gliche F\u00f6rderung zu Ma\u00dfnahmen wie u. a. der Digitalisierung von Produkten, Verfahren und Innovationen. Hierbei geht es darum, neue oder verbesserte Produkte, Verfahren oder Dienstleistungen zu entwickeln. Der Kreditbetrag der F\u00f6rderung kann je Vorhaben zwischen mindestens 25.000 EUR und maximal 25 Mio. EUR betragen.<\/span><\/div>\n\n\n\n<div class=\"public-DraftStyleDefault-block public-DraftStyleDefault-ltr\" data-offset-key=\"17ta9-0-0\">\n<h2><span data-offset-key=\"17ta9-0-0\">Herausforderung 2: Intelligente Service-Angebote<\/span><\/h2>\n<\/div>\n\n\n\n<div class=\"public-DraftStyleDefault-block public-DraftStyleDefault-ltr\" data-offset-key=\"74e7d-0-0\"><span data-offset-key=\"74e7d-0-0\">Der Technische Gro\u00dfhandel muss sich im Zuge der digitalen Transformation auch gegen\u00fcber seinen Kunden und Wettbewerbern positionieren. Wenn Unternehmen Ein- und Verkauf, Service sowie Logistik digital miteinander vernetzen, k\u00f6nnen sie ihre Auftr\u00e4ge schneller abwickeln und ihren Kunden einen erstklassigen Service bieten, durch den die Kundenzufriedenheit und Kundenbindung steigen. Um seinen Kunden hochwertige Dienstleistungen bieten zu k\u00f6nnen, m\u00fcssen sie intelligente Service-Angebote entwickeln und ausbauen und proaktiv an den Prozess der Digitalisierung herangehen.<\/span><\/div>\n\n\n\n<div class=\"public-DraftStyleDefault-block public-DraftStyleDefault-ltr\" data-offset-key=\"67aua-0-0\">\n<h3><span data-offset-key=\"67aua-0-0\">F\u00f6rderm\u00f6glichkeiten im Bereich Dienstleistungsinnovationen<\/span><\/h3>\n<\/div>\n\n\n\n<div class=\"public-DraftStyleDefault-block public-DraftStyleDefault-ltr\" data-offset-key=\"b0v67-0-0\"><span data-offset-key=\"b0v67-0-0\">Doch in welcher Form k\u00f6nnen sie mit Unterst\u00fctzung rechnen? \u2013 Das Programm Eurostars unterst\u00fctzt beispielsweise die Entwicklung innovativer Verfahren oder Dienstleistungen und richtet sich als gemeinsames F\u00f6rderprogramm von EUREKA und EU an forschungstreibende KMU. F\u00fcr Unternehmen des technischen Gro\u00dfhandels, die intelligente Service-Angebote entwickeln m\u00f6chten, k\u00f6nnte auch \u201eHorizont 2020\u201c interessant sein. Denn das Rahmenprogramm der Europ\u00e4ischen Union f\u00fcr Forschung und Innovation bietet Mittelst\u00e4ndlern mit der F\u00f6rderlinie \u201eInnovationen in kleine und mittlere Unternehmen\u201c eine M\u00f6glichkeit, sich zu bewerben. Ein weiteres Programm, das KfW-Paket f\u00fcr den Mittelstand \u201eERP-Mezzanine f\u00fcr Innovation\u201c, wurde zudem prim\u00e4r zur langfristigen Finanzierung marktnaher Forschung und der Entwicklung neuer Produkte, Verfahren, Prozesse oder Dienstleistungen geschn\u00fcrt.<\/span><\/div>\n\n\n\n<div class=\"public-DraftStyleDefault-block public-DraftStyleDefault-ltr\" data-offset-key=\"aohfu-0-0\">\n<h3><span data-offset-key=\"aohfu-0-0\">Digitale Standortbestimmung f\u00fcr den Technischen Gro\u00dfhandel<\/span><\/h3>\n<\/div>\n\n\n\n<div class=\"DraftEditor-unstyled\" data-block=\"true\" data-editor=\"7lmfm\" data-offset-key=\"bjd2h-0-0\"><span data-offset-key=\"bjd2h-0-0\">Unternehmen des Technischen Gro\u00dfhandels profitieren vor allem von einer Kombination aus Beratungsangeboten und F\u00f6rderprogrammen zur Umsetzung ihrer Digitalisierungsprojekte. Speziell auch f\u00fcr kleinere und mittelst\u00e4ndische Unternehmen l\u00e4sst sich damit der digitale Wandel stemmen. Unser<\/span>&nbsp;<strong><a href=\"https:\/\/kampagnen.sage.de\/digicheck\/?ref=blog\">Digicheck<\/a> <\/strong>hilft Ihnen herauszufinden, wo Sie in Sachen Digitalisierung stehen und wo Ihre Priorit\u00e4ten liegen. Daraufhin l\u00e4sst es sich gezielter planen und bspw. auch F\u00f6rderm\u00f6glichkeiten der EU oder auch von Land und Bund zu beantragen.<\/div>\n\n\n\n<div data-block=\"true\" data-editor=\"7lmfm\" data-offset-key=\"bjd2h-0-0\"><\/div>\n\n\n\n<p class=\"DraftEditor-unstyled\"><span data-offset-key=\"bjd2h-0-0\">Weitere Informationen und eine \u00dcbersicht der einzelnen F\u00f6rderprogramme und Finanzierungshilfen finden Sie im Whitepaper \u201eF\u00f6rderprogramme f\u00fcr Digitalisierungsvorhaben im Mittelstand\u201c.<\/span><\/p>\n\n\n\n<div class=\"single-cta gated-content\">\n\t<div class=\"single-cta__positioner\">\n\t\t<div class=\"single-cta__wrapper has-dark-background-color\">\n\t\t\t<div class=\"single-cta__content\">\n\t\t\t\t\t\t\t\t<h2 class=\"single-cta__title h3\">F\u00f6rderprogramme f\u00fcr Digitalisierungsvorhaben im Technischen Gro\u00dfhandel<\/h2>\n\n\t\t\t\t\t\t\t\t\t<div class=\"single-cta__description\">\n\t\t\t\t\t\t<ul>\n<li>Zukunftschance Digitalisierung<\/li>\n<li>Roadmap f\u00fcr Digitalisierungsvorhaben<\/li>\n<li>F\u00f6rderprogramme von Bund, Land und EU<\/li>\n<\/ul>\n\t\t\t\t\t<\/div>\n\t\t\t\t\n\t\t\t\t\t\t\t\t\t\t\t\t\t\t<a\n\t\t\t\t\t\thref=\"#gate-20d5b004-10b6-469a-9df9-5142e32d5a1d\"\n\t\t\t\t\t\tclass=\"single-cta__button button button--primary\"\n\t\t\t\t\t\t\t\t\t\t\t\t\t\t\t\t\t>Whitepaper laden<\/a>\n\t\t\t\t\t\t\t<\/div>\n\n\t\t\t\t\t<\/div>\n\n\t\t\t\t\t<img decoding=\"async\" width=\"1215\" height=\"810\" src=\"https:\/\/www.sage.com\/de-de\/blog\/wp-content\/uploads\/sites\/11\/2018\/12\/iStock-697566662-1215x810.jpg\" class=\"single-cta__image\" alt=\"Techn. Gro\u00dfhandel\" loading=\"lazy\" srcset=\"https:\/\/www.sage.com\/de-de\/blog\/wp-content\/uploads\/sites\/11\/2018\/12\/iStock-697566662-1215x810.jpg 1215w\" sizes=\"auto, (min-width: 48em) 33vw, 100vw\" \/>\t\t\t<\/div>\n<\/div>\n\n\n<div class=\"single-cta\">\n\t<div class=\"single-cta__positioner\">\n\t\t<div class=\"single-cta__wrapper has-dark-background-color\">\n\t\t\t<div class=\"single-cta__content\">\n\t\t\t\t\t\t\t\t<h2 class=\"single-cta__title h3\">2026: Alle neuen Gesetze immer im Blick<\/h2>\n\n\t\t\t\t\t\t\t\t\t<div class=\"single-cta__description\">\n\t\t\t\t\t\t<p><!-- wp:paragraph --><\/p>\n<p><strong>Bleiben Sie informiert &#8211; mit unserem Newsletter<\/strong> 1x im Monat<\/p>\n<p><!-- \/wp:paragraph --><\/p>\n<p><!-- wp:list --><\/p>\n<ul class=\"wp-block-list\"><!-- wp:list-item --><\/p>\n<li>Neue Trends aus der Arbeitswelt<\/li>\n<p><!-- \/wp:list-item --><\/p>\n<p><!-- wp:list-item --><\/p>\n<li>Aktuelle Urteile verst\u00e4ndlich erkl\u00e4rt<\/li>\n<p><!-- \/wp:list-item --><\/p>\n<p><!-- wp:list-item --><\/p>\n<li>Tipps zu Recht, Steuern &amp; Finanzen<\/li>\n<p><!-- \/wp:list-item --><\/p>\n<p><!-- wp:list-item --><\/p>\n<li>Experten-Interviews, Studien u.v.m<\/li>\n<p><!-- \/wp:list-item --><\/ul>\n<p><!-- \/wp:list --><\/p>\n\t\t\t\t\t<\/div>\n\t\t\t\t\n\t\t\t\t\t\t\t\t\t\t\t\t\t\t<a\n\t\t\t\t\t\thref=\"#gate-a59880de-3d38-4b82-914c-ffa16bab6ae7\"\n\t\t\t\t\t\tclass=\"single-cta__button button button--primary\"\n\t\t\t\t\t\t\t\t\t\t\t\t\t\t\t\t\t>Newsletter abonnieren<\/a>\n\t\t\t\t\t\t\t<\/div>\n\n\t\t\t\t\t<\/div>\n\n\t\t\t\t\t<img decoding=\"async\" width=\"1215\" height=\"810\" src=\"https:\/\/www.sage.com\/de-de\/blog\/wp-content\/uploads\/sites\/11\/2023\/09\/GettyImages-1277533180-1215x810.jpg\" class=\"single-cta__image\" alt=\"\" loading=\"lazy\" srcset=\"https:\/\/www.sage.com\/de-de\/blog\/wp-content\/uploads\/sites\/11\/2023\/09\/GettyImages-1277533180-1215x810.jpg 1215w\" sizes=\"auto, (min-width: 48em) 33vw, 100vw\" \/>\t\t\t<\/div>\n<\/div>\n","protected":false},"excerpt":{"rendered":"<p>F\u00fcr den Technischen Gro\u00dfhandel geht die Digitalisierung mit vielen Ver\u00e4nderungen einher, die Unternehmen zunehmend unter Druck setzen. Doch mit dem Wandel sind auch Chancen verbunden, wenn die Herausforderungen rechtzeitig erkannt und bew\u00e4ltigt werden. Mithilfe von speziellen F\u00f6rderprogrammen und Krediten kann dies auch im technischen Gro\u00dfhandel gelingen. Wichtig ist daf\u00fcr eine Standortbestimmung und eine passende Digitalisierunsgstrategie. [&hellip;]<\/p>\n","protected":false},"author":716,"featured_media":5853,"comment_status":"open","ping_status":"closed","sticky":false,"template":"","format":"standard","meta":{"_sage_video":false,"post_featured_image_hide":false,"footnotes":""},"categories":[15],"tags":[817,76,667,752],"business_type":[17,18],"lilypad":[],"context":[],"industry":[],"persona":[58,57,59],"imagine_tag":[34,41,40],"coauthors":[1000],"class_list":["post-5851","post","type-post","status-publish","format-standard","has-post-thumbnail","hentry","category-digitale-transformation","tag-digicheck","tag-digitalisierung","tag-foerderprogramme","tag-technischer-grosshandel","business_type-kleinunternehmer-handwerker","business_type-mittlere-unternehmen"],"sage_meta":{"region":"de-de","author_name":"Stefan Liehr","featured_image":"https:\/\/www.sage.com\/de-de\/blog\/wp-content\/uploads\/sites\/11\/2018\/08\/31356.SAGE_PIXOCOLOR_BB_00036.jpg","imagine_tags":{"34":"ERP","41":"Mittelstand","40":"Mittlere Unternehmen"}},"distributor_meta":false,"distributor_terms":false,"distributor_media":false,"distributor_original_site_name":"Sage Advice Deutschland","distributor_original_site_url":"https:\/\/www.sage.com\/de-de\/blog","push-errors":false,"_links":{"self":[{"href":"https:\/\/www.sage.com\/de-de\/blog\/api\/wp\/v2\/posts\/5851","targetHints":{"allow":["GET"]}}],"collection":[{"href":"https:\/\/www.sage.com\/de-de\/blog\/api\/wp\/v2\/posts"}],"about":[{"href":"https:\/\/www.sage.com\/de-de\/blog\/api\/wp\/v2\/types\/post"}],"author":[{"embeddable":true,"href":"https:\/\/www.sage.com\/de-de\/blog\/api\/wp\/v2\/users\/716"}],"replies":[{"embeddable":true,"href":"https:\/\/www.sage.com\/de-de\/blog\/api\/wp\/v2\/comments?post=5851"}],"version-history":[{"count":0,"href":"https:\/\/www.sage.com\/de-de\/blog\/api\/wp\/v2\/posts\/5851\/revisions"}],"wp:featuredmedia":[{"embeddable":true,"href":"https:\/\/www.sage.com\/de-de\/blog\/api\/wp\/v2\/media\/5853"}],"wp:attachment":[{"href":"https:\/\/www.sage.com\/de-de\/blog\/api\/wp\/v2\/media?parent=5851"}],"wp:term":[{"taxonomy":"category","embeddable":true,"href":"https:\/\/www.sage.com\/de-de\/blog\/api\/wp\/v2\/categories?post=5851"},{"taxonomy":"post_tag","embeddable":true,"href":"https:\/\/www.sage.com\/de-de\/blog\/api\/wp\/v2\/tags?post=5851"},{"taxonomy":"business_type","embeddable":true,"href":"https:\/\/www.sage.com\/de-de\/blog\/api\/wp\/v2\/business_type?post=5851"},{"taxonomy":"lilypad","embeddable":true,"href":"https:\/\/www.sage.com\/de-de\/blog\/api\/wp\/v2\/lilypad?post=5851"},{"taxonomy":"context","embeddable":true,"href":"https:\/\/www.sage.com\/de-de\/blog\/api\/wp\/v2\/context?post=5851"},{"taxonomy":"industry","embeddable":true,"href":"https:\/\/www.sage.com\/de-de\/blog\/api\/wp\/v2\/industry?post=5851"},{"taxonomy":"persona","embeddable":true,"href":"https:\/\/www.sage.com\/de-de\/blog\/api\/wp\/v2\/persona?post=5851"},{"taxonomy":"imagine_tag","embeddable":true,"href":"https:\/\/www.sage.com\/de-de\/blog\/api\/wp\/v2\/imagine_tag?post=5851"},{"taxonomy":"author","embeddable":true,"href":"https:\/\/www.sage.com\/de-de\/blog\/api\/wp\/v2\/coauthors?post=5851"}],"curies":[{"name":"wp","href":"https:\/\/api.w.org\/{rel}","templated":true}]}}