{"id":6519,"date":"2019-11-03T07:53:34","date_gmt":"2019-11-03T06:53:34","guid":{"rendered":"https:\/\/www.sage.com\/de-de\/blog\/?p=6519"},"modified":"2026-01-22T15:42:24","modified_gmt":"2026-01-22T14:42:24","slug":"die-trends-der-fertigungsbranche-im-jahr","status":"publish","type":"post","link":"https:\/\/www.sage.com\/de-de\/blog\/die-trends-der-fertigungsbranche-im-jahr\/","title":{"rendered":"Die Trends der Fertigungsbranche im Jahr 2020"},"content":{"rendered":"<header class=\"entry-header has-dark-background-color entry-header--has-illustration entry-header--has-illustration--generic\">\n\t<div class=\"container\">\n\t\t<div class=\"entry-header__row row align-center\">\n\t\t\t<div class=\"col col-lg-7 col-xlg-6 entry-header__content\">\n\t\t\t\t\t\t\t<div class=\"component component-single-header\">\n\t\t\t\t\t\t\t\t\t\t<div class=\"entry-header__misc text--subtitle text--uppercase text--small\">\n\t\t\t\t\t\t\t<a href=\"https:\/\/www.sage.com\/de-de\/blog\/kategorie\/datenbasiert-entscheiden\/\" class=\"entry-header__link\">Datenbasiert entscheiden<\/a>\t\t\t\t\t\t<\/div>\n\t\t\t\t\n\t\t\t\t<div class=\"entry-title-wrapper\">\n\t\t\t\t\t<h1 class=\"entry-title\">\n\t\t\t\t\t\tDie Trends der Fertigungsbranche im Jahr 2020\t\t\t\t\t<\/h1>\n\t\t\t\t<\/div>\n\n\t\t\t\t\t\t\t\t\t<p class=\"entry-header__description\">\n\t\t\t\t\t\t\t\t\t\t\t<\/p>\n\t\t\t\t\n\t\t\t\t\n\t\t\t\t\n\t\t\t<\/div>\n\n\t\t\t\t\t<\/div>\n\t\t\t\t\t<\/div>\n\t<\/div>\n\t<div class=\"single-post-details container\">\n\t\t<div class=\"col\">\n\t\t\t<span class=\"posted-on \"><time class=\"entry-date published\" datetime=\"2019-11-03T07:53:34+01:00\">3. November 2019<\/time><\/span><span class=\"reading-time\"> Minuten zu lesen<\/span>\n\t\t<button\n\t\t\ttype=\"button\"\n\t\t\tclass=\"social-share-button button button--icon button--secondary js-social-share-button\"\n\t\t\tdata-share-title=\"Die Trends der Fertigungsbranche im Jahr 2020\"\n\t\t\tdata-share-url=\"https:\/\/www.sage.com\/de-de\/blog\/die-trends-der-fertigungsbranche-im-jahr\/\"\n\t\t\tdata-share-text=\"Bitte lesen Sie diesen interessanten Artikel\"\n\t\t>\n\t\t\t<span class=\"social-share-button__share-label\">Teilen<\/span>\n\t\t\t<span class=\"social-share-button__copy-label\" hidden>Link kopieren<\/span>\n\t\t\t<span class=\"social-share-button__copy-tooltip\" aria-hidden=\"true\" hidden>Kopiert<\/span>\n\t\t<\/button>\n\n\t\t\t\t<\/div>\n\t<\/div>\n<\/header>\n\n\n\n<div class=\"wp-block-post-author has-dark-background-color alignfull\">\n\t<div class=\"container\">\n\t\t<div class=\"col\">\n\t\t\t\t\t\t\t<div class=\"co-authors\">\n\t\t\t\t\t\n\t\t<div class=\"entry-author-wrapper\">\n\t\t\t<a class=\"entry-author\" href=\"https:\/\/www.sage.com\/de-de\/blog\/author\/alexanderwarmers\/\">\n\t\t\t\t<img loading=\"lazy\" decoding=\"async\" width=\"40\" height=\"40\" src=\"https:\/\/www.sage.com\/de-de\/blog\/wp-content\/uploads\/sites\/11\/2018\/04\/Alexander-Warmers-350x350.jpg\" class=\"entry-author__image\" alt=\"Alexander Warmers\" \/>\t\t\t\t<span class=\"entry-author__name\">Alexander Warmers<\/span>\n\t\t\t<\/a>\n\n\t\t\t\t\t<\/div>\n\n\t\t\t\t\t\t<\/div>\n\t\t\t\t\t<\/div>\n\t<\/div>\n<\/div>\n\n\n\n\n\n<p>2020 wird wohl ein schwieriges Jahr \u2013 allein der Brexit und Handelsz\u00f6lle d\u00fcrften auf die Ums\u00e4tze der Fertigungsbranche dr\u00fccken. Dazu wird national verf\u00fcgbare Technologie immer st\u00e4rker zu einem politischen Machtfaktor \u2013 die Zusammenarbeit von Unternehmen wird teils unterbunden. Das wird sich auch auf die Trends in der Fertigungsbranche auswirken. Wir werfen einen Blick in die Glaskugel und stellen mit den <a href=\"https:\/\/www.sage.com\/de-de\/blog\/diese-6-herausforderungen-muss-die-fertigungsbranche-im-wettbewerb-meistern\/\">Herausforderungen<\/a> erste L\u00f6sungsans\u00e4tze vor \u2013 keine politischen, sondern technische.<\/p>\n\n\n\n<h2 class=\"wp-block-heading\" id=\"h-die-fertigung-der-zukunft\">Die Fertigung der Zukunft<\/h2>\n\n\n\n<p>Nat\u00fcrlich sind die Unternehmen der Fertigungsbranche auch den Megatrends unterworfen. Industrie 4.0 und die Smart Factory sehen die Zukunftsforscher dabei eher als spezielle Anforderungen rund um die Fertigung. Dar\u00fcber hinaus gibt es weitere Trends, Megatrends, da sie alle betreffen sollen \u2013 und f\u00fcnf von ihnen werden f\u00fcr Unternehmen im Jahr 2020 besonders wichtig sein.<\/p>\n\n\n\n<div class=\"single-cta gated-content\">\n\t<div class=\"single-cta__positioner\">\n\t\t<div class=\"single-cta__wrapper has-dark-background-color\">\n\t\t\t<div class=\"single-cta__content\">\n\t\t\t\t\t\t\t\t<h2 class=\"single-cta__title h3\">Ratgeber: Die Zukunft der Fertigung<\/h2>\n\n\t\t\t\t\t\t\t\t\t<div class=\"single-cta__description\">\n\t\t\t\t\t\t<p>Fit f\u00fcr den digitalen Wandel:<\/p>\n<ul>\n<li>Fabrik der Zukunft<\/li>\n<li>Warum Industrie 4.0 wichtig ist f\u00fcr Ihr Unternehmen<\/li>\n<li>10 Tipps f\u00fcr Industrie 4.0 Ihr Unternehmen<\/li>\n<\/ul>\n\t\t\t\t\t<\/div>\n\t\t\t\t\n\t\t\t\t\t\t\t\t\t\t\t\t\t\t<a\n\t\t\t\t\t\thref=\"#gate-7a781876-82c2-41d5-b355-d2c29cde72f0\"\n\t\t\t\t\t\tclass=\"single-cta__button button button--primary\"\n\t\t\t\t\t\t\t\t\t\t\t\t\t\t\t\t\t>Whitepaper laden<\/a>\n\t\t\t\t\t\t\t<\/div>\n\n\t\t\t\t\t<\/div>\n\n\t\t\t\t\t<img decoding=\"async\" width=\"1215\" height=\"810\" src=\"https:\/\/www.sage.com\/de-de\/blog\/wp-content\/uploads\/sites\/11\/2019\/07\/Lykki_X3_31704_1-1215x810.jpg\" class=\"single-cta__image\" alt=\"Lykki ERP\" loading=\"lazy\" srcset=\"https:\/\/www.sage.com\/de-de\/blog\/wp-content\/uploads\/sites\/11\/2019\/07\/Lykki_X3_31704_1-1215x810.jpg 1215w\" sizes=\"auto, (min-width: 48em) 33vw, 100vw\" \/>\t\t\t<\/div>\n<\/div>\n\n\n\n<h2 class=\"wp-block-heading\" id=\"h-trends-2020-alle-unternehmen-sind-betroffen\">Trends 2020 \u2013 alle Unternehmen sind betroffen<\/h2>\n\n\n\n<p>Die sogenannten Megatrends haben eine Wirkdauer von mehreren Jahrzehnten und f\u00fcnf von ihnen sind laut Zukunftsinstitut f\u00fcr Unternehmen in unterschiedlicher Gewichtung besonders wichtig.<\/p>\n\n\n\n<ol class=\"wp-block-list\">\n<li>Gemeinschaften, Kollaborationen und Kooperationen werden immer wichtiger als das Ego. Stichwort: L\u00f6sungsanbieter. Unternehmen m\u00fcssen Zusammenarbeit und F\u00fchrung neu organisieren.<\/li>\n\n\n\n<li>Unternehmer sollten sich die Potenziale \u00e4lterer Arbeitnehmer erschlie\u00dfen: Die Sicht auf Leistung,\u00a0<a href=\"https:\/\/www.zukunftsinstitut.de\/artikel\/next-growth\/\" target=\"_blank\" rel=\"noopener noreferrer\">Wachstum<\/a>, Innovation und Prozesse wird durch Erfahrung und Gelassenheit vitalisiert.<\/li>\n\n\n\n<li>Die Vernetzung wird soziales Verhalten, Haltungen und Denken ver\u00e4ndern. Unternehmen begreifen, wie sie Technologie effizienter einsetzen k\u00f6nnen. Die Effizienz wird steigen und weitere neue Gesch\u00e4ftsmodelle entstehen.<\/li>\n\n\n\n<li>Neue Prinzipen f\u00fcr Produktion und Logistik sowie die vielen Menschen dort werden den urbanen Raum als Produktionsst\u00e4tte deutlich interessanter machen. Mit dem 3D-Druck und Urban-Farming zeigen sich erste Ans\u00e4tze.<\/li>\n\n\n\n<li>Wissen rund um Agilit\u00e4t und Flexibilit\u00e4t wird wichtiger f\u00fcr Unternehmen. Zwischenmenschliche Qualit\u00e4ten, systemisches Denken und Kontextbildung spielen zentrale Rollen \u2013 gerade als Kompetenz der <a href=\"https:\/\/www.zukunftsinstitut.de\/artikel\/digitalisierung\/beziehungen-statt-bytes-digitale-transformation-ist-eine-frage-der-fuehrung\/\" target=\"_blank\" rel=\"noopener noreferrer\">F\u00fchrungskr\u00e4fte<\/a>.<\/li>\n<\/ol>\n\n\n\n<h2 class=\"wp-block-heading\" id=\"h-trends-2020-was-unternehmen-der-fertigungsbranche-betrifft\">Trends 2020 \u2013 was Unternehmen der Fertigungsbranche betrifft<\/h2>\n\n\n\n<p>Im Sinne der Industrie 4.0 vernetzen und automatisieren die produzierenden Unternehmen ihre Produktion und greifen damit die oben genannten Trends auf. Flexibilit\u00e4t, Produktivit\u00e4t, Losgr\u00f6\u00dfe 1: Das alles sind organisatorische und technologische Herausforderungen.<\/p>\n\n\n\n<h3 class=\"wp-block-heading\" id=\"h-das-iot-internet-of-things\"><strong>Das IoT \u2013 Internet of Things<\/strong><\/h3>\n\n\n\n<p>Das Internet der Dinge (Internet of Things oder IoT) vernetzt physische Objekte wie Software, Sensoren oder elektronische Ger\u00e4te mit dem Internet sowie der computergest\u00fctzten Datenerfassung und -\u00fcbertragung. Das IoT erm\u00f6glicht Kommunikation in Echtzeit, setzt Maschinen und Systeme in Gang und&nbsp; l\u00e4sst \u201eSmart Cities entstehen. Dies f\u00fchrt wiederum zu einer st\u00e4rkeren Digitalisierung und Vernetzung von Lieferketten \u2013 sie werden zu komplett integrierten \u00d6kosystemen, die f\u00fcr die beteiligten Marketing-, Entwicklungs-, Produktions- und Vertriebsabteilungen v\u00f6llig transparent sind.<\/p>\n\n\n\n<p>2020 werden sich die Unternehmen der Fertigungsbranche die folgenden Aufgaben annehmen m\u00fcssen, um die Trends konkret umzusetzen. Unternehmen m\u00fcssen \u2026<\/p>\n\n\n\n<ul class=\"wp-block-list\">\n<li>mit Big Data und hochentwickelten Analysefunktionen das Internet der Dinge (IoT) zum Leben bringen.<\/li>\n\n\n\n<li>Robotik und Automatisierung f\u00fcr die Smart Factory umsetzen.<\/li>\n\n\n\n<li>mit Simulationen, 3D-Druck und Augmented Reality Produkte virtuell modellieren und testen.<\/li>\n<\/ul>\n\n\n\n<h2 class=\"wp-block-heading\" id=\"h-erfolgsfaktoren-fur-die-zukunft\">Erfolgsfaktoren f\u00fcr die Zukunft<\/h2>\n\n\n\n<p>Zentrale Erfolgsfaktoren daf\u00fcr sind erstens die Mitarbeiter, die Know-how und Sozialkompetenzen ausbauen m\u00fcssen. Zweitens ist die Software erfolgsentscheidend: Die Industrie 4.0 wird vor allem durch moderne ERP-Systeme gesteuert werden, die alle Unternehmensbereiche integrieren, Prozesse automatisieren und Daten in Echtzeit bereitstellen. Drittens ist eine schnelle und verl\u00e4ssliche Hardware mit Sensorik wichtig. Und last but not least muss alles vernetzt sein, um die Daten ganzheitlich auswerten zu k\u00f6nnen und von der Rohstofflieferung bis zur Kundenzufriedenheitsmessung die Prozesse automatisieren zu k\u00f6nnen.<\/p>\n\n\n\n<p>&nbsp;<\/p>\n\n\n\n<div class=\"single-cta\">\n\t<div class=\"single-cta__positioner\">\n\t\t<div class=\"single-cta__wrapper has-dark-background-color\">\n\t\t\t<div class=\"single-cta__content\">\n\t\t\t\t\t\t\t\t<h2 class=\"single-cta__title h3\">Befeuern Sie die Rendite Ihres Fertigungsunternehmens<\/h2>\n\n\t\t\t\t\t\t\t\t\t<div class=\"single-cta__description\">\n\t\t\t\t\t\t<p>Behalten Sie den \u00dcberblick \u00fcber Ihre Fertigungsprozesse:<\/p>\n<p>Profitieren Sie von einer leistungsstarken Enterprise Resource Planning Software (ERP), die speziell auf Ihre Anspr\u00fcche als Prozessfertiger abgestimmt ist.<\/p>\n\t\t\t\t\t<\/div>\n\t\t\t\t\n\t\t\t\t\t\t\t\t\t\t\t\t\t\t<a\n\t\t\t\t\t\thref=\"https:\/\/www.sage.com\/de-de\/branchen\/produzierendes-gewerbe\/?ref=blog\"\n\t\t\t\t\t\tclass=\"single-cta__button button button--primary\"\n\t\t\t\t\t\t\t\t\t\t\t\t\tid=\"cta-id-6791\"\n\t\t\t\t\t\t\t\t\t\t\t\t\t\t\t\t\t\t\tdata-button-location=\"cta_box\"\n\t\t\t\t\t\t\t\t\t\t\t>Mehr erfahren<\/a>\n\t\t\t\t\t\t\t<\/div>\n\n\t\t\t\t\t<\/div>\n\n\t\t\t\t\t<img decoding=\"async\" width=\"1215\" height=\"810\" src=\"https:\/\/www.sage.com\/de-de\/blog\/wp-content\/uploads\/sites\/11\/2019\/08\/IWSHandling_2019_100cloud_-111-1-1215x810.jpg\" class=\"single-cta__image\" alt=\"Fertigungsbranche\" loading=\"lazy\" srcset=\"https:\/\/www.sage.com\/de-de\/blog\/wp-content\/uploads\/sites\/11\/2019\/08\/IWSHandling_2019_100cloud_-111-1-1215x810.jpg 1215w\" sizes=\"auto, (min-width: 48em) 33vw, 100vw\" \/>\t\t\t<\/div>\n<\/div>\n\n\n<div class=\"single-cta\">\n\t<div class=\"single-cta__positioner\">\n\t\t<div class=\"single-cta__wrapper has-dark-background-color\">\n\t\t\t<div class=\"single-cta__content\">\n\t\t\t\t\t\t\t\t<h2 class=\"single-cta__title h3\">2026: Alle neuen Gesetze immer im Blick<\/h2>\n\n\t\t\t\t\t\t\t\t\t<div class=\"single-cta__description\">\n\t\t\t\t\t\t<p><!-- wp:paragraph --><\/p>\n<p><strong>Bleiben Sie informiert &#8211; mit unserem Newsletter<\/strong> 1x im Monat<\/p>\n<p><!-- \/wp:paragraph --><\/p>\n<p><!-- wp:list --><\/p>\n<ul class=\"wp-block-list\"><!-- wp:list-item --><\/p>\n<li>Neue Trends aus der Arbeitswelt<\/li>\n<p><!-- \/wp:list-item --><\/p>\n<p><!-- wp:list-item --><\/p>\n<li>Aktuelle Urteile verst\u00e4ndlich erkl\u00e4rt<\/li>\n<p><!-- \/wp:list-item --><\/p>\n<p><!-- wp:list-item --><\/p>\n<li>Tipps zu Recht, Steuern &amp; Finanzen<\/li>\n<p><!-- \/wp:list-item --><\/p>\n<p><!-- wp:list-item --><\/p>\n<li>Experten-Interviews, Studien u.v.m<\/li>\n<p><!-- \/wp:list-item --><\/ul>\n<p><!-- \/wp:list --><\/p>\n\t\t\t\t\t<\/div>\n\t\t\t\t\n\t\t\t\t\t\t\t\t\t\t\t\t\t\t<a\n\t\t\t\t\t\thref=\"#gate-a59880de-3d38-4b82-914c-ffa16bab6ae7\"\n\t\t\t\t\t\tclass=\"single-cta__button button button--primary\"\n\t\t\t\t\t\t\t\t\t\t\t\t\t\t\t\t\t>Newsletter abonnieren<\/a>\n\t\t\t\t\t\t\t<\/div>\n\n\t\t\t\t\t<\/div>\n\n\t\t\t\t\t<img decoding=\"async\" width=\"1215\" height=\"810\" src=\"https:\/\/www.sage.com\/de-de\/blog\/wp-content\/uploads\/sites\/11\/2023\/09\/GettyImages-1277533180-1215x810.jpg\" class=\"single-cta__image\" alt=\"\" loading=\"lazy\" srcset=\"https:\/\/www.sage.com\/de-de\/blog\/wp-content\/uploads\/sites\/11\/2023\/09\/GettyImages-1277533180-1215x810.jpg 1215w\" sizes=\"auto, (min-width: 48em) 33vw, 100vw\" \/>\t\t\t<\/div>\n<\/div>\n","protected":false},"excerpt":{"rendered":"<p>2020 wird wohl ein schwieriges Jahr \u2013 allein der Brexit und Handelsz\u00f6lle d\u00fcrften auf die Ums\u00e4tze der Fertigungsbranche dr\u00fccken. Dazu wird national verf\u00fcgbare Technologie immer st\u00e4rker zu einem politischen Machtfaktor \u2013 die Zusammenarbeit von Unternehmen wird teils unterbunden. Das wird sich auch auf die Trends in der Fertigungsbranche auswirken. Wir werfen einen Blick in die [&hellip;]<\/p>\n","protected":false},"author":583,"featured_media":6523,"comment_status":"open","ping_status":"closed","sticky":false,"template":"","format":"standard","meta":{"_sage_video":false,"post_featured_image_hide":false,"footnotes":""},"categories":[23,15],"tags":[158],"business_type":[18],"lilypad":[],"context":[],"industry":[],"persona":[58,54,57,59],"imagine_tag":[34,33,47,41,40,45,49,29],"coauthors":[995],"class_list":["post-6519","post","type-post","status-publish","format-standard","has-post-thumbnail","hentry","category-datenbasiert-entscheiden","category-digitale-transformation","tag-erp","business_type-mittlere-unternehmen"],"sage_meta":{"region":"de-de","author_name":"Alexander Warmers","featured_image":"https:\/\/www.sage.com\/de-de\/blog\/wp-content\/uploads\/sites\/11\/2019\/09\/Fruit-dOr_X3_257-1.jpg","imagine_tags":{"34":"ERP","33":"Finanzen","47":"Maschinen- und Anlagenbau","41":"Mittelstand","40":"Mittlere Unternehmen","45":"Produzierendes Gewerbe","49":"Prozessfertigung","29":"\u00dcber Sage"}},"distributor_meta":false,"distributor_terms":false,"distributor_media":false,"distributor_original_site_name":"Sage Advice Deutschland","distributor_original_site_url":"https:\/\/www.sage.com\/de-de\/blog","push-errors":false,"_links":{"self":[{"href":"https:\/\/www.sage.com\/de-de\/blog\/api\/wp\/v2\/posts\/6519","targetHints":{"allow":["GET"]}}],"collection":[{"href":"https:\/\/www.sage.com\/de-de\/blog\/api\/wp\/v2\/posts"}],"about":[{"href":"https:\/\/www.sage.com\/de-de\/blog\/api\/wp\/v2\/types\/post"}],"author":[{"embeddable":true,"href":"https:\/\/www.sage.com\/de-de\/blog\/api\/wp\/v2\/users\/583"}],"replies":[{"embeddable":true,"href":"https:\/\/www.sage.com\/de-de\/blog\/api\/wp\/v2\/comments?post=6519"}],"version-history":[{"count":0,"href":"https:\/\/www.sage.com\/de-de\/blog\/api\/wp\/v2\/posts\/6519\/revisions"}],"wp:featuredmedia":[{"embeddable":true,"href":"https:\/\/www.sage.com\/de-de\/blog\/api\/wp\/v2\/media\/6523"}],"wp:attachment":[{"href":"https:\/\/www.sage.com\/de-de\/blog\/api\/wp\/v2\/media?parent=6519"}],"wp:term":[{"taxonomy":"category","embeddable":true,"href":"https:\/\/www.sage.com\/de-de\/blog\/api\/wp\/v2\/categories?post=6519"},{"taxonomy":"post_tag","embeddable":true,"href":"https:\/\/www.sage.com\/de-de\/blog\/api\/wp\/v2\/tags?post=6519"},{"taxonomy":"business_type","embeddable":true,"href":"https:\/\/www.sage.com\/de-de\/blog\/api\/wp\/v2\/business_type?post=6519"},{"taxonomy":"lilypad","embeddable":true,"href":"https:\/\/www.sage.com\/de-de\/blog\/api\/wp\/v2\/lilypad?post=6519"},{"taxonomy":"context","embeddable":true,"href":"https:\/\/www.sage.com\/de-de\/blog\/api\/wp\/v2\/context?post=6519"},{"taxonomy":"industry","embeddable":true,"href":"https:\/\/www.sage.com\/de-de\/blog\/api\/wp\/v2\/industry?post=6519"},{"taxonomy":"persona","embeddable":true,"href":"https:\/\/www.sage.com\/de-de\/blog\/api\/wp\/v2\/persona?post=6519"},{"taxonomy":"imagine_tag","embeddable":true,"href":"https:\/\/www.sage.com\/de-de\/blog\/api\/wp\/v2\/imagine_tag?post=6519"},{"taxonomy":"author","embeddable":true,"href":"https:\/\/www.sage.com\/de-de\/blog\/api\/wp\/v2\/coauthors?post=6519"}],"curies":[{"name":"wp","href":"https:\/\/api.w.org\/{rel}","templated":true}]}}