{"id":6654,"date":"2019-11-18T07:30:32","date_gmt":"2019-11-18T06:30:32","guid":{"rendered":"https:\/\/www.sage.com\/de-de\/blog\/?p=6654"},"modified":"2026-01-22T15:41:02","modified_gmt":"2026-01-22T14:41:02","slug":"3-faq-lohnabrechnung-was-brauche-ich-dazu","status":"publish","type":"post","link":"https:\/\/www.sage.com\/de-de\/blog\/3-faq-lohnabrechnung-was-brauche-ich-dazu\/","title":{"rendered":"1 FAQ: Lohnabrechnung &#8211; was brauche ich dazu?"},"content":{"rendered":"<header class=\"entry-header has-dark-background-color entry-header--has-illustration entry-header--has-illustration--generic\">\n\t<div class=\"container\">\n\t\t<div class=\"entry-header__row row align-center\">\n\t\t\t<div class=\"col col-lg-7 col-xlg-6 entry-header__content\">\n\t\t\t\t\t\t\t<div class=\"component component-single-header\">\n\t\t\t\t\t\t\t\t\t\t<div class=\"entry-header__misc text--subtitle text--uppercase text--small\">\n\t\t\t\t\t\t\t<a href=\"https:\/\/www.sage.com\/de-de\/blog\/kategorie\/recht-steuern-finanzen\/\" class=\"entry-header__link\">Recht, Steuern und Finanzen<\/a>\t\t\t\t\t\t<\/div>\n\t\t\t\t\n\t\t\t\t<div class=\"entry-title-wrapper\">\n\t\t\t\t\t<h1 class=\"entry-title\">\n\t\t\t\t\t\t1 FAQ: Lohnabrechnung &#8211; was brauche ich dazu?\t\t\t\t\t<\/h1>\n\t\t\t\t<\/div>\n\n\t\t\t\t\t\t\t\t\t<p class=\"entry-header__description\">\n\t\t\t\t\t\t\t\t\t\t\t<\/p>\n\t\t\t\t\n\t\t\t\t\n\t\t\t\t\n\t\t\t<\/div>\n\n\t\t\t\t\t<\/div>\n\t\t\t\t\t<\/div>\n\t<\/div>\n\t<div class=\"single-post-details container\">\n\t\t<div class=\"col\">\n\t\t\t<span class=\"posted-on \"><time class=\"entry-date published\" datetime=\"2019-11-18T07:30:32+01:00\">18. November 2019<\/time><\/span><span class=\"reading-time\"> Minuten zu lesen<\/span>\n\t\t<button\n\t\t\ttype=\"button\"\n\t\t\tclass=\"social-share-button button button--icon button--secondary js-social-share-button\"\n\t\t\tdata-share-title=\"1 FAQ: Lohnabrechnung &#8211; was brauche ich dazu?\"\n\t\t\tdata-share-url=\"https:\/\/www.sage.com\/de-de\/blog\/3-faq-lohnabrechnung-was-brauche-ich-dazu\/\"\n\t\t\tdata-share-text=\"Bitte lesen Sie diesen interessanten Artikel\"\n\t\t>\n\t\t\t<span class=\"social-share-button__share-label\">Teilen<\/span>\n\t\t\t<span class=\"social-share-button__copy-label\" hidden>Link kopieren<\/span>\n\t\t\t<span class=\"social-share-button__copy-tooltip\" aria-hidden=\"true\" hidden>Kopiert<\/span>\n\t\t<\/button>\n\n\t\t\t\t<\/div>\n\t<\/div>\n<\/header>\n\n\n\n<div class=\"wp-block-post-author has-dark-background-color alignfull\">\n\t<div class=\"container\">\n\t\t<div class=\"col\">\n\t\t\t\t\t\t\t<div class=\"co-authors\">\n\t\t\t\t\t\n\t\t<div class=\"entry-author-wrapper\">\n\t\t\t<a class=\"entry-author\" href=\"https:\/\/www.sage.com\/de-de\/blog\/author\/vincentschuettfort\/\">\n\t\t\t\t<img loading=\"lazy\" decoding=\"async\" width=\"40\" height=\"40\" src=\"https:\/\/www.sage.com\/de-de\/blog\/wp-content\/uploads\/sites\/11\/2020\/10\/NEUVincent_Schuettfort_vSeitenweise_verkleinertesFoto.jpg\" class=\"entry-author__image\" alt=\"Autor_VincentSch\u00fcttfort\" \/>\t\t\t\t<span class=\"entry-author__name\">Vincent Sch\u00fcttfort<\/span>\n\t\t\t<\/a>\n\n\t\t\t\t\t<\/div>\n\n\t\t\t\t\t\t<\/div>\n\t\t\t\t\t<\/div>\n\t<\/div>\n<\/div>\n\n\n\n\n\n<figure class=\"wp-block-embed is-type-video is-provider-youtube wp-block-embed-youtube wp-embed-aspect-16-9 wp-has-aspect-ratio\"><div class=\"wp-block-embed__wrapper\">\n<div class=\"video-container-wrap -mode-full\"><div class=\"video-container\"><video\n\t\t\t\tclass=\"sage-video video-js vjs-default-skin \"\n\t\t\t\twidth=\"640\"\n\t\t\t\theight=\"360\"\n\t\t\t\tdata-setup='{ \"controls\": true, \"aspectRatio\" : \"16:9\", \"poster\": \"https:\/\/img.youtube.com\/vi\/FdMW6KKQw6M\/maxresdefault.jpg\", \"techOrder\": [\"youtube\"], \"enablejsapi\": 1, \"origin\": \"https:\/\/www.sage.com\", \"sources\": [{ \"type\": \"video\/youtube\", \"src\": \"https:\/\/www.youtube.com\/watch?v=FdMW6KKQw6M\"}], \"youtube\": { \"ytControls\": 0, \"cc_load_policy\": 3, \"modestbranding\": 1, \"hl\": \"de_DE\", \"playsinline\": 1 } }'\n\t\t\t\tcrossorigin=\"\"><\/video><\/div><\/div>\n<\/div><\/figure>\n\n\n\n<p>Schon bevor der erste Mitarbeiter in Ihrem Unternehmen anf\u00e4ngt, m\u00fcssen Sie an die Lohnabrechnung denken und daher einige Vorkehrungen treffen.<\/p>\n\n\n\n<h2 class=\"wp-block-heading\" id=\"h-fur-die-lohnabrechnung-benotigen-sie\">F\u00fcr die Lohnabrechnung ben\u00f6tigen Sie:<\/h2>\n\n\n\n<ul class=\"wp-block-list\">\n<li>Betriebsnummer (unter dieser Nummer werden alle Meldungen an die Sozialversicherungen zentral administriert)<\/li>\n\n\n\n<li>Anmeldung bei der zust\u00e4ndigen Berufsgenossenschaft und dem zust\u00e4ndigen Unfallversicherungstr\u00e4ger<\/li>\n\n\n\n<li>Ihre Steuernummer, die Sie vom zust\u00e4ndigen Finanzamt bekommen<\/li>\n\n\n\n<li>Anmeldung des Mitarbeiters bei der entsprechenden Kranken- oder Ersatzkasse<\/li>\n\n\n\n<li>Sozialversicherungsnummer und Steueridentifikationsnummer des Mitarbeiters<\/li>\n\n\n\n<li>Die jeweilige Steuerklasse des Mitarbeiters<\/li>\n\n\n\n<li>Gefahrentarif f\u00fcr die Berufsgenossenschaft<\/li>\n\n\n\n<li>T\u00e4tigkeitsschl\u00fcssel der Bundesagentur f\u00fcr Arbeit<\/li>\n<\/ul>\n\n\n\n<p>Au\u00dferdem m\u00fcssen Sie wissen, wie viel der Mitarbeiter verdienen wird und wie dessen T\u00e4tigkeitsbezeichnung lautet.<\/p>\n\n\n\n<p><span data-sheets-value=\"{&quot;1&quot;:2,&quot;2&quot;:&quot;Brauchen Sie Hilfe bei der Erstellung Ihrer Lohnabrechnungen? Wir helfen Ihnen gerne! Nutzen Sie auch unseren Gehaltsrechner f\u00fcr Arbeitgeber.&quot;}\" data-sheets-userformat=\"{&quot;2&quot;:961,&quot;3&quot;:{&quot;1&quot;:0},&quot;9&quot;:0,&quot;10&quot;:0,&quot;11&quot;:4,&quot;12&quot;:0}\" data-sheets-textstyleruns=\"{&quot;1&quot;:0}\uee10{&quot;1&quot;:86,&quot;2&quot;:{&quot;6&quot;:1}}\uee10{&quot;1&quot;:110,&quot;2&quot;:{&quot;2&quot;:{&quot;1&quot;:2,&quot;2&quot;:16711680},&quot;6&quot;:1}}\">Brauchen Sie Hilfe bei der Erstellung Ihrer Lohnabrechnungen? Wir helfen Ihnen gerne! Nutzen Sie auch unseren <a href=\"https:\/\/www.sage.com\/de-de\/lohnabrechnung-software\/gehaltsrechner-arbeitgeber\/\">Gehaltsrechner f\u00fcr Arbeitgeber<\/a>.<\/span><\/p>\n\n\n\n<div class=\"single-cta\">\n\t<div class=\"single-cta__positioner\">\n\t\t<div class=\"single-cta__wrapper has-dark-background-color\">\n\t\t\t<div class=\"single-cta__content\">\n\t\t\t\t\t\t\t\t<h2 class=\"single-cta__title h3\">Lohnabrechnung online durchf\u00fchren<\/h2>\n\n\t\t\t\t\t\t\t\t\t<div class=\"single-cta__description\">\n\t\t\t\t\t\t<p>Der einfachste Weg, Ihre Mitarbeiter zu bezahlen. <span style=\"color: #99cc00\">Erledigen Sie Ihre Lohnabrechnung einfach, schnell und sicher:<\/span><\/p>\n<ul>\n<li>Lohnabrechnung im Handumdrehen \u2013 auch ohne Vorkenntnisse<\/li>\n<li>Inklusive Versand aller gesetzlichen Meldungen<\/li>\n<li>Sofortmeldungen \u2013 auch an Wochenenden und Feiertagen m\u00f6glich<\/li>\n<li>Jederzeit Zugriff auf Ihre Daten<\/li>\n<\/ul>\n\t\t\t\t\t<\/div>\n\t\t\t\t\n\t\t\t\t\t\t\t\t\t\t\t\t\t\t<a\n\t\t\t\t\t\thref=\"https:\/\/www.sage.com\/de-de\/sage-business-cloud\/lohnabrechnung-plus\/?ref=blog\"\n\t\t\t\t\t\tclass=\"single-cta__button button button--primary\"\n\t\t\t\t\t\t\t\t\t\t\t\t\tid=\"cta-id-5877\"\n\t\t\t\t\t\t\t\t\t\t\t\t\t\t\t\t\t\t\tdata-button-location=\"cta_box\"\n\t\t\t\t\t\t\t\t\t\t\t>Jetzt testen<\/a>\n\t\t\t\t\t\t\t<\/div>\n\n\t\t\t\t\t<\/div>\n\n\t\t\t\t\t<img decoding=\"async\" width=\"1200\" height=\"768\" src=\"https:\/\/www.sage.com\/de-de\/blog\/wp-content\/uploads\/sites\/11\/2018\/12\/Lohnwegweiser-2017-1.jpg\" class=\"single-cta__image\" alt=\"Caf\u00e9\" loading=\"lazy\" srcset=\"https:\/\/www.sage.com\/de-de\/blog\/wp-content\/uploads\/sites\/11\/2018\/12\/Lohnwegweiser-2017-1.jpg 1200w\" sizes=\"auto, (min-width: 48em) 33vw, 100vw\" \/>\t\t\t<\/div>\n<\/div>\n\n\n\n<h2 class=\"wp-block-heading\" id=\"h-tipp-lesen-sie-auch-diesen-nutzlichen-artikel-zum-thema-lohnabrechnung\">Tipp: Lesen Sie auch diesen n\u00fctzlichen Artikel zum Thema Lohnabrechnung<\/h2>\n\n\n\n<p><a href=\"https:\/\/www.sage.com\/de-de\/blog\/lohnabrechnungssoftware-5-gr-nde-warum-excel-keine-ist\/\" target=\"_blank\" rel=\"noopener noreferrer\">Lohnabrechnungssoftware: 5 Gr\u00fcnde, warum Excel keine gute Option ist<\/a><\/p>\n\n\n<div class=\"single-cta\">\n\t<div class=\"single-cta__positioner\">\n\t\t<div class=\"single-cta__wrapper has-dark-background-color\">\n\t\t\t<div class=\"single-cta__content\">\n\t\t\t\t\t\t\t\t<h2 class=\"single-cta__title h3\">2026: Alle neuen Gesetze immer im Blick<\/h2>\n\n\t\t\t\t\t\t\t\t\t<div class=\"single-cta__description\">\n\t\t\t\t\t\t<p><!-- wp:paragraph --><\/p>\n<p><strong>Bleiben Sie informiert &#8211; mit unserem Newsletter<\/strong> 1x im Monat<\/p>\n<p><!-- \/wp:paragraph --><\/p>\n<p><!-- wp:list --><\/p>\n<ul class=\"wp-block-list\"><!-- wp:list-item --><\/p>\n<li>Neue Trends aus der Arbeitswelt<\/li>\n<p><!-- \/wp:list-item --><\/p>\n<p><!-- wp:list-item --><\/p>\n<li>Aktuelle Urteile verst\u00e4ndlich erkl\u00e4rt<\/li>\n<p><!-- \/wp:list-item --><\/p>\n<p><!-- wp:list-item --><\/p>\n<li>Tipps zu Recht, Steuern &amp; Finanzen<\/li>\n<p><!-- \/wp:list-item --><\/p>\n<p><!-- wp:list-item --><\/p>\n<li>Experten-Interviews, Studien u.v.m<\/li>\n<p><!-- \/wp:list-item --><\/ul>\n<p><!-- \/wp:list --><\/p>\n\t\t\t\t\t<\/div>\n\t\t\t\t\n\t\t\t\t\t\t\t\t\t\t\t\t\t\t<a\n\t\t\t\t\t\thref=\"#gate-a59880de-3d38-4b82-914c-ffa16bab6ae7\"\n\t\t\t\t\t\tclass=\"single-cta__button button button--primary\"\n\t\t\t\t\t\t\t\t\t\t\t\t\t\t\t\t\t>Newsletter abonnieren<\/a>\n\t\t\t\t\t\t\t<\/div>\n\n\t\t\t\t\t<\/div>\n\n\t\t\t\t\t<img decoding=\"async\" width=\"1215\" height=\"810\" src=\"https:\/\/www.sage.com\/de-de\/blog\/wp-content\/uploads\/sites\/11\/2023\/09\/GettyImages-1277533180-1215x810.jpg\" class=\"single-cta__image\" alt=\"\" loading=\"lazy\" srcset=\"https:\/\/www.sage.com\/de-de\/blog\/wp-content\/uploads\/sites\/11\/2023\/09\/GettyImages-1277533180-1215x810.jpg 1215w\" sizes=\"auto, (min-width: 48em) 33vw, 100vw\" \/>\t\t\t<\/div>\n<\/div>\n","protected":false},"excerpt":{"rendered":"<p>Schon bevor der erste Mitarbeiter in Ihrem Unternehmen anf\u00e4ngt, m\u00fcssen Sie an die Lohnabrechnung denken und daher einige Vorkehrungen treffen. F\u00fcr die Lohnabrechnung ben\u00f6tigen Sie: Au\u00dferdem m\u00fcssen Sie wissen, wie viel der Mitarbeiter verdienen wird und wie dessen T\u00e4tigkeitsbezeichnung lautet. Brauchen Sie Hilfe bei der Erstellung Ihrer Lohnabrechnungen? Wir helfen Ihnen gerne! Nutzen Sie auch [&hellip;]<\/p>\n","protected":false},"author":897,"featured_media":11147,"comment_status":"open","ping_status":"closed","sticky":false,"template":"","format":"standard","meta":{"_sage_video":true,"post_featured_image_hide":false,"footnotes":""},"categories":[65],"tags":[84,873,115],"business_type":[17],"lilypad":[],"context":[],"industry":[],"persona":[58,59,56],"imagine_tag":[32,39,36,24],"coauthors":[972],"class_list":["post-6654","post","type-post","status-publish","format-standard","has-post-thumbnail","hentry","category-recht-steuern-finanzen","tag-buchhaltung","tag-faq-buchhaltung","tag-lohnabrechnung","business_type-kleinunternehmer-handwerker"],"sage_meta":{"region":"de-de","author_name":"Vincent Sch\u00fcttfort","featured_image":"https:\/\/www.sage.com\/de-de\/blog\/wp-content\/uploads\/sites\/11\/2019\/11\/1-Lohnabrechnung-FAQ@1x-1.jpg","imagine_tags":{"32":"Buchhaltung","39":"Kleine Unternehmen","36":"Lohnabrechnung","24":"Sage Blog"}},"distributor_meta":false,"distributor_terms":false,"distributor_media":false,"distributor_original_site_name":"Sage Advice Deutschland","distributor_original_site_url":"https:\/\/www.sage.com\/de-de\/blog","push-errors":false,"_links":{"self":[{"href":"https:\/\/www.sage.com\/de-de\/blog\/api\/wp\/v2\/posts\/6654","targetHints":{"allow":["GET"]}}],"collection":[{"href":"https:\/\/www.sage.com\/de-de\/blog\/api\/wp\/v2\/posts"}],"about":[{"href":"https:\/\/www.sage.com\/de-de\/blog\/api\/wp\/v2\/types\/post"}],"author":[{"embeddable":true,"href":"https:\/\/www.sage.com\/de-de\/blog\/api\/wp\/v2\/users\/897"}],"replies":[{"embeddable":true,"href":"https:\/\/www.sage.com\/de-de\/blog\/api\/wp\/v2\/comments?post=6654"}],"version-history":[{"count":0,"href":"https:\/\/www.sage.com\/de-de\/blog\/api\/wp\/v2\/posts\/6654\/revisions"}],"wp:featuredmedia":[{"embeddable":true,"href":"https:\/\/www.sage.com\/de-de\/blog\/api\/wp\/v2\/media\/11147"}],"wp:attachment":[{"href":"https:\/\/www.sage.com\/de-de\/blog\/api\/wp\/v2\/media?parent=6654"}],"wp:term":[{"taxonomy":"category","embeddable":true,"href":"https:\/\/www.sage.com\/de-de\/blog\/api\/wp\/v2\/categories?post=6654"},{"taxonomy":"post_tag","embeddable":true,"href":"https:\/\/www.sage.com\/de-de\/blog\/api\/wp\/v2\/tags?post=6654"},{"taxonomy":"business_type","embeddable":true,"href":"https:\/\/www.sage.com\/de-de\/blog\/api\/wp\/v2\/business_type?post=6654"},{"taxonomy":"lilypad","embeddable":true,"href":"https:\/\/www.sage.com\/de-de\/blog\/api\/wp\/v2\/lilypad?post=6654"},{"taxonomy":"context","embeddable":true,"href":"https:\/\/www.sage.com\/de-de\/blog\/api\/wp\/v2\/context?post=6654"},{"taxonomy":"industry","embeddable":true,"href":"https:\/\/www.sage.com\/de-de\/blog\/api\/wp\/v2\/industry?post=6654"},{"taxonomy":"persona","embeddable":true,"href":"https:\/\/www.sage.com\/de-de\/blog\/api\/wp\/v2\/persona?post=6654"},{"taxonomy":"imagine_tag","embeddable":true,"href":"https:\/\/www.sage.com\/de-de\/blog\/api\/wp\/v2\/imagine_tag?post=6654"},{"taxonomy":"author","embeddable":true,"href":"https:\/\/www.sage.com\/de-de\/blog\/api\/wp\/v2\/coauthors?post=6654"}],"curies":[{"name":"wp","href":"https:\/\/api.w.org\/{rel}","templated":true}]}}