{"id":6667,"date":"2020-07-30T09:20:10","date_gmt":"2020-07-30T07:20:10","guid":{"rendered":"https:\/\/www.sage.com\/de-de\/blog\/?p=6667"},"modified":"2026-01-22T15:27:44","modified_gmt":"2026-01-22T14:27:44","slug":"15-faq-welche-meldefristen-gelten-bei-der-lohnabrechnung-fuer-die-krankenkassen","status":"publish","type":"post","link":"https:\/\/www.sage.com\/de-de\/blog\/15-faq-welche-meldefristen-gelten-bei-der-lohnabrechnung-fuer-die-krankenkassen\/","title":{"rendered":"15 FAQ: Welche Meldefristen gelten bei der Lohnabrechnung f\u00fcr die Krankenkassen?"},"content":{"rendered":"<header class=\"entry-header has-dark-background-color entry-header--has-illustration entry-header--has-illustration--generic\">\n\t<div class=\"container\">\n\t\t<div class=\"entry-header__row row align-center\">\n\t\t\t<div class=\"col col-lg-7 col-xlg-6 entry-header__content\">\n\t\t\t\t\t\t\t<div class=\"component component-single-header\">\n\t\t\t\t\t\t\t\t\t\t<div class=\"entry-header__misc text--subtitle text--uppercase text--small\">\n\t\t\t\t\t\t\t<a href=\"https:\/\/www.sage.com\/de-de\/blog\/kategorie\/hr-management-payroll\/\" class=\"entry-header__link\">HR-Management und Lohnbuchhaltung<\/a>\t\t\t\t\t\t<\/div>\n\t\t\t\t\n\t\t\t\t<div class=\"entry-title-wrapper\">\n\t\t\t\t\t<h1 class=\"entry-title\">\n\t\t\t\t\t\t15 FAQ: Welche Meldefristen gelten bei der Lohnabrechnung f\u00fcr die Krankenkassen?\t\t\t\t\t<\/h1>\n\t\t\t\t<\/div>\n\n\t\t\t\t\t\t\t\t\t<p class=\"entry-header__description\">\n\t\t\t\t\t\t\t\t\t\t\t<\/p>\n\t\t\t\t\n\t\t\t\t\n\t\t\t\t\n\t\t\t<\/div>\n\n\t\t\t\t\t<\/div>\n\t\t\t\t\t<\/div>\n\t<\/div>\n\t<div class=\"single-post-details container\">\n\t\t<div class=\"col\">\n\t\t\t<span class=\"posted-on \"><time class=\"entry-date published\" datetime=\"2020-07-30T09:20:10+02:00\">30. July 2020<\/time><\/span><span class=\"reading-time\"> Minuten zu lesen<\/span>\n\t\t<button\n\t\t\ttype=\"button\"\n\t\t\tclass=\"social-share-button button button--icon button--secondary js-social-share-button\"\n\t\t\tdata-share-title=\"15 FAQ: Welche Meldefristen gelten bei der Lohnabrechnung f\u00fcr die Krankenkassen?\"\n\t\t\tdata-share-url=\"https:\/\/www.sage.com\/de-de\/blog\/15-faq-welche-meldefristen-gelten-bei-der-lohnabrechnung-fuer-die-krankenkassen\/\"\n\t\t\tdata-share-text=\"Bitte lesen Sie diesen interessanten Artikel\"\n\t\t>\n\t\t\t<span class=\"social-share-button__share-label\">Teilen<\/span>\n\t\t\t<span class=\"social-share-button__copy-label\" hidden>Link kopieren<\/span>\n\t\t\t<span class=\"social-share-button__copy-tooltip\" aria-hidden=\"true\" hidden>Kopiert<\/span>\n\t\t<\/button>\n\n\t\t\t\t<\/div>\n\t<\/div>\n<\/header>\n\n\n\n<div class=\"wp-block-post-author has-dark-background-color alignfull\">\n\t<div class=\"container\">\n\t\t<div class=\"col\">\n\t\t\t\t\t\t\t<div class=\"co-authors\">\n\t\t\t\t\t\n\t\t<div class=\"entry-author-wrapper\">\n\t\t\t<a class=\"entry-author\" href=\"https:\/\/www.sage.com\/de-de\/blog\/author\/vincentschuettfort\/\">\n\t\t\t\t<img loading=\"lazy\" decoding=\"async\" width=\"40\" height=\"40\" src=\"https:\/\/www.sage.com\/de-de\/blog\/wp-content\/uploads\/sites\/11\/2020\/10\/NEUVincent_Schuettfort_vSeitenweise_verkleinertesFoto.jpg\" class=\"entry-author__image\" alt=\"Autor_VincentSch\u00fcttfort\" \/>\t\t\t\t<span class=\"entry-author__name\">Vincent Sch\u00fcttfort<\/span>\n\t\t\t<\/a>\n\n\t\t\t\t\t<\/div>\n\n\t\t\t\t\t\t<\/div>\n\t\t\t\t\t<\/div>\n\t<\/div>\n<\/div>\n\n\n\n\n\n<p>Arbeitgeber m\u00fcssen f\u00fcr ihre Mitarbeiter Lohnabrechnungen erstellen und sind dazu verpflichtet, die Sozialversicherungsbeitr\u00e4ge der Angestellten abzuf\u00fchren. Dabei m\u00fcssen sie f\u00fcr die Meldung an \u00c4mter und Kassen strenge Fristen des Gesetzgebers beachten.<\/p>\n\n\n\n<p>Deren Nichteinhaltung kann zu massiven Geldbu\u00dfen f\u00fchren. Deshalb halten Sie besser die Fristen ein:<\/p>\n\n\n\n<ul class=\"wp-block-list\">\n<li>Die Lohn-, Steuer- und Sozialabgaben-Berechnung m\u00fcssen Sie <strong>sp\u00e4testens<\/strong> <strong>am Ende der dritten Woche eines laufenden Monats<\/strong> abgeschlossen haben.<\/li>\n\n\n\n<li><strong>Bis zum f\u00fcnftletzten Bankarbeitstag<\/strong> sollten Sie die Meldung \u00fcber die voraussichtlichen Sozialversicherungsbeitr\u00e4ge \u00fcbermitteln.<\/li>\n<\/ul>\n\n\n\n<p>Seit dem 1. Januar 2009 k\u00f6nnen diese Meldungen an die <a href=\"https:\/\/www.sage.com\/de-de\/blog\/lexikon\/sozialversicherung\/\" target=\"_blank\" rel=\"noopener noreferrer\">Sozialversicherung<\/a> nur noch durch elektronische Daten\u00fcbertragung \u00fcber die Portale der Krankenkassen aus systemgepr\u00fcften Programmen wie Sage Business Cloud Lohnabrechnung oder mittels maschinell erstellter Ausf\u00fcllhilfen abgegeben werden.<\/p>\n\n\n\n<p>F\u00fcr die Daten\u00fcbermittlung hat der Dienstleister der Kassen, die Informationstechnische Servicestelle der Gesetzlichen Krankenversicherung GmbH (<a href=\"http:\/\/www.itsg.de\" target=\"_blank\" rel=\"noopener noreferrer\">www.itsg.de<\/a>), eine kostenfreie Anwendung eingerichtet: sv.net.<\/p>\n\n\n\n<div class=\"single-cta\">\n\t<div class=\"single-cta__positioner\">\n\t\t<div class=\"single-cta__wrapper has-dark-background-color\">\n\t\t\t<div class=\"single-cta__content\">\n\t\t\t\t\t\t\t\t<h2 class=\"single-cta__title h3\">Lohnabrechnung online durchf\u00fchren<\/h2>\n\n\t\t\t\t\t\t\t\t\t<div class=\"single-cta__description\">\n\t\t\t\t\t\t<p>Der einfachste Weg, Ihre Mitarbeiter zu bezahlen. <span style=\"color: #99cc00\">Erledigen Sie Ihre Lohnabrechnung einfach, schnell und sicher:<\/span><\/p>\n<ul>\n<li>Lohnabrechnung im Handumdrehen \u2013 auch ohne Vorkenntnisse<\/li>\n<li>Inklusive Versand aller gesetzlichen Meldungen<\/li>\n<li>Sofortmeldungen \u2013 auch an Wochenenden und Feiertagen m\u00f6glich<\/li>\n<li>Jederzeit Zugriff auf Ihre Daten<\/li>\n<\/ul>\n\t\t\t\t\t<\/div>\n\t\t\t\t\n\t\t\t\t\t\t\t\t\t\t\t\t\t\t<a\n\t\t\t\t\t\thref=\"https:\/\/www.sage.com\/de-de\/sage-business-cloud\/lohnabrechnung-plus\/?ref=blog\"\n\t\t\t\t\t\tclass=\"single-cta__button button button--primary\"\n\t\t\t\t\t\t\t\t\t\t\t\t\tid=\"cta-id-5877\"\n\t\t\t\t\t\t\t\t\t\t\t\t\t\t\t\t\t\t\tdata-button-location=\"cta_box\"\n\t\t\t\t\t\t\t\t\t\t\t>Jetzt testen<\/a>\n\t\t\t\t\t\t\t<\/div>\n\n\t\t\t\t\t<\/div>\n\n\t\t\t\t\t<img decoding=\"async\" width=\"1200\" height=\"768\" src=\"https:\/\/www.sage.com\/de-de\/blog\/wp-content\/uploads\/sites\/11\/2018\/12\/Lohnwegweiser-2017-1.jpg\" class=\"single-cta__image\" alt=\"Caf\u00e9\" loading=\"lazy\" srcset=\"https:\/\/www.sage.com\/de-de\/blog\/wp-content\/uploads\/sites\/11\/2018\/12\/Lohnwegweiser-2017-1.jpg 1200w\" sizes=\"auto, (min-width: 48em) 33vw, 100vw\" \/>\t\t\t<\/div>\n<\/div>\n\n\n\n<h2 class=\"wp-block-heading\" id=\"h-weitere-wichtige-meldefristen\">Weitere wichtige Meldefristen<\/h2>\n\n\n\n<p>Neben den Meldefristen f\u00fcr die Krankenkassen, sind nat\u00fcrlich auch die <a href=\"https:\/\/www.sage.com\/de-de\/blog\/14-faq-welche-meldefristen-fuer-das-finanzamt-gelten-bei-der-lohnabrechnung\/\" target=\"_blank\" rel=\"noopener noreferrer\">Meldefristen f\u00fcr das Finanzamt<\/a> bei der Lohnabrechnung relevant.<\/p>\n\n\n\n<h2 class=\"wp-block-heading\" id=\"h-lohnbuchhaltung-ein-praxisbericht\">Lohnbuchhaltung \u2013 ein Praxisbericht<\/h2>\n\n\n\n<figure class=\"wp-block-image alignleft\"><img loading=\"lazy\" decoding=\"async\" width=\"228\" height=\"171\" src=\"https:\/\/www.sage.com\/de-de\/blog\/wp-content\/uploads\/sites\/11\/2020\/05\/SmartDeploy_2019_Intacct_0384-e1715165217183.jpg\" alt=\"Frau im B\u00fcro\" class=\"wp-image-7672\"\/><\/figure>\n\n\n\n<p><\/p>\n\n\n\n<p class=\"entry-title\"><a href=\"https:\/\/www.sage.com\/de-de\/blog\/lohnbuchhaltung-frau-kuhnert-berichtet-so-sieht-mein-tag-als-lohnbuchhalterin-aus\/\" target=\"_blank\" rel=\"noopener noreferrer\">Lohnbuchhaltung \u2013 Frau Kuhnert berichtet: So sieht mein Tag als Lohnbuchhalterin aus<\/a><\/p>\n\n\n\n<p>Wissen Sie, was eine Lohnbuchhalterin den ganzen Tag erledigt und wie sie ein Unternehmen dabei entlastet? Frau Kuhnert aus der Lohnbuchhaltung eines schw\u00e4bischen Handwerksbetriebs lie\u00df sich einen Tag lang \u00fcber die Schulter schauen und berichtet.<\/p>\n\n\n\n<div class=\"single-cta gated-content\">\n\t<div class=\"single-cta__positioner\">\n\t\t<div class=\"single-cta__wrapper has-dark-background-color\">\n\t\t\t<div class=\"single-cta__content\">\n\t\t\t\t\t\t\t\t<h2 class=\"single-cta__title h3\">Wann lohnt sich ein Lohnbuchhalter f\u00fcr Ihr Unternehmen?<\/h2>\n\n\t\t\t\t\t\t\t\t\t<div class=\"single-cta__description\">\n\t\t\t\t\t\t<p>In dem E-Book, das wir Ihnen kostenfrei zur Verf\u00fcgung stellen, erfahren Sie:<\/p>\n<ul>\n<li>welche To-dos in das Jobprofil eines Lohnbuchhalters fallen,<\/li>\n<li>welche Kosten damit verbunden sind und<\/li>\n<li>unter welchen Rahmenbedingungen sich ein interner Lohnbuchhalter f\u00fcr Sie rechnet.<\/li>\n<\/ul>\n\t\t\t\t\t<\/div>\n\t\t\t\t\n\t\t\t\t\t\t\t\t\t\t\t\t\t\t<a\n\t\t\t\t\t\thref=\"#gate-3a54e6dd-d712-4a30-b816-6558dffc9849\"\n\t\t\t\t\t\tclass=\"single-cta__button button button--primary\"\n\t\t\t\t\t\t\t\t\t\t\t\t\t\t\t\t\t>Jetzt kostenfrei E-Book herunterladen<\/a>\n\t\t\t\t\t\t\t<\/div>\n\n\t\t\t\t\t<\/div>\n\n\t\t\t\t\t<img decoding=\"async\" width=\"1211\" height=\"810\" src=\"https:\/\/www.sage.com\/de-de\/blog\/wp-content\/uploads\/sites\/11\/2020\/03\/NEU-Bild-3-Cherryduck_2019_Financial_00085-1211x810.jpg\" class=\"single-cta__image\" alt=\"Personen im B\u00fcro\" loading=\"lazy\" srcset=\"https:\/\/www.sage.com\/de-de\/blog\/wp-content\/uploads\/sites\/11\/2020\/03\/NEU-Bild-3-Cherryduck_2019_Financial_00085-1211x810.jpg 1211w\" sizes=\"auto, (min-width: 48em) 33vw, 100vw\" \/>\t\t\t<\/div>\n<\/div>\n","protected":false},"excerpt":{"rendered":"<p>Arbeitgeber m\u00fcssen f\u00fcr ihre Mitarbeiter Lohnabrechnungen erstellen und sind dazu verpflichtet, die Sozialversicherungsbeitr\u00e4ge der Angestellten abzuf\u00fchren. Dabei m\u00fcssen sie f\u00fcr die Meldung an \u00c4mter und Kassen strenge Fristen des Gesetzgebers beachten.<\/p>\n","protected":false},"author":897,"featured_media":11143,"comment_status":"open","ping_status":"closed","sticky":false,"template":"","format":"standard","meta":{"_sage_video":false,"post_featured_image_hide":false,"footnotes":""},"categories":[22,74,65],"tags":[84,873,115],"business_type":[17],"lilypad":[],"context":[],"industry":[],"persona":[58,59,56],"imagine_tag":[32,39,36,24],"coauthors":[972],"class_list":["post-6667","post","type-post","status-publish","format-standard","has-post-thumbnail","hentry","category-hr-management-payroll","category-mitarbeiter-bezahlen","category-recht-steuern-finanzen","tag-buchhaltung","tag-faq-buchhaltung","tag-lohnabrechnung","business_type-kleinunternehmer-handwerker"],"sage_meta":{"region":"de-de","author_name":"Vincent Sch\u00fcttfort","featured_image":"https:\/\/www.sage.com\/de-de\/blog\/wp-content\/uploads\/sites\/11\/2020\/07\/15-Meldefristen-Krankenkasse-FAQ@1x.jpg","imagine_tags":{"32":"Buchhaltung","39":"Kleine Unternehmen","36":"Lohnabrechnung","24":"Sage Blog"}},"distributor_meta":false,"distributor_terms":false,"distributor_media":false,"distributor_original_site_name":"Sage Advice Deutschland","distributor_original_site_url":"https:\/\/www.sage.com\/de-de\/blog","push-errors":false,"_links":{"self":[{"href":"https:\/\/www.sage.com\/de-de\/blog\/api\/wp\/v2\/posts\/6667","targetHints":{"allow":["GET"]}}],"collection":[{"href":"https:\/\/www.sage.com\/de-de\/blog\/api\/wp\/v2\/posts"}],"about":[{"href":"https:\/\/www.sage.com\/de-de\/blog\/api\/wp\/v2\/types\/post"}],"author":[{"embeddable":true,"href":"https:\/\/www.sage.com\/de-de\/blog\/api\/wp\/v2\/users\/897"}],"replies":[{"embeddable":true,"href":"https:\/\/www.sage.com\/de-de\/blog\/api\/wp\/v2\/comments?post=6667"}],"version-history":[{"count":0,"href":"https:\/\/www.sage.com\/de-de\/blog\/api\/wp\/v2\/posts\/6667\/revisions"}],"wp:featuredmedia":[{"embeddable":true,"href":"https:\/\/www.sage.com\/de-de\/blog\/api\/wp\/v2\/media\/11143"}],"wp:attachment":[{"href":"https:\/\/www.sage.com\/de-de\/blog\/api\/wp\/v2\/media?parent=6667"}],"wp:term":[{"taxonomy":"category","embeddable":true,"href":"https:\/\/www.sage.com\/de-de\/blog\/api\/wp\/v2\/categories?post=6667"},{"taxonomy":"post_tag","embeddable":true,"href":"https:\/\/www.sage.com\/de-de\/blog\/api\/wp\/v2\/tags?post=6667"},{"taxonomy":"business_type","embeddable":true,"href":"https:\/\/www.sage.com\/de-de\/blog\/api\/wp\/v2\/business_type?post=6667"},{"taxonomy":"lilypad","embeddable":true,"href":"https:\/\/www.sage.com\/de-de\/blog\/api\/wp\/v2\/lilypad?post=6667"},{"taxonomy":"context","embeddable":true,"href":"https:\/\/www.sage.com\/de-de\/blog\/api\/wp\/v2\/context?post=6667"},{"taxonomy":"industry","embeddable":true,"href":"https:\/\/www.sage.com\/de-de\/blog\/api\/wp\/v2\/industry?post=6667"},{"taxonomy":"persona","embeddable":true,"href":"https:\/\/www.sage.com\/de-de\/blog\/api\/wp\/v2\/persona?post=6667"},{"taxonomy":"imagine_tag","embeddable":true,"href":"https:\/\/www.sage.com\/de-de\/blog\/api\/wp\/v2\/imagine_tag?post=6667"},{"taxonomy":"author","embeddable":true,"href":"https:\/\/www.sage.com\/de-de\/blog\/api\/wp\/v2\/coauthors?post=6667"}],"curies":[{"name":"wp","href":"https:\/\/api.w.org\/{rel}","templated":true}]}}