{"id":6868,"date":"2019-11-27T07:30:40","date_gmt":"2019-11-27T06:30:40","guid":{"rendered":"https:\/\/www.sage.com\/de-de\/blog\/?p=6868"},"modified":"2026-01-22T15:40:15","modified_gmt":"2026-01-22T14:40:15","slug":"sagenachfolgeplaner-ihr-experten-talk-zum-thema-der-generationenkonflikt-im-familienunternehmen","status":"publish","type":"post","link":"https:\/\/www.sage.com\/de-de\/blog\/sagenachfolgeplaner-ihr-experten-talk-zum-thema-der-generationenkonflikt-im-familienunternehmen\/","title":{"rendered":"#SageNachfolgePlaner: Ihr Experten-Talk: Der Generationenkonflikt im Familienunternehmen"},"content":{"rendered":"<header class=\"entry-header has-dark-background-color entry-header--has-illustration entry-header--has-illustration--generic\">\n\t<div class=\"container\">\n\t\t<div class=\"entry-header__row row align-center\">\n\t\t\t<div class=\"col col-lg-7 col-xlg-6 entry-header__content\">\n\t\t\t\t\t\t\t<div class=\"component component-single-header\">\n\t\t\t\t\t\t\t\t\t\t<div class=\"entry-header__misc text--subtitle text--uppercase text--small\">\n\t\t\t\t\t\t\t<a href=\"https:\/\/www.sage.com\/de-de\/blog\/kategorie\/digitale-transformation\/\" class=\"entry-header__link\">Digitale Transformation<\/a>\t\t\t\t\t\t<\/div>\n\t\t\t\t\n\t\t\t\t<div class=\"entry-title-wrapper\">\n\t\t\t\t\t<h1 class=\"entry-title\">\n\t\t\t\t\t\t#SageNachfolgePlaner: Ihr Experten-Talk: Der Generationenkonflikt im Familienunternehmen\t\t\t\t\t<\/h1>\n\t\t\t\t<\/div>\n\n\t\t\t\t\t\t\t\t\t<p class=\"entry-header__description\">\n\t\t\t\t\t\t\t\t\t\t\t<\/p>\n\t\t\t\t\n\t\t\t\t\n\t\t\t\t\n\t\t\t<\/div>\n\n\t\t\t\t\t<\/div>\n\t\t\t\t\t<\/div>\n\t<\/div>\n\t<div class=\"single-post-details container\">\n\t\t<div class=\"col\">\n\t\t\t<span class=\"posted-on \"><time class=\"entry-date published\" datetime=\"2019-11-27T07:30:40+01:00\">27. November 2019<\/time><\/span><span class=\"reading-time\"> Minuten zu lesen<\/span>\n\t\t<button\n\t\t\ttype=\"button\"\n\t\t\tclass=\"social-share-button button button--icon button--secondary js-social-share-button\"\n\t\t\tdata-share-title=\"#SageNachfolgePlaner: Ihr Experten-Talk: Der Generationenkonflikt im Familienunternehmen\"\n\t\t\tdata-share-url=\"https:\/\/www.sage.com\/de-de\/blog\/sagenachfolgeplaner-ihr-experten-talk-zum-thema-der-generationenkonflikt-im-familienunternehmen\/\"\n\t\t\tdata-share-text=\"Bitte lesen Sie diesen interessanten Artikel\"\n\t\t>\n\t\t\t<span class=\"social-share-button__share-label\">Teilen<\/span>\n\t\t\t<span class=\"social-share-button__copy-label\" hidden>Link kopieren<\/span>\n\t\t\t<span class=\"social-share-button__copy-tooltip\" aria-hidden=\"true\" hidden>Kopiert<\/span>\n\t\t<\/button>\n\n\t\t\t\t<\/div>\n\t<\/div>\n<\/header>\n\n\n\n<div class=\"wp-block-post-author has-dark-background-color alignfull\">\n\t<div class=\"container\">\n\t\t<div class=\"col\">\n\t\t\t\t\t\t\t<div class=\"co-authors\">\n\t\t\t\t\t\n\t\t<div class=\"entry-author-wrapper\">\n\t\t\t<a class=\"entry-author\" href=\"https:\/\/www.sage.com\/de-de\/blog\/author\/janfriedrich\/\">\n\t\t\t\t<img loading=\"lazy\" decoding=\"async\" width=\"40\" height=\"40\" src=\"https:\/\/www.sage.com\/de-de\/blog\/wp-content\/uploads\/sites\/11\/2020\/09\/Unbenannte-Aufnahme0008-2-350x350.jpg\" class=\"entry-author__image\" alt=\"Jan Friedrich, Podcast Host SageNAchfolgePlaner Unternehmensnachfolge\" srcset=\"https:\/\/www.sage.com\/de-de\/blog\/wp-content\/uploads\/sites\/11\/2020\/09\/Unbenannte-Aufnahme0008-2-350x350.jpg 350w, https:\/\/www.sage.com\/de-de\/blog\/wp-content\/uploads\/sites\/11\/2020\/09\/Unbenannte-Aufnahme0008-2-768x753.jpg 768w, https:\/\/www.sage.com\/de-de\/blog\/wp-content\/uploads\/sites\/11\/2020\/09\/Unbenannte-Aufnahme0008-2-826x810.jpg 826w, https:\/\/www.sage.com\/de-de\/blog\/wp-content\/uploads\/sites\/11\/2020\/09\/Unbenannte-Aufnahme0008-2-1536x1506.jpg 1536w, https:\/\/www.sage.com\/de-de\/blog\/wp-content\/uploads\/sites\/11\/2020\/09\/Unbenannte-Aufnahme0008-2-2048x2008.jpg 2048w\" sizes=\"auto, (max-width: 40px) 100vw, 40px\" \/>\t\t\t\t<span class=\"entry-author__name\">Jan Friedrich<\/span>\n\t\t\t<\/a>\n\n\t\t\t\t\t<\/div>\n\n\t\t\t\t\t\t<\/div>\n\t\t\t\t\t<\/div>\n\t<\/div>\n<\/div>\n\n\n\n\n\n<p>Stellen Sie sich vor: Jemand hat vor Jahrzehnten eine Firma gegr\u00fcndet, das Unternehmen ist stetig gewachsen. F\u00fcr den Gr\u00fcnder ist der Aufbau und die Leitung sein Lebenswerk. Und dann \u2013 im Alter \u2013 soll er das alles, was er da jahrzehntelang mit Herzblut aufgebaut hat, aufgeben bzw. abgeben, \u00fcbergeben.<\/p>\n\n\n\n<p>Aber wer kommt in Frage? Der eigene Sohn, der eigentlich nur Rockmusiker werden will? Die Tochter, die zwar das Zeug h\u00e4tte, aber ganz andere Vorstellungen von der Zukunft des Unternehmens hat? Oder doch lieber die Firma verkaufen und dann den Ruhestand genie\u00dfen? Das ist eine schwierige Situation sowohl f\u00fcr die Unternehmerfamilie als auch f\u00fcr die Mitarbeiter. Schlie\u00dflich soll das Unternehmen ja erfolgreich weitergef\u00fchrt werden.<\/p>\n\n\n\n<p>Bei solch einem Wechsel der Generationen gibt es viel Z\u00fcndstoff. Jede Generation hat seinen eigenen Wertekodex und dieser muss nicht dem Unternehmer oder auch der Kultur des Unternehmens entsprechen. Oft scheitern \u00dcbernahmeverhandlungen an eben diesen unterschiedlichen Wertvorstellungen zwischen Nachfolger und Unternehmer. Gerade bei familieninternen Nachfolgen herrscht dann gro\u00dfes Konfliktpotential. Dabei w\u00fcnschen sich laut einer KfW-Studie mehr als die H\u00e4lfte der Firmeninhaber eine familieninterne Nachfolge.<\/p>\n\n\n\n<h3 class=\"wp-block-heading\" id=\"h-ubernahme-familienunternehmen-generationenwechsel-intern-oder-extern\"><strong>\u00dcbernahme: Familienunternehmen \u2013 Generationenwechsel intern oder extern?<\/strong><\/h3>\n\n\n\n<p>Dieses heikle Thema steht im Fokus der ersten <strong>Online-Veranstaltung: #SageNachfolgePlaner \u2013 Ihr Experten Talk, das am 10. Dezember, um 15Uhr<\/strong> stattfindet. Das Thema Unternehmensnachfolge im Familienunternehmen wird in unterschiedlichen Facetten beleuchtet. Durch einen Mix aus Expertenwissen und den Austausch pers\u00f6nlicher Erfahrungen soll Interessierten eine gemeinsame Plattform geboten werden, Problemfelder und offene Fragen im Prozess der Unternehmensnachfolge zu diskutieren. Dabei wird die Frage in den Raum gestellt, ob die eigenen Kinder wirklich die geeigneten Nachfolger sind oder ob externe Nachfolger die besseren Kinder sind?<\/p>\n\n\n\n<div class=\"single-cta gated-content\">\n\t<div class=\"single-cta__positioner\">\n\t\t<div class=\"single-cta__wrapper has-dark-background-color\">\n\t\t\t<div class=\"single-cta__content\">\n\t\t\t\t\t\t\t\t<h2 class=\"single-cta__title h3\">#SageNachfolgePlaner \u2013 Ihr Experten-Talk.<\/h2>\n\n\t\t\t\t\t\t\t\t\t<div class=\"single-cta__description\">\n\t\t\t\t\t\t<p>Thema: Der Generationenkonflikt im Familien-unternehmen. Sind die eigenen Kinder wirklich die geeigneten Nachfolger oder sind externe Nachfolger die besseren Kinder?<\/p>\n<p>Termin: On-Demand Video online \u00fcber GoToWebinar.<br \/>\nKeine Teilnahmekosten.<\/p>\n<p>Sind Sie interessiert?<\/p>\n\t\t\t\t\t<\/div>\n\t\t\t\t\n\t\t\t\t\t\t\t\t\t\t\t\t\t\t<a\n\t\t\t\t\t\thref=\"##gate-1ad23546-cb3a-42a9-b8eb-d37d074136c9\"\n\t\t\t\t\t\tclass=\"single-cta__button button button--primary\"\n\t\t\t\t\t\t\t\t\t\t\t\t\t\t\t\t\t>Jetzt anh\u00f6ren<\/a>\n\t\t\t\t\t\t\t<\/div>\n\n\t\t\t\t\t<\/div>\n\n\t\t\t\t\t<img decoding=\"async\" width=\"1440\" height=\"480\" src=\"https:\/\/www.sage.com\/de-de\/blog\/wp-content\/uploads\/sites\/11\/2019\/11\/11_November_SageNachfolgeplaner_Experten_Talk-1440x480.jpg\" class=\"single-cta__image\" alt=\"Jetzt anmelden!\" loading=\"lazy\" srcset=\"https:\/\/www.sage.com\/de-de\/blog\/wp-content\/uploads\/sites\/11\/2019\/11\/11_November_SageNachfolgeplaner_Experten_Talk-1440x480.jpg 1440w\" sizes=\"auto, (min-width: 48em) 33vw, 100vw\" \/>\t\t\t<\/div>\n<\/div>\n\n\n\n<h3 class=\"wp-block-heading\" id=\"h-diskutieren-sie-aktiv-mit-unseren-experten\"><strong>Diskutieren Sie aktiv mit unseren Experten<\/strong><\/h3>\n\n\n\n<p>Unter der Moderation von Jan Friedrich gehen wir dem Spannungsfeld der Generationen bei der \u00dcbernahme auf den Grund. Diskutieren Sie live mit und stellen Sie Ihre Frage an die Experten-Runde.<\/p>\n\n\n\n<figure class=\"wp-block-image alignleft\"><img loading=\"lazy\" decoding=\"async\" width=\"810\" height=\"810\" src=\"https:\/\/www.sage.com\/de-de\/blog\/wp-content\/uploads\/sites\/11\/2018\/03\/Jan-e1715610678963-810x810.jpg\" alt=\"Jan Friedrich\" class=\"wp-image-3140\" srcset=\"https:\/\/www.sage.com\/de-de\/blog\/wp-content\/uploads\/sites\/11\/2018\/03\/Jan-e1715610678963-810x810.jpg 810w, https:\/\/www.sage.com\/de-de\/blog\/wp-content\/uploads\/sites\/11\/2018\/03\/Jan-e1715610678963-768x768.jpg 768w, https:\/\/www.sage.com\/de-de\/blog\/wp-content\/uploads\/sites\/11\/2018\/03\/Jan-e1715610678963-350x350.jpg 350w, https:\/\/www.sage.com\/de-de\/blog\/wp-content\/uploads\/sites\/11\/2018\/03\/Jan-e1715610678963.jpg 1184w\" sizes=\"auto, (max-width: 810px) 100vw, 810px\" \/><\/figure>\n\n\n\n<p><strong>Jan Friedrich<\/strong><\/p>\n\n\n\n<p>Jan Friedrich ist VP Marketing bei Sage&nbsp;Central Europe: Als Host des #SageNachfolgePlaner-Podcasts&nbsp;interviewt er&nbsp;spannende Stakeholder aus dem Umfeld der&nbsp;Unternehmensnachfolge&nbsp;und hat eine pers\u00f6nliche Affinit\u00e4t zu den Themen&nbsp;New Work,&nbsp;Agiles Marketing, digitale Nachhaltigkeit &amp; Familienunternehmen.<\/p>\n\n\n\n<figure class=\"wp-block-image alignleft\"><img loading=\"lazy\" decoding=\"async\" width=\"150\" height=\"168\" src=\"https:\/\/www.sage.com\/de-de\/blog\/wp-content\/uploads\/sites\/11\/2019\/09\/NRA-DUB-e1715610549158.jpg\" alt=\"Nicolas R\u00e4decke\" class=\"wp-image-6541\"\/><\/figure>\n\n\n\n<p><strong>Nicolas R\u00e4decke<\/strong><\/p>\n\n\n\n<p>Nicolas R\u00e4decke ist einer der Gesch\u00e4ftsf\u00fchrer der Deutschen Unternehmerb\u00f6rse, kurz DUB. Die DUB ist die gr\u00f6\u00dfte private Unternehmerb\u00f6rse in Deutschland. Er bringt \u00fcber 20 Jahre Erfahrung im Bereich Unternehmenstransaktionen- und Finanzierungen mit und hat sowohl Erfahrung im Bereich der Unternehmensgr\u00fcndung als auch in der Gesch\u00e4ftsf\u00fchrung.<\/p>\n\n\n\n<p>Herr R\u00e4decke sieht es kritisch, dass f\u00fcr viele Unternehmer h\u00e4ufig nur die familieninterne Nachfolge in Frage kommt. Er stellt sich die Frage: \u201eWie hoch ist die Wahrscheinlichkeit, dass die eigenen Kinder wirklich die geeignetsten Nachfolger sind? Hierzu gibt er uns seinen fachlichen Input.<\/p>\n\n\n\n<figure class=\"wp-block-image alignleft\"><img loading=\"lazy\" decoding=\"async\" width=\"150\" height=\"182\" src=\"https:\/\/www.sage.com\/de-de\/blog\/wp-content\/uploads\/sites\/11\/2019\/11\/Lioba_Heinzler_Sagenachfolgeplaner_Experten-Talk-e1715172719488.jpg\" alt=\"\" class=\"wp-image-6873\"\/><\/figure>\n\n\n\n<p><strong>Lioba Heinzler<\/strong><\/p>\n\n\n\n<p>Lioba Heinzler hat sich im Jahr 2000 als Supervisorin und Business Coach DGSv selbstst\u00e4ndig gemacht und arbeitet als Mentorin f\u00fcr erfolgreiche Unternehmensnachfolge und Unternehmenszukunft. Ihr Motto: \u201eZukunftsunternehmen brauchen GestalterInnen der Zukunft.\u201c Im Laufe der Jahre hat sie sich auf die Familiennachfolge spezialisiert und vermittelt erfolgreich im Prozess der&nbsp;Unternehmens\u00fcbergabe. Hierbei begleitet Sie sowohl die Unternehmer als auch ihre Nachfolger.<\/p>\n\n\n\n<p>Frau Heinzler gibt zu bedenken, dass der Generationswechsel immer besondere Herausforderungen birgt \u2013 besonders in der Familiennachfolge. Sie sagt: \u201eFamilie und Unternehmen \u2013 das passt nicht zusammen! Dies wird in der Nachfolge\/Generationswechsel besonders brisant.\u201c<\/p>\n\n\n\n<figure class=\"wp-block-image alignleft\"><img loading=\"lazy\" decoding=\"async\" width=\"800\" height=\"800\" src=\"https:\/\/www.sage.com\/de-de\/blog\/wp-content\/uploads\/sites\/11\/2019\/11\/Vanessa-Weber_SageNachfolgeplaner_Experten-Talk-e1715610751807.jpg\" alt=\"\" class=\"wp-image-6874\" srcset=\"https:\/\/www.sage.com\/de-de\/blog\/wp-content\/uploads\/sites\/11\/2019\/11\/Vanessa-Weber_SageNachfolgeplaner_Experten-Talk-e1715610751807.jpg 800w, https:\/\/www.sage.com\/de-de\/blog\/wp-content\/uploads\/sites\/11\/2019\/11\/Vanessa-Weber_SageNachfolgeplaner_Experten-Talk-e1715610751807-768x768.jpg 768w, https:\/\/www.sage.com\/de-de\/blog\/wp-content\/uploads\/sites\/11\/2019\/11\/Vanessa-Weber_SageNachfolgeplaner_Experten-Talk-e1715610751807-350x350.jpg 350w\" sizes=\"auto, (max-width: 800px) 100vw, 800px\" \/><\/figure>\n\n\n\n<p><strong>Vanessa Weber<\/strong><\/p>\n\n\n\n<p>Vanessa Weber ist Inhaberin von Werkzeug Weber in Aschaffenburg und Keynote Speakerin. Mit nur 22 Jahren hat sie den Familienbetrieb in 4. Generation \u00fcbernommen und somit die Nachfolge ihres Vaters angetreten. Seitdem hat die Chefin von 26 Mitarbeitern das Unternehmen erfolgreich weitergef\u00fchrt. Werkzeug Weber ist mittlerweile eines der innovativsten Handelsunternehmen im Werkzeughandel und Vorreiter f\u00fcr viele Themen.<\/p>\n\n\n\n<p>Frau Weber stammt aus einer Unternehmerfamilie. Schon der Vater musste die Nachfolge seines Vaters antreten. F\u00fcr Frau Weber stellt die Familiennachfolge einen Erfolgsfaktor dar. Den Erfolgsfaktor \u201eFamilien-Power\u201c.<\/p>\n\n\n\n<p><strong>Registrieren Sie sich noch heute f\u00fcr den #SageNachfolgerPlaner-Ihr Experten-Talk und diskutieren Sie online live mit am 10. Dezember 2019, um 15 Uhr.<\/strong><\/p>\n\n\n\n<div class=\"wp-block-buttons is-layout-flex wp-block-buttons-is-layout-flex\">\n<div class=\"wp-block-button\"><a class=\"wp-block-button__link wp-element-button\" href=\"#gate-1ad23546-cb3a-42a9-b8eb-d37d074136c9\">Jetzt anmelden<\/a><\/div>\n<\/div>\n\n\n<div class=\"single-cta\">\n\t<div class=\"single-cta__positioner\">\n\t\t<div class=\"single-cta__wrapper has-dark-background-color\">\n\t\t\t<div class=\"single-cta__content\">\n\t\t\t\t\t\t\t\t<h2 class=\"single-cta__title h3\">2026: Alle neuen Gesetze immer im Blick<\/h2>\n\n\t\t\t\t\t\t\t\t\t<div class=\"single-cta__description\">\n\t\t\t\t\t\t<p><!-- wp:paragraph --><\/p>\n<p><strong>Bleiben Sie informiert &#8211; mit unserem Newsletter<\/strong> 1x im Monat<\/p>\n<p><!-- \/wp:paragraph --><\/p>\n<p><!-- wp:list --><\/p>\n<ul class=\"wp-block-list\"><!-- wp:list-item --><\/p>\n<li>Neue Trends aus der Arbeitswelt<\/li>\n<p><!-- \/wp:list-item --><\/p>\n<p><!-- wp:list-item --><\/p>\n<li>Aktuelle Urteile verst\u00e4ndlich erkl\u00e4rt<\/li>\n<p><!-- \/wp:list-item --><\/p>\n<p><!-- wp:list-item --><\/p>\n<li>Tipps zu Recht, Steuern &amp; Finanzen<\/li>\n<p><!-- \/wp:list-item --><\/p>\n<p><!-- wp:list-item --><\/p>\n<li>Experten-Interviews, Studien u.v.m<\/li>\n<p><!-- \/wp:list-item --><\/ul>\n<p><!-- \/wp:list --><\/p>\n\t\t\t\t\t<\/div>\n\t\t\t\t\n\t\t\t\t\t\t\t\t\t\t\t\t\t\t<a\n\t\t\t\t\t\thref=\"#gate-a59880de-3d38-4b82-914c-ffa16bab6ae7\"\n\t\t\t\t\t\tclass=\"single-cta__button button button--primary\"\n\t\t\t\t\t\t\t\t\t\t\t\t\t\t\t\t\t>Newsletter abonnieren<\/a>\n\t\t\t\t\t\t\t<\/div>\n\n\t\t\t\t\t<\/div>\n\n\t\t\t\t\t<img decoding=\"async\" width=\"1215\" height=\"810\" src=\"https:\/\/www.sage.com\/de-de\/blog\/wp-content\/uploads\/sites\/11\/2023\/09\/GettyImages-1277533180-1215x810.jpg\" class=\"single-cta__image\" alt=\"\" loading=\"lazy\" srcset=\"https:\/\/www.sage.com\/de-de\/blog\/wp-content\/uploads\/sites\/11\/2023\/09\/GettyImages-1277533180-1215x810.jpg 1215w\" sizes=\"auto, (min-width: 48em) 33vw, 100vw\" \/>\t\t\t<\/div>\n<\/div>\n","protected":false},"excerpt":{"rendered":"<p>Stellen Sie sich vor: Jemand hat vor Jahrzehnten eine Firma gegr\u00fcndet, das Unternehmen ist stetig gewachsen. F\u00fcr den Gr\u00fcnder ist der Aufbau und die Leitung sein Lebenswerk. Und dann \u2013 im Alter \u2013 soll er das alles, was er da jahrzehntelang mit Herzblut aufgebaut hat, aufgeben bzw. abgeben, \u00fcbergeben. Aber wer kommt in Frage? Der [&hellip;]<\/p>\n","protected":false},"author":547,"featured_media":6870,"comment_status":"open","ping_status":"closed","sticky":false,"template":"","format":"standard","meta":{"_sage_video":false,"post_featured_image_hide":false,"footnotes":""},"categories":[15],"tags":[837],"business_type":[18],"lilypad":[],"context":[],"industry":[],"persona":[58,54,60,57,59],"imagine_tag":[24],"coauthors":[962],"class_list":["post-6868","post","type-post","status-publish","format-standard","has-post-thumbnail","hentry","category-digitale-transformation","tag-unternehmensnachfolge","business_type-mittlere-unternehmen"],"sage_meta":{"region":"de-de","author_name":"Jan Friedrich","featured_image":"https:\/\/www.sage.com\/de-de\/blog\/wp-content\/uploads\/sites\/11\/2019\/11\/11_November_SageNachfolgeplaner_Experten_Talk.jpg","imagine_tags":{"24":"Sage Blog"}},"distributor_meta":false,"distributor_terms":false,"distributor_media":false,"distributor_original_site_name":"Sage Advice Deutschland","distributor_original_site_url":"https:\/\/www.sage.com\/de-de\/blog","push-errors":false,"_links":{"self":[{"href":"https:\/\/www.sage.com\/de-de\/blog\/api\/wp\/v2\/posts\/6868","targetHints":{"allow":["GET"]}}],"collection":[{"href":"https:\/\/www.sage.com\/de-de\/blog\/api\/wp\/v2\/posts"}],"about":[{"href":"https:\/\/www.sage.com\/de-de\/blog\/api\/wp\/v2\/types\/post"}],"author":[{"embeddable":true,"href":"https:\/\/www.sage.com\/de-de\/blog\/api\/wp\/v2\/users\/547"}],"replies":[{"embeddable":true,"href":"https:\/\/www.sage.com\/de-de\/blog\/api\/wp\/v2\/comments?post=6868"}],"version-history":[{"count":0,"href":"https:\/\/www.sage.com\/de-de\/blog\/api\/wp\/v2\/posts\/6868\/revisions"}],"wp:featuredmedia":[{"embeddable":true,"href":"https:\/\/www.sage.com\/de-de\/blog\/api\/wp\/v2\/media\/6870"}],"wp:attachment":[{"href":"https:\/\/www.sage.com\/de-de\/blog\/api\/wp\/v2\/media?parent=6868"}],"wp:term":[{"taxonomy":"category","embeddable":true,"href":"https:\/\/www.sage.com\/de-de\/blog\/api\/wp\/v2\/categories?post=6868"},{"taxonomy":"post_tag","embeddable":true,"href":"https:\/\/www.sage.com\/de-de\/blog\/api\/wp\/v2\/tags?post=6868"},{"taxonomy":"business_type","embeddable":true,"href":"https:\/\/www.sage.com\/de-de\/blog\/api\/wp\/v2\/business_type?post=6868"},{"taxonomy":"lilypad","embeddable":true,"href":"https:\/\/www.sage.com\/de-de\/blog\/api\/wp\/v2\/lilypad?post=6868"},{"taxonomy":"context","embeddable":true,"href":"https:\/\/www.sage.com\/de-de\/blog\/api\/wp\/v2\/context?post=6868"},{"taxonomy":"industry","embeddable":true,"href":"https:\/\/www.sage.com\/de-de\/blog\/api\/wp\/v2\/industry?post=6868"},{"taxonomy":"persona","embeddable":true,"href":"https:\/\/www.sage.com\/de-de\/blog\/api\/wp\/v2\/persona?post=6868"},{"taxonomy":"imagine_tag","embeddable":true,"href":"https:\/\/www.sage.com\/de-de\/blog\/api\/wp\/v2\/imagine_tag?post=6868"},{"taxonomy":"author","embeddable":true,"href":"https:\/\/www.sage.com\/de-de\/blog\/api\/wp\/v2\/coauthors?post=6868"}],"curies":[{"name":"wp","href":"https:\/\/api.w.org\/{rel}","templated":true}]}}