{"id":7088,"date":"2019-12-23T07:52:25","date_gmt":"2019-12-23T06:52:25","guid":{"rendered":"https:\/\/www.sage.com\/de-de\/blog\/?p=7088"},"modified":"2026-01-22T15:38:31","modified_gmt":"2026-01-22T14:38:31","slug":"digitalkompetenz-der-mitarbeiter-ist-entscheidend-fuer-die-geschaeftsstrategie","status":"publish","type":"post","link":"https:\/\/www.sage.com\/de-de\/blog\/digitalkompetenz-der-mitarbeiter-ist-entscheidend-fuer-die-geschaeftsstrategie\/","title":{"rendered":"Digitalkompetenz der Mitarbeiter ist entscheidend f\u00fcr die Gesch\u00e4ftsstrategie"},"content":{"rendered":"<header class=\"entry-header has-dark-background-color entry-header--has-illustration entry-header--has-illustration--generic\">\n\t<div class=\"container\">\n\t\t<div class=\"entry-header__row row align-center\">\n\t\t\t<div class=\"col col-lg-7 col-xlg-6 entry-header__content\">\n\t\t\t\t\t\t\t<div class=\"component component-single-header\">\n\t\t\t\t\t\t\t\t\t\t<div class=\"entry-header__misc text--subtitle text--uppercase text--small\">\n\t\t\t\t\t\t\t<a href=\"https:\/\/www.sage.com\/de-de\/blog\/kategorie\/digitale-transformation\/\" class=\"entry-header__link\">Digitale Transformation<\/a>\t\t\t\t\t\t<\/div>\n\t\t\t\t\n\t\t\t\t<div class=\"entry-title-wrapper\">\n\t\t\t\t\t<h1 class=\"entry-title\">\n\t\t\t\t\t\tDigitalkompetenz der Mitarbeiter ist entscheidend f\u00fcr die Gesch\u00e4ftsstrategie\t\t\t\t\t<\/h1>\n\t\t\t\t<\/div>\n\n\t\t\t\t\t\t\t\t\t<p class=\"entry-header__description\">\n\t\t\t\t\t\t\t\t\t\t\t<\/p>\n\t\t\t\t\n\t\t\t\t\n\t\t\t\t\n\t\t\t<\/div>\n\n\t\t\t\t\t<\/div>\n\t\t\t\t\t<\/div>\n\t<\/div>\n\t<div class=\"single-post-details container\">\n\t\t<div class=\"col\">\n\t\t\t<span class=\"posted-on \"><time class=\"entry-date published\" datetime=\"2019-12-23T07:52:25+01:00\">23. December 2019<\/time><\/span><span class=\"reading-time\"> Minuten zu lesen<\/span>\n\t\t<button\n\t\t\ttype=\"button\"\n\t\t\tclass=\"social-share-button button button--icon button--secondary js-social-share-button\"\n\t\t\tdata-share-title=\"Digitalkompetenz der Mitarbeiter ist entscheidend f\u00fcr die Gesch\u00e4ftsstrategie\"\n\t\t\tdata-share-url=\"https:\/\/www.sage.com\/de-de\/blog\/digitalkompetenz-der-mitarbeiter-ist-entscheidend-fuer-die-geschaeftsstrategie\/\"\n\t\t\tdata-share-text=\"Bitte lesen Sie diesen interessanten Artikel\"\n\t\t>\n\t\t\t<span class=\"social-share-button__share-label\">Teilen<\/span>\n\t\t\t<span class=\"social-share-button__copy-label\" hidden>Link kopieren<\/span>\n\t\t\t<span class=\"social-share-button__copy-tooltip\" aria-hidden=\"true\" hidden>Kopiert<\/span>\n\t\t<\/button>\n\n\t\t\t\t<\/div>\n\t<\/div>\n<\/header>\n\n\n\n<div class=\"wp-block-post-author has-dark-background-color alignfull\">\n\t<div class=\"container\">\n\t\t<div class=\"col\">\n\t\t\t\t\t\t\t<div class=\"co-authors\">\n\t\t\t\t\t\n\t\t<div class=\"entry-author-wrapper\">\n\t\t\t<a class=\"entry-author\" href=\"https:\/\/www.sage.com\/de-de\/blog\/author\/andreaszipser\/\">\n\t\t\t\t<img loading=\"lazy\" decoding=\"async\" width=\"40\" height=\"40\" src=\"https:\/\/www.sage.com\/de-de\/blog\/wp-content\/uploads\/sites\/11\/2018\/04\/andreas-zipser-350x350.jpg\" class=\"entry-author__image\" alt=\"Andreas Zipser\" srcset=\"https:\/\/www.sage.com\/de-de\/blog\/wp-content\/uploads\/sites\/11\/2018\/04\/andreas-zipser-350x350.jpg 350w, https:\/\/www.sage.com\/de-de\/blog\/wp-content\/uploads\/sites\/11\/2018\/04\/andreas-zipser-768x768.jpg 768w, https:\/\/www.sage.com\/de-de\/blog\/wp-content\/uploads\/sites\/11\/2018\/04\/andreas-zipser-810x810.jpg 810w, https:\/\/www.sage.com\/de-de\/blog\/wp-content\/uploads\/sites\/11\/2018\/04\/andreas-zipser.jpg 1024w\" sizes=\"auto, (max-width: 40px) 100vw, 40px\" \/>\t\t\t\t<span class=\"entry-author__name\">Andreas Zipser<\/span>\n\t\t\t<\/a>\n\n\t\t\t\t\t<\/div>\n\n\t\t\t\t\t\t<\/div>\n\t\t\t\t\t<\/div>\n\t<\/div>\n<\/div>\n<div class=\"sage-block-classic-wrapper\">\n\n\n\n<p>Es ist nicht \u00fcberraschend, dass Investitionen in die Digitalkompetenz der Mitarbeiter eine Schl\u00fcsselrolle darstellen. Innerhalb der Strategie von Unternehmen gewinnt dies zunehmend eine zentrale Bedeutung, um Verbesserungen in Produktivit\u00e4t, Rentabilit\u00e4t und Kundenservice voranzutreiben. Dies untermauern einmal mehr unsere Umfrageergebnisse unter 3.000 kleinen und mittelst\u00e4ndischen Unternehmen in insgesamt 12 Nationen, die wir bei <a href=\"https:\/\/yougov.de\/\" target=\"_blank\" rel=\"noopener noreferrer\">YouGov<\/a> in Auftrag gegeben haben. Auch in Deutschland wollen zwei Drittel der befragten Unternehmen in die digitalen Kompetenzen ihrer Mitarbeiter investieren. Unsere Infografik zeigt die wichtigsten Erkenntnisse der Befragung f\u00fcr Deutschland.<\/p>\n<h2>Investitionsbereitschaft in digitales Know-how vor allem bei gr\u00f6\u00dferen Unternehmen<\/h2>\n<p>Die Erhebung behandelt die Frage, wie stark und in welchen Bereichen Unternehmen aktuell in digitale Skills investieren. Dabei haben wir uns auch mit den Investitionshemmnissen befasst und welche staatliche Unterst\u00fctzung sich positiv auf die Verbesserung der Digitalkompetenz der Mitarbeiter auswirken.<\/p>\n<p>Dabei f\u00e4llt auf, dass vor allem gr\u00f6\u00dfere deutsche Unternehmen Investitionsbereitschaft in Sachen digitales Know-how erkl\u00e4ren: So wollen 77 Prozent der gr\u00f6\u00dferen Unternehmen Budget in die Hand nehmen und auch mittlere Firmen wollen zu \u00fcber zwei Drittel in die Digitalkompetenz der Mitarbeiter investieren. Deutlich anders sieht es da im Small Segment aus. Hier will nur gut jedes zweite Unternehmen investieren. Ein Grund daf\u00fcr k\u00f6nnte sein, dass durch die Gr\u00fcnder- und Startup-Szene vor allem im digitalen Bereich in den letzten Jahren gr\u00f6\u00dfere, traditionelle Unternehmen dagegen etwas mehr Nachholbedarf in Sachen Digitalisierung haben k\u00f6nnten. Dennoch sollten insbesondere kleinere Mittelst\u00e4ndler nicht den Anschluss verpassen, die Digitalkompetenz der Mitarbeiter zu sichern.<\/p>\n<p><img loading=\"lazy\" decoding=\"async\" class=\"aligncenter wp-image-7090 size-full\" src=\"https:\/\/www.sage.com\/de-de\/blog\/wp-content\/uploads\/sites\/11\/2019\/12\/101209_Sage_Infografik_Studie_Power_the_Nation_YouGov_2019_800px_100dpi_2.jpg\" alt=\"Digitalkompetenz der Mitarbeiter\" width=\"800\" height=\"2465\" srcset=\"https:\/\/www.sage.com\/de-de\/blog\/wp-content\/uploads\/sites\/11\/2019\/12\/101209_Sage_Infografik_Studie_Power_the_Nation_YouGov_2019_800px_100dpi_2.jpg 800w, https:\/\/www.sage.com\/de-de\/blog\/wp-content\/uploads\/sites\/11\/2019\/12\/101209_Sage_Infografik_Studie_Power_the_Nation_YouGov_2019_800px_100dpi_2-249x768.jpg 249w, https:\/\/www.sage.com\/de-de\/blog\/wp-content\/uploads\/sites\/11\/2019\/12\/101209_Sage_Infografik_Studie_Power_the_Nation_YouGov_2019_800px_100dpi_2-263x810.jpg 263w, https:\/\/www.sage.com\/de-de\/blog\/wp-content\/uploads\/sites\/11\/2019\/12\/101209_Sage_Infografik_Studie_Power_the_Nation_YouGov_2019_800px_100dpi_2-768x2366.jpg 768w, https:\/\/www.sage.com\/de-de\/blog\/wp-content\/uploads\/sites\/11\/2019\/12\/101209_Sage_Infografik_Studie_Power_the_Nation_YouGov_2019_800px_100dpi_2-665x2048.jpg 665w\" sizes=\"auto, (max-width: 800px) 100vw, 800px\" \/><\/p>\n<h2>Investitionen in die Digitalkompetenz der Mitarbeiter<\/h2>\n<p>Unabh\u00e4ngig von der Unternehmensgr\u00f6\u00dfe und der Branche wollen die befragten Firmenentscheider ihre Investitionen vor allem digitalen Ressourcen, wie e-Learning-Portalen zur Aus- und Weiterbildung ihrer Mitarbeiter zu Gute kommen lassen oder direkt in die digitale Ausbildung der Mitarbeiter investieren, um vor allem die Digitalkompetenz der Mitarbeiter zu st\u00e4rken.<\/p>\n<h2>Vorteile der digitalen Qualifikation von Mitarbeitern<\/h2>\n<p>Die Auswirkungen einer verbesserten digitalen Qualifikation ihrer Mitarbeiter sehen die deutschen Unternehmen vor allem in Produktivit\u00e4tssteigerungen (42 Prozent), flexiblen Arbeitsbedingungen (39 Prozent) sowie einem verbesserten Kundenservice (39 Prozent). Alles in allem Garanten f\u00fcr eine bessere Wettbewerbsf\u00e4higkeit mit anderen Unternehmen aber auch als attraktiver Arbeitgeber.<\/p>\n<p>Ich bin \u00fcberzeugt:<\/p>\n<blockquote><p>\u201eDigitale Kenntnisse von Mitarbeitern haben entscheidenden Einfluss auf die Tragf\u00e4higkeit von Gesch\u00e4ftsstrategien und tragen zu mehr Firmenerfolg, Produktivit\u00e4t und verbesserter Kundenansprache bei. Ein Gro\u00dfteil der Unternehmen hierzulande will verst\u00e4rkt in digitales Know-how investieren. Das ist eine positive Entwicklung. Zugleich zeigt sich aber, dass es noch Nachholbedarf beim Ausbau Cloud-basierter IT-Infrastrukturen gibt. Wir empfehlen, diese Bereiche st\u00e4rker in den Blick zu nehmen. Dies ist eine wichtige Voraussetzung f\u00fcr Unternehmen, um auch k\u00fcnftig wettbewerbsf\u00e4hig und erfolgreich zu sein.\u201c<\/p><\/blockquote>\n<h2>Staatliche Unterst\u00fctzung bei digitalem Know-how Aufbau<\/h2>\n<p>Hinsichtlich der Frage, wie der Staat Unternehmen beim digitalen Wissensaufbau unterst\u00fctzen kann, w\u00fcnschen sich 40 Prozent der deutschen Teilnehmer Steuererleichterungen. 27 Prozent f\u00e4nden einen kostenlosen digitalen Kompetenzaustausch durch Schulungen und Workshops hilfreich, und ein weiteres Viertel (26 Prozent) nennt Technologiesubventionen als probates Mittel staatlicher Unterst\u00fctzung. Auch der Austausch mit anderen Unternehmen und finanzielle Unterst\u00fctzung f\u00fcr Auszubildende werden als w\u00fcnschenswert eingestuft.<\/p>\n<p><strong>Tipp:<\/strong> Der Staat hat bereits einige F\u00f6rderprogramme aufgelegt, die digitale Innovationsprojekte finanziell unterst\u00fctzen. Auch \u00fcber die EU oder auch auf L\u00e4nderebene k\u00f6nnen Unternehmen F\u00f6rdergelder beantragen, um die Digitalisierung voranzutreiben. Weitere Informationen erhalten Sie in unserem Blog-Spezial \u201e<a href=\"https:\/\/www.sage.com\/de-de\/blog\/digitalisierungsfoerderung\/\">Digitalisierungsf\u00f6rderung<\/a>\u201c<\/p>\n\n<div class=\"single-cta gated-content\">\n\t<div class=\"single-cta__positioner\">\n\t\t<div class=\"single-cta__wrapper has-dark-background-color\">\n\t\t\t<div class=\"single-cta__content\">\n\t\t\t\t\t\t\t\t<h2 class=\"single-cta__title h3\">e-Book: Aufbruch zu digitalen Horizonten <\/h2>\n\n\t\t\t\t\t\t\t\t\t<div class=\"single-cta__description\">\n\t\t\t\t\t\t<h2>Roadmap und F\u00f6rderprogramme f\u00fcr Digitalisierungsvorhaben<\/h2>\n\t\t\t\t\t<\/div>\n\t\t\t\t\n\t\t\t\t\t\t\t\t\t\t\t\t\t\t<a\n\t\t\t\t\t\thref=\"#gate-cf5a95a0-997c-47d8-9890-fd7ab3bc6af8\"\n\t\t\t\t\t\tclass=\"single-cta__button button button--primary\"\n\t\t\t\t\t\t\t\t\t\t\t\t\t\t\t\t\t>Jetzt kostenfrei laden<\/a>\n\t\t\t\t\t\t\t<\/div>\n\n\t\t\t\t\t<\/div>\n\n\t\t\t\t\t<img decoding=\"async\" width=\"1283\" height=\"810\" src=\"https:\/\/www.sage.com\/de-de\/blog\/wp-content\/uploads\/sites\/11\/2018\/03\/startups-1283x810.jpg\" class=\"single-cta__image\" alt=\"Digitale Horizonte\" loading=\"lazy\" srcset=\"https:\/\/www.sage.com\/de-de\/blog\/wp-content\/uploads\/sites\/11\/2018\/03\/startups-1283x810.jpg 1283w\" sizes=\"auto, (min-width: 48em) 33vw, 100vw\" \/>\t\t\t<\/div>\n<\/div>\n\n<h2>Cloud Computing f\u00fcr Ausbau digitaler Kompetenz nutzen<\/h2>\n<p>Cloud-Anwendungen erm\u00f6glichen in diesem Zusammenhang flexiblere Anpassungen an sich stetig ver\u00e4ndernde Markt- und Kundenanforderungen. Zugleich lassen sie sich einsetzen, um digitale Kompetenz zu st\u00e4rken, z.B. indem sie Informationen effizienter zusammenf\u00fchren. Oder indem sie helfen, Datensilos aufzubrechen. Die Sage-Erhebung hat jedoch herausgefunden, dass erst 42 Prozent der befragten Unternehmen Cloud-Anwendungen nutzen, um digitales Know-how zu erweitern sowie Ums\u00e4tze und den Kundenservice zu verbessern.<\/p>\n\n<\/div>\n<div class=\"single-cta\">\n\t<div class=\"single-cta__positioner\">\n\t\t<div class=\"single-cta__wrapper has-dark-background-color\">\n\t\t\t<div class=\"single-cta__content\">\n\t\t\t\t\t\t\t\t<h2 class=\"single-cta__title h3\">ERP-\u200bSoftware zur effizienten Steuerung von Gesch\u00e4ftsprozessen<\/h2>\n\n\t\t\t\t\t\t\t\t\t<div class=\"single-cta__description\">\n\t\t\t\t\t\t<p>Bei ERP-Software (Enterprise Resource Planning) handelt es sich um intelligente Programme zur Planung und Steuerung s\u00e4mtlicher Unternehmensressourcen.<\/p>\n<ul>\n<li>Ablage sowie den Zugriff auf relevante Gesch\u00e4ftsdaten an einem zentralen Ort<\/li>\n<li>allt\u00e4gliche Prozesse lassen sich ganz einfach miteinander verkn\u00fcpfen<\/li>\n<li>Anwender gewinnen einen umfassenden \u00dcberblick \u00fcber die Ma\u00dfnahmen und Zahlen<\/li>\n<li>Vernetzung der verschiedenen Abteilungen (z. B. Buchhaltung, Personalmanagement und Lieferkettenmanagement).<\/li>\n<\/ul>\n\t\t\t\t\t<\/div>\n\t\t\t\t\n\t\t\t\t\t\t\t\t\t\t\t\t\t\t<a\n\t\t\t\t\t\thref=\"https:\/\/www.sage.com\/de-de\/erp-software\/?ref=blog\"\n\t\t\t\t\t\tclass=\"single-cta__button button button--primary\"\n\t\t\t\t\t\t\t\t\t\t\t\t\tid=\"cta-id-6174\"\n\t\t\t\t\t\t\t\t\t\t\t\t\t\t\t\t\t\t\tdata-button-location=\"cta_box\"\n\t\t\t\t\t\t\t\t\t\t\t>Mehr erfahren<\/a>\n\t\t\t\t\t\t\t<\/div>\n\n\t\t\t\t\t<\/div>\n\n\t\t\t\t\t<img decoding=\"async\" width=\"980\" height=\"490\" src=\"https:\/\/www.sage.com\/de-de\/blog\/wp-content\/uploads\/sites\/11\/2018\/12\/Fotolia_102383951_S.jpg\" class=\"single-cta__image\" alt=\"vernetzt\" loading=\"lazy\" srcset=\"https:\/\/www.sage.com\/de-de\/blog\/wp-content\/uploads\/sites\/11\/2018\/12\/Fotolia_102383951_S.jpg 980w\" sizes=\"auto, (min-width: 48em) 33vw, 100vw\" \/>\t\t\t<\/div>\n<\/div>\n\n\n<div class=\"single-cta\">\n\t<div class=\"single-cta__positioner\">\n\t\t<div class=\"single-cta__wrapper has-dark-background-color\">\n\t\t\t<div class=\"single-cta__content\">\n\t\t\t\t\t\t\t\t<h2 class=\"single-cta__title h3\">2026: Alle neuen Gesetze immer im Blick<\/h2>\n\n\t\t\t\t\t\t\t\t\t<div class=\"single-cta__description\">\n\t\t\t\t\t\t<p><!-- wp:paragraph --><\/p>\n<p><strong>Bleiben Sie informiert &#8211; mit unserem Newsletter<\/strong> 1x im Monat<\/p>\n<p><!-- \/wp:paragraph --><\/p>\n<p><!-- wp:list --><\/p>\n<ul class=\"wp-block-list\"><!-- wp:list-item --><\/p>\n<li>Neue Trends aus der Arbeitswelt<\/li>\n<p><!-- \/wp:list-item --><\/p>\n<p><!-- wp:list-item --><\/p>\n<li>Aktuelle Urteile verst\u00e4ndlich erkl\u00e4rt<\/li>\n<p><!-- \/wp:list-item --><\/p>\n<p><!-- wp:list-item --><\/p>\n<li>Tipps zu Recht, Steuern &amp; Finanzen<\/li>\n<p><!-- \/wp:list-item --><\/p>\n<p><!-- wp:list-item --><\/p>\n<li>Experten-Interviews, Studien u.v.m<\/li>\n<p><!-- \/wp:list-item --><\/ul>\n<p><!-- \/wp:list --><\/p>\n\t\t\t\t\t<\/div>\n\t\t\t\t\n\t\t\t\t\t\t\t\t\t\t\t\t\t\t<a\n\t\t\t\t\t\thref=\"#gate-a59880de-3d38-4b82-914c-ffa16bab6ae7\"\n\t\t\t\t\t\tclass=\"single-cta__button button button--primary\"\n\t\t\t\t\t\t\t\t\t\t\t\t\t\t\t\t\t>Newsletter abonnieren<\/a>\n\t\t\t\t\t\t\t<\/div>\n\n\t\t\t\t\t<\/div>\n\n\t\t\t\t\t<img decoding=\"async\" width=\"1215\" height=\"810\" src=\"https:\/\/www.sage.com\/de-de\/blog\/wp-content\/uploads\/sites\/11\/2023\/09\/GettyImages-1277533180-1215x810.jpg\" class=\"single-cta__image\" alt=\"\" loading=\"lazy\" srcset=\"https:\/\/www.sage.com\/de-de\/blog\/wp-content\/uploads\/sites\/11\/2023\/09\/GettyImages-1277533180-1215x810.jpg 1215w\" sizes=\"auto, (min-width: 48em) 33vw, 100vw\" \/>\t\t\t<\/div>\n<\/div>\n","protected":false},"excerpt":{"rendered":"<p>Es ist nicht \u00fcberraschend, dass Investitionen in die Digitalkompetenz der Mitarbeiter eine Schl\u00fcsselrolle darstellen. Innerhalb der Strategie von Unternehmen gewinnt dies zunehmend eine zentrale Bedeutung, um Verbesserungen in Produktivit\u00e4t, Rentabilit\u00e4t und Kundenservice voranzutreiben. Dies untermauern einmal mehr unsere Umfrageergebnisse unter 3.000 kleinen und mittelst\u00e4ndischen Unternehmen in insgesamt 12 Nationen, die wir bei YouGov in Auftrag [&hellip;]<\/p>\n","protected":false},"author":588,"featured_media":7091,"comment_status":"open","ping_status":"closed","sticky":false,"template":"","format":"standard","meta":{"_sage_video":false,"post_featured_image_hide":false,"footnotes":""},"categories":[15,22,71],"tags":[599,85,76,158],"business_type":[17,18],"lilypad":[],"context":[],"industry":[],"persona":[58,57,59,55],"imagine_tag":[35,34,37,39,41,40,24,38,29],"coauthors":[999],"class_list":["post-7088","post","type-post","status-publish","format-standard","has-post-thumbnail","hentry","category-digitale-transformation","category-hr-management-payroll","category-mitarbeiter-entwickeln","tag-blog","tag-cloud","tag-digitalisierung","tag-erp","business_type-kleinunternehmer-handwerker","business_type-mittlere-unternehmen"],"sage_meta":{"region":"de-de","author_name":"Andreas Zipser","featured_image":"https:\/\/www.sage.com\/de-de\/blog\/wp-content\/uploads\/sites\/11\/2019\/12\/NewsCafe_FY19_Payroll_22.jpg","imagine_tags":{"35":"CRM","34":"ERP","37":"HR","39":"Kleine Unternehmen","41":"Mittelstand","40":"Mittlere Unternehmen","24":"Sage Blog","38":"Start-Ups","29":"\u00dcber Sage"}},"distributor_meta":false,"distributor_terms":false,"distributor_media":false,"distributor_original_site_name":"Sage Advice Deutschland","distributor_original_site_url":"https:\/\/www.sage.com\/de-de\/blog","push-errors":false,"_links":{"self":[{"href":"https:\/\/www.sage.com\/de-de\/blog\/api\/wp\/v2\/posts\/7088","targetHints":{"allow":["GET"]}}],"collection":[{"href":"https:\/\/www.sage.com\/de-de\/blog\/api\/wp\/v2\/posts"}],"about":[{"href":"https:\/\/www.sage.com\/de-de\/blog\/api\/wp\/v2\/types\/post"}],"author":[{"embeddable":true,"href":"https:\/\/www.sage.com\/de-de\/blog\/api\/wp\/v2\/users\/588"}],"replies":[{"embeddable":true,"href":"https:\/\/www.sage.com\/de-de\/blog\/api\/wp\/v2\/comments?post=7088"}],"version-history":[{"count":0,"href":"https:\/\/www.sage.com\/de-de\/blog\/api\/wp\/v2\/posts\/7088\/revisions"}],"wp:featuredmedia":[{"embeddable":true,"href":"https:\/\/www.sage.com\/de-de\/blog\/api\/wp\/v2\/media\/7091"}],"wp:attachment":[{"href":"https:\/\/www.sage.com\/de-de\/blog\/api\/wp\/v2\/media?parent=7088"}],"wp:term":[{"taxonomy":"category","embeddable":true,"href":"https:\/\/www.sage.com\/de-de\/blog\/api\/wp\/v2\/categories?post=7088"},{"taxonomy":"post_tag","embeddable":true,"href":"https:\/\/www.sage.com\/de-de\/blog\/api\/wp\/v2\/tags?post=7088"},{"taxonomy":"business_type","embeddable":true,"href":"https:\/\/www.sage.com\/de-de\/blog\/api\/wp\/v2\/business_type?post=7088"},{"taxonomy":"lilypad","embeddable":true,"href":"https:\/\/www.sage.com\/de-de\/blog\/api\/wp\/v2\/lilypad?post=7088"},{"taxonomy":"context","embeddable":true,"href":"https:\/\/www.sage.com\/de-de\/blog\/api\/wp\/v2\/context?post=7088"},{"taxonomy":"industry","embeddable":true,"href":"https:\/\/www.sage.com\/de-de\/blog\/api\/wp\/v2\/industry?post=7088"},{"taxonomy":"persona","embeddable":true,"href":"https:\/\/www.sage.com\/de-de\/blog\/api\/wp\/v2\/persona?post=7088"},{"taxonomy":"imagine_tag","embeddable":true,"href":"https:\/\/www.sage.com\/de-de\/blog\/api\/wp\/v2\/imagine_tag?post=7088"},{"taxonomy":"author","embeddable":true,"href":"https:\/\/www.sage.com\/de-de\/blog\/api\/wp\/v2\/coauthors?post=7088"}],"curies":[{"name":"wp","href":"https:\/\/api.w.org\/{rel}","templated":true}]}}