{"id":7265,"date":"2020-02-03T08:33:46","date_gmt":"2020-02-03T07:33:46","guid":{"rendered":"https:\/\/www.sage.com\/de-de\/blog\/?p=7265"},"modified":"2026-03-10T18:05:50","modified_gmt":"2026-03-10T17:05:50","slug":"europa-nach-brexit-darauf-sollten-unternehmen-trotz-uebergangsfrist-jetzt-achten","status":"publish","type":"post","link":"https:\/\/www.sage.com\/de-de\/blog\/europa-nach-brexit-darauf-sollten-unternehmen-trotz-uebergangsfrist-jetzt-achten\/","title":{"rendered":"Europa nach Brexit: Darauf sollten Unternehmen trotz \u00dcbergangsfrist jetzt achten"},"content":{"rendered":"<header class=\"entry-header has-dark-background-color entry-header--standard entry-header--has-illustration entry-header--has-illustration--standard\">\n\t<div class=\"container\">\n\t\t<div class=\"entry-header__row row align-center\">\n\t\t\t<div class=\"col col-lg-7 col-xlg-6 entry-header__content\">\n\t\t\t\t\t\t\t<div class=\"component component-single-header\">\n\t\t\t\t\t\t\t\t\t\t<div class=\"entry-header__misc text--subtitle text--uppercase text--small\">\n\t\t\t\t\t\t\t<a href=\"https:\/\/www.sage.com\/de-de\/blog\/kategorie\/datenbasiert-entscheiden\/\" class=\"entry-header__link\">Datenbasiert entscheiden<\/a>\t\t\t\t\t\t<\/div>\n\t\t\t\t\n\t\t\t\t<div class=\"entry-title-wrapper\">\n\t\t\t\t\t<h1 class=\"entry-title\">\n\t\t\t\t\t\tEuropa nach Brexit: Darauf sollten Unternehmen trotz \u00dcbergangsfrist jetzt achten\t\t\t\t\t<\/h1>\n\t\t\t\t<\/div>\n\n\t\t\t\t\t\t\t\t\t<p class=\"entry-header__description\">\n\t\t\t\t\t\t\t\t\t\t\t<\/p>\n\t\t\t\t\n\t\t\t\t\n\t\t\t\t\n\t\t\t<\/div>\n\n\t\t\t\t\t<\/div>\n\t\t\t\t\t<\/div>\n\t<\/div>\n\t<div class=\"single-post-details container\">\n\t\t<div class=\"col\">\n\t\t\t<span class=\"posted-on \"><time class=\"entry-date published\" datetime=\"2020-02-03T08:33:46+01:00\">3. February 2020<\/time><\/span><span class=\"reading-time\"> Minuten zu lesen<\/span>\n\t\t<button\n\t\t\ttype=\"button\"\n\t\t\tclass=\"social-share-button button button--icon button--secondary js-social-share-button\"\n\t\t\tdata-share-title=\"Europa nach Brexit: Darauf sollten Unternehmen trotz \u00dcbergangsfrist jetzt achten\"\n\t\t\tdata-share-url=\"https:\/\/www.sage.com\/de-de\/blog\/europa-nach-brexit-darauf-sollten-unternehmen-trotz-uebergangsfrist-jetzt-achten\/\"\n\t\t\tdata-share-text=\"Bitte lesen Sie diesen interessanten Artikel\"\n\t\t>\n\t\t\t<span class=\"social-share-button__share-label\">Teilen<\/span>\n\t\t\t<span class=\"social-share-button__copy-label\" hidden>Link kopieren<\/span>\n\t\t\t<span class=\"social-share-button__copy-tooltip\" aria-hidden=\"true\" hidden>Kopiert<\/span>\n\t\t<\/button>\n\n\t\t\t\t<\/div>\n\t<\/div>\n<\/header>\n\n\n\n<div class=\"wp-block-post-author has-dark-background-color alignfull\">\n\t<div class=\"container\">\n\t\t<div class=\"col\">\n\t\t\t\t\t\t\t<div class=\"co-authors\">\n\t\t\t\t\t\n\t\t<div class=\"entry-author-wrapper\">\n\t\t\t<a class=\"entry-author\" href=\"https:\/\/www.sage.com\/de-de\/blog\/author\/sabinepreusser\/\">\n\t\t\t\t<img decoding=\"async\" alt=\"\" src=\"https:\/\/www.sage.com\/de-de\/blog\/wp-content\/uploads\/sites\/11\/2019\/02\/PreusserSabine2015.jpg\" class=\"entry-author__image\" height=\"40\" width=\"40\" fetchpriority=\"high\" \/>\t\t\t\t<span class=\"entry-author__name\">Sabine Preusser<\/span>\n\t\t\t<\/a>\n\n\t\t\t\t\t<\/div>\n\n\t\t\t\t\t\t<\/div>\n\t\t\t\t\t<\/div>\n\t<\/div>\n<\/div>\n\n\n\n<p>Europa nach dem Brexit. Nach langem Tauziehen ist es nun vollbracht: Der Brexit ist Tatsache, die Tage der britischen Abgeordneten im EU-Parlament sind gez\u00e4hlt. Mitte Januar haben die britischen Abgeordneten das Brexit-Ratifizierungsgesetz beschlossen. Mit dem 31. Januar 2020 endete die EU-Mitgliedschaft des Vereinigten K\u00f6nigshauses. Die neue Zeitrechnung bringt mit dem Austritt Gro\u00dfbritanniens aus der Europ\u00e4ischen Union f\u00fcr den Binnenmarkt sowohl dies- als auch jenseits des \u00c4rmelkanals weitgehende rechtliche und wirtschaftliche Folgen. Im- und Exporte beispielsweise werden durch den Austritt zu einem Warenverkehr mit einem Drittstaat umqualifiziert. Die Konsequenzen sind komplex und zurzeit nur theoretisch absehbar. Wir haben zusammen mit dem Londoner Markt- und Meinungsforschungsinstitut <a href=\"https:\/\/global.yougov.com\/\" target=\"_blank\" rel=\"noopener noreferrer\">YouGov<\/a> betroffene Kunden in Europa, also auf beiden Seiten des Brexits, dazu befragt, wie sie die Auswirkungen des Austritts einsch\u00e4tzen.<\/p>\n\n\n\n<h2 class=\"wp-block-heading\" id=\"h-einjahrige-ubergangsphase\">Einj\u00e4hrige \u00dcbergangsphase<\/h2>\n\n\n\n<p>Wie sich zeigte, gibt es bei den Vorbereitungen insbesondere im Mittelstand noch einiges an Handlungsbedarf. Die einj\u00e4hrige \u00dcbergangsphase verschafft uns zwar in der Tat ein wenig Luft. Dennoch sollten Sie sich bereits jetzt auf die ver\u00e4nderten Bedingungen vorbereiten. Insgesamt wurden 1.122 Unternehmen quer durch alle Branchen interviewt. Von der Landwirtschaft \u00fcber den Finanzdienstleistungssektor bis hin zu Versorgungsbetrieben und Non Profit-Organisationen. 340 Teilnehmer aus UK und 782 Interviewpartner aus den EU-L\u00e4ndern Irland, Spanien, Frankreich und Deutschland standen Rede und Antwort zu wichtigen Fragen. Dadurch erhielten wir eine Reihe interessanter Einblicke aus Sicht der Unternehmen. Im Zentrum standen die Auswirkungen des britischen EU-Ausstiegs, insbesondere ihre wirtschaftliche Tragweite und ihre Bedeutung f\u00fcr das Exportgesch\u00e4ft.<\/p>\n\n\n\n<h2 class=\"wp-block-heading\" id=\"h-der-brexit-wird-weitreichende-auswirkungen-auf-die-wirtschaft-haben\">Der Brexit wird weitreichende Auswirkungen auf die Wirtschaft haben<\/h2>\n\n\n\n<p>Die <strong>\u00dcbergangsphase bis Ende 2020<\/strong> soll der EU und der britischen Regierung dazu dienen, ein <strong>Freihandelsabkommen zu verhandeln<\/strong>. W\u00e4hrend dieser Schonfrist, die auch im nationalen \u00dcbergangsgesetz Brexit\u00dcG der Bundesregierung verankert ist, bleibt Gro\u00dfbritannien unver\u00e4ndert im EU-Binnenmarkt. Was jedoch danach kommt, ist im Detail noch unklar. Nicht von der Hand zu weisen ist allerdings: Der Brexit wird weitreichende Auswirkungen auf die Wirtschaft sowohl in Gro\u00dfbritannien als auch bei den Mitgliedern der Europ\u00e4ischen Union haben. Wie weitreichend diese sein werden, dazu gehen die Meinungen auseinander. Eine der gr\u00f6\u00dften Sorgen besteht laut Angaben der Befragten darin, dass aufgrund des gestiegenen Zollaufwands auch die Gesamtkosten f\u00fcr Produkte, die nach UK exportiert werden sollen, steigen werden. Verunsichert sind zudem viele europ\u00e4ische und deutsche Unternehmen, die Mitarbeiter mit einem britischen Pass in ihrem Haus besch\u00e4ftigen.<\/p>\n\n\n\n<h2 class=\"wp-block-heading\" id=\"h-deutscher-mittelstand-vergleichsweise-entspannt\">Deutscher Mittelstand vergleichsweise entspannt<\/h2>\n\n\n\n<p>Die irische Republik scheint momentan die gr\u00f6\u00dften Bauchschmerzen zu haben. Einerseits aufgrund der politischen Verflechtungen mit der Nachbarinsel, andererseits auch aufgrund der geografischen N\u00e4he verst\u00e4ndlich. Immerhin 63 Prozent der befragten irischen Unternehmen davon aus, dass der Brexit einen starken Einfluss auf ihre \u00f6konomische Entwicklung zeitigen wird. Zum Vergleich: Die Spanier belegen zwar Platz 2 bei der Bef\u00fcrchtung eines \u201estrong impacts\u201c, also schwerer Auswirkungen, allerdings nur noch mit 28 Prozent. Der deutsche Mittelstand sieht die Lage vergleichsweise entspannt. Nur knapp ein F\u00fcnftel unserer heimischen Unternehmen nehmen an, dass der Brexit ihre Gesch\u00e4fte stark beeinflussen wird. In irgendeiner Art und Weise betroffen sind nach eigener Einsch\u00e4tzung allerdings doch 40 Prozent der befragten deutschen Unternehmen \u2013 und wenn es nur mit geringen Konsequenzen ist.<\/p>\n\n\n\n<h2 class=\"wp-block-heading\" id=\"h-vorbereitung-tut-not\">Vorbereitung tut Not<\/h2>\n\n\n\n<p>Nicht nur die wirtschaftliche Dimension, auch der zeitliche Ablauf war lange eine schwer einsch\u00e4tzbare Gr\u00f6\u00dfe. Im Sp\u00e4tsommer 2018 rechneten noch 42 Prozent der Unternehmen damit, dass der Brexit bis M\u00e4rz 2019 abgeschlossen sein w\u00fcrde. Inzwischen hat sich gezeigt, dass jene 40 Prozent, die einen finalen EU-Austritt Gro\u00dfbritanniens nicht vor 2021 f\u00fcr wahrscheinlich halten, Recht behalten w\u00fcrden. Trotz des \u00fcber lange Zeit unberechenbaren Abstimmungsverhaltens der britischen Parlamentarier sind sich europ\u00e4ischen und deutsche Unternehmender Auswirkungen des Brexits auf ihre Gesch\u00e4ftsprozesse bewusst. Das gaben &nbsp;immerhin zwei Drittel der Befragten an.<\/p>\n\n\n\n<div class=\"single-cta\">\n\t<div class=\"single-cta__positioner\">\n\t\t<div class=\"single-cta__wrapper has-dark-background-color\">\n\t\t\t<div class=\"single-cta__content\">\n\t\t\t\t\t\t\t\t<h2 class=\"single-cta__title h3\">Starten Sie mit einer flexiblen ERP-\u200bSoftware durch<\/h2>\n\n\t\t\t\t\t\t\t\t\t<div class=\"single-cta__description\">\n\t\t\t\t\t\t<p>Egal, wie gro\u00df oder klein Ihr Unternehmen ist \u2013 Sage bietet Ihnen die passende ERP-Software.<\/p>\n<p>Jetzt passende Software finden!<\/p>\n\t\t\t\t\t<\/div>\n\t\t\t\t\n\t\t\t\t\t\t\t\t\t\t\t\t\t\t<a\n\t\t\t\t\t\thref=\"https:\/\/www.sage.com\/de-de\/erp-software\/?ref=blog\"\n\t\t\t\t\t\tclass=\"single-cta__button button button--primary\"\n\t\t\t\t\t\t\t\t\t\t\t\t\tid=\"cta-id-6907\"\n\t\t\t\t\t\t\t\t\t\t\t\t\t\t\t\t\t\t\tdata-button-location=\"cta_box\"\n\t\t\t\t\t\t\t\t\t\t\t>Mehr erfahren<\/a>\n\t\t\t\t\t\t\t<\/div>\n\n\t\t\t\t\t<\/div>\n\n\t\t\t\t\t<img decoding=\"async\" width=\"1214\" height=\"810\" src=\"https:\/\/www.sage.com\/de-de\/blog\/wp-content\/uploads\/sites\/11\/2019\/01\/iStock-902811342-1214x810.jpg\" class=\"single-cta__image\" alt=\"Finanzmanager\" loading=\"lazy\" srcset=\"https:\/\/www.sage.com\/de-de\/blog\/wp-content\/uploads\/sites\/11\/2019\/01\/iStock-902811342-1214x810.jpg 1214w\" sizes=\"auto, (min-width: 48em) 33vw, 100vw\" \/>\t\t\t<\/div>\n<\/div>\n\n\n\n<h2 class=\"wp-block-heading\" id=\"h-vermeintliche-gelassenheit\">Vermeintliche Gelassenheit<\/h2>\n\n\n\n<p>Ein wenig erstaunlich ist vor diesem Hintergrund der \u201eMut zur L\u00fccke\u201c, den zahlreiche Manager und Prozessverantwortliche bewiesen haben und auch heute noch zeigen. 39 Prozent der von YouGov befragten EU-Unternehmen sahen vor Dezember 2020 keine Notwendigkeit, ihre Gesch\u00e4ftsprozesse auf die drohenden Ver\u00e4nderungen einzustellen. 24 Prozent wollten die Entwicklungen im Fr\u00fchjahr 2019 abwarten; lediglich 37 Prozent haben bereits vor der finalen Entscheidung vorbereitende Ma\u00dfnahmen getroffen, um f\u00fcr die Herausforderungen des Brexits gewappnet zu sein. Diese vermeintliche Gelassenheit mochte in der Vergangenheit beruhigende Auswirkungen auf den Gesch\u00e4ftsklimaindex haben. Mit dem Eintritt des Brexit am 31. Januar sollte es mit der Gelassenheit jedoch endg\u00fcltig vorbei sein \u2013 und das trotz \u00dcbergangsphase.<\/p>\n\n\n\n<h2 class=\"wp-block-heading\" id=\"h-unterstutzung-durch-aufklarung\">Unterst\u00fctzung durch Aufkl\u00e4rung<\/h2>\n\n\n\n<p>Wie die YouGov-Studie auch gezeigt hat, gibt es klaren Aufkl\u00e4rungsbedarf, insbesondere wenn es um die Details geht. Lediglich 17 Prozent der europ\u00e4ischen Unternehmen gaben an, sich der Auswirkungen neuer Regularien zum Personen- und Warenverkehr zwischen UK und EU in vollem Umfang bewusst zu sein. An dieser Stelle wollen wir unterst\u00fctzen \u2013 schlie\u00dflich haben wir selbst zahlreiche Kunden, die von einer ver\u00e4nderten Rechtslage durch den Brexit betroffen w\u00e4ren. Die gute Nachricht vorweg: Da die rechtlichen Folgen nicht unmittelbar mit dem Austritt am 31. Januar eingetreten sind, ist keine akute \u00c4nderung an Ihrer SAGE-Software erforderlich. Dennoch gilt nun f\u00fcr alle Unternehmen, die in Gro\u00dfbritannien relevante Abs\u00e4tze fahren, s\u00e4mtliche Prozesse rund um den Export ihrer Produkte so effizient und flexibel wie irgend m\u00f6glich zu gestalten.<\/p>\n\n\n\n<h2 class=\"wp-block-heading\" id=\"h-neue-anforderungen-von-sicherheitsstandards-bis-datenschutz\">Neue Anforderungen von Sicherheitsstandards bis Datenschutz<\/h2>\n\n\n\n<p>Dar\u00fcber hinaus wird es unabdingbar sein, sich mit allen denkbaren neuen Anforderungen an das Steuer- und Zoll-Reporting sowie ver\u00e4nderten Sicherheitsstandards, datenrechtlichen Rahmenbedingungen sowie Reise- und Arbeitsbestimmungen f\u00fcr nicht-UK-B\u00fcrger vertraut zu machen. Auch wenn mit der \u00dcbergangsphase ein wenig Druck aus der Angelegenheit genommen ist, so sollten sich Unternehmen nicht zu sehr in Sicherheit wiegen.<\/p>\n\n\n<div class=\"single-cta\">\n\t<div class=\"single-cta__positioner\">\n\t\t<div class=\"single-cta__wrapper has-dark-background-color\">\n\t\t\t<div class=\"single-cta__content\">\n\t\t\t\t\t\t\t\t<h2 class=\"single-cta__title h3\">2026: Alle neuen Gesetze immer im Blick<\/h2>\n\n\t\t\t\t\t\t\t\t\t<div class=\"single-cta__description\">\n\t\t\t\t\t\t<p><!-- wp:paragraph --><\/p>\n<p><strong>Bleiben Sie informiert &#8211; mit unserem Newsletter<\/strong> 1x im Monat<\/p>\n<p><!-- \/wp:paragraph --><\/p>\n<p><!-- wp:list --><\/p>\n<ul class=\"wp-block-list\"><!-- wp:list-item --><\/p>\n<li>Neue Trends aus der Arbeitswelt<\/li>\n<p><!-- \/wp:list-item --><\/p>\n<p><!-- wp:list-item --><\/p>\n<li>Aktuelle Urteile verst\u00e4ndlich erkl\u00e4rt<\/li>\n<p><!-- \/wp:list-item --><\/p>\n<p><!-- wp:list-item --><\/p>\n<li>Tipps zu Recht, Steuern &amp; Finanzen<\/li>\n<p><!-- \/wp:list-item --><\/p>\n<p><!-- wp:list-item --><\/p>\n<li>Experten-Interviews, Studien u.v.m<\/li>\n<p><!-- \/wp:list-item --><\/ul>\n<p><!-- \/wp:list --><\/p>\n\t\t\t\t\t<\/div>\n\t\t\t\t\n\t\t\t\t\t\t\t\t\t\t\t\t\t\t<a\n\t\t\t\t\t\thref=\"#gate-a59880de-3d38-4b82-914c-ffa16bab6ae7\"\n\t\t\t\t\t\tclass=\"single-cta__button button button--primary\"\n\t\t\t\t\t\t\t\t\t\t\t\t\t\t\t\t\t>Newsletter abonnieren<\/a>\n\t\t\t\t\t\t\t<\/div>\n\n\t\t\t\t\t<\/div>\n\n\t\t\t\t\t<img decoding=\"async\" width=\"1215\" height=\"810\" src=\"https:\/\/www.sage.com\/de-de\/blog\/wp-content\/uploads\/sites\/11\/2023\/09\/GettyImages-1277533180-1215x810.jpg\" class=\"single-cta__image\" alt=\"\" loading=\"lazy\" srcset=\"https:\/\/www.sage.com\/de-de\/blog\/wp-content\/uploads\/sites\/11\/2023\/09\/GettyImages-1277533180-1215x810.jpg 1215w\" sizes=\"auto, (min-width: 48em) 33vw, 100vw\" \/>\t\t\t<\/div>\n<\/div>\n","protected":false},"excerpt":{"rendered":"<p>Europa nach dem Brexit. Nach langem Tauziehen ist es nun vollbracht: Der Brexit ist Tatsache, die Tage der britischen Abgeordneten im EU-Parlament sind gez\u00e4hlt. Mitte Januar haben die britischen Abgeordneten das Brexit-Ratifizierungsgesetz beschlossen. Mit dem 31. Januar 2020 endete die EU-Mitgliedschaft des Vereinigten K\u00f6nigshauses. Die neue Zeitrechnung bringt mit dem Austritt Gro\u00dfbritanniens aus der Europ\u00e4ischen [&hellip;]<\/p>\n","protected":false},"author":722,"featured_media":7266,"comment_status":"open","ping_status":"closed","sticky":false,"template":"","format":"standard","meta":{"_sage_video":false,"post_featured_image_hide":false,"footnotes":""},"categories":[23,83],"tags":[316,158,191],"business_type":[17,18],"lilypad":[],"context":[],"industry":[],"persona":[58,54,57,59],"imagine_tag":[34,33,39,41,40,24,29],"coauthors":[953],"class_list":["post-7265","post","type-post","status-publish","format-standard","has-post-thumbnail","hentry","category-datenbasiert-entscheiden","category-warenwirtschaft","tag-brexit","tag-erp","tag-mittelstand","business_type-kleinunternehmer-handwerker","business_type-mittlere-unternehmen"],"sage_meta":{"region":"de-de","author_name":"Sabine Preusser","featured_image":"https:\/\/www.sage.com\/de-de\/blog\/wp-content\/uploads\/sites\/11\/2020\/02\/iStock-946054724.jpg","imagine_tags":{"34":"ERP","33":"Finanzen","39":"Kleine Unternehmen","41":"Mittelstand","40":"Mittlere Unternehmen","24":"Sage Blog","29":"\u00dcber Sage"}},"distributor_meta":false,"distributor_terms":false,"distributor_media":false,"distributor_original_site_name":"Sage Advice Deutschland","distributor_original_site_url":"https:\/\/www.sage.com\/de-de\/blog","push-errors":false,"_links":{"self":[{"href":"https:\/\/www.sage.com\/de-de\/blog\/api\/wp\/v2\/posts\/7265","targetHints":{"allow":["GET"]}}],"collection":[{"href":"https:\/\/www.sage.com\/de-de\/blog\/api\/wp\/v2\/posts"}],"about":[{"href":"https:\/\/www.sage.com\/de-de\/blog\/api\/wp\/v2\/types\/post"}],"author":[{"embeddable":true,"href":"https:\/\/www.sage.com\/de-de\/blog\/api\/wp\/v2\/users\/722"}],"replies":[{"embeddable":true,"href":"https:\/\/www.sage.com\/de-de\/blog\/api\/wp\/v2\/comments?post=7265"}],"version-history":[{"count":1,"href":"https:\/\/www.sage.com\/de-de\/blog\/api\/wp\/v2\/posts\/7265\/revisions"}],"predecessor-version":[{"id":30731,"href":"https:\/\/www.sage.com\/de-de\/blog\/api\/wp\/v2\/posts\/7265\/revisions\/30731"}],"wp:featuredmedia":[{"embeddable":true,"href":"https:\/\/www.sage.com\/de-de\/blog\/api\/wp\/v2\/media\/7266"}],"wp:attachment":[{"href":"https:\/\/www.sage.com\/de-de\/blog\/api\/wp\/v2\/media?parent=7265"}],"wp:term":[{"taxonomy":"category","embeddable":true,"href":"https:\/\/www.sage.com\/de-de\/blog\/api\/wp\/v2\/categories?post=7265"},{"taxonomy":"post_tag","embeddable":true,"href":"https:\/\/www.sage.com\/de-de\/blog\/api\/wp\/v2\/tags?post=7265"},{"taxonomy":"business_type","embeddable":true,"href":"https:\/\/www.sage.com\/de-de\/blog\/api\/wp\/v2\/business_type?post=7265"},{"taxonomy":"lilypad","embeddable":true,"href":"https:\/\/www.sage.com\/de-de\/blog\/api\/wp\/v2\/lilypad?post=7265"},{"taxonomy":"context","embeddable":true,"href":"https:\/\/www.sage.com\/de-de\/blog\/api\/wp\/v2\/context?post=7265"},{"taxonomy":"industry","embeddable":true,"href":"https:\/\/www.sage.com\/de-de\/blog\/api\/wp\/v2\/industry?post=7265"},{"taxonomy":"persona","embeddable":true,"href":"https:\/\/www.sage.com\/de-de\/blog\/api\/wp\/v2\/persona?post=7265"},{"taxonomy":"imagine_tag","embeddable":true,"href":"https:\/\/www.sage.com\/de-de\/blog\/api\/wp\/v2\/imagine_tag?post=7265"},{"taxonomy":"author","embeddable":true,"href":"https:\/\/www.sage.com\/de-de\/blog\/api\/wp\/v2\/coauthors?post=7265"}],"curies":[{"name":"wp","href":"https:\/\/api.w.org\/{rel}","templated":true}]}}