{"id":7307,"date":"2020-02-10T07:45:03","date_gmt":"2020-02-10T06:45:03","guid":{"rendered":"https:\/\/www.sage.com\/de-de\/blog\/?p=7307"},"modified":"2026-01-22T15:35:54","modified_gmt":"2026-01-22T14:35:54","slug":"weiterbildung-frueher-kuer-heute-pflicht","status":"publish","type":"post","link":"https:\/\/www.sage.com\/de-de\/blog\/weiterbildung-frueher-kuer-heute-pflicht\/","title":{"rendered":"Weiterbildung: Fr\u00fcher K\u00fcr, heute Pflicht"},"content":{"rendered":"<header class=\"entry-header has-dark-background-color entry-header--has-illustration entry-header--has-illustration--generic\">\n\t<div class=\"container\">\n\t\t<div class=\"entry-header__row row align-center\">\n\t\t\t<div class=\"col col-lg-7 col-xlg-6 entry-header__content\">\n\t\t\t\t\t\t\t<div class=\"component component-single-header\">\n\t\t\t\t\t\t\t\t\t\t<div class=\"entry-header__misc text--subtitle text--uppercase text--small\">\n\t\t\t\t\t\t\t<a href=\"https:\/\/www.sage.com\/de-de\/blog\/kategorie\/hr-management-payroll\/\" class=\"entry-header__link\">HR-Management und Lohnbuchhaltung<\/a>\t\t\t\t\t\t<\/div>\n\t\t\t\t\n\t\t\t\t<div class=\"entry-title-wrapper\">\n\t\t\t\t\t<h1 class=\"entry-title\">\n\t\t\t\t\t\tWeiterbildung: Fr\u00fcher K\u00fcr, heute Pflicht\t\t\t\t\t<\/h1>\n\t\t\t\t<\/div>\n\n\t\t\t\t\t\t\t\t\t<p class=\"entry-header__description\">\n\t\t\t\t\t\t\t\t\t\t\t<\/p>\n\t\t\t\t\n\t\t\t\t\n\t\t\t\t\n\t\t\t<\/div>\n\n\t\t\t\t\t<\/div>\n\t\t\t\t\t<\/div>\n\t<\/div>\n\t<div class=\"single-post-details container\">\n\t\t<div class=\"col\">\n\t\t\t<span class=\"posted-on \"><time class=\"entry-date published\" datetime=\"2020-02-10T07:45:03+01:00\">10. February 2020<\/time><\/span><span class=\"reading-time\"> Minuten zu lesen<\/span>\n\t\t<button\n\t\t\ttype=\"button\"\n\t\t\tclass=\"social-share-button button button--icon button--secondary js-social-share-button\"\n\t\t\tdata-share-title=\"Weiterbildung: Fr\u00fcher K\u00fcr, heute Pflicht\"\n\t\t\tdata-share-url=\"https:\/\/www.sage.com\/de-de\/blog\/weiterbildung-frueher-kuer-heute-pflicht\/\"\n\t\t\tdata-share-text=\"Bitte lesen Sie diesen interessanten Artikel\"\n\t\t>\n\t\t\t<span class=\"social-share-button__share-label\">Teilen<\/span>\n\t\t\t<span class=\"social-share-button__copy-label\" hidden>Link kopieren<\/span>\n\t\t\t<span class=\"social-share-button__copy-tooltip\" aria-hidden=\"true\" hidden>Kopiert<\/span>\n\t\t<\/button>\n\n\t\t\t\t<\/div>\n\t<\/div>\n<\/header>\n\n\n\n<div class=\"wp-block-post-author has-dark-background-color alignfull\">\n\t<div class=\"container\">\n\t\t<div class=\"col\">\n\t\t\t\t\t\t\t<div class=\"co-authors\">\n\t\t\t\t\t\n\t\t<div class=\"entry-author-wrapper\">\n\t\t\t<a class=\"entry-author\" href=\"https:\/\/www.sage.com\/de-de\/blog\/author\/susannwarmbrunn\/\">\n\t\t\t\t<img loading=\"lazy\" decoding=\"async\" width=\"40\" height=\"40\" src=\"https:\/\/www.sage.com\/de-de\/blog\/wp-content\/uploads\/sites\/11\/2018\/04\/Warmbrunn-350x350.jpg\" class=\"entry-author__image\" alt=\"Susann Warmbrunn\" \/>\t\t\t\t<span class=\"entry-author__name\">Susann Warmbrunn<\/span>\n\t\t\t<\/a>\n\n\t\t\t\t\t<\/div>\n\n\t\t\t\t\t\t<\/div>\n\t\t\t\t\t<\/div>\n\t<\/div>\n<\/div>\n<div class=\"sage-block-classic-wrapper\">\n\n\n\n<p>Digitalisierung, demografischer Wandel, Fachkr\u00e4ftemangel werden f\u00fcr Unternehmen aller Branchen zunehmend zur Wachstumsbremse. Mit einer gezielten Weiterbildungsstrategie l\u00e4sst sich dagegen aber etwas tun. H\u00f6chste Zeit also, das Thema Weiterbildung ganz oben auf die Agenda zu setzten.<\/p>\n<h2>Die Arbeitswelt \u00e4ndert sich<\/h2>\n<p>Die Arbeitswelt ver\u00e4ndert sich rasant: Was gestern Standard war, kann heute schon \u00fcberholt sein. Besch\u00e4ftigte k\u00f6nnen sich l\u00e4ngst nicht mehr auf dem vor zehn oder 20 Jahren in Studium oder Ausbildung erworbenen Wissen ausruhen, sondern m\u00fcssen sich permanent mit neuen Anforderungen auseinandersetzen. Dieser Tatsache ist sich die \u00fcberwiegende Mehrheit der Arbeitnehmer auch bewusst. Das ergab eine Befragung der <a href=\"http:\/\/vodafone-stiftung.de\/wp-content\/uploads\/2016\/10\/Vodafone_Stiftung_Gebrauchsanweisung_fuers_lebenslange_Lernen.pdf\" target=\"_blank\" rel=\"noopener noreferrer\">Vodafone-Stiftung<\/a>. Demnach stimmten so gut wie alle Mitarbeiter (98 Prozent) der Aussage zu, dass sie neue Dinge lernen m\u00fcssen, um neue Anforderungen am Arbeitsplatz bew\u00e4ltigen zu k\u00f6nnen. Der allergr\u00f6\u00dfte Teil von ihnen (94 Prozent) erkl\u00e4rte zudem, die eigenen Wissens- und Kompetenzl\u00fccken genau zu kennen. Viele (77 Prozent) bef\u00fcrchten sogar, dass es Auswirkungen auf ihre berufliche Zukunft hat, wenn sie sich nicht fortbilden.<\/p>\n<blockquote><p>\u201eDie Digitalisierung wird die Arbeitswelt grundlegend ver\u00e4ndern, w\u00e4hrend wir alle immer l\u00e4nger arbeiten werden. Umso wichtiger ist es, dass diejenigen, die im Berufsleben stehen, sich kontinuierlich weiterqualifizieren und dabei bestm\u00f6glich unterst\u00fctzt werden, damit auch in sp\u00e4teren Lebensphasen der berufliche und soziale Aufstieg gelingen kann\u201c,<\/p><\/blockquote>\n<p>sagt Dr. Mark Speich von der Vodafone Stiftung.<\/p>\n\n<div class=\"single-cta gated-content\">\n\t<div class=\"single-cta__positioner\">\n\t\t<div class=\"single-cta__wrapper has-dark-background-color\">\n\t\t\t<div class=\"single-cta__content\">\n\t\t\t\t\t\t\t\t<h2 class=\"single-cta__title h3\">Mitarbeiter-\u00adLebenszyklus: gezielte Personal\u00adent\u00adwicklung in jeder Phase <\/h2>\n\n\t\t\t\t\t\t\t\t\t<div class=\"single-cta__description\">\n\t\t\t\t\t\t<p>Optimale Personalentwicklung und<br \/>\nWeiterbildung im Mittelstand.<\/p>\n\t\t\t\t\t<\/div>\n\t\t\t\t\n\t\t\t\t\t\t\t\t\t\t\t\t\t\t<a\n\t\t\t\t\t\thref=\"#gate-0006a35a-04a3-43f6-9910-f4928a6ded91\"\n\t\t\t\t\t\tclass=\"single-cta__button button button--primary\"\n\t\t\t\t\t\t\t\t\t\t\t\t\t\t\t\t\t>Whitepaper laden<\/a>\n\t\t\t\t\t\t\t<\/div>\n\n\t\t\t\t\t<\/div>\n\n\t\t\t\t\t<img decoding=\"async\" width=\"1214\" height=\"810\" src=\"https:\/\/www.sage.com\/de-de\/blog\/wp-content\/uploads\/sites\/11\/2020\/02\/SageColleaguesManchester_170119-6220-1214x810.jpg\" class=\"single-cta__image\" alt=\"MLZ entwickeln\" loading=\"lazy\" srcset=\"https:\/\/www.sage.com\/de-de\/blog\/wp-content\/uploads\/sites\/11\/2020\/02\/SageColleaguesManchester_170119-6220-1214x810.jpg 1214w\" sizes=\"auto, (min-width: 48em) 33vw, 100vw\" \/>\t\t\t<\/div>\n<\/div>\n\n<h2>Arbeitnehmer f\u00fchlen sich vom Unternehmen im Stich gelassen<\/h2>\n<p>Doch das scheint leichter gesagt als getan. Das zumindest legen die Ergebnisse des <a href=\"https:\/\/onedrive.live.com\/?authkey=%21AADRZIqHgN4lEfI&amp;id=27ECDF831EC187F7%21267433&amp;cid=27ECDF831EC187F7\" target=\"_blank\" rel=\"noopener noreferrer\">Gallup Engagement Index 2019<\/a> nahe. Laut Studie f\u00fchlt sich ein Drittel der Arbeitnehmer (34 Prozent) in Deutschland von seinem Unternehmen bei der digitalen Weiterbildung im Stich gelassen. Mit 55 Prozent hat zwar gut jeder Zweite 2018 seine Qualifikation erweitert. Vier von zehn dieser Befragten mussten daf\u00fcr aber selbst aktiv werden, in den \u00fcbrigen F\u00e4llen sorgte der Arbeitgeber daf\u00fcr. 41 Prozent der Besch\u00e4ftigten konnten 2018 ihre Qualifikation nicht erweitern, weil ihr Unternehmen daf\u00fcr kein Angebot machte. Etwa jeder Siebte gab an, keine Zeit f\u00fcr Schulungen gehabt zu haben. Und nur ein F\u00fcnftel der Befragten (21 Prozent) findet, dass ihr Unternehmen sie bei Ausbau ihrer F\u00e4higkeiten und Fertigkeiten gut unterst\u00fctzt.<\/p>\n<h2>Gie\u00dfkannenprinzip bei Ma\u00dfnahmen zur Weiterbildung<\/h2>\n<p>Denn viele Unternehmen organisieren die Mitarbeiterqualifizierung nach dem Gie\u00dfkannenprinzip und verschenken dadurch wichtige Potenziale. Sie lassen au\u00dfer Acht, dass nicht jeder Mensch auf die gleiche Art und Weise lernt. So zeigen laut Vodafone-Stiftung Erwachsene drei Arten des Lern-Verhaltens:<\/p>\n<ul>\n<li>Aktivisten sind neugierig, praktisch orientiert und experimentieren gerne. Sie lernen am liebsten durch eigene Erfahrung, wie z.B. das Bearbeiten von Fallstudien oder das Hantieren mit Lerngegenst\u00e4nden.<\/li>\n<li>Beobachter sind zur\u00fcckhaltend, vorsichtig und bevorzugen es, anderen erst einmal bei \u00dcbungen zuzusehen. Hospitationen und Mentoring sind ihre pr\u00e4ferierten Lernmethoden.<\/li>\n<li>Nachdenker zeichnen sich durch analytisches und logisches Denken aus. Sie m\u00f6chten verstehen, wie Dinge funktionieren und sammeln dazu gerne erst Fakten und Informationen, um sich neuen Lerngegenst\u00e4nden zun\u00e4chst gedanklich zu n\u00e4hern.<\/li>\n<\/ul>\n<h2>Individuelle und passgenaue Weiterbildung<\/h2>\n<p>Unternehmen sollten also lieber heute als morgen in die passgenaue Qualifizierung ihrer Mitarbeiter investieren. Die Voraussetzungen daf\u00fcr sind gut: Laut Vodafone-Stiftung ist fast die H\u00e4lfte der Arbeitnehmer (43 Prozent) motiviert, zu lernen, weil ihnen das Lernen selbst Freude bereitet. 71 Prozent der Befragten empfinden Computer und neue Medien als eine wesentliche Bereicherung ihrer beruflichen Lernprozesse. Immerhin ein Drittel (34 Prozent) w\u00fcnscht sich einen weiteren Ausbau computergest\u00fctzten Lernens, bei den unter 21-J\u00e4hrigen sind es sogar mehr als die H\u00e4lfte (53 Prozent). Der Stiftung zufolge sollten Unternehmen allerdings nicht nur \u00fcber das \u201eWie\u201c nachdenken, sondern vor allem auf die pers\u00f6nlichen Lernpr\u00e4ferenzen der einzelnen Mitarbeiter eingehen.<\/p>\n<h2>HR-Fokus Mitarbeiter-Lebenszyklus<\/h2>\n<p><img loading=\"lazy\" decoding=\"async\" class=\"lazyautosizes lazyloaded alignleft wp-image-6642 size-full\" src=\"https:\/\/www.sage.com\/de-de\/blog\/wp-content\/uploads\/sites\/11\/2019\/10\/Mitarbeiter_Ebene1-e1715165808333.jpg\" alt=\"\" width=\"150\" height=\"151\" data-srcset=\"https:\/\/www.sage.com\/de-de\/blog\/wp-content\/uploads\/sites\/11\/2019\/10\/Mitarbeiter_Ebene1-150x150.jpg 150w, https:\/\/www.sage.com\/de-de\/blog\/wp-content\/uploads\/sites\/11\/2019\/10\/Mitarbeiter_Ebene1-300x300.jpg 300w, https:\/\/www.sage.com\/de-de\/blog\/wp-content\/uploads\/sites\/11\/2019\/10\/Mitarbeiter_Ebene1-768x771.jpg 768w, https:\/\/www.sage.com\/de-de\/blog\/wp-content\/uploads\/sites\/11\/2019\/10\/Mitarbeiter_Ebene1-1020x1024.jpg 1020w, https:\/\/www.sage.com\/de-de\/blog\/wp-content\/uploads\/sites\/11\/2019\/10\/Mitarbeiter_Ebene1-650x650.jpg 650w, https:\/\/www.sage.com\/de-de\/blog\/wp-content\/uploads\/sites\/11\/2019\/10\/Mitarbeiter_Ebene1-350x350.jpg 350w, https:\/\/www.sage.com\/de-de\/blog\/wp-content\/uploads\/sites\/11\/2019\/10\/Mitarbeiter_Ebene1-255x255.jpg 255w, https:\/\/www.sage.com\/de-de\/blog\/wp-content\/uploads\/sites\/11\/2019\/10\/Mitarbeiter_Ebene1-750x750.jpg 750w, https:\/\/www.sage.com\/de-de\/blog\/wp-content\/uploads\/sites\/11\/2019\/10\/Mitarbeiter_Ebene1.jpg 1200w\" data-src=\"https:\/\/www.sage.com\/de-de\/blog\/wp-content\/uploads\/sites\/11\/2019\/10\/Mitarbeiter_Ebene1-150x150.jpg\" data-sizes=\"auto\" \/>Die Customer Experience bestimmt \u00fcber Loyalit\u00e4t und Zufriedenheit von Kunden. Gleiches gilt f\u00fcr die Mitarbeitererlebnisse. Und die sind im Kampf um gute Fachkr\u00e4fte heute entscheidend. So individuell wie die Kunden sind auch Ihre Mitarbeiter. Das Konzept des \u201e<strong><a href=\"https:\/\/www.sage.com\/de-de\/blog\/mitarbeiter-lebenszyklus-personalmanagement-nach-individuellem-mass\/\">Mitarbeiter-Lebenszyklus<\/a><\/strong>\u201c ebnet als konsequente Personalisierung des Personalmanagements den Weg zu positiven Mitarbeitererlebnissen. Wir stellen das Konzept in unserem HR-Fokus vor und beleuchten verschiedene HR Aufgaben unter diesem Gesichtspunkt.<\/p>\n<p>Um alle Beitr\u00e4ge der Reihe zu sehen, klicken Sie bitte auf\u00a0 \u201eMitarbeiterlebenszyklus\u201c unter den folgenden weiteren Themen:<\/p>\n<\/div>\n<div class=\"single-cta\">\n\t<div class=\"single-cta__positioner\">\n\t\t<div class=\"single-cta__wrapper has-dark-background-color\">\n\t\t\t<div class=\"single-cta__content\">\n\t\t\t\t\t\t\t\t<h2 class=\"single-cta__title h3\">2026: Alle neuen Gesetze immer im Blick<\/h2>\n\n\t\t\t\t\t\t\t\t\t<div class=\"single-cta__description\">\n\t\t\t\t\t\t<p><!-- wp:paragraph --><\/p>\n<p><strong>Bleiben Sie informiert &#8211; mit unserem Newsletter<\/strong> 1x im Monat<\/p>\n<p><!-- \/wp:paragraph --><\/p>\n<p><!-- wp:list --><\/p>\n<ul class=\"wp-block-list\"><!-- wp:list-item --><\/p>\n<li>Neue Trends aus der Arbeitswelt<\/li>\n<p><!-- \/wp:list-item --><\/p>\n<p><!-- wp:list-item --><\/p>\n<li>Aktuelle Urteile verst\u00e4ndlich erkl\u00e4rt<\/li>\n<p><!-- \/wp:list-item --><\/p>\n<p><!-- wp:list-item --><\/p>\n<li>Tipps zu Recht, Steuern &amp; Finanzen<\/li>\n<p><!-- \/wp:list-item --><\/p>\n<p><!-- wp:list-item --><\/p>\n<li>Experten-Interviews, Studien u.v.m<\/li>\n<p><!-- \/wp:list-item --><\/ul>\n<p><!-- \/wp:list --><\/p>\n\t\t\t\t\t<\/div>\n\t\t\t\t\n\t\t\t\t\t\t\t\t\t\t\t\t\t\t<a\n\t\t\t\t\t\thref=\"#gate-a59880de-3d38-4b82-914c-ffa16bab6ae7\"\n\t\t\t\t\t\tclass=\"single-cta__button button button--primary\"\n\t\t\t\t\t\t\t\t\t\t\t\t\t\t\t\t\t>Newsletter abonnieren<\/a>\n\t\t\t\t\t\t\t<\/div>\n\n\t\t\t\t\t<\/div>\n\n\t\t\t\t\t<img decoding=\"async\" width=\"1215\" height=\"810\" src=\"https:\/\/www.sage.com\/de-de\/blog\/wp-content\/uploads\/sites\/11\/2023\/09\/GettyImages-1277533180-1215x810.jpg\" class=\"single-cta__image\" alt=\"\" loading=\"lazy\" srcset=\"https:\/\/www.sage.com\/de-de\/blog\/wp-content\/uploads\/sites\/11\/2023\/09\/GettyImages-1277533180-1215x810.jpg 1215w\" sizes=\"auto, (min-width: 48em) 33vw, 100vw\" \/>\t\t\t<\/div>\n<\/div>\n","protected":false},"excerpt":{"rendered":"<p>Digitalisierung, demografischer Wandel, Fachkr\u00e4ftemangel werden f\u00fcr Unternehmen aller Branchen zunehmend zur Wachstumsbremse. Mit einer gezielten Weiterbildungsstrategie l\u00e4sst sich dagegen aber etwas tun. H\u00f6chste Zeit also, das Thema Weiterbildung ganz oben auf die Agenda zu setzten. Die Arbeitswelt \u00e4ndert sich Die Arbeitswelt ver\u00e4ndert sich rasant: Was gestern Standard war, kann heute schon \u00fcberholt sein. Besch\u00e4ftigte k\u00f6nnen [&hellip;]<\/p>\n","protected":false},"author":590,"featured_media":7299,"comment_status":"open","ping_status":"closed","sticky":false,"template":"","format":"standard","meta":{"_sage_video":false,"post_featured_image_hide":false,"footnotes":""},"categories":[22,71],"tags":[76,180,133,191,897],"business_type":[18],"lilypad":[],"context":[],"industry":[],"persona":[57,59,56,55],"imagine_tag":[35,34,33,37,30,41,40,53,24,29],"coauthors":[980],"class_list":["post-7307","post","type-post","status-publish","format-standard","has-post-thumbnail","hentry","category-hr-management-payroll","category-mitarbeiter-entwickeln","tag-digitalisierung","tag-mitarbeiterlebenszyklus","tag-mitarbeitermotivation","tag-mittelstand","tag-personalentwicklung","business_type-mittlere-unternehmen"],"sage_meta":{"region":"de-de","author_name":"Susann Warmbrunn","featured_image":"https:\/\/www.sage.com\/de-de\/blog\/wp-content\/uploads\/sites\/11\/2020\/02\/SageColleaguesManchester_170119-6220.jpg","imagine_tags":{"35":"CRM","34":"ERP","33":"Finanzen","37":"HR","30":"Jobs und Karriere","41":"Mittelstand","40":"Mittlere Unternehmen","53":"\u00d6ffentliche Verwaltung","24":"Sage Blog","29":"\u00dcber Sage"}},"distributor_meta":false,"distributor_terms":false,"distributor_media":false,"distributor_original_site_name":"Sage Advice Deutschland","distributor_original_site_url":"https:\/\/www.sage.com\/de-de\/blog","push-errors":false,"_links":{"self":[{"href":"https:\/\/www.sage.com\/de-de\/blog\/api\/wp\/v2\/posts\/7307","targetHints":{"allow":["GET"]}}],"collection":[{"href":"https:\/\/www.sage.com\/de-de\/blog\/api\/wp\/v2\/posts"}],"about":[{"href":"https:\/\/www.sage.com\/de-de\/blog\/api\/wp\/v2\/types\/post"}],"author":[{"embeddable":true,"href":"https:\/\/www.sage.com\/de-de\/blog\/api\/wp\/v2\/users\/590"}],"replies":[{"embeddable":true,"href":"https:\/\/www.sage.com\/de-de\/blog\/api\/wp\/v2\/comments?post=7307"}],"version-history":[{"count":0,"href":"https:\/\/www.sage.com\/de-de\/blog\/api\/wp\/v2\/posts\/7307\/revisions"}],"wp:featuredmedia":[{"embeddable":true,"href":"https:\/\/www.sage.com\/de-de\/blog\/api\/wp\/v2\/media\/7299"}],"wp:attachment":[{"href":"https:\/\/www.sage.com\/de-de\/blog\/api\/wp\/v2\/media?parent=7307"}],"wp:term":[{"taxonomy":"category","embeddable":true,"href":"https:\/\/www.sage.com\/de-de\/blog\/api\/wp\/v2\/categories?post=7307"},{"taxonomy":"post_tag","embeddable":true,"href":"https:\/\/www.sage.com\/de-de\/blog\/api\/wp\/v2\/tags?post=7307"},{"taxonomy":"business_type","embeddable":true,"href":"https:\/\/www.sage.com\/de-de\/blog\/api\/wp\/v2\/business_type?post=7307"},{"taxonomy":"lilypad","embeddable":true,"href":"https:\/\/www.sage.com\/de-de\/blog\/api\/wp\/v2\/lilypad?post=7307"},{"taxonomy":"context","embeddable":true,"href":"https:\/\/www.sage.com\/de-de\/blog\/api\/wp\/v2\/context?post=7307"},{"taxonomy":"industry","embeddable":true,"href":"https:\/\/www.sage.com\/de-de\/blog\/api\/wp\/v2\/industry?post=7307"},{"taxonomy":"persona","embeddable":true,"href":"https:\/\/www.sage.com\/de-de\/blog\/api\/wp\/v2\/persona?post=7307"},{"taxonomy":"imagine_tag","embeddable":true,"href":"https:\/\/www.sage.com\/de-de\/blog\/api\/wp\/v2\/imagine_tag?post=7307"},{"taxonomy":"author","embeddable":true,"href":"https:\/\/www.sage.com\/de-de\/blog\/api\/wp\/v2\/coauthors?post=7307"}],"curies":[{"name":"wp","href":"https:\/\/api.w.org\/{rel}","templated":true}]}}