{"id":736,"date":"2016-04-19T00:00:00","date_gmt":"2016-04-19T00:00:00","guid":{"rendered":"https:\/\/www.sage.com\/de-de\/blog\/?p=736"},"modified":"2025-04-24T16:37:44","modified_gmt":"2025-04-24T14:37:44","slug":"mein-cebit-rueckblick-2016-i-goodbye-erp-ist-es-zeit-die-alten-software-riesen-abzuloesen","status":"publish","type":"post","link":"https:\/\/www.sage.com\/de-de\/blog\/mein-cebit-rueckblick-2016-i-goodbye-erp-ist-es-zeit-die-alten-software-riesen-abzuloesen\/","title":{"rendered":"Mein CeBIT R\u00fcckblick 2016 (I) &#8211; \u201eGoodbye ERP &#8211; ist es Zeit, die alten Software-Riesen abzul\u00f6sen?&#8221;"},"content":{"rendered":"<header class=\"entry-header has-dark-background-color entry-header--has-illustration entry-header--has-illustration--generic\">\n\t<div class=\"container\">\n\t\t<div class=\"entry-header__row row align-center\">\n\t\t\t<div class=\"col col-lg-7 col-xlg-6 entry-header__content\">\n\t\t\t\t\t\t\t<div class=\"component component-single-header\">\n\t\t\t\t\t\t\t\t\t\t<div class=\"entry-header__misc text--subtitle text--uppercase text--small\">\n\t\t\t\t\t\t\t<a href=\"https:\/\/www.sage.com\/de-de\/blog\/kategorie\/digitale-transformation\/\" class=\"entry-header__link\">Digitale Transformation<\/a>\t\t\t\t\t\t<\/div>\n\t\t\t\t\n\t\t\t\t<div class=\"entry-title-wrapper\">\n\t\t\t\t\t<h1 class=\"entry-title\">\n\t\t\t\t\t\tMein CeBIT R\u00fcckblick 2016 (I) &#8211; \u201eGoodbye ERP &#8211; ist es Zeit, die alten Software-Riesen abzul\u00f6sen?&#8221;\t\t\t\t\t<\/h1>\n\t\t\t\t<\/div>\n\n\t\t\t\t\t\t\t\t\t<p class=\"entry-header__description\">\n\t\t\t\t\t\t\t\t\t\t\t<\/p>\n\t\t\t\t\n\t\t\t\t\n\t\t\t\t\n\t\t\t<\/div>\n\n\t\t\t\t\t<\/div>\n\t\t\t\t\t<\/div>\n\t<\/div>\n\t<div class=\"single-post-details container\">\n\t\t<div class=\"col\">\n\t\t\t<span class=\"posted-on \"><time class=\"entry-date published\" datetime=\"2016-04-19T00:00:00+02:00\">19. April 2016<\/time><\/span><span class=\"reading-time\"> Minuten zu lesen<\/span>\n\t\t<button\n\t\t\ttype=\"button\"\n\t\t\tclass=\"social-share-button button button--icon button--secondary js-social-share-button\"\n\t\t\tdata-share-title=\"Mein CeBIT R\u00fcckblick 2016 (I) &#8211; \u201eGoodbye ERP &#8211; ist es Zeit, die alten Software-Riesen abzul\u00f6sen?&#8221;\"\n\t\t\tdata-share-url=\"https:\/\/www.sage.com\/de-de\/blog\/mein-cebit-rueckblick-2016-i-goodbye-erp-ist-es-zeit-die-alten-software-riesen-abzuloesen\/\"\n\t\t\tdata-share-text=\"Bitte lesen Sie diesen interessanten Artikel\"\n\t\t>\n\t\t\t<span class=\"social-share-button__share-label\">Teilen<\/span>\n\t\t\t<span class=\"social-share-button__copy-label\" hidden>Link kopieren<\/span>\n\t\t\t<span class=\"social-share-button__copy-tooltip\" aria-hidden=\"true\" hidden>Kopiert<\/span>\n\t\t<\/button>\n\n\t\t\t\t<\/div>\n\t<\/div>\n<\/header>\n\n\n<div class=\"wp-block-post-author has-dark-background-color alignfull\">\n\t<div class=\"container\">\n\t\t<div class=\"col\">\n\t\t\t\t\t\t\t<div class=\"co-authors\">\n\t\t\t\t\t\n\t\t<div class=\"entry-author-wrapper\">\n\t\t\t<a class=\"entry-author\" href=\"https:\/\/www.sage.com\/de-de\/blog\/author\/rainer-downar\/\">\n\t\t\t\t<img loading=\"lazy\" decoding=\"async\" width=\"40\" height=\"40\" src=\"https:\/\/www.sage.com\/de-de\/blog\/wp-content\/uploads\/sites\/11\/2018\/01\/Rainer-Downar_klein-e1453813076202-350x350.jpg\" class=\"entry-author__image\" alt=\"Rainer Downar\" \/>\t\t\t\t<span class=\"entry-author__name\">Rainer Downar<\/span>\n\t\t\t<\/a>\n\n\t\t\t\t\t<\/div>\n\n\t\t\t\t\t\t<\/div>\n\t\t\t\t\t<\/div>\n\t<\/div>\n<\/div>\n\n\n\n<p>Im ersten Teil meines CeBIT-R\u00fcckblicks m\u00f6chte ich Sie heute auf meinen Impuls-Vortrag hinweisen, der am 17.03.2016 im Rahmen des Campus Mittelstand in Halle 5 stattfand. Das Thema des Vortrages war bewusst provokant gew\u00e4hlt: \u201eGoodbye ERP &#8211; ist es Zeit, die alten Software-Riesen abzul\u00f6sen?&#8221;.<span id=\"more-5961\"><\/span><\/p>\n\n\n\n<h2 class=\"wp-block-heading\" id=\"h-ende-des-erp-zeitalters\">Ende des ERP-Zeitalters<\/h2>\n\n\n\n<p>Im Zeitalter der digitalen Transformation und der Cloud m\u00fcssen kaufm\u00e4nnische Software-L\u00f6sungen flexibler und einfacher werden. Anstatt jedes m\u00f6gliche Gesch\u00e4fts-Szenario in einem ERP-Riesen abzubilden, sollten Anwender heute vielmehr auf Konnektivit\u00e4t und Mikro-Services setzen, die individuell zusammengestellt werden k\u00f6nnen. Und auch die Themen Anwenderfreundlichkeit und mobile Verf\u00fcgbarkeit der L\u00f6sungen spielt eine immer wichtige Rolle.<\/p>\n\n\n\n<p>Nach unserer Ansicht ist es daher Zeit, das alte ERP-Konzept hinter sich zu lassen und neue Wege zu gehen. Sprechen wir daher lieber von Business Management L\u00f6sungen (BMS), die flexibel und modular sind und auf die jeweiligen Bed\u00fcrfnisse und Rollen des Nutzers in der Firma angepasst werden k\u00f6nnen. Wie dies aussehen kann, erl\u00e4utere ich Ihnen in diesem Vortragsmitschnitt.<\/p>\n\n\n\n<h2 class=\"wp-block-heading\" id=\"h-jetzt-live-mitschnitt-von-der-cebit-2016-anschauen\">Jetzt Live-Mitschnitt von der CeBIT 2016 anschauen!<\/h2>\n\n\n\n<p>Von Rainer Downar (<a href=\"https:\/\/twitter.com\/rainerdownar\" target=\"_blank\" rel=\"noopener noreferrer\">@rainerdownar<\/a>)<\/p>\n\n\n<div class=\"single-cta\">\n\t<div class=\"single-cta__positioner\">\n\t\t<div class=\"single-cta__wrapper has-dark-background-color\">\n\t\t\t<div class=\"single-cta__content\">\n\t\t\t\t\t\t\t\t<h2 class=\"single-cta__title h3\">Bleiben Sie informiert.<\/h2>\n\n\t\t\t\t\t\t\t\t\t<div class=\"single-cta__description\">\n\t\t\t\t\t\t<p>&#8230;mit unserem Newsletter 1x im Monat<\/p>\n<ul>\n<li>Neue Trends aus der Arbeitswelt<\/li>\n<li>Aktuelle Urteile verst\u00e4ndlich erkl\u00e4rt<\/li>\n<li>Tipps zu Steuern &amp; Finanzen<\/li>\n<li>Experten-Interviews, Studien u.v.m<\/li>\n<\/ul>\n\t\t\t\t\t<\/div>\n\t\t\t\t\n\t\t\t\t\t\t\t\t\t\t\t\t\t\t<a\n\t\t\t\t\t\thref=\"#gate-a59880de-3d38-4b82-914c-ffa16bab6ae7\"\n\t\t\t\t\t\tclass=\"single-cta__button button button--primary\"\n\t\t\t\t\t\t\t\t\t\t\t\t\t\t\t\t\t>Newsletter abonnieren<\/a>\n\t\t\t\t\t\t\t<\/div>\n\n\t\t\t\t\t<\/div>\n\n\t\t\t\t\t<img decoding=\"async\" width=\"1064\" height=\"810\" src=\"https:\/\/www.sage.com\/de-de\/blog\/wp-content\/uploads\/sites\/11\/2018\/02\/Blog-Datenbasiert-entscheiden-1064x810.jpg\" class=\"single-cta__image\" alt=\"\" loading=\"lazy\" srcset=\"https:\/\/www.sage.com\/de-de\/blog\/wp-content\/uploads\/sites\/11\/2018\/02\/Blog-Datenbasiert-entscheiden-1064x810.jpg 1064w\" sizes=\"auto, (min-width: 48em) 33vw, 100vw\" \/>\t\t\t<\/div>\n<\/div>\n","protected":false},"excerpt":{"rendered":"<p>Im ersten Teil meines CeBIT-R\u00fcckblicks m\u00f6chte ich Sie heute auf meinen Impuls-Vortrag hinweisen, der am 17.03.2016 im Rahmen des Campus Mittelstand in Halle 5 stattfand. Das Thema des Vortrages war bewusst provokant gew\u00e4hlt: \u201eGoodbye ERP &#8211; ist es Zeit, die alten Software-Riesen abzul\u00f6sen?&#8221;. Ende des ERP-Zeitalters Im Zeitalter der digitalen Transformation und der Cloud m\u00fcssen [&hellip;]<\/p>\n","protected":false},"author":444,"featured_media":18505,"comment_status":"open","ping_status":"closed","sticky":false,"template":"","format":"standard","meta":{"_sage_video":false,"post_featured_image_hide":false,"footnotes":""},"categories":[15],"tags":[76,158,375],"business_type":[17,18],"lilypad":[],"context":[],"industry":[],"persona":[58,54,60,57,59,56,55],"imagine_tag":[39,41,40,24,38],"coauthors":[974],"class_list":["post-736","post","type-post","status-publish","format-standard","has-post-thumbnail","hentry","category-digitale-transformation","tag-digitalisierung","tag-erp","tag-event","business_type-kleinunternehmer-handwerker","business_type-mittlere-unternehmen"],"sage_meta":{"region":"de-de","author_name":"Rainer Downar","featured_image":"https:\/\/www.sage.com\/de-de\/blog\/wp-content\/uploads\/sites\/11\/2023\/09\/GettyImages-607477465.jpg","imagine_tags":{"39":"Kleine Unternehmen","41":"Mittelstand","40":"Mittlere Unternehmen","24":"Sage Blog","38":"Start-Ups"}},"distributor_meta":false,"distributor_terms":false,"distributor_media":false,"distributor_original_site_name":"Sage Advice Deutschland","distributor_original_site_url":"https:\/\/www.sage.com\/de-de\/blog","push-errors":false,"_links":{"self":[{"href":"https:\/\/www.sage.com\/de-de\/blog\/api\/wp\/v2\/posts\/736","targetHints":{"allow":["GET"]}}],"collection":[{"href":"https:\/\/www.sage.com\/de-de\/blog\/api\/wp\/v2\/posts"}],"about":[{"href":"https:\/\/www.sage.com\/de-de\/blog\/api\/wp\/v2\/types\/post"}],"author":[{"embeddable":true,"href":"https:\/\/www.sage.com\/de-de\/blog\/api\/wp\/v2\/users\/444"}],"replies":[{"embeddable":true,"href":"https:\/\/www.sage.com\/de-de\/blog\/api\/wp\/v2\/comments?post=736"}],"version-history":[{"count":0,"href":"https:\/\/www.sage.com\/de-de\/blog\/api\/wp\/v2\/posts\/736\/revisions"}],"wp:featuredmedia":[{"embeddable":true,"href":"https:\/\/www.sage.com\/de-de\/blog\/api\/wp\/v2\/media\/18505"}],"wp:attachment":[{"href":"https:\/\/www.sage.com\/de-de\/blog\/api\/wp\/v2\/media?parent=736"}],"wp:term":[{"taxonomy":"category","embeddable":true,"href":"https:\/\/www.sage.com\/de-de\/blog\/api\/wp\/v2\/categories?post=736"},{"taxonomy":"post_tag","embeddable":true,"href":"https:\/\/www.sage.com\/de-de\/blog\/api\/wp\/v2\/tags?post=736"},{"taxonomy":"business_type","embeddable":true,"href":"https:\/\/www.sage.com\/de-de\/blog\/api\/wp\/v2\/business_type?post=736"},{"taxonomy":"lilypad","embeddable":true,"href":"https:\/\/www.sage.com\/de-de\/blog\/api\/wp\/v2\/lilypad?post=736"},{"taxonomy":"context","embeddable":true,"href":"https:\/\/www.sage.com\/de-de\/blog\/api\/wp\/v2\/context?post=736"},{"taxonomy":"industry","embeddable":true,"href":"https:\/\/www.sage.com\/de-de\/blog\/api\/wp\/v2\/industry?post=736"},{"taxonomy":"persona","embeddable":true,"href":"https:\/\/www.sage.com\/de-de\/blog\/api\/wp\/v2\/persona?post=736"},{"taxonomy":"imagine_tag","embeddable":true,"href":"https:\/\/www.sage.com\/de-de\/blog\/api\/wp\/v2\/imagine_tag?post=736"},{"taxonomy":"author","embeddable":true,"href":"https:\/\/www.sage.com\/de-de\/blog\/api\/wp\/v2\/coauthors?post=736"}],"curies":[{"name":"wp","href":"https:\/\/api.w.org\/{rel}","templated":true}]}}