{"id":7631,"date":"2020-04-21T09:04:31","date_gmt":"2020-04-21T07:04:31","guid":{"rendered":"https:\/\/www.sage.com\/de-de\/blog\/?p=7631"},"modified":"2026-01-22T15:32:06","modified_gmt":"2026-01-22T14:32:06","slug":"raus-aus-dem-home-office-rein-in-unsere-virtuelle-runde-lernen-sie-digitale-arbeitshilfen-kennen","status":"publish","type":"post","link":"https:\/\/www.sage.com\/de-de\/blog\/raus-aus-dem-home-office-rein-in-unsere-virtuelle-runde-lernen-sie-digitale-arbeitshilfen-kennen\/","title":{"rendered":"Raus aus dem Home Office, rein in unsere virtuelle Runde: Lernen Sie digitale Arbeitshilfen kennen"},"content":{"rendered":"<header class=\"entry-header has-dark-background-color entry-header--has-illustration entry-header--has-illustration--generic\">\n\t<div class=\"container\">\n\t\t<div class=\"entry-header__row row align-center\">\n\t\t\t<div class=\"col col-lg-7 col-xlg-6 entry-header__content\">\n\t\t\t\t\t\t\t<div class=\"component component-single-header\">\n\t\t\t\t\t\t\t\t\t\t<div class=\"entry-header__misc text--subtitle text--uppercase text--small\">\n\t\t\t\t\t\t\t<a href=\"https:\/\/www.sage.com\/de-de\/blog\/kategorie\/digitale-transformation\/\" class=\"entry-header__link\">Digitale Transformation<\/a>\t\t\t\t\t\t<\/div>\n\t\t\t\t\n\t\t\t\t<div class=\"entry-title-wrapper\">\n\t\t\t\t\t<h1 class=\"entry-title\">\n\t\t\t\t\t\tRaus aus dem Home Office, rein in unsere virtuelle Runde: Lernen Sie digitale Arbeitshilfen kennen\t\t\t\t\t<\/h1>\n\t\t\t\t<\/div>\n\n\t\t\t\t\t\t\t\t\t<p class=\"entry-header__description\">\n\t\t\t\t\t\t\t\t\t\t\t<\/p>\n\t\t\t\t\n\t\t\t\t\n\t\t\t\t\n\t\t\t<\/div>\n\n\t\t\t\t\t<\/div>\n\t\t\t\t\t<\/div>\n\t<\/div>\n\t<div class=\"single-post-details container\">\n\t\t<div class=\"col\">\n\t\t\t<span class=\"posted-on \"><time class=\"entry-date published\" datetime=\"2020-04-21T09:04:31+02:00\">21. April 2020<\/time><\/span><span class=\"reading-time\"> Minuten zu lesen<\/span>\n\t\t<button\n\t\t\ttype=\"button\"\n\t\t\tclass=\"social-share-button button button--icon button--secondary js-social-share-button\"\n\t\t\tdata-share-title=\"Raus aus dem Home Office, rein in unsere virtuelle Runde: Lernen Sie digitale Arbeitshilfen kennen\"\n\t\t\tdata-share-url=\"https:\/\/www.sage.com\/de-de\/blog\/raus-aus-dem-home-office-rein-in-unsere-virtuelle-runde-lernen-sie-digitale-arbeitshilfen-kennen\/\"\n\t\t\tdata-share-text=\"Bitte lesen Sie diesen interessanten Artikel\"\n\t\t>\n\t\t\t<span class=\"social-share-button__share-label\">Teilen<\/span>\n\t\t\t<span class=\"social-share-button__copy-label\" hidden>Link kopieren<\/span>\n\t\t\t<span class=\"social-share-button__copy-tooltip\" aria-hidden=\"true\" hidden>Kopiert<\/span>\n\t\t<\/button>\n\n\t\t\t\t<\/div>\n\t<\/div>\n<\/header>\n\n\n\n<div class=\"wp-block-post-author has-dark-background-color alignfull\">\n\t<div class=\"container\">\n\t\t<div class=\"col\">\n\t\t\t\t\t\t\t<div class=\"co-authors\">\n\t\t\t\t\t\n\t\t<div class=\"entry-author-wrapper\">\n\t\t\t<a class=\"entry-author\" href=\"https:\/\/www.sage.com\/de-de\/blog\/author\/alexanderwarmers\/\">\n\t\t\t\t<img loading=\"lazy\" decoding=\"async\" width=\"40\" height=\"40\" src=\"https:\/\/www.sage.com\/de-de\/blog\/wp-content\/uploads\/sites\/11\/2018\/04\/Alexander-Warmers-350x350.jpg\" class=\"entry-author__image\" alt=\"Alexander Warmers\" \/>\t\t\t\t<span class=\"entry-author__name\">Alexander Warmers<\/span>\n\t\t\t<\/a>\n\n\t\t\t\t\t<\/div>\n\n\t\t\t\t\t\t<\/div>\n\t\t\t\t\t<\/div>\n\t<\/div>\n<\/div>\n\n\n\n\n\n<p>Heutzutage ist das Verlegen des eigenen Arbeitsplatzes in die eigenen vier W\u00e4nde eigentlich keine Seltenheit mehr. Doch viele Unternehmen f\u00fchlen sich momentan eher dazu gezwungen, als dies freiwillig zu f\u00f6rdern. Dabei bietet die &#8220;Digitale Arbeitswelt\u201d flexible M\u00f6glichkeiten des modernen Arbeitens, um heutzutage auch wettbewerbsf\u00e4hig zu bleiben. In unseren Online-Live-Events #STAYFORACOFFEE geht es konkret um die Themen der Digitalisierung, die Sie vielleicht auch ganz aktuell bewegen. Wer bisher noch wenig Ber\u00fchrung mit Home Office, Arbeit 4.0, virtuelle Zusammenarbeit, Zeiterfassung oder auch mit der Einrichtung einen Onlineshops hatte, der ist bei diesen Onlineevents richtig, um sich einen \u00dcberblick \u00fcber digitale Arbeitshilfen im \u201eNew Work\u201c zu verschaffen. Wir laden Sie herzlich dazu ein:<\/p>\n\n\n\n<div class=\"single-cta\">\n\t<div class=\"single-cta__positioner\">\n\t\t<div class=\"single-cta__wrapper has-dark-background-color\">\n\t\t\t<div class=\"single-cta__content\">\n\t\t\t\t\t\t\t\t<h2 class=\"single-cta__title h3\">#STAYFORACOFFEE: Webinar-Termin verpasst? Hier geht&#8217;s zur Mediathek<\/h2>\n\n\t\t\t\t\t\t\t\t\t<div class=\"single-cta__description\">\n\t\t\t\t\t\t<p>Unsere bereits stattgefundenen Online-Webinare finden Sie auf unserer Webinar-Seite in der Mediathek. Themen u.a. zu:<\/p>\n<ul>\n<li>Digitalisierung\/Cloud<\/li>\n<li>New Work<\/li>\n<li>Compliance\/rechtliche Themen<\/li>\n<li>Personalarbeit<\/li>\n<li>Unternehmenssteuerung<\/li>\n<\/ul>\n<p>Einfach auf der Seite das jeweilige Thema &#8220;Jetzt ansehen&#8221;.<\/p>\n\t\t\t\t\t<\/div>\n\t\t\t\t\n\t\t\t\t\t\t\t\t\t\t\t\t\t\t<a\n\t\t\t\t\t\thref=\"https:\/\/www.sage.com\/de-de\/cp\/webinarserie-arbeitshilfen-digitalisierung\/?ref=blog#mediathek\"\n\t\t\t\t\t\tclass=\"single-cta__button button button--primary\"\n\t\t\t\t\t\t\t\t\t\t\t\t\tid=\"cta-id-7837\"\n\t\t\t\t\t\t\t\t\t\t\t\t\t\t\t\t\t\t\tdata-button-location=\"cta_box\"\n\t\t\t\t\t\t\t\t\t\t\t>In der Mediathek st\u00f6bern<\/a>\n\t\t\t\t\t\t\t<\/div>\n\n\t\t\t\t\t<\/div>\n\n\t\t\t\t\t<img decoding=\"async\" width=\"1215\" height=\"810\" src=\"https:\/\/www.sage.com\/de-de\/blog\/wp-content\/uploads\/sites\/11\/2020\/04\/E2W_25602-1215x810.jpg\" class=\"single-cta__image\" alt=\"digitales Arbeiten\" loading=\"lazy\" srcset=\"https:\/\/www.sage.com\/de-de\/blog\/wp-content\/uploads\/sites\/11\/2020\/04\/E2W_25602-1215x810.jpg 1215w\" sizes=\"auto, (min-width: 48em) 33vw, 100vw\" \/>\t\t\t<\/div>\n<\/div>\n\n\n\n<h2 class=\"wp-block-heading\" id=\"h-neues-mindset-vorbehalte-und-angste-ablegen\">Neues Mindset: Vorbehalte und \u00c4ngste ablegen<\/h2>\n\n\n\n<p>Mit Sicherheit spielen auch Vorbehalte und \u00c4ngste eine Rolle, wenn sich Unternehmen bisher schwertaten, flexible Arbeitszeitmodelle oder mobiles Arbeiten einzuf\u00fchren. Nat\u00fcrlich l\u00e4sst sich nicht jeder Bereich im Unternehmen ins Homeoffice verlagern. Dennoch spielen gerade Flexibilit\u00e4t und das Arbeiten von jedem Ort der Welt zunehmend eine wichtige Rolle, um wettbewerbsf\u00e4hig zu bleiben \u2013 und auch um attraktiv zu sein f\u00fcr qualifizierte Fachkr\u00e4fte. Viele Unternehmen sind damit gerade ins kalte Wasser geworfen worden. Mussten ihre IT-Infrastruktur f\u00fcr mobiles Arbeiten erst schaffen, lernen digitale Arbeitshilfen immer mehr kennen. Was kommt nach Corona \u2013 die Rolle r\u00fcckw\u00e4rts und zur\u00fcck ins B\u00fcro? Die neue Arbeitswelt steht f\u00fcr neue Arbeitsweisen, Systeme und Technologien. Flexibilit\u00e4t, Homeoffice, mobiles Arbeiten etc. Wie k\u00f6nnen Sie dies optimal umsetzen? Arbeiten Ihre Mitarbeiter wirklich produktiv von zu Hause? Wie f\u00fchren Sie Ihre Teams? Wie funktioniert die digitale Zusammenarbeit? Wir sprechen \u00fcber unbegr\u00fcndete \u00c4ngste, vorhersehbare Risiken und neue Chancen f\u00fcr Ihr Unternehmen. <strong>#STAYHOME<\/strong><\/p>\n\n\n\n<h2 class=\"wp-block-heading\" id=\"h-im-geschaft-bleiben-so-erstellen-sie-einen-onlineshop\">Im Gesch\u00e4ft bleiben \u2013 so erstellen Sie einen Onlineshop<\/h2>\n\n\n\n<p>Viele bisher station\u00e4re H\u00e4ndler und Ladenbesitzer stehen momentan vor gro\u00dfen Herausforderungen. Geschlossene Ladengesch\u00e4fte bedeuten schlichtweg Umsatzverluste. Somit waren auch hier insbesondere Klein- und mittelst\u00e4ndische Unternehmen gezwungen, ihr Gesch\u00e4ft nun ins Internet zu verlegen. <a href=\"https:\/\/www.sage.com\/de-de\/blog\/e-commerce-welche-chancen-bietet-er-kleinen-unternehmen-teil-1\/\">Welche Chancen e-Commerce und Onlinehandel Unternehmen bietet, haben wir bereits beleuchtet<\/a>. Wie Ladenbesitzer einen Onlineshop schnell und einfach einrichten k\u00f6nnen, damit Ihr Gesch\u00e4ft weiterl\u00e4uft und Ihre Kunden auch sicher bestellen k\u00f6nnen, zeigen wir im Online-Live-Event. Dabei zeigen wir Ihnen auch, wie Sie auf Ihren Onlineshop aufmerksam machen k\u00f6nnen <strong>#STAYONSALE<\/strong><\/p>\n\n\n\n<h2 class=\"wp-block-heading\" id=\"h-virtuell-zusammenarbeiten\">Virtuell zusammenarbeiten<\/h2>\n\n\n\n<p>Um die Arbeit im Homeoffice zu erm\u00f6glichen, sind Collaboration-Tools, wie Teams von Microsoft n\u00fctzlich. \u00dcber diese Anwendungen ist verteiltes Arbeiten im virtuellen Raum ganz einfach. Sie k\u00f6nnen Videokonferenzen, Chats und Telefonate durchf\u00fchren und Ihre Mitarbeiter k\u00f6nnen gemeinsam Dokumente bearbeiten, Aufgaben verwalten u.v.m. Wir zeigen Ihnen, wie Sie schnell und einfach mit der virtuellen Zusammenarbeit starten k\u00f6nnen. <strong>#STAYTOGETHER<\/strong><\/p>\n\n\n\n<h2 class=\"wp-block-heading\" id=\"h-zugriff-auf-mitarbeiterinformationen-von-uberall-und-jederzeit\">Zugriff auf Mitarbeiterinformationen von \u00fcberall und jederzeit<\/h2>\n\n\n\n<p>In vielen Unternehmen sind HR-\u200bProzesse (noch) nicht digital. Was im normalen B\u00fcroalltag gut zu funktionieren schien, wird nun auf eine harte Probe gestellt. Urlaubsantr\u00e4ge, Bescheinigungen, Fehlzeiten \u2013 all das sollte auch jetzt noch reibungslos erfasst, genehmigt und \u00fcbermittelt werden k\u00f6nnen. Warum nicht Mitarbeiter und F\u00fchrungskr\u00e4fte in die Personalarbeit mit einbeziehen? Wie kommunikativ, motivierend und bindend so etwas sein kann, zeigen wir Ihnen in diesem Termin. <strong>#STAYSUPERVISED<\/strong><\/p>\n\n\n\n<h2 class=\"wp-block-heading\" id=\"h-arbeits-und-projektzeiten-einfach-erfassen\">Arbeits-\u200b und Projektzeiten einfach erfassen<\/h2>\n\n\n\n<p>Heute dominiert in vielen Unternehmen noch eine klassische Zeiterfassung. Was fr\u00fcher \u00fcber Stechkarten erfolgte, kann heute allerdings elektronisch viel einfacher erfolgen. Gerade, wenn Ihre Mitarbeiter nicht im Unternehmen sind. Nicht nur Kollegen im Homeoffice \u2013 auch die Mitarbeiter, die viel unterwegs sind, k\u00f6nnen mit modernen L\u00f6sungen mobil ihre Zeiten und Projekte erfassen, so dass diese der Personalabteilung zeitnah bereitstehen. Ohne nochmalige Eingaben versteht sich. Wie k\u00f6nnen Unternehmen sicherstellen, dass die Zeiten ihrer Mitarbeiter von unterschiedlichen Orten aus, schnell, einfach und korrekt erfasst werden? Wie Sie und Ihr Team Arbeitszeiten schnell, einfach und zuverl\u00e4ssig online erfassen zeigen wir Ihnen in diesem Online-Live-Event <strong>#STAYINTIME<\/strong><\/p>\n\n\n\n<h2 class=\"wp-block-heading\" id=\"h-werden-sie-papierlos-oder-wie-sie-dokumente-digital-gut-managen\">Werden Sie papierlos \u2013 oder wie Sie Dokumente digital gut managen<\/h2>\n\n\n\n<p>Angesichts der aktuellen Situation m\u00f6chten viele Unternehmen ihre MitarbeiterInnen schleunigst in die Lage versetzen, ihre Arbeit barrierefrei von Zuhause aus dem Homeoffice zu verrichten. Doch ohne digitalisierte Prozesse geht es nicht. Ein Schritt in die richtige Richtung ist die Digitalisierung Ihres Dokumentenmanagements. Ein DMS bietet viele Vorteile und es sich lohnt, gerade jetzt vom klassischen Papierarchiv umzusteigen. <strong>#STAYACCESSIBLE<\/strong><\/p>\n\n\n\n<h2 class=\"wp-block-heading\" id=\"h-stay-for-a-coffee-digitale-arbeitshilfen\">Stay For a Coffee: digitale Arbeitshilfen<\/h2>\n\n\n\n<p>G\u00f6nnen Sie sich eine sch\u00f6ne Tasse Kaffee, einen frisch gebr\u00fchten Tee oder ihr Lieblings-Erfrischungsgetr\u00e4nk und<a href=\"https:\/\/www.sage.com\/de-de\/stayforacoffee\/\" target=\"_blank\" rel=\"noopener noreferrer\"> nehmen Sie Platz in unserer virtuellen Runde digitaler Live-Events<\/a>!<\/p>\n\n\n<div class=\"single-cta\">\n\t<div class=\"single-cta__positioner\">\n\t\t<div class=\"single-cta__wrapper has-dark-background-color\">\n\t\t\t<div class=\"single-cta__content\">\n\t\t\t\t\t\t\t\t<h2 class=\"single-cta__title h3\">2026: Alle neuen Gesetze immer im Blick<\/h2>\n\n\t\t\t\t\t\t\t\t\t<div class=\"single-cta__description\">\n\t\t\t\t\t\t<p><!-- wp:paragraph --><\/p>\n<p><strong>Bleiben Sie informiert &#8211; mit unserem Newsletter<\/strong> 1x im Monat<\/p>\n<p><!-- \/wp:paragraph --><\/p>\n<p><!-- wp:list --><\/p>\n<ul class=\"wp-block-list\"><!-- wp:list-item --><\/p>\n<li>Neue Trends aus der Arbeitswelt<\/li>\n<p><!-- \/wp:list-item --><\/p>\n<p><!-- wp:list-item --><\/p>\n<li>Aktuelle Urteile verst\u00e4ndlich erkl\u00e4rt<\/li>\n<p><!-- \/wp:list-item --><\/p>\n<p><!-- wp:list-item --><\/p>\n<li>Tipps zu Recht, Steuern &amp; Finanzen<\/li>\n<p><!-- \/wp:list-item --><\/p>\n<p><!-- wp:list-item --><\/p>\n<li>Experten-Interviews, Studien u.v.m<\/li>\n<p><!-- \/wp:list-item --><\/ul>\n<p><!-- \/wp:list --><\/p>\n\t\t\t\t\t<\/div>\n\t\t\t\t\n\t\t\t\t\t\t\t\t\t\t\t\t\t\t<a\n\t\t\t\t\t\thref=\"#gate-a59880de-3d38-4b82-914c-ffa16bab6ae7\"\n\t\t\t\t\t\tclass=\"single-cta__button button button--primary\"\n\t\t\t\t\t\t\t\t\t\t\t\t\t\t\t\t\t>Newsletter abonnieren<\/a>\n\t\t\t\t\t\t\t<\/div>\n\n\t\t\t\t\t<\/div>\n\n\t\t\t\t\t<img decoding=\"async\" width=\"1215\" height=\"810\" src=\"https:\/\/www.sage.com\/de-de\/blog\/wp-content\/uploads\/sites\/11\/2023\/09\/GettyImages-1277533180-1215x810.jpg\" class=\"single-cta__image\" alt=\"\" loading=\"lazy\" srcset=\"https:\/\/www.sage.com\/de-de\/blog\/wp-content\/uploads\/sites\/11\/2023\/09\/GettyImages-1277533180-1215x810.jpg 1215w\" sizes=\"auto, (min-width: 48em) 33vw, 100vw\" \/>\t\t\t<\/div>\n<\/div>\n","protected":false},"excerpt":{"rendered":"<p>Heutzutage ist das Verlegen des eigenen Arbeitsplatzes in die eigenen vier W\u00e4nde eigentlich keine Seltenheit mehr. Doch viele Unternehmen f\u00fchlen sich momentan eher dazu gezwungen, als dies freiwillig zu f\u00f6rdern. Dabei bietet die &#8220;Digitale Arbeitswelt\u201d flexible M\u00f6glichkeiten des modernen Arbeitens, um heutzutage auch wettbewerbsf\u00e4hig zu bleiben.<\/p>\n","protected":false},"author":583,"featured_media":7603,"comment_status":"closed","ping_status":"closed","sticky":false,"template":"","format":"standard","meta":{"_sage_video":false,"post_featured_image_hide":false,"footnotes":""},"categories":[15],"tags":[885,163,878,240,629,76,481,158,191,904],"business_type":[18],"lilypad":[],"context":[],"industry":[],"persona":[58,60,57,59,55],"imagine_tag":[877,35,43,34,33,42,37,30,41,40,28,24,29],"coauthors":[995],"class_list":["post-7631","post","type-post","status-publish","format-standard","has-post-thumbnail","hentry","category-digitale-transformation","tag-arbeitszeitmodelle","tag-bewerbermanagement","tag-business-continuity","tag-crm","tag-digitale-personalakte","tag-digitalisierung","tag-dms","tag-erp","tag-mittelstand","tag-zeitmanagement","business_type-mittlere-unternehmen"],"sage_meta":{"region":"de-de","author_name":"Alexander Warmers","featured_image":"https:\/\/www.sage.com\/de-de\/blog\/wp-content\/uploads\/sites\/11\/2020\/04\/webinar_C.jpg","imagine_tags":{"877":"Business continuity","35":"CRM","43":"Dienstleistung","34":"ERP","33":"Finanzen","42":"Handel","37":"HR","30":"Jobs und Karriere","41":"Mittelstand","40":"Mittlere Unternehmen","28":"Referenzen","24":"Sage Blog","29":"\u00dcber Sage"}},"distributor_meta":false,"distributor_terms":false,"distributor_media":false,"distributor_original_site_name":"Sage Advice Deutschland","distributor_original_site_url":"https:\/\/www.sage.com\/de-de\/blog","push-errors":false,"_links":{"self":[{"href":"https:\/\/www.sage.com\/de-de\/blog\/api\/wp\/v2\/posts\/7631","targetHints":{"allow":["GET"]}}],"collection":[{"href":"https:\/\/www.sage.com\/de-de\/blog\/api\/wp\/v2\/posts"}],"about":[{"href":"https:\/\/www.sage.com\/de-de\/blog\/api\/wp\/v2\/types\/post"}],"author":[{"embeddable":true,"href":"https:\/\/www.sage.com\/de-de\/blog\/api\/wp\/v2\/users\/583"}],"replies":[{"embeddable":true,"href":"https:\/\/www.sage.com\/de-de\/blog\/api\/wp\/v2\/comments?post=7631"}],"version-history":[{"count":0,"href":"https:\/\/www.sage.com\/de-de\/blog\/api\/wp\/v2\/posts\/7631\/revisions"}],"wp:featuredmedia":[{"embeddable":true,"href":"https:\/\/www.sage.com\/de-de\/blog\/api\/wp\/v2\/media\/7603"}],"wp:attachment":[{"href":"https:\/\/www.sage.com\/de-de\/blog\/api\/wp\/v2\/media?parent=7631"}],"wp:term":[{"taxonomy":"category","embeddable":true,"href":"https:\/\/www.sage.com\/de-de\/blog\/api\/wp\/v2\/categories?post=7631"},{"taxonomy":"post_tag","embeddable":true,"href":"https:\/\/www.sage.com\/de-de\/blog\/api\/wp\/v2\/tags?post=7631"},{"taxonomy":"business_type","embeddable":true,"href":"https:\/\/www.sage.com\/de-de\/blog\/api\/wp\/v2\/business_type?post=7631"},{"taxonomy":"lilypad","embeddable":true,"href":"https:\/\/www.sage.com\/de-de\/blog\/api\/wp\/v2\/lilypad?post=7631"},{"taxonomy":"context","embeddable":true,"href":"https:\/\/www.sage.com\/de-de\/blog\/api\/wp\/v2\/context?post=7631"},{"taxonomy":"industry","embeddable":true,"href":"https:\/\/www.sage.com\/de-de\/blog\/api\/wp\/v2\/industry?post=7631"},{"taxonomy":"persona","embeddable":true,"href":"https:\/\/www.sage.com\/de-de\/blog\/api\/wp\/v2\/persona?post=7631"},{"taxonomy":"imagine_tag","embeddable":true,"href":"https:\/\/www.sage.com\/de-de\/blog\/api\/wp\/v2\/imagine_tag?post=7631"},{"taxonomy":"author","embeddable":true,"href":"https:\/\/www.sage.com\/de-de\/blog\/api\/wp\/v2\/coauthors?post=7631"}],"curies":[{"name":"wp","href":"https:\/\/api.w.org\/{rel}","templated":true}]}}