{"id":791,"date":"2014-07-21T00:00:00","date_gmt":"2014-07-21T00:00:00","guid":{"rendered":"https:\/\/www.sage.com\/de-de\/blog\/?p=791"},"modified":"2026-01-22T16:40:45","modified_gmt":"2026-01-22T15:40:45","slug":"die-sage-familie-bekommt-zuwachs-sage-kauft-deutsche-lohnabrechnungssparte-von-exact","status":"publish","type":"post","link":"https:\/\/www.sage.com\/de-de\/blog\/die-sage-familie-bekommt-zuwachs-sage-kauft-deutsche-lohnabrechnungssparte-von-exact\/","title":{"rendered":"Die Sage Familie bekommt Zuwachs: Sage kauft deutsche Lohnabrechnungssparte von Exact"},"content":{"rendered":"<header class=\"entry-header has-dark-background-color entry-header--has-illustration entry-header--has-illustration--generic\">\n\t<div class=\"container\">\n\t\t<div class=\"entry-header__row row align-center\">\n\t\t\t<div class=\"col col-lg-7 col-xlg-6 entry-header__content\">\n\t\t\t\t\t\t\t<div class=\"component component-single-header\">\n\t\t\t\t\t\t\t\t\t\t<div class=\"entry-header__misc text--subtitle text--uppercase text--small\">\n\t\t\t\t\t\t\t<a href=\"https:\/\/www.sage.com\/de-de\/blog\/kategorie\/digitale-transformation\/\" class=\"entry-header__link\">Digitale Transformation<\/a>\t\t\t\t\t\t<\/div>\n\t\t\t\t\n\t\t\t\t<div class=\"entry-title-wrapper\">\n\t\t\t\t\t<h1 class=\"entry-title\">\n\t\t\t\t\t\tDie Sage Familie bekommt Zuwachs: Sage kauft deutsche Lohnabrechnungssparte von Exact\t\t\t\t\t<\/h1>\n\t\t\t\t<\/div>\n\n\t\t\t\t\t\t\t\t\t<p class=\"entry-header__description\">\n\t\t\t\t\t\t\t\t\t\t\t<\/p>\n\t\t\t\t\n\t\t\t\t\n\t\t\t\t\n\t\t\t<\/div>\n\n\t\t\t\t\t<\/div>\n\t\t\t\t\t<\/div>\n\t<\/div>\n\t<div class=\"single-post-details container\">\n\t\t<div class=\"col\">\n\t\t\t<span class=\"posted-on \"><time class=\"entry-date published\" datetime=\"2014-07-21T00:00:00+02:00\">21. July 2014<\/time><\/span><span class=\"reading-time\"> Minuten zu lesen<\/span>\n\t\t<button\n\t\t\ttype=\"button\"\n\t\t\tclass=\"social-share-button button button--icon button--secondary js-social-share-button\"\n\t\t\tdata-share-title=\"Die Sage Familie bekommt Zuwachs: Sage kauft deutsche Lohnabrechnungssparte von Exact\"\n\t\t\tdata-share-url=\"https:\/\/www.sage.com\/de-de\/blog\/die-sage-familie-bekommt-zuwachs-sage-kauft-deutsche-lohnabrechnungssparte-von-exact\/\"\n\t\t\tdata-share-text=\"Bitte lesen Sie diesen interessanten Artikel\"\n\t\t>\n\t\t\t<span class=\"social-share-button__share-label\">Teilen<\/span>\n\t\t\t<span class=\"social-share-button__copy-label\" hidden>Link kopieren<\/span>\n\t\t\t<span class=\"social-share-button__copy-tooltip\" aria-hidden=\"true\" hidden>Kopiert<\/span>\n\t\t<\/button>\n\n\t\t\t\t<\/div>\n\t<\/div>\n<\/header>\n\n\n\n<div class=\"wp-block-post-author has-dark-background-color alignfull\">\n\t<div class=\"container\">\n\t\t<div class=\"col\">\n\t\t\t\t\t\t\t<div class=\"co-authors\">\n\t\t\t\t\t\n\t\t<div class=\"entry-author-wrapper\">\n\t\t\t<a class=\"entry-author\" href=\"https:\/\/www.sage.com\/de-de\/blog\/author\/sageredakion\/\">\n\t\t\t\t<img loading=\"lazy\" decoding=\"async\" width=\"40\" height=\"40\" src=\"https:\/\/www.sage.com\/de-de\/blog\/wp-content\/uploads\/sites\/11\/2022\/05\/Sage-Advice-YT-logo-1-350x350.png\" class=\"entry-author__image\" alt=\"\" srcset=\"https:\/\/www.sage.com\/de-de\/blog\/wp-content\/uploads\/sites\/11\/2022\/05\/Sage-Advice-YT-logo-1-350x350.png 350w, https:\/\/www.sage.com\/de-de\/blog\/wp-content\/uploads\/sites\/11\/2022\/05\/Sage-Advice-YT-logo-1.png 500w\" sizes=\"auto, (max-width: 40px) 100vw, 40px\" \/>\t\t\t\t<span class=\"entry-author__name\">Sage Redaktion<\/span>\n\t\t\t<\/a>\n\n\t\t\t\t\t<\/div>\n\n\t\t\t\t\t\t<\/div>\n\t\t\t\t\t<\/div>\n\t<\/div>\n<\/div>\n\n\n\n\n\n<div id=\"attachment_3014\" class=\"wp-caption alignleft\" style=\"max-width: 610px;width: 321px\">\n<figure><img loading=\"lazy\" decoding=\"async\" class=\"alignleft wp-image-3014\" src=\"https:\/\/www.sage.com\/de-de\/blog\/wp-content\/uploads\/sites\/11\/2018\/01\/exact.com_media_images_exact-logo2.jpg\" alt=\"Sage kauft deutsche Lohnabrechnungssparte von Exact. Quelle: Exact\" width=\"321\" height=\"125\"><\/figure><p><\/p>\n<p class=\"wp-caption-text\">Sage kauft deutsche Lohnabrechnungssparte von Exact. Quelle: Exact<\/p>\n<\/div>\n\n\n\n<p>Gleich zum Wochenstart gibt es eine sch\u00f6ne Nachricht hier im Sage Blog. Denn die Sage Familie wird gr\u00f6\u00dfer und bekommt Zuwachs: Die Sage Gruppe hat heute bekanntgegeben, dass sie eine Vereinbarung \u00fcber den <strong>Kauf der Exact Software Deutschland GmbH<\/strong> (\u201eExact Lohn&#8221;) von der Exact Holding N.V. unterschrieben hat. <span id=\"more-3007\"><\/span>Durch den Erwerb der <a title=\"Website von Exact Lohn\" href=\"http:\/\/www.exact.de\/software\/gehaltsabrechnung\/exact-lohn\" target=\"_blank\" rel=\"noopener noreferrer\">deutschen Lohnabrechnungssparte von Exact<\/a> erweitert Sage das strategisch wichtige Gesch\u00e4ftsfeld der Lohn- und Gehaltsabrechnungsl\u00f6sungen in Deutschland ma\u00dfgeblich. Der Gesamtumsatz in diesem Bereich steigt auf nunmehr rund 30 Millionen Euro. Laut Analysen der Marktforscher von PAC liegt Sage <strong>Kopf an Kopf mit dem bisherigen Marktf\u00fchrer f\u00fcr Lohnabrechnungsl\u00f6sungen im hiesigen Markt<\/strong> bei L\u00f6sungen f\u00fcr Unternehmen mit 1-500 Mitarbeitern.<\/p>\n\n\n\n<p>Exact Lohn bietet L\u00f6sungen zur Lohn- und Gehaltsabrechnung, die von Softwareprogrammen bis hin zu kompletten Outsourcing-Dienstleistungen reichen. In 2013 betrug der Jahresumsatz 10,5 Millionen Euro. Das Unternehmen betreut hierzulande rund 3.400 kleine und mittelst\u00e4ndische Gesch\u00e4ftskunden und legt dabei einen starken Fokus auf die Fertigungs-, Services- und Bauindustrie. Nach dem Abschluss der Akquisition wird das Exact Lohn-Gesch\u00e4ft Teil der deutschen Sage Software GmbH.<\/p>\n\n\n\n<h2 class=\"wp-block-heading\" id=\"h-ein-eine-neues-schwergewicht-entsteht\">Ein eine neues Schwergewicht entsteht<\/h2>\n\n\n\n<p>Peter Dewald, Gesch\u00e4ftsf\u00fchrer der Sage Software GmbH in Deutschland, zeigt sich ebenfalls hoch erfreut \u00fcber die Akquisition: \u201eMit dem Zusammengehen zweier Gro\u00dfer im deutschen Lohnabrechnungsmarkt entsteht ein neues Schwergewicht in der Branche, das nunmehr 12.400 Kunden betreut. Als einer von ganz wenigen Anbietern k\u00f6nnen wir unseren Kunden jetzt ein breites Portfolio bestehend aus Lohn- und Personalwirtschaftsl\u00f6sungen anbieten, die sie sowohl als Lizenz, als Software-as-a-Service (Cloud) oder als Dienstleistung von uns beziehen k\u00f6nnen. Eine solche Angebotspalette ist nahezu einzigartig im deutschen Markt.&#8221;<\/p>\n\n\n\n<p>In Richtung der bestehenden Exact Lohn-Kunden gewandt, ist sich Dewald sicher, dass sie mit Sage einen neuen, verl\u00e4sslichen Partner an ihrer Seite haben, der \u00fcber ein hohes Ma\u00df an Lohn-Know-how verf\u00fcgt: \u201eNicht nur werden die existierenden L\u00f6sungen bestehen bleiben. Auch k\u00f6nnen die Exact Lohn-Kunden von einer deutlich breiteren Sage Produkt-Palette profitieren, die ihr Gesch\u00e4ft auch im Bereich <a href=\"https:\/\/www.sage.com\/de-de\/blog\/video-nachgefragt-was-ist-erp\/\" rel=\"noopener\">kaufm\u00e4nnischer L\u00f6sungen (ERP<\/a>) und beim Kundenmanagement (CRM) voranbringen wird&#8221;.<\/p>\n\n\n\n<p>Der Kauf bedarf noch der Zustimmung des Bundeskartellamtes. Ein Abschluss (\u201eclosing&#8221;) wird noch im dritten Quartal 2014 erwartet.<\/p>\n\n\n\n<p class=\"has-text-align-left\">Von J\u00f6rg Wassink<\/p>\n\n\n<div class=\"single-cta\">\n\t<div class=\"single-cta__positioner\">\n\t\t<div class=\"single-cta__wrapper has-dark-background-color\">\n\t\t\t<div class=\"single-cta__content\">\n\t\t\t\t\t\t\t\t<h2 class=\"single-cta__title h3\">2026: Alle neuen Gesetze immer im Blick<\/h2>\n\n\t\t\t\t\t\t\t\t\t<div class=\"single-cta__description\">\n\t\t\t\t\t\t<p><!-- wp:paragraph --><\/p>\n<p><strong>Bleiben Sie informiert &#8211; mit unserem Newsletter<\/strong> 1x im Monat<\/p>\n<p><!-- \/wp:paragraph --><\/p>\n<p><!-- wp:list --><\/p>\n<ul class=\"wp-block-list\"><!-- wp:list-item --><\/p>\n<li>Neue Trends aus der Arbeitswelt<\/li>\n<p><!-- \/wp:list-item --><\/p>\n<p><!-- wp:list-item --><\/p>\n<li>Aktuelle Urteile verst\u00e4ndlich erkl\u00e4rt<\/li>\n<p><!-- \/wp:list-item --><\/p>\n<p><!-- wp:list-item --><\/p>\n<li>Tipps zu Recht, Steuern &amp; Finanzen<\/li>\n<p><!-- \/wp:list-item --><\/p>\n<p><!-- wp:list-item --><\/p>\n<li>Experten-Interviews, Studien u.v.m<\/li>\n<p><!-- \/wp:list-item --><\/ul>\n<p><!-- \/wp:list --><\/p>\n\t\t\t\t\t<\/div>\n\t\t\t\t\n\t\t\t\t\t\t\t\t\t\t\t\t\t\t<a\n\t\t\t\t\t\thref=\"#gate-a59880de-3d38-4b82-914c-ffa16bab6ae7\"\n\t\t\t\t\t\tclass=\"single-cta__button button button--primary\"\n\t\t\t\t\t\t\t\t\t\t\t\t\t\t\t\t\t>Newsletter abonnieren<\/a>\n\t\t\t\t\t\t\t<\/div>\n\n\t\t\t\t\t<\/div>\n\n\t\t\t\t\t<img decoding=\"async\" width=\"1215\" height=\"810\" src=\"https:\/\/www.sage.com\/de-de\/blog\/wp-content\/uploads\/sites\/11\/2023\/09\/GettyImages-1277533180-1215x810.jpg\" class=\"single-cta__image\" alt=\"\" loading=\"lazy\" srcset=\"https:\/\/www.sage.com\/de-de\/blog\/wp-content\/uploads\/sites\/11\/2023\/09\/GettyImages-1277533180-1215x810.jpg 1215w\" sizes=\"auto, (min-width: 48em) 33vw, 100vw\" \/>\t\t\t<\/div>\n<\/div>\n","protected":false},"excerpt":{"rendered":"<p>Sage kauft deutsche Lohnabrechnungssparte von Exact. Quelle: Exact Gleich zum Wochenstart gibt es eine sch\u00f6ne Nachricht hier im Sage Blog. Denn die Sage Familie wird gr\u00f6\u00dfer und bekommt Zuwachs: Die Sage Gruppe hat heute bekanntgegeben, dass sie eine Vereinbarung \u00fcber den Kauf der Exact Software Deutschland GmbH (\u201eExact Lohn&#8221;) von der Exact Holding N.V. unterschrieben [&hellip;]<\/p>\n","protected":false},"author":545,"featured_media":1759,"comment_status":"open","ping_status":"closed","sticky":false,"template":"","format":"standard","meta":{"_sage_video":false,"post_featured_image_hide":false,"footnotes":""},"categories":[15],"tags":[115],"business_type":[17,18],"lilypad":[],"context":[],"industry":[],"persona":[58,54,60,57,59,56,55],"imagine_tag":[39,41,40,24,38],"coauthors":[973],"class_list":["post-791","post","type-post","status-publish","format-standard","has-post-thumbnail","hentry","category-digitale-transformation","tag-lohnabrechnung","business_type-kleinunternehmer-handwerker","business_type-mittlere-unternehmen"],"sage_meta":{"region":"de-de","author_name":"Sage Redaktion","featured_image":"https:\/\/www.sage.com\/de-de\/blog\/wp-content\/uploads\/sites\/11\/2018\/01\/MadridOffice_Spain_290813_509-1024x366.jpg","imagine_tags":{"39":"Kleine Unternehmen","41":"Mittelstand","40":"Mittlere Unternehmen","24":"Sage Blog","38":"Start-Ups"}},"distributor_meta":false,"distributor_terms":false,"distributor_media":false,"distributor_original_site_name":"Sage Advice Deutschland","distributor_original_site_url":"https:\/\/www.sage.com\/de-de\/blog","push-errors":false,"_links":{"self":[{"href":"https:\/\/www.sage.com\/de-de\/blog\/api\/wp\/v2\/posts\/791","targetHints":{"allow":["GET"]}}],"collection":[{"href":"https:\/\/www.sage.com\/de-de\/blog\/api\/wp\/v2\/posts"}],"about":[{"href":"https:\/\/www.sage.com\/de-de\/blog\/api\/wp\/v2\/types\/post"}],"author":[{"embeddable":true,"href":"https:\/\/www.sage.com\/de-de\/blog\/api\/wp\/v2\/users\/545"}],"replies":[{"embeddable":true,"href":"https:\/\/www.sage.com\/de-de\/blog\/api\/wp\/v2\/comments?post=791"}],"version-history":[{"count":0,"href":"https:\/\/www.sage.com\/de-de\/blog\/api\/wp\/v2\/posts\/791\/revisions"}],"wp:featuredmedia":[{"embeddable":true,"href":"https:\/\/www.sage.com\/de-de\/blog\/api\/wp\/v2\/media\/1759"}],"wp:attachment":[{"href":"https:\/\/www.sage.com\/de-de\/blog\/api\/wp\/v2\/media?parent=791"}],"wp:term":[{"taxonomy":"category","embeddable":true,"href":"https:\/\/www.sage.com\/de-de\/blog\/api\/wp\/v2\/categories?post=791"},{"taxonomy":"post_tag","embeddable":true,"href":"https:\/\/www.sage.com\/de-de\/blog\/api\/wp\/v2\/tags?post=791"},{"taxonomy":"business_type","embeddable":true,"href":"https:\/\/www.sage.com\/de-de\/blog\/api\/wp\/v2\/business_type?post=791"},{"taxonomy":"lilypad","embeddable":true,"href":"https:\/\/www.sage.com\/de-de\/blog\/api\/wp\/v2\/lilypad?post=791"},{"taxonomy":"context","embeddable":true,"href":"https:\/\/www.sage.com\/de-de\/blog\/api\/wp\/v2\/context?post=791"},{"taxonomy":"industry","embeddable":true,"href":"https:\/\/www.sage.com\/de-de\/blog\/api\/wp\/v2\/industry?post=791"},{"taxonomy":"persona","embeddable":true,"href":"https:\/\/www.sage.com\/de-de\/blog\/api\/wp\/v2\/persona?post=791"},{"taxonomy":"imagine_tag","embeddable":true,"href":"https:\/\/www.sage.com\/de-de\/blog\/api\/wp\/v2\/imagine_tag?post=791"},{"taxonomy":"author","embeddable":true,"href":"https:\/\/www.sage.com\/de-de\/blog\/api\/wp\/v2\/coauthors?post=791"}],"curies":[{"name":"wp","href":"https:\/\/api.w.org\/{rel}","templated":true}]}}