{"id":8038,"date":"2020-08-13T07:00:58","date_gmt":"2020-08-13T05:00:58","guid":{"rendered":"https:\/\/www.sage.com\/de-de\/blog\/?p=8038"},"modified":"2026-01-22T15:26:52","modified_gmt":"2026-01-22T14:26:52","slug":"eugh-kippt-privacy-shield-zwischen-der-eu-und-den-usa-weitreichendes-urteil","status":"publish","type":"post","link":"https:\/\/www.sage.com\/de-de\/blog\/eugh-kippt-privacy-shield-zwischen-der-eu-und-den-usa-weitreichendes-urteil\/","title":{"rendered":"EuGH kippt Privacy-Shield zwischen der EU und den USA \u2013 weitreichendes Urteil"},"content":{"rendered":"<header class=\"entry-header has-dark-background-color entry-header--has-illustration entry-header--has-illustration--generic\">\n\t<div class=\"container\">\n\t\t<div class=\"entry-header__row row align-center\">\n\t\t\t<div class=\"col col-lg-7 col-xlg-6 entry-header__content\">\n\t\t\t\t\t\t\t<div class=\"component component-single-header\">\n\t\t\t\t\t\t\t\t\t\t<div class=\"entry-header__misc text--subtitle text--uppercase text--small\">\n\t\t\t\t\t\t\t<a href=\"https:\/\/www.sage.com\/de-de\/blog\/kategorie\/digitale-transformation\/\" class=\"entry-header__link\">Digitale Transformation<\/a>\t\t\t\t\t\t<\/div>\n\t\t\t\t\n\t\t\t\t<div class=\"entry-title-wrapper\">\n\t\t\t\t\t<h1 class=\"entry-title\">\n\t\t\t\t\t\tEuGH kippt Privacy-Shield zwischen der EU und den USA \u2013 weitreichendes Urteil\t\t\t\t\t<\/h1>\n\t\t\t\t<\/div>\n\n\t\t\t\t\t\t\t\t\t<p class=\"entry-header__description\">\n\t\t\t\t\t\t\t\t\t\t\t<\/p>\n\t\t\t\t\n\t\t\t\t\n\t\t\t\t\n\t\t\t<\/div>\n\n\t\t\t\t\t<\/div>\n\t\t\t\t\t<\/div>\n\t<\/div>\n\t<div class=\"single-post-details container\">\n\t\t<div class=\"col\">\n\t\t\t<span class=\"posted-on \"><time class=\"entry-date published\" datetime=\"2020-08-13T07:00:58+02:00\">13. August 2020<\/time><\/span><span class=\"reading-time\"> Minuten zu lesen<\/span>\n\t\t<button\n\t\t\ttype=\"button\"\n\t\t\tclass=\"social-share-button button button--icon button--secondary js-social-share-button\"\n\t\t\tdata-share-title=\"EuGH kippt Privacy-Shield zwischen der EU und den USA \u2013 weitreichendes Urteil\"\n\t\t\tdata-share-url=\"https:\/\/www.sage.com\/de-de\/blog\/eugh-kippt-privacy-shield-zwischen-der-eu-und-den-usa-weitreichendes-urteil\/\"\n\t\t\tdata-share-text=\"Bitte lesen Sie diesen interessanten Artikel\"\n\t\t>\n\t\t\t<span class=\"social-share-button__share-label\">Teilen<\/span>\n\t\t\t<span class=\"social-share-button__copy-label\" hidden>Link kopieren<\/span>\n\t\t\t<span class=\"social-share-button__copy-tooltip\" aria-hidden=\"true\" hidden>Kopiert<\/span>\n\t\t<\/button>\n\n\t\t\t\t<\/div>\n\t<\/div>\n<\/header>\n\n\n\n<div class=\"wp-block-post-author has-dark-background-color alignfull\">\n\t<div class=\"container\">\n\t\t<div class=\"col\">\n\t\t\t\t\t\t\t<div class=\"co-authors\">\n\t\t\t\t\t\n\t\t<div class=\"entry-author-wrapper\">\n\t\t\t<a class=\"entry-author\" href=\"https:\/\/www.sage.com\/de-de\/blog\/author\/sabinepreusser\/\">\n\t\t\t\t<img decoding=\"async\" alt=\"\" src=\"https:\/\/www.sage.com\/de-de\/blog\/wp-content\/uploads\/sites\/11\/2019\/02\/PreusserSabine2015.jpg\" class=\"entry-author__image\" height=\"40\" width=\"40\" fetchpriority=\"high\" \/>\t\t\t\t<span class=\"entry-author__name\">Sabine Preusser<\/span>\n\t\t\t<\/a>\n\n\t\t\t\t\t<\/div>\n\n\t\t\t\t\t\t<\/div>\n\t\t\t\t\t<\/div>\n\t<\/div>\n<\/div>\n\n\n\n\n\n<p>Der Europ\u00e4ische Gerichtshof (EuGH) hat das vermeintliche Datenschutzschild &#8220;Privacy Shield&#8221; des transatlantischen Datenschutzabkommens \u201eEU-US Privacy Shield\u201c zum Schutz personenbezogener Daten f\u00fcr ung\u00fcltig erkl\u00e4rt. Das sorgt nun f\u00fcr m\u00e4chtig Wirbel in Politik und Wirtschaft.<\/p>\n\n\n\n<p>Im US-Handelsministerium ist man ma\u00dflos entt\u00e4uscht \u00fcber das Urteil. Denn in den USA h\u00e4lt man den eigenen Rechtsschutz gegen\u00fcber Geheimdienst\u00fcberwachungen weitaus besser aufgestellt, als in Europa.<\/p>\n\n\n\n<p>Mit dem Inkrafttreten der General Data Protection Regulation (GDPR) bzw. Datenschutzgrundverordnung (DSGVO) im Mai 2018 hat die EU f\u00fcr Unternehmen eine klare Richtschnur f\u00fcr den Schutz personenbezogener Daten vorgegeben. Dieses europ\u00e4ische Gesetz gibt es kaum ein zweites Mal auf der Welt. Es zeigt, wie wichtig der EU der Schutz seiner B\u00fcrger ist. Unter anderem verbietet es die \u00dcbermittlung von Daten in Drittl\u00e4nder, deren Datenschutzgesetze kein angemessenes Schutzniveau bieten. Hierzu z\u00e4hlen auch die USA, mit denen das Privacy Shield ausgehandelt wurde.<\/p>\n\n\n\n<h2 class=\"wp-block-heading\" id=\"h-privacy-shield-kritik-von-datenschutzern-war-gross\">Privacy Shield: Kritik von Datensch\u00fctzern war gro\u00df<\/h2>\n\n\n\n<p>Bereits nach Bekanntwerden des bilateralen Abkommens mit den USA war die Kritik von Datensch\u00fctzern enorm. Nun kann der Aktivist und Jurist Max Schrems einen weiteren Erfolg verbuchen. Bereits im Oktober 2015 hatte das Gericht das damals g\u00fcltige Safe-Harbor-Abkommen mit den USA gestoppt. Aus diesem Abkommen entstand das \u201ePrivacy-Shield\u201c.<\/p>\n\n\n\n<p>Schon damals bezeichnete Schrems das Privacy-Shield als \u201eSchwein mit zehn Lagen Lippenstift\u201c. Er zeigte die Probleme auf, die das Sage Harbor-Abkommen nicht gel\u00f6st hatte. Das sahen nun auch die Richter so und schlossen sich der Kritik an, dass das EU-Datenschutzrecht und das US-\u00dcberwachungsrecht nicht zusammenpassten.<\/p>\n\n\n\n<p>So hei\u00dft es in der Pressemitteilung des Gerichts: \u201eDer Datenschutz in den USA k\u00f6nne schon deshalb nicht gleichwertig mit dem in der EU sein, da die auf die amerikanischen Rechtsvorschriften gest\u00fctzten \u00dcberwachungsprogramme nicht auf das zwingend erforderliche Ma\u00df beschr\u00e4nkt sind.\u201c<\/p>\n\n\n\n<p>Juristisch geht es Schrems um die Frage, ob amerikanische Unternehmen wie Facebook die personenbezogenen Nutzerdaten in die USA \u00fcbermitteln und dort f\u00fcr Werbezwecke verarbeiten d\u00fcrfen. Auf der anderen Seite des Atlantiks gibt es nicht nur weniger <a href=\"https:\/\/www.sage.com\/de-de\/blog\/lexikon\/datenschutz\/\" target=\"_blank\" rel=\"noopener noreferrer\">Datenschutz<\/a>, sondern es droht eine Massen\u00fcberwachung durch die US-Geheimdienste und sp\u00e4testens mit den Enth\u00fcllungen des Whistleblowers Edward Snowden kamen die \u00dcberwachungspraktiken der US-Geheimdienste ans Tageslicht.<\/p>\n\n\n\n<div class=\"single-cta\">\n\t<div class=\"single-cta__positioner\">\n\t\t<div class=\"single-cta__wrapper has-dark-background-color\">\n\t\t\t<div class=\"single-cta__content\">\n\t\t\t\t\t\t\t\t<h2 class=\"single-cta__title h3\">#STAYFORACOFFEE: Webinar-Termin verpasst? Hier geht&#8217;s zur Mediathek<\/h2>\n\n\t\t\t\t\t\t\t\t\t<div class=\"single-cta__description\">\n\t\t\t\t\t\t<p>Unsere bereits stattgefundenen Online-Webinare finden Sie auf unserer Webinar-Seite in der Mediathek. Themen u.a. zu:<\/p>\n<ul>\n<li>Digitalisierung\/Cloud<\/li>\n<li>New Work<\/li>\n<li>Compliance\/rechtliche Themen<\/li>\n<li>Personalarbeit<\/li>\n<li>Unternehmenssteuerung<\/li>\n<\/ul>\n<p>Einfach auf der Seite das jeweilige Thema &#8220;Jetzt ansehen&#8221;.<\/p>\n\t\t\t\t\t<\/div>\n\t\t\t\t\n\t\t\t\t\t\t\t\t\t\t\t\t\t\t<a\n\t\t\t\t\t\thref=\"https:\/\/www.sage.com\/de-de\/cp\/webinarserie-arbeitshilfen-digitalisierung\/?ref=blog#mediathek\"\n\t\t\t\t\t\tclass=\"single-cta__button button button--primary\"\n\t\t\t\t\t\t\t\t\t\t\t\t\tid=\"cta-id-7837\"\n\t\t\t\t\t\t\t\t\t\t\t\t\t\t\t\t\t\t\tdata-button-location=\"cta_box\"\n\t\t\t\t\t\t\t\t\t\t\t>In der Mediathek st\u00f6bern<\/a>\n\t\t\t\t\t\t\t<\/div>\n\n\t\t\t\t\t<\/div>\n\n\t\t\t\t\t<img decoding=\"async\" width=\"1215\" height=\"810\" src=\"https:\/\/www.sage.com\/de-de\/blog\/wp-content\/uploads\/sites\/11\/2020\/04\/E2W_25602-1215x810.jpg\" class=\"single-cta__image\" alt=\"digitales Arbeiten\" loading=\"lazy\" srcset=\"https:\/\/www.sage.com\/de-de\/blog\/wp-content\/uploads\/sites\/11\/2020\/04\/E2W_25602-1215x810.jpg 1215w\" sizes=\"auto, (min-width: 48em) 33vw, 100vw\" \/>\t\t\t<\/div>\n<\/div>\n\n\n\n<h2 class=\"wp-block-heading\" id=\"h-zertifizierungen-im-rahmen-von-privacy-shield\">Zertifizierungen im Rahmen von Privacy Shield<\/h2>\n\n\n\n<p>Unter dem Datenschutzabkommen &#8220;Privacy Shield&#8221; hatten sich \u00fcber 4.000 US-amerikanische Unternehmen zertifizieren lassen. In der Folge war es ihren Gesch\u00e4ftspartnern in der EU erlaubt, personenbezogene Daten \u2013 etwa Arbeitnehmerdaten oder Verbraucherdaten \u2013 an solche zertifizierten Unternehmen in den USA zu transferieren.<\/p>\n\n\n\n<p>Nach diesem Urteil m\u00fcssen nun L\u00f6sungen gefunden werden, wie Daten aus der EU in Drittstaaten \u00fcbermittelt werden k\u00f6nnen. Ohne das Privacy Shield ist eine \u00dcbermittlung personenbezogener Daten in die USA rechtswidrig. F\u00fcr EU-Unternehmen k\u00f6nnten Bu\u00dfgelder von bis zu 20 Millionen Euro bzw. bis zu 4 %&nbsp; des weltweiten Jahresumsatzes des Unternehmens drohen.<\/p>\n\n\n\n<h2 class=\"wp-block-heading\" id=\"h-gibt-es-eine-alternative-zu-privacy-shield\">Gibt es eine Alternative zu Privacy Shield?<\/h2>\n\n\n\n<p>Eine Alternative sind Standardvertragsklauseln, die sich das EuGH ebenfalls angeschaut hat. Bei diesen handelt es sich um eine vertragliche Basis. Diese erlaubt den Transfer von Daten \u00fcber den Atlantik auch ohne Privacy Shield. Hier wurde entschieden, dass der Datenaustausch mit Nicht-EU-L\u00e4ndern auf Basis der &#8220;Standardvertragsklauseln&#8221; zwar rechtens sei, aber im Einzelfall gepr\u00fcft werden m\u00fcsse.<\/p>\n\n\n\n<p>\u00dcbrigens erteilte der EuGH der lockeren Rechtsauffassung der irischen Datenschutzbeh\u00f6rde hierbei eine R\u00fcge. Denn die Beh\u00f6rden tragen eine Mitverantwortung, wenn Datenkonzerne wie Facebook den Schutz von personenbezogenen Daten in den USA aufs Spiel setzen.<\/p>\n\n\n\n<p>Noch gibt es keine wirkliche Alternative zu den Standardvertragsklauseln. Denn die europ\u00e4ische Datenschutzgrundverordnung sieht nur einen begrenzten Katalog an Erlaubnisnormen f\u00fcr Drittlands\u00fcbermittlungen vor.<\/p>\n\n\n\n<p>So sind viele Unternehmen seit dem \u201eSafe-Harbor-Abkommen\u201c dazu \u00fcbergegangen, die personenbezogenen Daten rein in der EU zu speichern. Viele Cloud-Anbieter werben seit Jahren damit, dass die Daten bei <a href=\"https:\/\/www.sage.com\/de-de\/blog\/lexikon\/cloud-computing\/\" target=\"_blank\" rel=\"noopener noreferrer\">Cloud Computing<\/a> sicher sind, da sie in Rechenzentren auf europ\u00e4ischem Boden gesch\u00fctzt verbleiben.<\/p>\n\n\n\n<p>Auch die Cloud-L\u00f6sungen mancher Softwareanbieter werden in deutschen Rechenzentren betrieben. Mehr Informationen \u00fcber Cloud-Sicherheit erfahren sie <a href=\"https:\/\/www.sage.com\/de-de\/blog\/wie-sicher-ist-es-firmendaten-in-der-cloud-zu-speichern\/\" target=\"_blank\" rel=\"noopener noreferrer\">hier<\/a>.<\/p>\n\n\n\n<div class=\"single-cta\">\n\t<div class=\"single-cta__positioner\">\n\t\t<div class=\"single-cta__wrapper has-dark-background-color\">\n\t\t\t<div class=\"single-cta__content\">\n\t\t\t\t\t\t\t\t<h2 class=\"single-cta__title h3\">Buchhaltung online durchf\u00fchren<\/h2>\n\n\t\t\t\t\t\t\t\t\t<div class=\"single-cta__description\">\n\t\t\t\t\t\t<p>Moderne Buchhaltungssoftware f\u00fcr Unternehmer von kleinen und mittleren Unternehmen:<\/p>\n<ul>\n<li>Angebote &amp; Rechnungen<\/li>\n<li>Auftragsbearbeitung<\/li>\n<li>Finanzbuchhaltung<\/li>\n<li>Warenwirtschaft<\/li>\n<\/ul>\n<p>Erstellen Sie Ihre komplette Buchhaltung im Handumdrehen <span style=\"color: #00ff00\">\u2013 auch ohne Vorkenntnisse.<\/span><\/p>\n\t\t\t\t\t<\/div>\n\t\t\t\t\n\t\t\t\t\t\t\t\t\t\t\t\t\t\t<a\n\t\t\t\t\t\thref=\"https:\/\/www.sage.com\/de-de\/produkte\/sage-erp\/\"\n\t\t\t\t\t\tclass=\"single-cta__button button button--primary\"\n\t\t\t\t\t\t\t\t\t\t\t\t\tid=\"cta-id-6807\"\n\t\t\t\t\t\t\t\t\t\t\t\t\t\t\t\t\t\t\tdata-button-location=\"cta_box\"\n\t\t\t\t\t\t\t\t\t\t\t>Jetzt testen<\/a>\n\t\t\t\t\t\t\t<\/div>\n\n\t\t\t\t\t<\/div>\n\n\t\t\t\t\t<img decoding=\"async\" width=\"1202\" height=\"810\" src=\"https:\/\/www.sage.com\/de-de\/blog\/wp-content\/uploads\/sites\/11\/2021\/07\/Caravan-Center_2019_Sage-X3_Photo-10458-1-1202x810.jpg\" class=\"single-cta__image\" alt=\"Frauen im B\u00fcro\" loading=\"lazy\" srcset=\"https:\/\/www.sage.com\/de-de\/blog\/wp-content\/uploads\/sites\/11\/2021\/07\/Caravan-Center_2019_Sage-X3_Photo-10458-1-1202x810.jpg 1202w\" sizes=\"auto, (min-width: 48em) 33vw, 100vw\" \/>\t\t\t<\/div>\n<\/div>\n\n\n<div class=\"single-cta\">\n\t<div class=\"single-cta__positioner\">\n\t\t<div class=\"single-cta__wrapper has-dark-background-color\">\n\t\t\t<div class=\"single-cta__content\">\n\t\t\t\t\t\t\t\t<h2 class=\"single-cta__title h3\">2026: Alle neuen Gesetze immer im Blick<\/h2>\n\n\t\t\t\t\t\t\t\t\t<div class=\"single-cta__description\">\n\t\t\t\t\t\t<p><!-- wp:paragraph --><\/p>\n<p><strong>Bleiben Sie informiert &#8211; mit unserem Newsletter<\/strong> 1x im Monat<\/p>\n<p><!-- \/wp:paragraph --><\/p>\n<p><!-- wp:list --><\/p>\n<ul class=\"wp-block-list\"><!-- wp:list-item --><\/p>\n<li>Neue Trends aus der Arbeitswelt<\/li>\n<p><!-- \/wp:list-item --><\/p>\n<p><!-- wp:list-item --><\/p>\n<li>Aktuelle Urteile verst\u00e4ndlich erkl\u00e4rt<\/li>\n<p><!-- \/wp:list-item --><\/p>\n<p><!-- wp:list-item --><\/p>\n<li>Tipps zu Recht, Steuern &amp; Finanzen<\/li>\n<p><!-- \/wp:list-item --><\/p>\n<p><!-- wp:list-item --><\/p>\n<li>Experten-Interviews, Studien u.v.m<\/li>\n<p><!-- \/wp:list-item --><\/ul>\n<p><!-- \/wp:list --><\/p>\n\t\t\t\t\t<\/div>\n\t\t\t\t\n\t\t\t\t\t\t\t\t\t\t\t\t\t\t<a\n\t\t\t\t\t\thref=\"#gate-a59880de-3d38-4b82-914c-ffa16bab6ae7\"\n\t\t\t\t\t\tclass=\"single-cta__button button button--primary\"\n\t\t\t\t\t\t\t\t\t\t\t\t\t\t\t\t\t>Newsletter abonnieren<\/a>\n\t\t\t\t\t\t\t<\/div>\n\n\t\t\t\t\t<\/div>\n\n\t\t\t\t\t<img decoding=\"async\" width=\"1215\" height=\"810\" src=\"https:\/\/www.sage.com\/de-de\/blog\/wp-content\/uploads\/sites\/11\/2023\/09\/GettyImages-1277533180-1215x810.jpg\" class=\"single-cta__image\" alt=\"\" loading=\"lazy\" srcset=\"https:\/\/www.sage.com\/de-de\/blog\/wp-content\/uploads\/sites\/11\/2023\/09\/GettyImages-1277533180-1215x810.jpg 1215w\" sizes=\"auto, (min-width: 48em) 33vw, 100vw\" \/>\t\t\t<\/div>\n<\/div>\n","protected":false},"excerpt":{"rendered":"<p>Der Europ\u00e4ische Gerichtshof (EuGH) hat das vermeintliche Datenschutzschild &#8220;Privacy Shield&#8221; des transatlantischen Datenschutzabkommens \u201eEU-US Privacy Shield\u201c zum Schutz personenbezogener Daten f\u00fcr ung\u00fcltig erkl\u00e4rt. Das sorgt nun f\u00fcr m\u00e4chtig Wirbel in Politik und Wirtschaft. Im US-Handelsministerium ist man ma\u00dflos entt\u00e4uscht \u00fcber das Urteil. Denn in den USA h\u00e4lt man den eigenen Rechtsschutz gegen\u00fcber Geheimdienst\u00fcberwachungen weitaus besser [&hellip;]<\/p>\n","protected":false},"author":722,"featured_media":8039,"comment_status":"closed","ping_status":"closed","sticky":false,"template":"","format":"standard","meta":{"_sage_video":false,"post_featured_image_hide":false,"footnotes":""},"categories":[15,65],"tags":[906,627,827],"business_type":[17,18],"lilypad":[],"context":[],"industry":[],"persona":[58,54,57,59],"imagine_tag":[39,41,40,24,38],"coauthors":[953],"class_list":["post-8038","post","type-post","status-publish","format-standard","has-post-thumbnail","hentry","category-digitale-transformation","category-recht-steuern-finanzen","tag-datenschutz","tag-dsgvo","tag-eugh","business_type-kleinunternehmer-handwerker","business_type-mittlere-unternehmen"],"sage_meta":{"region":"de-de","author_name":"Sabine Preusser","featured_image":"https:\/\/www.sage.com\/de-de\/blog\/wp-content\/uploads\/sites\/11\/2020\/08\/BILD-PRIVACYSHIELD_E2W_TIF_2017_25610.z.5E3A0463.jpg","imagine_tags":{"39":"Kleine Unternehmen","41":"Mittelstand","40":"Mittlere Unternehmen","24":"Sage Blog","38":"Start-Ups"}},"distributor_meta":false,"distributor_terms":false,"distributor_media":false,"distributor_original_site_name":"Sage Advice Deutschland","distributor_original_site_url":"https:\/\/www.sage.com\/de-de\/blog","push-errors":false,"_links":{"self":[{"href":"https:\/\/www.sage.com\/de-de\/blog\/api\/wp\/v2\/posts\/8038","targetHints":{"allow":["GET"]}}],"collection":[{"href":"https:\/\/www.sage.com\/de-de\/blog\/api\/wp\/v2\/posts"}],"about":[{"href":"https:\/\/www.sage.com\/de-de\/blog\/api\/wp\/v2\/types\/post"}],"author":[{"embeddable":true,"href":"https:\/\/www.sage.com\/de-de\/blog\/api\/wp\/v2\/users\/722"}],"replies":[{"embeddable":true,"href":"https:\/\/www.sage.com\/de-de\/blog\/api\/wp\/v2\/comments?post=8038"}],"version-history":[{"count":0,"href":"https:\/\/www.sage.com\/de-de\/blog\/api\/wp\/v2\/posts\/8038\/revisions"}],"wp:featuredmedia":[{"embeddable":true,"href":"https:\/\/www.sage.com\/de-de\/blog\/api\/wp\/v2\/media\/8039"}],"wp:attachment":[{"href":"https:\/\/www.sage.com\/de-de\/blog\/api\/wp\/v2\/media?parent=8038"}],"wp:term":[{"taxonomy":"category","embeddable":true,"href":"https:\/\/www.sage.com\/de-de\/blog\/api\/wp\/v2\/categories?post=8038"},{"taxonomy":"post_tag","embeddable":true,"href":"https:\/\/www.sage.com\/de-de\/blog\/api\/wp\/v2\/tags?post=8038"},{"taxonomy":"business_type","embeddable":true,"href":"https:\/\/www.sage.com\/de-de\/blog\/api\/wp\/v2\/business_type?post=8038"},{"taxonomy":"lilypad","embeddable":true,"href":"https:\/\/www.sage.com\/de-de\/blog\/api\/wp\/v2\/lilypad?post=8038"},{"taxonomy":"context","embeddable":true,"href":"https:\/\/www.sage.com\/de-de\/blog\/api\/wp\/v2\/context?post=8038"},{"taxonomy":"industry","embeddable":true,"href":"https:\/\/www.sage.com\/de-de\/blog\/api\/wp\/v2\/industry?post=8038"},{"taxonomy":"persona","embeddable":true,"href":"https:\/\/www.sage.com\/de-de\/blog\/api\/wp\/v2\/persona?post=8038"},{"taxonomy":"imagine_tag","embeddable":true,"href":"https:\/\/www.sage.com\/de-de\/blog\/api\/wp\/v2\/imagine_tag?post=8038"},{"taxonomy":"author","embeddable":true,"href":"https:\/\/www.sage.com\/de-de\/blog\/api\/wp\/v2\/coauthors?post=8038"}],"curies":[{"name":"wp","href":"https:\/\/api.w.org\/{rel}","templated":true}]}}