{"id":8048,"date":"2020-08-27T07:00:20","date_gmt":"2020-08-27T05:00:20","guid":{"rendered":"https:\/\/www.sage.com\/de-de\/blog\/?p=8048"},"modified":"2026-01-22T15:26:12","modified_gmt":"2026-01-22T14:26:12","slug":"wer-uebernimmt-die-haftung-bei-buchhaltung-in-der-cloud","status":"publish","type":"post","link":"https:\/\/www.sage.com\/de-de\/blog\/wer-uebernimmt-die-haftung-bei-buchhaltung-in-der-cloud\/","title":{"rendered":"Wer \u00fcbernimmt die Haftung bei Buchhaltung in der Cloud?"},"content":{"rendered":"<header class=\"entry-header has-dark-background-color entry-header--has-illustration entry-header--has-illustration--generic\">\n\t<div class=\"container\">\n\t\t<div class=\"entry-header__row row align-center\">\n\t\t\t<div class=\"col col-lg-7 col-xlg-6 entry-header__content\">\n\t\t\t\t\t\t\t<div class=\"component component-single-header\">\n\t\t\t\t\t\t\t\t\t\t<div class=\"entry-header__misc text--subtitle text--uppercase text--small\">\n\t\t\t\t\t\t\t<a href=\"https:\/\/www.sage.com\/de-de\/blog\/kategorie\/digitale-transformation\/\" class=\"entry-header__link\">Digitale Transformation<\/a>\t\t\t\t\t\t<\/div>\n\t\t\t\t\n\t\t\t\t<div class=\"entry-title-wrapper\">\n\t\t\t\t\t<h1 class=\"entry-title\">\n\t\t\t\t\t\tWer \u00fcbernimmt die Haftung bei Buchhaltung in der Cloud?\t\t\t\t\t<\/h1>\n\t\t\t\t<\/div>\n\n\t\t\t\t\t\t\t\t\t<p class=\"entry-header__description\">\n\t\t\t\t\t\t\t\t\t\t\t<\/p>\n\t\t\t\t\n\t\t\t\t\n\t\t\t\t\n\t\t\t<\/div>\n\n\t\t\t\t\t<\/div>\n\t\t\t\t\t<\/div>\n\t<\/div>\n\t<div class=\"single-post-details container\">\n\t\t<div class=\"col\">\n\t\t\t<span class=\"posted-on \"><time class=\"entry-date published\" datetime=\"2020-08-27T07:00:20+02:00\">27. August 2020<\/time><\/span><span class=\"reading-time\"> Minuten zu lesen<\/span>\n\t\t<button\n\t\t\ttype=\"button\"\n\t\t\tclass=\"social-share-button button button--icon button--secondary js-social-share-button\"\n\t\t\tdata-share-title=\"Wer \u00fcbernimmt die Haftung bei Buchhaltung in der Cloud?\"\n\t\t\tdata-share-url=\"https:\/\/www.sage.com\/de-de\/blog\/wer-uebernimmt-die-haftung-bei-buchhaltung-in-der-cloud\/\"\n\t\t\tdata-share-text=\"Bitte lesen Sie diesen interessanten Artikel\"\n\t\t>\n\t\t\t<span class=\"social-share-button__share-label\">Teilen<\/span>\n\t\t\t<span class=\"social-share-button__copy-label\" hidden>Link kopieren<\/span>\n\t\t\t<span class=\"social-share-button__copy-tooltip\" aria-hidden=\"true\" hidden>Kopiert<\/span>\n\t\t<\/button>\n\n\t\t\t\t<\/div>\n\t<\/div>\n<\/header>\n\n\n\n<div class=\"wp-block-post-author has-dark-background-color alignfull\">\n\t<div class=\"container\">\n\t\t<div class=\"col\">\n\t\t\t\t\t\t\t<div class=\"co-authors\">\n\t\t\t\t\t\n\t\t<div class=\"entry-author-wrapper\">\n\t\t\t<a class=\"entry-author\" href=\"https:\/\/www.sage.com\/de-de\/blog\/author\/sabinepreusser\/\">\n\t\t\t\t<img decoding=\"async\" alt=\"\" src=\"https:\/\/www.sage.com\/de-de\/blog\/wp-content\/uploads\/sites\/11\/2019\/02\/PreusserSabine2015.jpg\" class=\"entry-author__image\" height=\"40\" width=\"40\" fetchpriority=\"high\" \/>\t\t\t\t<span class=\"entry-author__name\">Sabine Preusser<\/span>\n\t\t\t<\/a>\n\n\t\t\t\t\t<\/div>\n\n\t\t\t\t\t\t<\/div>\n\t\t\t\t\t<\/div>\n\t<\/div>\n<\/div>\n\n\n\n\n\n<p>Wer Sch\u00e4den verursacht, ist dem Gesch\u00e4digten zur Haftung verpflichtet. Im gegenst\u00e4ndlichen Leben mag dieser Rechtsgrundsatz einfach zu beweisen sein. Wie sieht es aber mit der Haftung aus, wenn es nicht um Sachen, sondern um Daten geht? Wie wird ein Schaden und dessen Eintreten in diesem Fall definiert? Wer muss ihn vertreten, wer ist Gesch\u00e4digter, wer Verursacher?<\/p>\n\n\n\n<p>Eine Herausforderung beim <a href=\"https:\/\/www.sage.com\/de-de\/blog\/lexikon\/cloud-computing\/\" target=\"_blank\" rel=\"noopener noreferrer\">Cloud Computing<\/a> ist, dass in der Regel mehr als nur zwei Parteien involviert sind. Einerseits spielt bei der Datennutzung personenbezogener Daten immer auch der Dateneigent\u00fcmer eine Rolle. Zum anderen schalten Cloud-Provider oft auch Subunternehmen f\u00fcr die Leistungserbringung ein wie beispielsweise Rechenkapazit\u00e4ten bei Drittanbietern. Bei der Buchhaltung kommt noch hinzu, dass Steuerunterlagen das deutsche Hoheitsgebiet nicht verlassen d\u00fcrfen. &#8211; Schauen wir uns das doch mal der Reihe nach genauer an.<\/p>\n\n\n\n<h2 class=\"wp-block-heading\" id=\"h-haftung-aus-vertragsverletzung\">Haftung aus Vertragsverletzung<\/h2>\n\n\n\n<p>Bei Buchhaltung aus der Cloud handelt es sich um sogenannte typengemischte Vertr\u00e4ge. Es liegt ein Mietvertrag zur Nutzung einer Software vor. Diese hat bei Vertragsabschluss einen bestimmten Funktionsumfang. Eine Mietsache muss die bei Vertragsabschluss vereinbarten Eigenschaften \u00fcber die gesamte Laufzeit aufweisen. Bei einem Programmierfehler verliert die Software die vereinbarten Eigenschaften. Daraus kann Ihnen als Nutzer ein Schaden entstehen, f\u00fcr die der Anbieter aufkommen muss.<\/p>\n\n\n\n<p>Bei einer Buchhaltungssoftware aus der Cloud kann erg\u00e4nzend auch ein Werkvertrag vorliegen. Denn der Anbieter verpflichtet sich in der Regel, alle neuen Gesetze und Verordnungen mit Inkrafttreten in die Anwendung zu integrieren. Bei einem Werkvertrag gilt die Leistung als erbracht, wenn der vereinbarte Erfolg eintritt. Unterbleibt also ein Update rechtzeitig und es entsteht Ihnen daraus ein Schaden, ist der Anbieter schadenersatzpflichtig.<\/p>\n\n\n\n<p>Dar\u00fcber hinaus k\u00f6nnen in einem Cloud-Vertrag auch dienstvertragliche Elemente vorkommen. Dies ist vor allem dann der Fall, wenn der Cloud-Provider sich zur Schulung der Kunden und seiner Mitarbeiter verpflichtet. In den \u00fcberwiegenden F\u00e4llen kommt bei Leistungsst\u00f6rungen dieser drei Arten das Mietvertragsrecht zur Anwendung. Weil aber diese Dienstleistung aus der Wolke noch eine relativ neue Rechtsdisziplin ist, ist die Rechtslage oft un\u00fcbersichtlich. Dies gilt auch f\u00fcr den Datenschutz, der vor allem im grenz\u00fcberschreitenden Datenverkehr bisher wenig einheitliche Rahmenbedingungen vorfindet.<\/p>\n\n\n\n<div class=\"single-cta gated-content\">\n\t<div class=\"single-cta__positioner\">\n\t\t<div class=\"single-cta__wrapper has-dark-background-color\">\n\t\t\t<div class=\"single-cta__content\">\n\t\t\t\t\t\t\t\t<h2 class=\"single-cta__title h3\">Kostenfreie Checkliste: Rechtsaspekte im Cloud-Computing<\/h2>\n\n\t\t\t\t\t\t\t\t\t<div class=\"single-cta__description\">\n\t\t\t\t\t\t<p>Sie m\u00f6chten nun endlich auch auf Cloud-Computing umsteigen?<\/p>\n<p>Dann wird Sie unsere Checkliste, in der es um die Rechtsaspekte geht, dabei prima unterst\u00fctzen. Diese relevanten Punkte werden beleuchtet:<\/p>\n<ul>\n<li>Bestands- und Bedarfserhebung<\/li>\n<li>Rechtliche Rahmenbedingungen<\/li>\n<li>Sicherheitsstandards<\/li>\n<li>Vertragsinhalte<\/li>\n<\/ul>\n\t\t\t\t\t<\/div>\n\t\t\t\t\n\t\t\t\t\t\t\t\t\t\t\t\t\t\t<a\n\t\t\t\t\t\thref=\"#gate-434c1a36-6507-4dfd-8613-b074d51840ca\"\n\t\t\t\t\t\tclass=\"single-cta__button button button--primary\"\n\t\t\t\t\t\t\t\t\t\t\t\t\t\t\t\t\t>Kostenfrei jetzt Checkliste herunterladen<\/a>\n\t\t\t\t\t\t\t<\/div>\n\n\t\t\t\t\t<\/div>\n\n\t\t\t\t\t<img decoding=\"async\" width=\"612\" height=\"408\" src=\"https:\/\/www.sage.com\/de-de\/blog\/wp-content\/uploads\/sites\/11\/2021\/06\/Colleagues-.-Germany-Photography_-2019__DSC6603.jpg\" class=\"single-cta__image\" alt=\"\" loading=\"lazy\" srcset=\"https:\/\/www.sage.com\/de-de\/blog\/wp-content\/uploads\/sites\/11\/2021\/06\/Colleagues-.-Germany-Photography_-2019__DSC6603.jpg 612w\" sizes=\"auto, (min-width: 48em) 33vw, 100vw\" \/>\t\t\t<\/div>\n<\/div>\n\n\n\n<h2 class=\"wp-block-heading\" id=\"h-haftung-bei-fehlern-in-der-auftragsdatenverarbeitung\">Haftung bei Fehlern in der Auftragsdatenverarbeitung<\/h2>\n\n\n\n<p>Komplexer als die Haftung bei Leistungsst\u00f6rungen im Funktionsumfang sind Haftungsrisiken des Cloud Providers bei der sogenannten Auftragsdatenverarbeitung. Denn immer wenn personenbezogene Daten in der Cloud verarbeitet werden, geht es auch um den <a href=\"https:\/\/www.sage.com\/de-de\/blog\/lexikon\/datenschutz\/\" target=\"_blank\" rel=\"noopener noreferrer\">Datenschutz<\/a> der Dateneigent\u00fcmer. Hinzu kommt, dass viele Cloud-Provider sich weiterer Subunternehmer wie externe Rechenzentren zur Leistungserbringung bedienen.<\/p>\n\n\n\n<p>Die Verarbeitung personenbezogener Daten au\u00dferhalb der eigenen IT-Infrastruktur ist an enge Voraussetzungen gebunden, die im Bundesdatenschutzgesetz (BDSG) geregelt sind. Der Nutzer muss auch in der Cloud die Datenhoheit behalten, weil er letztverantwortlich bleibt. Deshalb m\u00fcssen Sie Ihren Cloud-Provider vertraglich darauf verpflichten, dass er bei der Auftragsdatenverarbeitung die strengen Regeln des Bundesdatenschutzgesetzes (BDSG) einh\u00e4lt. Zudem m\u00fcssen Sie bei der Auswahl Ihres Cloud-Providers darauf achten, dass dieser mindestens den Datengrundschutz des Bundesamtes f\u00fcr Sicherheit in der Informationswirtschaft (BSI) umsetzt.<\/p>\n\n\n\n<p>Bereits bei der Auswahl des Anbieters sollten Sie sich vergewissern, dass Ihr Provider alle technisch m\u00f6glichen und organisatorisch erforderlichen Ma\u00dfnahmen nach der ISO 27001 erf\u00fcllt. Diese Industrienorm f\u00fcr Rechenzentren deckt die BSI Empfehlungen ab.<\/p>\n\n\n\n<p>Kommt es trotz aller Sicherungsma\u00dfnahmen zu einem Datenverlust beispielsweise wegen eines fehlerhaften Backups, und tritt der Schaden aufgrund eines Umstandes ein, den der Cloud-Provider zu vertreten hat, ist er Ihnen zur Haftung verpflichtet. M\u00fcssen Sie sich aber einen Fehler zurechnen lassen durch Fehlbedienung oder unachtsamen Umgang mit den Daten, stehen Sie eventuell den Dateneigent\u00fcmern gegen\u00fcber in der Haftung.<\/p>\n\n\n\n<h2 class=\"wp-block-heading\" id=\"h-wo-findet-die-datenverarbeitung-statt\">Wo findet die Datenverarbeitung statt<\/h2>\n\n\n\n<p>Eine Grundidee von Software oder Infrastruktur aus der Cloud ist, dass externe Ressourcen grenz\u00fcberschreitend auf verschiedenen Servern verarbeitet werden. Wo genau Ihre Daten und insbesondere Ihre Steuerdaten verarbeitet werden, k\u00f6nnen Sie in der Regel nur schwer nachpr\u00fcfen. Erschwerend kommt hinzu dass die Verarbeitung personenbezogener Daten grunds\u00e4tzlich nur innerhalb der EU zul\u00e4ssig ist. Und steuerrelevante Daten m\u00fcssen zudem immer auf deutschem Hoheitsgebiet lagern.<\/p>\n\n\n\n<p>Sie sollten daher Ihren Cloud-Anbieter darauf vertraglich verpflichten, dass er solche Daten in seiner Cloud auf Servern verarbeitet, die in Deutschland stehen. Tut er dies nicht und erhalten Sie beispielsweise bei einer Betriebspr\u00fcfung ein Bu\u00dfgeld, k\u00f6nnen Sie Ihren Cloud-Provider daf\u00fcr haftbar machen, wenn Sie nachweisen k\u00f6nnen, dass er es Ihnen vertraglich zugesichert hatte.<\/p>\n\n\n\n<h2 class=\"wp-block-heading\" id=\"h-fazit\">Fazit<\/h2>\n\n\n\n<p>Achten Sie bei der Auswahl einer <a href=\"https:\/\/www.sage.com\/de-de\/cp\/buchhaltung\/\" target=\"_blank\" rel=\"noopener noreferrer\">Buchhaltungssoftware aus der Cloud<\/a> darauf, dass Ihr Cloud-Provider alle Vorgaben des BDSG erf\u00fcllt und nach der ISO 27001 zertifiziert ist. Grunds\u00e4tzlich bleiben Sie Herr \u00fcber die Daten und m\u00fcssen f\u00fcr die datenschutzkonforme Verarbeitung geradestehen.<\/p>\n\n\n\n<p>Je besser Sie alle BDSG-relevanten Auflagen mit Ihrem Cloud-Anbieter vertraglich regeln, desto eher k\u00f6nnen Sie Haftungsrisiken f\u00fcr Ihr Unternehmen begrenzen und auf den Dienstleister abw\u00e4lzen. Im Zweifel wird es aber immer um die Kl\u00e4rung gehen, wer einen Datenverlust oder eine Datenschutzverletzung zu verantworten hat.<\/p>\n\n\n\n<h2 class=\"wp-block-heading\" id=\"h-unser-spezial-mit-sicherheit-in-die-cloud\">Unser Spezial \u201eMit Sicherheit in die Cloud\u201c<\/h2>\n\n\n\n<p>Das Thema Cloudtechnologie ist in aller Munde. Die Erleichterungen, die ein flexibler Zugriff auf Informationen, Daten und Dokumente mit sich bringt, ist charmant wie nie \u2013 genauso wie die damit einhergehenden Arbeitserleichterungen.<\/p>\n\n\n\n<p>Dennoch muss man sich mit einigen Anforderungen an Datensicherheit und Datenschutz auseinandersetzen. Neben den Haftungsanforderungen beleuchten wir f\u00fcr Sie auch andere wichtige Aspekte:<\/p>\n\n\n\n<ul class=\"wp-block-list\">\n<li><a href=\"https:\/\/www.sage.com\/de-de\/blog\/wie-sicher-ist-es-firmendaten-in-der-cloud-zu-speichern\/\" target=\"_blank\" rel=\"noopener noreferrer\">Wie sicher ist es, Firmendaten in der Cloud zu speichern?<\/a><\/li>\n\n\n\n<li><a href=\"https:\/\/www.sage.com\/de-de\/blog\/rechtliche-aspekte-des-cloud-computings\/\" target=\"_blank\" rel=\"noopener noreferrer\">Rechtliche Aspekte des Cloud-Computings<\/a><\/li>\n\n\n\n<li><a href=\"https:\/\/www.sage.com\/de-de\/blog\/buchhaltung-cloud-oder-server-welche-loesung-ist-fuer-sie-die-richtige\/\" target=\"_blank\" rel=\"noopener noreferrer\">Buchhaltung: Cloud oder Server \u2013 welche L\u00f6sung ist f\u00fcr Sie die richtige?<\/a><\/li>\n\n\n\n<li><a href=\"https:\/\/www.sage.com\/de-de\/blog\/gross-oder-klein-fuer-welche-unternehmen-eignet-sich-die-cloud-fy21s-digitaltag\/\" target=\"_blank\" rel=\"noopener noreferrer\">Gro\u00df oder klein? F\u00fcr welche Unternehmen eignet sich die Cloud?<\/a><\/li>\n\n\n\n<li><a href=\"https:\/\/www.sage.com\/de-de\/blog\/geschaeftsfuehrerhaftung-bei-fehlern-in-der-finanzbuchhaltung\/\">Gesch\u00e4ftsf\u00fchrerhaftung bei Fehlern in der Finanzbuchhaltung?<\/a><\/li>\n<\/ul>\n\n\n\n<div class=\"single-cta\">\n\t<div class=\"single-cta__positioner\">\n\t\t<div class=\"single-cta__wrapper has-dark-background-color\">\n\t\t\t<div class=\"single-cta__content\">\n\t\t\t\t\t\t\t\t<h2 class=\"single-cta__title h3\">Buchhaltung online durchf\u00fchren<\/h2>\n\n\t\t\t\t\t\t\t\t\t<div class=\"single-cta__description\">\n\t\t\t\t\t\t<p>Moderne Buchhaltungssoftware f\u00fcr Unternehmer von kleinen und mittleren Unternehmen:<\/p>\n<ul>\n<li>Angebote &amp; Rechnungen<\/li>\n<li>Auftragsbearbeitung<\/li>\n<li>Finanzbuchhaltung<\/li>\n<li>Warenwirtschaft<\/li>\n<\/ul>\n<p>Erstellen Sie Ihre komplette Buchhaltung im Handumdrehen <span style=\"color: #00ff00\">\u2013 auch ohne Vorkenntnisse.<\/span><\/p>\n\t\t\t\t\t<\/div>\n\t\t\t\t\n\t\t\t\t\t\t\t\t\t\t\t\t\t\t<a\n\t\t\t\t\t\thref=\"https:\/\/www.sage.com\/de-de\/produkte\/sage-erp\/\"\n\t\t\t\t\t\tclass=\"single-cta__button button button--primary\"\n\t\t\t\t\t\t\t\t\t\t\t\t\tid=\"cta-id-6807\"\n\t\t\t\t\t\t\t\t\t\t\t\t\t\t\t\t\t\t\tdata-button-location=\"cta_box\"\n\t\t\t\t\t\t\t\t\t\t\t>Jetzt testen<\/a>\n\t\t\t\t\t\t\t<\/div>\n\n\t\t\t\t\t<\/div>\n\n\t\t\t\t\t<img decoding=\"async\" width=\"1202\" height=\"810\" src=\"https:\/\/www.sage.com\/de-de\/blog\/wp-content\/uploads\/sites\/11\/2021\/07\/Caravan-Center_2019_Sage-X3_Photo-10458-1-1202x810.jpg\" class=\"single-cta__image\" alt=\"Frauen im B\u00fcro\" loading=\"lazy\" srcset=\"https:\/\/www.sage.com\/de-de\/blog\/wp-content\/uploads\/sites\/11\/2021\/07\/Caravan-Center_2019_Sage-X3_Photo-10458-1-1202x810.jpg 1202w\" sizes=\"auto, (min-width: 48em) 33vw, 100vw\" \/>\t\t\t<\/div>\n<\/div>\n","protected":false},"excerpt":{"rendered":"<p>Wer Sch\u00e4den verursacht, ist dem Gesch\u00e4digten zur Haftung verpflichtet. Im gegenst\u00e4ndlichen Leben mag dieser Rechtsgrundsatz einfach zu beweisen sein. Wie sieht es aber mit der Haftung aus, wenn es nicht um Sachen, sondern um Daten geht? Wie wird ein Schaden und dessen Eintreten in diesem Fall definiert? Wer muss ihn vertreten, wer ist Gesch\u00e4digter, wer [&hellip;]<\/p>\n","protected":false},"author":722,"featured_media":8052,"comment_status":"closed","ping_status":"closed","sticky":false,"template":"","format":"standard","meta":{"_sage_video":false,"post_featured_image_hide":false,"footnotes":""},"categories":[15,65],"tags":[599,84,670,85,906,76],"business_type":[17,18],"lilypad":[],"context":[],"industry":[],"persona":[58,54,57,59],"imagine_tag":[32,34,33,39,41,40,38],"coauthors":[953],"class_list":["post-8048","post","type-post","status-publish","format-standard","has-post-thumbnail","hentry","category-digitale-transformation","category-recht-steuern-finanzen","tag-blog","tag-buchhaltung","tag-business-cloud","tag-cloud","tag-datenschutz","tag-digitalisierung","business_type-kleinunternehmer-handwerker","business_type-mittlere-unternehmen"],"sage_meta":{"region":"de-de","author_name":"Sabine Preusser","featured_image":"https:\/\/www.sage.com\/de-de\/blog\/wp-content\/uploads\/sites\/11\/2020\/08\/DAS-Sage_Colleague_2020_Portugal_Lisboa_005.jpg","imagine_tags":{"32":"Buchhaltung","34":"ERP","33":"Finanzen","39":"Kleine Unternehmen","41":"Mittelstand","40":"Mittlere Unternehmen","38":"Start-Ups"}},"distributor_meta":false,"distributor_terms":false,"distributor_media":false,"distributor_original_site_name":"Sage Advice Deutschland","distributor_original_site_url":"https:\/\/www.sage.com\/de-de\/blog","push-errors":false,"_links":{"self":[{"href":"https:\/\/www.sage.com\/de-de\/blog\/api\/wp\/v2\/posts\/8048","targetHints":{"allow":["GET"]}}],"collection":[{"href":"https:\/\/www.sage.com\/de-de\/blog\/api\/wp\/v2\/posts"}],"about":[{"href":"https:\/\/www.sage.com\/de-de\/blog\/api\/wp\/v2\/types\/post"}],"author":[{"embeddable":true,"href":"https:\/\/www.sage.com\/de-de\/blog\/api\/wp\/v2\/users\/722"}],"replies":[{"embeddable":true,"href":"https:\/\/www.sage.com\/de-de\/blog\/api\/wp\/v2\/comments?post=8048"}],"version-history":[{"count":0,"href":"https:\/\/www.sage.com\/de-de\/blog\/api\/wp\/v2\/posts\/8048\/revisions"}],"wp:featuredmedia":[{"embeddable":true,"href":"https:\/\/www.sage.com\/de-de\/blog\/api\/wp\/v2\/media\/8052"}],"wp:attachment":[{"href":"https:\/\/www.sage.com\/de-de\/blog\/api\/wp\/v2\/media?parent=8048"}],"wp:term":[{"taxonomy":"category","embeddable":true,"href":"https:\/\/www.sage.com\/de-de\/blog\/api\/wp\/v2\/categories?post=8048"},{"taxonomy":"post_tag","embeddable":true,"href":"https:\/\/www.sage.com\/de-de\/blog\/api\/wp\/v2\/tags?post=8048"},{"taxonomy":"business_type","embeddable":true,"href":"https:\/\/www.sage.com\/de-de\/blog\/api\/wp\/v2\/business_type?post=8048"},{"taxonomy":"lilypad","embeddable":true,"href":"https:\/\/www.sage.com\/de-de\/blog\/api\/wp\/v2\/lilypad?post=8048"},{"taxonomy":"context","embeddable":true,"href":"https:\/\/www.sage.com\/de-de\/blog\/api\/wp\/v2\/context?post=8048"},{"taxonomy":"industry","embeddable":true,"href":"https:\/\/www.sage.com\/de-de\/blog\/api\/wp\/v2\/industry?post=8048"},{"taxonomy":"persona","embeddable":true,"href":"https:\/\/www.sage.com\/de-de\/blog\/api\/wp\/v2\/persona?post=8048"},{"taxonomy":"imagine_tag","embeddable":true,"href":"https:\/\/www.sage.com\/de-de\/blog\/api\/wp\/v2\/imagine_tag?post=8048"},{"taxonomy":"author","embeddable":true,"href":"https:\/\/www.sage.com\/de-de\/blog\/api\/wp\/v2\/coauthors?post=8048"}],"curies":[{"name":"wp","href":"https:\/\/api.w.org\/{rel}","templated":true}]}}