{"id":8692,"date":"2021-02-17T08:00:21","date_gmt":"2021-02-17T07:00:21","guid":{"rendered":"https:\/\/www.sage.com\/de-de\/blog\/?p=8692"},"modified":"2025-05-07T16:00:28","modified_gmt":"2025-05-07T14:00:28","slug":"selbstverstaendlich-nachfolgerin-insights-3","status":"publish","type":"post","link":"https:\/\/www.sage.com\/de-de\/blog\/selbstverstaendlich-nachfolgerin-insights-3\/","title":{"rendered":"Selbstverst\u00e4ndlich Nachfolgerin? Insights #3"},"content":{"rendered":"<header class=\"entry-header has-dark-background-color entry-header--has-illustration entry-header--has-illustration--generic\">\n\t<div class=\"container\">\n\t\t<div class=\"entry-header__row row align-center\">\n\t\t\t<div class=\"col col-lg-7 col-xlg-6 entry-header__content\">\n\t\t\t\t\t\t\t<div class=\"component component-single-header\">\n\t\t\t\t\t\t\t\t\t\t<div class=\"entry-header__misc text--subtitle text--uppercase text--small\">\n\t\t\t\t\t\t\t<a href=\"https:\/\/www.sage.com\/de-de\/blog\/kategorie\/digitale-transformation\/\" class=\"entry-header__link\">Digitale Transformation<\/a>\t\t\t\t\t\t<\/div>\n\t\t\t\t\n\t\t\t\t<div class=\"entry-title-wrapper\">\n\t\t\t\t\t<h1 class=\"entry-title\">\n\t\t\t\t\t\tSelbstverst\u00e4ndlich Nachfolgerin? Insights #3\t\t\t\t\t<\/h1>\n\t\t\t\t<\/div>\n\n\t\t\t\t\t\t\t\t\t<p class=\"entry-header__description\">\n\t\t\t\t\t\t\t\t\t\t\t<\/p>\n\t\t\t\t\n\t\t\t\t\n\t\t\t\t\n\t\t\t<\/div>\n\n\t\t\t\t\t<\/div>\n\t\t\t\t\t<\/div>\n\t<\/div>\n\t<div class=\"single-post-details container\">\n\t\t<div class=\"col\">\n\t\t\t<span class=\"posted-on \"><time class=\"entry-date published\" datetime=\"2021-02-17T08:00:21+01:00\">17. February 2021<\/time><\/span><span class=\"reading-time\"> Minuten zu lesen<\/span>\n\t\t<button\n\t\t\ttype=\"button\"\n\t\t\tclass=\"social-share-button button button--icon button--secondary js-social-share-button\"\n\t\t\tdata-share-title=\"Selbstverst\u00e4ndlich Nachfolgerin? Insights #3\"\n\t\t\tdata-share-url=\"https:\/\/www.sage.com\/de-de\/blog\/selbstverstaendlich-nachfolgerin-insights-3\/\"\n\t\t\tdata-share-text=\"Bitte lesen Sie diesen interessanten Artikel\"\n\t\t>\n\t\t\t<span class=\"social-share-button__share-label\">Teilen<\/span>\n\t\t\t<span class=\"social-share-button__copy-label\" hidden>Link kopieren<\/span>\n\t\t\t<span class=\"social-share-button__copy-tooltip\" aria-hidden=\"true\" hidden>Kopiert<\/span>\n\t\t<\/button>\n\n\t\t\t\t<\/div>\n\t<\/div>\n<\/header>\n\n\n<div class=\"wp-block-post-author has-dark-background-color alignfull\">\n\t<div class=\"container\">\n\t\t<div class=\"col\">\n\t\t\t\t\t\t\t<div class=\"co-authors\">\n\t\t\t\t\t\n\t\t<div class=\"entry-author-wrapper\">\n\t\t\t<a class=\"entry-author\" href=\"https:\/\/www.sage.com\/de-de\/blog\/author\/janfriedrich\/\">\n\t\t\t\t<img loading=\"lazy\" decoding=\"async\" width=\"40\" height=\"40\" src=\"https:\/\/www.sage.com\/de-de\/blog\/wp-content\/uploads\/sites\/11\/2020\/09\/Unbenannte-Aufnahme0008-2-350x350.jpg\" class=\"entry-author__image\" alt=\"Jan Friedrich, Podcast Host SageNAchfolgePlaner Unternehmensnachfolge\" srcset=\"https:\/\/www.sage.com\/de-de\/blog\/wp-content\/uploads\/sites\/11\/2020\/09\/Unbenannte-Aufnahme0008-2-350x350.jpg 350w, https:\/\/www.sage.com\/de-de\/blog\/wp-content\/uploads\/sites\/11\/2020\/09\/Unbenannte-Aufnahme0008-2-768x753.jpg 768w, https:\/\/www.sage.com\/de-de\/blog\/wp-content\/uploads\/sites\/11\/2020\/09\/Unbenannte-Aufnahme0008-2-826x810.jpg 826w, https:\/\/www.sage.com\/de-de\/blog\/wp-content\/uploads\/sites\/11\/2020\/09\/Unbenannte-Aufnahme0008-2-1536x1506.jpg 1536w, https:\/\/www.sage.com\/de-de\/blog\/wp-content\/uploads\/sites\/11\/2020\/09\/Unbenannte-Aufnahme0008-2-2048x2008.jpg 2048w\" sizes=\"auto, (max-width: 40px) 100vw, 40px\" \/>\t\t\t\t<span class=\"entry-author__name\">Jan Friedrich<\/span>\n\t\t\t<\/a>\n\n\t\t\t\t\t<\/div>\n\n\t\t\t\t\t\t<\/div>\n\t\t\t\t\t<\/div>\n\t<\/div>\n<\/div>\n\n\n\n<p>Obwohl Frauen einen Gro\u00dfteil der Wirtschaftsleistung in Deutschland erarbeiten und <a href=\"https:\/\/www.sage.com\/de-de\/blog\/unternehmensnachfolge-und-diversitaet-die-vorteile-von-mehr-vielfalt-in-ihrem-team-fy20\/\" target=\"_blank\" rel=\"noopener noreferrer\">diverse Teams \u00f6konomisch erfolgreicher<\/a> sind als heterogene, sind <a href=\"https:\/\/www.sage.com\/de-de\/blog\/wo-bleiben-die-chefinnen\/\" target=\"_blank\" rel=\"noopener noreferrer\">Frauen in der Unternehmensnachfolge<\/a> immer noch keine Selbstverst\u00e4ndlichkeit. Bei Nachfolgen innerhalb von Familienunternehmen sind T\u00f6chter immer noch deutlich in der Minderheit und bei externen Nachfolgen fehlt es an \u00fcbernahmewilligen Jungunternehmerinnen. Anhand der <a href=\"https:\/\/www.kfw.de\/PDF\/Download-Center\/Konzernthemen\/Research\/PDF-Dokumente-Volkswirtschaft-Kompakt\/One-Pager-2020\/VK-Nr.-189-Januar-2020-Chefinnen.pdf\" target=\"_blank\" rel=\"noopener noreferrer\">Zahlen des KfW-Mittelstandspanels<\/a> zu Frauen in F\u00fchrungspositionen kann man sich leicht vorstellen, dass die zu \u00fcberwindenden Widerst\u00e4nde f\u00fcr Frauen hoch sind.<\/p>\n\n\n\n<p>Warum ist ein Umdenken erforderlich? Was passiert, wenn Frauen trotz schwieriger Rahmenbedingungen und \u00fcberholter Rollenbilder die F\u00fchrung selbst in die Hand nehmen? Antworten dazu in der dritten Ausgabe unserer Nachfolge-Insights.<\/p>\n\n\n\n<blockquote class=\"wp-block-quote is-layout-flow wp-block-quote-is-layout-flow\">\n<p>\u201eDie Diskussion in der \u00d6ffentlichkeit ist einen Schritt weiter als die Realit\u00e4t\u201c<\/p>\n<\/blockquote>\n\n\n\n<figure class=\"wp-block-image alignleft size-large is-resized\"><img decoding=\"async\" src=\"https:\/\/www.sage.com\/de-de\/blog\/wp-content\/uploads\/sites\/11\/2020\/06\/Dr-R\u00f6hl_Klaus_Heiner-735x810.jpg\" alt=\"\" class=\"wp-image-7790\" style=\"object-fit:cover;width:150px;height:150px\"\/><\/figure>\n\n\n\n<p>Dr. Klaus-Heiner R\u00f6hl ist seit M\u00e4rz 2002 im Institut der deutschen Wirtschaft K\u00f6ln t\u00e4tig. Seine Hauptarbeitsgebiete sind die strukturelle Entwicklung der Wirtschaft und vor allem des unternehmerischen Mittelstands in Deutschland.\u201c Dr. R\u00f6hl ist einer der Verfasser der Analyse des Instituts der deutschen Wirtschaft \u201eUnternehmensnachfolge durch Frauen\u201c von 2010 und sagt:<\/p>\n\n\n\n<p>\u201eDie Annahme damals war, dass k\u00fcnftig ein Aufw\u00e4rtstrend beim Anteil von Frauen in der Unternehmensf\u00fchrung und in der Nachfolge stattfinden w\u00fcrde. Stattdessen ist es bei einer Stabilisierung auf eher bescheidenem Niveau geblieben. Auch wenn es heute schon selbstverst\u00e4ndlicher als vor 10 Jahren ist, dass Frauen Unternehmerinnen und Nachfolgerinnen werden, ist das Ziel noch lange nicht erreicht \u2013 denn an den Zahlen k\u00f6nnen wir das nicht ablesen.\u201c<\/p>\n\n\n<div class=\"video-container-wrap -mode-full\"><div class=\"video-container\"><video\n\t\t\t\tclass=\"sage-video video-js vjs-default-skin \"\n\t\t\t\twidth=\"640\"\n\t\t\t\theight=\"360\"\n\t\t\t\tdata-setup='{ \"controls\": true, \"aspectRatio\" : \"16:9\", \"poster\": \"https:\/\/img.youtube.com\/vi\/gqGrST7bDXM\/maxresdefault.jpg\", \"techOrder\": [\"youtube\"], \"enablejsapi\": 1, \"origin\": \"https:\/\/www.sage.com\", \"sources\": [{ \"type\": \"video\/youtube\", \"src\": \"https:\/\/www.youtube.com\/watch?v=gqGrST7bDXM\"}], \"youtube\": { \"ytControls\": 0, \"cc_load_policy\": 3, \"modestbranding\": 1, \"hl\": \"de_DE\", \"playsinline\": 1 } }'\n\t\t\t\tcrossorigin=\"\"><\/video><\/div><\/div>\n\n\n\n<p>Im Sage <a href=\"https:\/\/www.sage.com\/de-de\/blog\/tipps-aus-der-praxis-unternehmensnachfolge-ist-auch-weiblich-fy20\/\" target=\"_blank\" rel=\"noopener noreferrer\">Experten-Talk<\/a> diskutiert er mit erfolgreichen Unternehmensnachfolgerinnen und Gr\u00fcnderinnen dar\u00fcber, was Frauen daran hindert, die F\u00fchrung eines Unternehmens zu \u00fcbernehmen und wie der Wandel gelingen kann.<\/p>\n\n\n\n<div class=\"single-cta gated-content\">\n\t<div class=\"single-cta__positioner\">\n\t\t<div class=\"single-cta__wrapper has-dark-background-color\">\n\t\t\t<div class=\"single-cta__content\">\n\t\t\t\t\t\t\t\t<h2 class=\"single-cta__title h3\">Interesse an weiteren Nachfolge-Stories? <\/h2>\n\n\t\t\t\t\n\t\t\t\t\t\t\t\t\t\t\t\t\t\t<a\n\t\t\t\t\t\thref=\"#gate-a59880de-3d38-4b82-914c-ffa16bab6ae7\"\n\t\t\t\t\t\tclass=\"single-cta__button button button--primary\"\n\t\t\t\t\t\t\t\t\t\t\t\t\t\t\t\t\t>Jetzt Newsletter abonnieren<\/a>\n\t\t\t\t\t\t\t<\/div>\n\n\t\t\t\t\t<\/div>\n\n\t\t\t\t\t<img decoding=\"async\" width=\"1064\" height=\"810\" src=\"https:\/\/www.sage.com\/de-de\/blog\/wp-content\/uploads\/sites\/11\/2021\/03\/Blog-Unternehmensnachfolge-1064x810.jpg\" class=\"single-cta__image\" alt=\"\" loading=\"lazy\" srcset=\"https:\/\/www.sage.com\/de-de\/blog\/wp-content\/uploads\/sites\/11\/2021\/03\/Blog-Unternehmensnachfolge-1064x810.jpg 1064w\" sizes=\"auto, (min-width: 48em) 33vw, 100vw\" \/>\t\t\t<\/div>\n<\/div>\n\n\n\n\n<blockquote class=\"wp-block-quote is-layout-flow wp-block-quote-is-layout-flow\">\n<blockquote class=\"wp-block-quote is-layout-flow wp-block-quote-is-layout-flow\">\n<p>\u201eEs ist wirklich nicht einfach, wenn man so viel Gegenwind bekommt. Man fragt sich: Bin ich nichts wert?\u201c<\/p>\n<\/blockquote>\n\n\n\n<p>Carolin Weiler ist Jungwinzerin im elterlichen Weingut in Lorch am Rhein. Bereits nach dem Schulabschluss interessierte sie sich f\u00fcr Weinbau. Damals hie\u00df es: \u201eNein, einer deiner Br\u00fcder wird den Betrieb \u00fcbernehmen. Mach du doch was Soziales, du kannst doch gut mit Menschen.\u201c Nach abgeschlossener Ausbildung als Erzieherin erkl\u00e4rte sie ihrem Vater, dass sie nach wie vor in das elterliche Weingut einsteigen wollte. \u201eDu spinnst, wie kannst du das nur machen?\u201c, war die Reaktion. Ein zentraler Punkt ihres Vaters: Die oft k\u00f6rperlich schwere Arbeit im Weinberg ist M\u00e4nnersache, ein viel zu anstrengender Beruf f\u00fcr Frauen.<\/p>\n\n\n\n<p>Im <a href=\"https:\/\/www.sage.com\/de-de\/blog\/unternehmensnachfolge-im-weinberg-jungwinzerin-carolin-weiler-setzt-sich-gegen-widerstaende-als-nachfolgerin-im-familienunternehmen-durch-sagenachfolgeplaner-podcast-folge-9-fy20\/\" target=\"_blank\" rel=\"noopener noreferrer\">#SageNachfolgePlaner \u2013 Podcast<\/a> erz\u00e4hlt Carolin Weiler ihre pers\u00f6nliche Erfolgsgeschichte und beweist, dass Frauen das Winzer-Handwerk ebenso gut verstehen wie M\u00e4nner. Nicht umsonst wurde sie von den Experten des VINUM-Weinguides zur \u201e<a href=\"https:\/\/www.vinum.eu\/de\/presse\/2020\/vinum-weinguide-deutschland-2021-die-gewinner\/\" target=\"_blank\" rel=\"noopener noreferrer\">Entdeckung des Jahres 2021<\/a>\u201c gek\u00fcrt.<\/p>\n\n\n\n<blockquote class=\"wp-block-quote is-layout-flow wp-block-quote-is-layout-flow\">\n<p>\u201eWir d\u00fcrfen das Potential weiblicher Nachfolge nicht weiter vernachl\u00e4ssigen.\u201c<\/p>\n<\/blockquote>\n<\/blockquote>\n\n\n\n<figure class=\"wp-block-image alignleft size-large is-resized\"><img loading=\"lazy\" decoding=\"async\" width=\"830\" height=\"810\" src=\"https:\/\/www.sage.com\/de-de\/blog\/wp-content\/uploads\/sites\/11\/2020\/07\/Alexander_Reichel-830x810.png\" alt=\"\" class=\"wp-image-7958\" style=\"object-fit:cover;width:150px;height:150px\" srcset=\"https:\/\/www.sage.com\/de-de\/blog\/wp-content\/uploads\/sites\/11\/2020\/07\/Alexander_Reichel-830x810.png 830w, https:\/\/www.sage.com\/de-de\/blog\/wp-content\/uploads\/sites\/11\/2020\/07\/Alexander_Reichel-768x750.png 768w, https:\/\/www.sage.com\/de-de\/blog\/wp-content\/uploads\/sites\/11\/2020\/07\/Alexander_Reichel-1536x1499.png 1536w, https:\/\/www.sage.com\/de-de\/blog\/wp-content\/uploads\/sites\/11\/2020\/07\/Alexander_Reichel-2048x1999.png 2048w\" sizes=\"auto, (max-width: 830px) 100vw, 830px\" \/><\/figure>\n\n\n\n<p>Als Gesch\u00e4ftsf\u00fchrer der Unternehmensvermittlung Oakstreet GmbH |&nbsp;<a href=\"https:\/\/www.concess.de\/\" target=\"_blank\" rel=\"noopener noreferrer\">concess M+A \u2013 Partner<\/a>&nbsp;in M\u00fcnchen begleitet <a href=\"https:\/\/www.sage.com\/de-de\/blog\/unternehmensnachfolge-geplant-was-tun-in-krisenzeiten-fy20\/\" target=\"_blank\" rel=\"noopener noreferrer\">Alexander Reichel<\/a> mittelst\u00e4ndische Unternehmen bei deren Nachfolgel\u00f6sung und dem Verkauf des Unternehmens. Er sagt:<\/p>\n\n\n\n<p>\u201eDie meisten mittelst\u00e4ndischen Unternehmer, deren Unternehmensverkauf wir begleiten, sind sehr offen f\u00fcr&nbsp;<a href=\"https:\/\/www.sage.com\/de-de\/blog\/online-live-event-unternehmensnachfolge-ist-auch-weiblich-sie-muessen-sich-nur-trauen-fy20\/\">weibliche Nachfolger<\/a>. Was uns fehlt, sind die Nachfolgerinnen. Wir haben mit Senior-Unternehmerinnen als Verk\u00e4uferinnen ihres Betriebes hervorragende Erfahrungen gemacht. Diese Referenzen legen wir gerne jedem Verk\u00e4ufer mit ans Herz.\u201c<\/p>\n\n\n\n<h3 class=\"wp-block-heading\" id=\"h-vdu-verleiht-she-succeeds-award-fur-erfolgreiche-nachfolgerinnen\"><strong>VdU verleiht \u201eshe succeeds award\u201c f\u00fcr erfolgreiche Nachfolgerinnen<\/strong><\/h3>\n\n\n\n<p>Die ungleiche Verteilung von M\u00e4nnern und Frauen in F\u00fchrungspositionen bei der Nachfolge ist l\u00e4ngst in das Bewusstsein der \u00d6ffentlichkeit gedrungen. Nicht erst in den letzten Jahren entstehen immer mehr Netzwerke, die insbesondere Frauen in F\u00fchrungspositionen st\u00e4rken und zu mehr Gleichberechtigung in Wirtschaft, Politik und Gesellschaft beitragen. So setzt sich der branchen\u00fcbergreifende <a href=\"https:\/\/www.vdu.de\/home.html\" target=\"_blank\" rel=\"noopener noreferrer\">Verband deutscher Unternehmerinnen (VdU)<\/a> schon seit \u00fcber 60 Jahren f\u00fcr bessere Bedingungen f\u00fcr Frauen in der Wirtschaft ein. Heute sind in dem Netzwerk fast 2.000 mittelst\u00e4ndische Unternehmen mit Frauen an der Spitze vertreten.<\/p>\n\n\n\n<p>Einmal im Jahr verleiht der VdU den she succeeds award (ehemals Next Generation Award) an eine Nachfolgerin, die erfolgreich eine Firma \u00fcbernommen hat. In der Kategorie \u201eUnternehmensnachfolgerin des Jahres\u201c werden Unternehmerinnen, die vor mindestens 12 Monaten die \u00dcbernahme eines Unternehmens erfolgreich abgeschlossen haben, gesucht und ausgezeichnet. Die Nachfolgerin muss Gesellschafterin\/Inhaberin sein und eine gesch\u00e4ftsf\u00fchrende Funktion innehaben. Nominierungsschluss ist der 31. M\u00e4rz 2021.<\/p>\n\n\n\n<h3 class=\"wp-block-heading\" id=\"h-sind-sie-interessiert-an-weiteren-unternehmensnachfolge-geschichten-tipps-und-tricks-von-nachfolgern-fur-nachfolger-hier-finden-sie-weitere-spannende-insights\">Sind Sie interessiert an weiteren <a href=\"https:\/\/www.sage.com\/de-de\/unternehmensnachfolge\/#geschichten\" target=\"_blank\" rel=\"noopener noreferrer\">Unternehmensnachfolge-\u200bGeschichten<\/a>, Tipps und Tricks von Nachfolgern f\u00fcr Nachfolger? Hier finden Sie weitere spannende Insights:<\/h3>\n\n\n\n<p><a href=\"https:\/\/www.sage.com\/de-de\/blog\/bereit-fuer-die-unternehmensnachfolge-insights-1-fy21\/\" target=\"_blank\" rel=\"noopener noreferrer\">Bereit f\u00fcr die Unternehmensnachfolge? Insights #1<\/a><\/p>\n\n\n\n<p><a href=\"https:\/\/www.sage.com\/de-de\/blog\/warum-brauchen-unternehmensnachfolger-starke-nerven-insights-2-fy21\/\" target=\"_blank\" rel=\"noopener noreferrer\">Warum brauchen Unternehmensnachfolger starke Nerven? Insights #2<\/a><\/p>\n \n<div class=\"single-cta\">\n\t<div class=\"single-cta__positioner\">\n\t\t<div class=\"single-cta__wrapper has-dark-background-color\">\n\t\t\t<div class=\"single-cta__content\">\n\t\t\t\t\t\t\t\t<h2 class=\"single-cta__title h3\">#STAYFORACOFFEE: Online-\u200bLive-Event von Sage<\/h2>\n\n\t\t\t\t\t\t\t\t\t<div class=\"single-cta__description\">\n\t\t\t\t\t\t<p>Lassen Sie sich von unserem Experten-\u200bTalk in Sachen digitale Trends und Chancen inspirieren und erfahren Sie, wie Sie diese erfolgreich mit uns umsetzen. Wir laden Sie zu unseren <em>kostenfreien <\/em>Webinaren ein:<\/p>\n<ul>\n<li>Digitale Rechnungsstellung<\/li>\n<li>Moderne Personalentwicklung<\/li>\n<li>Technologie-Trends<\/li>\n<li>New Work<\/li>\n<li>Digitale Prozesse<\/li>\n<\/ul>\n<p>Webinar verpasst? Hier geht es zur<a href=\"https:\/\/www.sage.com\/de-de\/cp\/webinarserie-arbeitshilfen-digitalisierung\/?ref=blog#mediathek\" target=\"_blank\" rel=\"noopener noreferrer\"> <strong><span style=\"color: #99cc00\">Mediathek<\/span><\/strong><\/a><\/p>\n\t\t\t\t\t<\/div>\n\t\t\t\t\n\t\t\t\t\t\t\t\t\t\t\t\t\t\t<a\n\t\t\t\t\t\thref=\"https:\/\/www.sage.com\/de-de\/cp\/webinarserie-arbeitshilfen-digitalisierung\/?ref=blog\"\n\t\t\t\t\t\tclass=\"single-cta__button button button--primary\"\n\t\t\t\t\t\t\t\t\t\t\t\t\tid=\"cta-id-7602\"\n\t\t\t\t\t\t\t\t\t\t\t\t\t\t\t\t\t\t\tdata-button-location=\"cta_box\"\n\t\t\t\t\t\t\t\t\t\t\t>Jetzt kostenfrei anmelden<\/a>\n\t\t\t\t\t\t\t<\/div>\n\n\t\t\t\t\t<\/div>\n\n\t\t\t\t\t<img decoding=\"async\" width=\"1440\" height=\"480\" src=\"https:\/\/www.sage.com\/de-de\/blog\/wp-content\/uploads\/sites\/11\/2021\/02\/SFAC-Webinar-Banner-1-scaled-1440x480.jpg\" class=\"single-cta__image\" alt=\"\" loading=\"lazy\" srcset=\"https:\/\/www.sage.com\/de-de\/blog\/wp-content\/uploads\/sites\/11\/2021\/02\/SFAC-Webinar-Banner-1-scaled-1440x480.jpg 1440w\" sizes=\"auto, (min-width: 48em) 33vw, 100vw\" \/>\t\t\t<\/div>\n<\/div>\n","protected":false},"excerpt":{"rendered":"<p>Obwohl Frauen einen Gro\u00dfteil der Wirtschaftsleistung in Deutschland erarbeiten und diverse Teams \u00f6konomisch erfolgreicher sind als heterogene, sind Frauen in der Unternehmensnachfolge immer noch keine Selbstverst\u00e4ndlichkeit. Bei Nachfolgen innerhalb von Familienunternehmen sind T\u00f6chter immer noch deutlich in der Minderheit und bei externen Nachfolgen fehlt es an \u00fcbernahmewilligen Jungunternehmerinnen. Anhand der Zahlen des KfW-Mittelstandspanels zu Frauen [&hellip;]<\/p>\n","protected":false},"author":547,"featured_media":18474,"comment_status":"open","ping_status":"open","sticky":false,"template":"","format":"standard","meta":{"_sage_video":true,"post_featured_image_hide":false,"footnotes":""},"categories":[15],"tags":[907,913,911,191,899,900,837,903],"business_type":[18],"lilypad":[],"context":[],"industry":[],"persona":[58,54,60,57,59],"imagine_tag":[41,40,24,38,883],"coauthors":[962],"class_list":["post-8692","post","type-post","status-publish","format-standard","has-post-thumbnail","hentry","category-digitale-transformation","tag-diversity","tag-externe-nachfolge","tag-familienunternehmen","tag-mittelstand","tag-unternehmen-kaufen-oder-verkaufen","tag-unternehmensfuehrung","tag-unternehmensnachfolge","tag-women-leadership","business_type-mittlere-unternehmen"],"sage_meta":{"region":"de-de","author_name":"Jan Friedrich","featured_image":"https:\/\/www.sage.com\/de-de\/blog\/wp-content\/uploads\/sites\/11\/2023\/09\/GettyImages-1488859284.jpg","imagine_tags":{"41":"Mittelstand","40":"Mittlere Unternehmen","24":"Sage Blog","38":"Start-Ups","883":"Unternehmensnachfolge"}},"distributor_meta":false,"distributor_terms":false,"distributor_media":false,"distributor_original_site_name":"Sage Advice Deutschland","distributor_original_site_url":"https:\/\/www.sage.com\/de-de\/blog","push-errors":false,"_links":{"self":[{"href":"https:\/\/www.sage.com\/de-de\/blog\/api\/wp\/v2\/posts\/8692","targetHints":{"allow":["GET"]}}],"collection":[{"href":"https:\/\/www.sage.com\/de-de\/blog\/api\/wp\/v2\/posts"}],"about":[{"href":"https:\/\/www.sage.com\/de-de\/blog\/api\/wp\/v2\/types\/post"}],"author":[{"embeddable":true,"href":"https:\/\/www.sage.com\/de-de\/blog\/api\/wp\/v2\/users\/547"}],"replies":[{"embeddable":true,"href":"https:\/\/www.sage.com\/de-de\/blog\/api\/wp\/v2\/comments?post=8692"}],"version-history":[{"count":0,"href":"https:\/\/www.sage.com\/de-de\/blog\/api\/wp\/v2\/posts\/8692\/revisions"}],"wp:featuredmedia":[{"embeddable":true,"href":"https:\/\/www.sage.com\/de-de\/blog\/api\/wp\/v2\/media\/18474"}],"wp:attachment":[{"href":"https:\/\/www.sage.com\/de-de\/blog\/api\/wp\/v2\/media?parent=8692"}],"wp:term":[{"taxonomy":"category","embeddable":true,"href":"https:\/\/www.sage.com\/de-de\/blog\/api\/wp\/v2\/categories?post=8692"},{"taxonomy":"post_tag","embeddable":true,"href":"https:\/\/www.sage.com\/de-de\/blog\/api\/wp\/v2\/tags?post=8692"},{"taxonomy":"business_type","embeddable":true,"href":"https:\/\/www.sage.com\/de-de\/blog\/api\/wp\/v2\/business_type?post=8692"},{"taxonomy":"lilypad","embeddable":true,"href":"https:\/\/www.sage.com\/de-de\/blog\/api\/wp\/v2\/lilypad?post=8692"},{"taxonomy":"context","embeddable":true,"href":"https:\/\/www.sage.com\/de-de\/blog\/api\/wp\/v2\/context?post=8692"},{"taxonomy":"industry","embeddable":true,"href":"https:\/\/www.sage.com\/de-de\/blog\/api\/wp\/v2\/industry?post=8692"},{"taxonomy":"persona","embeddable":true,"href":"https:\/\/www.sage.com\/de-de\/blog\/api\/wp\/v2\/persona?post=8692"},{"taxonomy":"imagine_tag","embeddable":true,"href":"https:\/\/www.sage.com\/de-de\/blog\/api\/wp\/v2\/imagine_tag?post=8692"},{"taxonomy":"author","embeddable":true,"href":"https:\/\/www.sage.com\/de-de\/blog\/api\/wp\/v2\/coauthors?post=8692"}],"curies":[{"name":"wp","href":"https:\/\/api.w.org\/{rel}","templated":true}]}}