{"id":8781,"date":"2021-03-11T08:00:53","date_gmt":"2021-03-11T07:00:53","guid":{"rendered":"https:\/\/www.sage.com\/de-de\/blog\/?p=8781"},"modified":"2026-03-25T12:57:16","modified_gmt":"2026-03-25T11:57:16","slug":"wenn-hr-zum-wettbewerbsfaktor-wird","status":"publish","type":"post","link":"https:\/\/www.sage.com\/de-de\/blog\/wenn-hr-zum-wettbewerbsfaktor-wird\/","title":{"rendered":"Wenn HR zum Wettbewerbsfaktor wird"},"content":{"rendered":"<header class=\"entry-header has-dark-background-color entry-header--standard entry-header--has-illustration entry-header--has-illustration--standard\">\n\t<div class=\"container\">\n\t\t<div class=\"entry-header__row row align-center\">\n\t\t\t<div class=\"col col-lg-7 col-xlg-6 entry-header__content\">\n\t\t\t\t\t\t\t<div class=\"component component-single-header\">\n\t\t\t\t\t\t\t\t\t\t<div class=\"entry-header__misc text--subtitle text--uppercase text--small\">\n\t\t\t\t\t\t\t<a href=\"https:\/\/www.sage.com\/de-de\/blog\/kategorie\/hr-management-payroll\/\" class=\"entry-header__link\">HR-Management und Lohnbuchhaltung<\/a>\t\t\t\t\t\t<\/div>\n\t\t\t\t\n\t\t\t\t<div class=\"entry-title-wrapper\">\n\t\t\t\t\t<h1 class=\"entry-title\">\n\t\t\t\t\t\tWenn HR zum Wettbewerbsfaktor wird\t\t\t\t\t<\/h1>\n\t\t\t\t<\/div>\n\n\t\t\t\t\t\t\t\t\t<p class=\"entry-header__description\">\n\t\t\t\t\t\t\t\t\t\t\t<\/p>\n\t\t\t\t\n\t\t\t\t\n\t\t\t\t\n\t\t\t<\/div>\n\n\t\t\t\t\t<\/div>\n\t\t\t\t\t<\/div>\n\t<\/div>\n\t<div class=\"single-post-details container\">\n\t\t<div class=\"col\">\n\t\t\t<span class=\"posted-on \"><time class=\"entry-date published\" datetime=\"2021-03-11T08:00:53+01:00\">11. March 2021<\/time><\/span><span class=\"reading-time\"> Minuten zu lesen<\/span>\n\t\t<button\n\t\t\ttype=\"button\"\n\t\t\tclass=\"social-share-button button button--icon button--secondary js-social-share-button\"\n\t\t\tdata-share-title=\"Wenn HR zum Wettbewerbsfaktor wird\"\n\t\t\tdata-share-url=\"https:\/\/www.sage.com\/de-de\/blog\/wenn-hr-zum-wettbewerbsfaktor-wird\/\"\n\t\t\tdata-share-text=\"Bitte lesen Sie diesen interessanten Artikel\"\n\t\t>\n\t\t\t<span class=\"social-share-button__share-label\">Teilen<\/span>\n\t\t\t<span class=\"social-share-button__copy-label\" hidden>Link kopieren<\/span>\n\t\t\t<span class=\"social-share-button__copy-tooltip\" aria-hidden=\"true\" hidden>Kopiert<\/span>\n\t\t<\/button>\n\n\t\t\t\t<\/div>\n\t<\/div>\n<\/header>\n\n\n\n<div class=\"wp-block-post-author has-dark-background-color alignfull\">\n\t<div class=\"container\">\n\t\t<div class=\"col\">\n\t\t\t\t\t\t\t<div class=\"co-authors\">\n\t\t\t\t\t\n\t\t<div class=\"entry-author-wrapper\">\n\t\t\t<a class=\"entry-author\" href=\"https:\/\/www.sage.com\/de-de\/blog\/author\/simoneseidel\/\">\n\t\t\t\t<img loading=\"lazy\" decoding=\"async\" width=\"40\" height=\"40\" src=\"https:\/\/www.sage.com\/de-de\/blog\/wp-content\/uploads\/sites\/11\/2020\/02\/Autoreprofil_simone-seidel_320x320.jpg\" class=\"entry-author__image\" alt=\"\" \/>\t\t\t\t<span class=\"entry-author__name\">Simone Seidel<\/span>\n\t\t\t<\/a>\n\n\t\t\t\t\t<\/div>\n\n\t\t\t\t\t\t<\/div>\n\t\t\t\t\t<\/div>\n\t<\/div>\n<\/div>\n\n\n\n<p>Nie war es spannender, im HR-Bereich zu arbeiten, als in der aktuellen Zeit des <a href=\"https:\/\/www.sage.com\/de-de\/blog\/hr-im-wandel-people-based-hr-als-echter-erfolgsfaktor-statt-nur-etikettenwechsel\/\" target=\"_blank\" rel=\"noopener noreferrer\">Wandels<\/a>. Doch die vielen Ver\u00e4nderungen, mit denen HR-Verantwortliche in Zukunft rechnen, gehen auch mit besonderen Herausforderungen einher. Zu diesen Herausforderungen z\u00e4hlt unter anderem der <strong>Fachkr\u00e4ftemangel<\/strong>. Laut aktuellem Mittelstandsbarometer von Ernst &amp; Young stuften fast 60 Prozent der Befragten den Mangel an qualifiziertem Personal als Risiko f\u00fcr das eigene Unternehmen ein. Aufgrund fehlender oder unzureichend qualifizierter Mitarbeiter entstehen im Mittelstand Umsatzeinbu\u00dfen in H\u00f6he von fast 40 Milliarden Euro.<\/p>\n\n\n\n<p>Eine Ursache f\u00fcr den Fachkr\u00e4ftemangel liegt im fortschreitenden demografischen Wandel: In den n\u00e4chsten drei\u00dfig Jahren wird der Anteil der potenziell Erwerbst\u00e4tigen in Deutschland um mehr als 20 Prozent sinken. Der \u201eWar for Talents\u201c h\u00e4lt also an und bekommt reichlich Antrieb von der Digitalisierung: Nie war es f\u00fcr HR-Verantwortliche dringender, die besten K\u00f6pfe f\u00fcr das eigene Unternehmen zu gewinnen. Dazu z\u00e4hlen auch m\u00f6glichst viele junge Talente, die als <strong>Digital Natives<\/strong> mit dem Internet aufgewachsen und daher besonders technikaffin sind. Noch dazu regiert ein Bewerbermarkt: Bei den vielen offenen Stellen und dem dringenden Bedarf der Unternehmen k\u00f6nnen qualifizierte Kr\u00e4fte sich ihren <a href=\"https:\/\/www.sage.com\/de-de\/blog\/lexikon\/arbeitnehmer\/\" target=\"_blank\" rel=\"noopener\">Arbeitnehmer<\/a> mehr oder weniger \u201eaussuchen\u201c. Welche Ma\u00dfnahmen k\u00f6nnen Personalentscheider treffen, um sich einen Wettbewerbsvorteil zu verschaffen?<\/p>\n\n\n\n<h2 class=\"wp-block-heading\" id=\"h-mitarbeiter-und-werte-sind-entscheidend\"><strong>Mitarbeiter und Werte sind entscheidend<\/strong><\/h2>\n\n\n\n<p>Die ungeteilte Aufmerksamkeit von HR-Fachkr\u00e4ften muss den bestehenden und potenziell zuk\u00fcnftigen Mitarbeitern gelten. Das hei\u00dft, die HR-Abteilung arbeitet auf eine Positionierung als <strong>People Company <\/strong>hin: In der <a href=\"https:\/\/www.sage.com\/de-de\/blog\/lexikon\/unternehmenskultur\/\" target=\"_blank\" rel=\"noopener\">Unternehmenskultur<\/a> steht das Wohlbefinden der Angestellten an oberster Stelle. Dass dieses Prinzip tats\u00e4chlich konkurrenz- und zukunftsf\u00e4higer macht, belegen Studien wie zum Beispiel von der <a href=\"http:\/\/wrap.warwick.ac.uk\/63228\/\" target=\"_blank\" rel=\"noopener noreferrer\">University of Warwick<\/a> oder des <a href=\"https:\/\/hbr.org\/2012\/01\/positive-intelligence\" target=\"_blank\" rel=\"noopener noreferrer\">Harvard Business Reviews<\/a>, denenzufolge zufriedene Mitarbeiter stets produktiver sind. Das ist im Grunde wenig \u00fcberraschend und dennoch leichter gesagt als getan: Zufriedenheit ist schlie\u00dflich individuell. Um den Bed\u00fcrfnissen der eigenen Mitarbeiter gerecht zu werden, ist es also n\u00f6tig, sie wirklich zu kennen \u2013 ihre pers\u00f6nlichen Bed\u00fcrfnisse, Einstellungen und Prinzipien. Macht ein Unternehmen seine Leitidee und Vision intern und auch extern erlebbar, so zieht es damit viel wahrscheinlicher auch die richtigen Mitarbeiter an und bindet diese an die Firma. Denn <a href=\"https:\/\/pubmed.ncbi.nlm.nih.gov\/30687187\/\" target=\"_blank\" rel=\"noopener noreferrer\">Studien<\/a> zeigen ebenfalls: Der Mensch verschreibt sich einem bestimmten Ziel eher, wenn es zu seinen pers\u00f6nlichen Werten passt. Entsprechen die Unternehmensziele und die Arbeitsbedingungen also den Prinzipien der Mitarbeiter, so sind diese auch eher bereit, sich mit ihrer ganzen Kreativit\u00e4t und Leistung der Firma zu widmen.<\/p>\n\n\n\n<div class=\"wp-block-buttons is-layout-flex wp-block-buttons-is-layout-flex\">\n<div class=\"wp-block-button\"><a class=\"wp-block-button__link wp-element-button\" href=\"https:\/\/www.sage.com\/de-de\/blog\/kategorie\/hr-management-payroll\/\">Weitere Beitr\u00e4ge zum Thema Personalmanagement <\/a><\/div>\n<\/div>\n\n\n\n<h2 class=\"wp-block-heading\" id=\"h-people-analytics-drei-wichtige-bereiche\"><strong>People Analytics: Drei wichtige Bereiche<\/strong><\/h2>\n\n\n\n<p>Worauf sollten sich die Entscheidungen der Personalabteilungen also st\u00fctzen? Nicht l\u00e4nger auf ein Bauchgef\u00fchl, sondern auf handfeste Daten. Die richtigen Ma\u00dfnahmen m\u00fcssen sich an den Mitarbeitern selbst orientieren \u2013 es gibt kein \u201eSchema F\u201c, mit dem es immer gelingt, die Belegschaft zu motivieren und allen Bed\u00fcrfnissen gerecht zu werden. Daher gilt es, anhand von <strong>umfassenden und strukturierten Datenanalysen <\/strong>den Angestellten so gut kennenzulernen wie den Kunden, um auf Fakten gest\u00fctzt die f\u00fcr ihn beste L\u00f6sung zu finden. Daf\u00fcr braucht es eine neue Rolle im HR-Bereich: den <strong>People Scientist<\/strong>. Das ist ein versierter, auf das Personal spezialisierter Datenanalyst, der <a href=\"https:\/\/www.sage.com\/de-de\/blog\/people-analytics-oder-big-data-im-hr-fuer-entscheidungen-auf-oberster-fuehrungsebene-nutzen\/\" target=\"_blank\" rel=\"noopener noreferrer\">Big Data im Mitarbeitermanagement<\/a> erfasst und transparent aufbereitet. Die Erhebung der Daten teilt sich dabei in drei zentrale Bereiche.<\/p>\n\n\n\n<ol class=\"wp-block-list\">\n<li><strong>Zahlen, Daten, Fakten<\/strong><\/li>\n<\/ol>\n\n\n\n<p>Mit klassischen <a href=\"https:\/\/www.sage.com\/de-de\/hr-software\/\" target=\"_blank\" rel=\"noopener\">HR-Systemen<\/a> verschaffen sich Personaler einen \u00dcberblick \u00fcber demografische Daten wie die Altersstruktur und Geschlechterverteilung der Angestellten, aber auch \u00fcber die <a href=\"https:\/\/www.sage.com\/de-de\/blog\/lexikon\/fluktuation\/\" target=\"_blank\" rel=\"noopener\">Fluktuation<\/a>. Aus den R\u00fcckschl\u00fcssen lassen sich dann konkrete Ma\u00dfnahmen ableiten, etwa im Hinblick auf die Diversit\u00e4t der Belegschaft \u2013 um zum Beispiel Frauen in F\u00fchrungspositionen aktiv zu f\u00f6rdern.<\/p>\n\n\n\n<ol start=\"2\" class=\"wp-block-list\">\n<li><strong>Mitarbeiterbefragungen<\/strong><\/li>\n<\/ol>\n\n\n\n<p>Im n\u00e4chsten Schritt kommen Zahlen und Gedanken zusammen: In <a href=\"https:\/\/www.sage.com\/de-de\/blog\/lexikon\/mitarbeiterbefragung\/\" target=\"_blank\" rel=\"noopener\">Mitarbeiterbefragungen<\/a> stehen die Zufriedenheit und Meinungen der Mitarbeiter, ihre W\u00fcnsche und ihr aktueller Bedarf im Zentrum. Wichtig ist, dass diese Befragungen regelm\u00e4\u00dfig stattfinden und dass sie vergleichbar sind, sprich: Sie m\u00fcssen die gleichen Fragen enthalten. Denn sonst l\u00e4sst sich bei der n\u00e4chsten Befragung nicht messen, ob die umgesetzten Ma\u00dfnahmen zielf\u00fchrend waren. Gerade in Krisenzeiten wie der jetzigen sind aber oft auch schnelle Reaktionen und kurzfristige Ma\u00dfnahmen erforderlich. In diesen F\u00e4llen helfen Pulsbefragungen dabei, die Mitarbeiter einzubeziehen. So l\u00e4sst sich beispielsweise in Bezug auf dezentrales Arbeiten in Corona-Zeiten schnell ein Meinungsbild einfangen, aus dem sich Optimierungsvorschl\u00e4ge ergeben k\u00f6nnen.<\/p>\n\n\n\n<ol start=\"3\" class=\"wp-block-list\">\n<li><strong>Pers\u00f6nliches Feedback<\/strong><\/li>\n<\/ol>\n\n\n\n<p>Auch pers\u00f6nliche Gespr\u00e4che geh\u00f6ren zur Datenerhebung. Dabei bildet das Stadium, in dem der Mitarbeiter sich gerade befindet, eine entscheidende Variable. Ist gerade erst das Onboarding erfolgt, ist die Einarbeitung abgeschlossen oder sind schon ein paar Jahre seitdem vergangen, gab es eine Bef\u00f6rderung \u2013 oder hat die Person gerade gek\u00fcndigt? Das erm\u00f6glicht R\u00fcckschl\u00fcsse in mehreren Bereichen: Ist die Einstellung positiv verlaufen? Entspricht das T\u00e4tigkeitsfeld den Erwartungen und Kompetenzen des Mitarbeiters? Was hat gegebenenfalls zur K\u00fcndigung gef\u00fchrt? Neben Exit-Gespr\u00e4chen k\u00f6nnen hier auch die anonymen R\u00fcckmeldungen auf Plattformen wie <a href=\"https:\/\/www.kununu.com\/\" target=\"_blank\" rel=\"noopener noreferrer\">kununu<\/a> sehr aufschlussreich sein.<\/p>\n\n\n\n<h2 class=\"wp-block-heading\" id=\"h-von-innen-nach-aussen\"><strong>Von innen nach au\u00dfen<\/strong><\/h2>\n\n\n\n<p>Der Blick von Personalentscheidern und HR-Fachkr\u00e4ften muss sich nach innen und au\u00dfen richten: Interne Ma\u00dfnahmen zur Herstellung positiver Mitarbeitererlebnisse und externe Ma\u00dfnahmen des <strong>Employer Brandings<\/strong> sind dabei gleicherma\u00dfen wichtig. Doch erst wenn die Marke innen aufgebaut ist \u2013 wenn also die Leitidee, die Werte und die Vision des Unternehmens allen klar sind \u2013 kann diese auch nach au\u00dfen wirken. Sie muss es auch: Qualifizierte Arbeitnehmer suchen sich ihren Arbeitgeber heutzutage aus, wie ein potenzieller Kunde seine Kaufentscheidung trifft: Sie informieren sich im Voraus und machen es von ihrem pers\u00f6nlichen Eindruck, Wertesystem und von sichtbaren Vorteilen der Stelle abh\u00e4ngig, ob sie sich bewerben. Im klaren Wettbewerbsvorteil sind hier die Unternehmen, die ihre Strategie innen ansetzen und dann aktiv nach au\u00dfen tragen. Wenn klar ist, wof\u00fcr das Unternehmen steht, welche Werte es vertritt, welche Arbeitsmoral und welche Kultur dort herrschen, dann sind die Anforderungen an neue Rollen ebenfalls klar. Dann k\u00f6nnen die Personalentscheider so rekrutieren, wie ein Betrieb verkauft \u2013 aktiv, zielgerichtet und klar positioniert.<\/p>\n\n\n\n<h2 class=\"wp-block-heading\" id=\"h-die-wichtigste-ressource-eines-unternehmens-mitarbeiter\"><strong>Die wichtigste Ressource eines Unternehmens: Mitarbeiter<\/strong><\/h2>\n\n\n\n<p>Der Arbeitsbereich HR k\u00fcmmert sich nicht l\u00e4nger ausschlie\u00dflich um administrative Aufgaben. Er ist zum Lenkrad in Richtung Zukunft geworden: Wer jetzt alle Kontingente auf die wichtigste Ressource des Unternehmens richtet \u2013 die eigenen Mitarbeiter \u2013 hat gute Chancen, im Fachkr\u00e4ftemangel zu bestehen.<\/p>\n\n\n\n<div class=\"single-cta\">\n\t<div class=\"single-cta__positioner\">\n\t\t<div class=\"single-cta__wrapper has-dark-background-color\">\n\t\t\t<div class=\"single-cta__content\">\n\t\t\t\t\t\t\t\t<h2 class=\"single-cta__title h3\">#STAYHUMAN &#8211; Vier unverzichtbare Kompetenzen f\u00fcr F\u00fchrungskr\u00e4fte im HR-Bereich<\/h2>\n\n\t\t\t\t\t\t\t\t\t<div class=\"single-cta__description\">\n\t\t\t\t\t\t<p>Kostenfrei: Live-Webinar am 27. Mai 2021, 10 &#8211; 11 Uhr<\/p>\n<p>In nur einer Stunde erfahren Sie<\/p>\n<ul>\n<li>wie sich der Bereich HR in Zukunft weiterentwickeln wird<\/li>\n<li>auf welche F\u00e4higkeiten es ankommt<\/li>\n<li>und wie sich HR-Verantwortliche heute am besten aufstellen, um den k\u00fcnftigen Anforderungen gerecht zu werden.<\/li>\n<\/ul>\n<p>Webinar verpasst? Hier geht es zur<a href=\"https:\/\/www.sage.com\/de-de\/cp\/webinarserie-arbeitshilfen-digitalisierung\/?ref=blog#mediathek\" target=\"_blank\" rel=\"noopener noreferrer\"> <strong><span style=\"color: #99cc00\">Mediathek<\/span><\/strong><\/a><\/p>\n\t\t\t\t\t<\/div>\n\t\t\t\t\n\t\t\t\t\t\t\t\t\t\t\t\t\t\t<a\n\t\t\t\t\t\thref=\"https:\/\/www.sage.com\/de-de\/stayforacoffee\/#gate-260b7e03-235c-4705-8cbb-0fad0fddd094\"\n\t\t\t\t\t\tclass=\"single-cta__button button button--primary\"\n\t\t\t\t\t\t\t\t\t\t\t\t\tid=\"cta-id-8819\"\n\t\t\t\t\t\t\t\t\t\t\t\t\t\t\t\t\t\t\tdata-button-location=\"cta_box\"\n\t\t\t\t\t\t\t\t\t\t\t>Jetzt kostenfrei anmelden!<\/a>\n\t\t\t\t\t\t\t<\/div>\n\n\t\t\t\t\t<\/div>\n\n\t\t\t\t\t<img decoding=\"async\" width=\"1217\" height=\"810\" src=\"https:\/\/www.sage.com\/de-de\/blog\/wp-content\/uploads\/sites\/11\/2019\/09\/SageNorthPark_230317-341.25550-1217x810.jpg\" class=\"single-cta__image\" alt=\"Generationmanagement\" loading=\"lazy\" srcset=\"https:\/\/www.sage.com\/de-de\/blog\/wp-content\/uploads\/sites\/11\/2019\/09\/SageNorthPark_230317-341.25550-1217x810.jpg 1217w\" sizes=\"auto, (min-width: 48em) 33vw, 100vw\" \/>\t\t\t<\/div>\n<\/div>\n\n\n\n<div class=\"single-cta\">\n\t<div class=\"single-cta__positioner\">\n\t\t<div class=\"single-cta__wrapper has-dark-background-color\">\n\t\t\t<div class=\"single-cta__content\">\n\t\t\t\t\t\t\t\t<h2 class=\"single-cta__title h3\">Interesse an weiteren Tipps &amp; Insights zu den Themen HR und Lohnbuchhaltung?<\/h2>\n\n\t\t\t\t\t\t\t\t\t<div class=\"single-cta__description\">\n\t\t\t\t\t\t<p><!-- wp:paragraph --><\/p>\n<p class=\"\">\u2026mit unserem Newsletter 1x im Monat<\/p>\n<p><!-- \/wp:paragraph --><\/p>\n<p><!-- wp:list --><\/p>\n<ul><!-- wp:list-item --><\/p>\n<li>Neue Trends aus der Arbeitswelt<\/li>\n<p><!-- \/wp:list-item --><\/p>\n<p><!-- wp:list-item --><\/p>\n<li>Aktuelle Urteile verst\u00e4ndlich erkl\u00e4rt<\/li>\n<p><!-- \/wp:list-item --><\/p>\n<p><!-- wp:list-item --><\/p>\n<li>Tipps zu HR &amp; Lohnbuchhaltung<\/li>\n<p><!-- \/wp:list-item --><\/p>\n<p><!-- wp:list-item --><\/p>\n<li>Experten-Interviews, Studien u.v.m<\/li>\n<p><!-- \/wp:list-item --><\/ul>\n<p><!-- \/wp:list --><\/p>\n\t\t\t\t\t<\/div>\n\t\t\t\t\n\t\t\t\t\t\t\t\t\t\t\t\t\t\t<a\n\t\t\t\t\t\thref=\"#gate-a59880de-3d38-4b82-914c-ffa16bab6ae7\"\n\t\t\t\t\t\tclass=\"single-cta__button button button--primary\"\n\t\t\t\t\t\t\t\t\t\t\t\t\t\t\t\t\t>Jetzt Newsletter abonnieren<\/a>\n\t\t\t\t\t\t\t<\/div>\n\n\t\t\t\t\t<\/div>\n\n\t\t\t\t\t<img decoding=\"async\" width=\"1064\" height=\"810\" src=\"https:\/\/www.sage.com\/de-de\/blog\/wp-content\/uploads\/sites\/11\/2021\/03\/Blog-HR-Management-und-Payroll-1064x810.jpg\" class=\"single-cta__image\" alt=\"\" loading=\"lazy\" srcset=\"https:\/\/www.sage.com\/de-de\/blog\/wp-content\/uploads\/sites\/11\/2021\/03\/Blog-HR-Management-und-Payroll-1064x810.jpg 1064w\" sizes=\"auto, (min-width: 48em) 33vw, 100vw\" \/>\t\t\t<\/div>\n<\/div>\n","protected":false},"excerpt":{"rendered":"<p>Nie war es spannender, im HR-Bereich zu arbeiten, als in der aktuellen Zeit des Wandels. Doch die vielen Ver\u00e4nderungen, mit denen HR-Verantwortliche in Zukunft rechnen, gehen auch mit besonderen Herausforderungen einher. Zu diesen Herausforderungen z\u00e4hlt unter anderem der Fachkr\u00e4ftemangel. Laut aktuellem Mittelstandsbarometer von Ernst &amp; Young stuften fast 60 Prozent der Befragten den Mangel an [&hellip;]<\/p>\n","protected":false},"author":612,"featured_media":18505,"comment_status":"open","ping_status":"open","sticky":false,"template":"","format":"standard","meta":{"_sage_video":false,"post_featured_image_hide":false,"footnotes":""},"categories":[22,70,72,69,73],"tags":[123,133,191,704],"business_type":[18],"lilypad":[],"context":[],"industry":[],"persona":[58,57,59,55],"imagine_tag":[37,41,40,24],"coauthors":[997],"class_list":["post-8781","post","type-post","status-publish","format-standard","has-post-thumbnail","hentry","category-hr-management-payroll","category-mitarbeiter-betreuen","category-mitarbeiter-binden","category-mitarbeiter-finden","category-mitarbeiter-motivieren","tag-mitarbeiterbindung","tag-mitarbeitermotivation","tag-mittelstand","tag-people-company","business_type-mittlere-unternehmen"],"sage_meta":{"region":"de-de","author_name":"Simone Seidel","featured_image":"https:\/\/www.sage.com\/de-de\/blog\/wp-content\/uploads\/sites\/11\/2023\/09\/GettyImages-607477465.jpg","imagine_tags":{"37":"HR","41":"Mittelstand","40":"Mittlere Unternehmen","24":"Sage Blog"}},"distributor_meta":false,"distributor_terms":false,"distributor_media":false,"distributor_original_site_name":"Sage Advice Deutschland","distributor_original_site_url":"https:\/\/www.sage.com\/de-de\/blog","push-errors":false,"_links":{"self":[{"href":"https:\/\/www.sage.com\/de-de\/blog\/api\/wp\/v2\/posts\/8781","targetHints":{"allow":["GET"]}}],"collection":[{"href":"https:\/\/www.sage.com\/de-de\/blog\/api\/wp\/v2\/posts"}],"about":[{"href":"https:\/\/www.sage.com\/de-de\/blog\/api\/wp\/v2\/types\/post"}],"author":[{"embeddable":true,"href":"https:\/\/www.sage.com\/de-de\/blog\/api\/wp\/v2\/users\/612"}],"replies":[{"embeddable":true,"href":"https:\/\/www.sage.com\/de-de\/blog\/api\/wp\/v2\/comments?post=8781"}],"version-history":[{"count":1,"href":"https:\/\/www.sage.com\/de-de\/blog\/api\/wp\/v2\/posts\/8781\/revisions"}],"predecessor-version":[{"id":30944,"href":"https:\/\/www.sage.com\/de-de\/blog\/api\/wp\/v2\/posts\/8781\/revisions\/30944"}],"wp:featuredmedia":[{"embeddable":true,"href":"https:\/\/www.sage.com\/de-de\/blog\/api\/wp\/v2\/media\/18505"}],"wp:attachment":[{"href":"https:\/\/www.sage.com\/de-de\/blog\/api\/wp\/v2\/media?parent=8781"}],"wp:term":[{"taxonomy":"category","embeddable":true,"href":"https:\/\/www.sage.com\/de-de\/blog\/api\/wp\/v2\/categories?post=8781"},{"taxonomy":"post_tag","embeddable":true,"href":"https:\/\/www.sage.com\/de-de\/blog\/api\/wp\/v2\/tags?post=8781"},{"taxonomy":"business_type","embeddable":true,"href":"https:\/\/www.sage.com\/de-de\/blog\/api\/wp\/v2\/business_type?post=8781"},{"taxonomy":"lilypad","embeddable":true,"href":"https:\/\/www.sage.com\/de-de\/blog\/api\/wp\/v2\/lilypad?post=8781"},{"taxonomy":"context","embeddable":true,"href":"https:\/\/www.sage.com\/de-de\/blog\/api\/wp\/v2\/context?post=8781"},{"taxonomy":"industry","embeddable":true,"href":"https:\/\/www.sage.com\/de-de\/blog\/api\/wp\/v2\/industry?post=8781"},{"taxonomy":"persona","embeddable":true,"href":"https:\/\/www.sage.com\/de-de\/blog\/api\/wp\/v2\/persona?post=8781"},{"taxonomy":"imagine_tag","embeddable":true,"href":"https:\/\/www.sage.com\/de-de\/blog\/api\/wp\/v2\/imagine_tag?post=8781"},{"taxonomy":"author","embeddable":true,"href":"https:\/\/www.sage.com\/de-de\/blog\/api\/wp\/v2\/coauthors?post=8781"}],"curies":[{"name":"wp","href":"https:\/\/api.w.org\/{rel}","templated":true}]}}