{"id":8823,"date":"2021-03-24T08:00:10","date_gmt":"2021-03-24T07:00:10","guid":{"rendered":"https:\/\/www.sage.com\/de-de\/blog\/?p=8823"},"modified":"2026-01-22T15:19:08","modified_gmt":"2026-01-22T14:19:08","slug":"nachfolger-brauchen-vorbilder-initiative-gruendergeist-youngstarts-foerdert-regionale-nachfolge","status":"publish","type":"post","link":"https:\/\/www.sage.com\/de-de\/blog\/nachfolger-brauchen-vorbilder-initiative-gruendergeist-youngstarts-foerdert-regionale-nachfolge\/","title":{"rendered":"Nachfolger brauchen Vorbilder \u2013 Initiative Gr\u00fcndergeist #Youngstarts f\u00f6rdert regionale Nachfolge"},"content":{"rendered":"<header class=\"entry-header has-dark-background-color entry-header--has-illustration entry-header--has-illustration--generic\">\n\t<div class=\"container\">\n\t\t<div class=\"entry-header__row row align-center\">\n\t\t\t<div class=\"col col-lg-7 col-xlg-6 entry-header__content\">\n\t\t\t\t\t\t\t<div class=\"component component-single-header\">\n\t\t\t\t\t\t\t\t\t\t<div class=\"entry-header__misc text--subtitle text--uppercase text--small\">\n\t\t\t\t\t\t\t<a href=\"https:\/\/www.sage.com\/de-de\/blog\/kategorie\/digitale-transformation\/\" class=\"entry-header__link\">Digitale Transformation<\/a>\t\t\t\t\t\t<\/div>\n\t\t\t\t\n\t\t\t\t<div class=\"entry-title-wrapper\">\n\t\t\t\t\t<h1 class=\"entry-title\">\n\t\t\t\t\t\tNachfolger brauchen Vorbilder \u2013 Initiative Gr\u00fcndergeist #Youngstarts f\u00f6rdert regionale Nachfolge\t\t\t\t\t<\/h1>\n\t\t\t\t<\/div>\n\n\t\t\t\t\t\t\t\t\t<p class=\"entry-header__description\">\n\t\t\t\t\t\t\t\t\t\t\t<\/p>\n\t\t\t\t\n\t\t\t\t\n\t\t\t\t\n\t\t\t<\/div>\n\n\t\t\t\t\t<\/div>\n\t\t\t\t\t<\/div>\n\t<\/div>\n\t<div class=\"single-post-details container\">\n\t\t<div class=\"col\">\n\t\t\t<span class=\"posted-on \"><time class=\"entry-date published\" datetime=\"2021-03-24T08:00:10+01:00\">24. March 2021<\/time><\/span><span class=\"reading-time\"> Minuten zu lesen<\/span>\n\t\t<button\n\t\t\ttype=\"button\"\n\t\t\tclass=\"social-share-button button button--icon button--secondary js-social-share-button\"\n\t\t\tdata-share-title=\"Nachfolger brauchen Vorbilder \u2013 Initiative Gr\u00fcndergeist #Youngstarts f\u00f6rdert regionale Nachfolge\"\n\t\t\tdata-share-url=\"https:\/\/www.sage.com\/de-de\/blog\/nachfolger-brauchen-vorbilder-initiative-gruendergeist-youngstarts-foerdert-regionale-nachfolge\/\"\n\t\t\tdata-share-text=\"Bitte lesen Sie diesen interessanten Artikel\"\n\t\t>\n\t\t\t<span class=\"social-share-button__share-label\">Teilen<\/span>\n\t\t\t<span class=\"social-share-button__copy-label\" hidden>Link kopieren<\/span>\n\t\t\t<span class=\"social-share-button__copy-tooltip\" aria-hidden=\"true\" hidden>Kopiert<\/span>\n\t\t<\/button>\n\n\t\t\t\t<\/div>\n\t<\/div>\n<\/header>\n\n\n\n<div class=\"wp-block-post-author has-dark-background-color alignfull\">\n\t<div class=\"container\">\n\t\t<div class=\"col\">\n\t\t\t\t\t\t\t<div class=\"co-authors\">\n\t\t\t\t\t\n\t\t<div class=\"entry-author-wrapper\">\n\t\t\t<a class=\"entry-author\" href=\"https:\/\/www.sage.com\/de-de\/blog\/author\/janfriedrich\/\">\n\t\t\t\t<img loading=\"lazy\" decoding=\"async\" width=\"40\" height=\"40\" src=\"https:\/\/www.sage.com\/de-de\/blog\/wp-content\/uploads\/sites\/11\/2020\/09\/Unbenannte-Aufnahme0008-2-350x350.jpg\" class=\"entry-author__image\" alt=\"Jan Friedrich, Podcast Host SageNAchfolgePlaner Unternehmensnachfolge\" srcset=\"https:\/\/www.sage.com\/de-de\/blog\/wp-content\/uploads\/sites\/11\/2020\/09\/Unbenannte-Aufnahme0008-2-350x350.jpg 350w, https:\/\/www.sage.com\/de-de\/blog\/wp-content\/uploads\/sites\/11\/2020\/09\/Unbenannte-Aufnahme0008-2-768x753.jpg 768w, https:\/\/www.sage.com\/de-de\/blog\/wp-content\/uploads\/sites\/11\/2020\/09\/Unbenannte-Aufnahme0008-2-826x810.jpg 826w, https:\/\/www.sage.com\/de-de\/blog\/wp-content\/uploads\/sites\/11\/2020\/09\/Unbenannte-Aufnahme0008-2-1536x1506.jpg 1536w, https:\/\/www.sage.com\/de-de\/blog\/wp-content\/uploads\/sites\/11\/2020\/09\/Unbenannte-Aufnahme0008-2-2048x2008.jpg 2048w\" sizes=\"auto, (max-width: 40px) 100vw, 40px\" \/>\t\t\t\t<span class=\"entry-author__name\">Jan Friedrich<\/span>\n\t\t\t<\/a>\n\n\t\t\t\t\t<\/div>\n\n\t\t\t\t\t\t<\/div>\n\t\t\t\t\t<\/div>\n\t<\/div>\n<\/div>\n<div class=\"sage-block-classic-wrapper\">\n\n\n\n<p>Die Unternehmensnachfolge im deutschen Mittelstand braucht aktive F\u00f6rderung: in <a href=\"https:\/\/www.kfw.de\/PDF\/Download-Center\/Konzernthemen\/Research\/PDF-Dokumente-Fokus-Volkswirtschaft\/Fokus-2020\/Fokus-Nr.-308-Nachfolge-Monitoring.pdf\">mehr als 50 Prozent aller kleinen und mittelst\u00e4ndischen Unternehmen (KMU)<\/a> ist unklar, ob und wann ein Nachfolger oder eine Nachfolgerin die Firma \u00fcbernehmen soll. Die Corona-Krise hat den bundesweiten Engpass in der Unternehmensnachfolge also noch versch\u00e4rft.<\/p>\n<p>Zwei, die sich dieser Problematik auf regionaler Ebene widmen, sind Frank Sibbing und Katharina Stemmer. Gemeinsam leiten und organisieren sie das Projekt <a href=\"https:\/\/www.muensterland.com\/wirtschaft\/service\/projekte\/youngstarts\/unternehmensnachfolge\/\"><strong>Gr\u00fcndergeist #Youngstarts<\/strong><\/a> im M\u00fcnsterland mit dem Ziel, die Gr\u00fcndungsintensit\u00e4t im M\u00fcnsterland zu st\u00e4rken. Dabei stehen zwei Zielgruppen im Fokus: zum einen Sch\u00fclerinnen und Sch\u00fcler ab der zehnten Klasse, zum anderen potenzielle Unternehmensnachfolgerinnen und -nachfolger. So will die Initiative die Nachfolge als m\u00f6gliche Alternative zur herk\u00f6mmlichen Gr\u00fcndung mehr in den Fokus r\u00fccken.<\/p>\n<blockquote><p><span style=\"color: #00ff00;\"><strong>\u201eWir haben den Eindruck, dass es Menschen einfacher f\u00e4llt, sich mit Best-Practice-Nachfolgerinnen und -Nachfolgern aus der eigenen Region zu identifizieren.\u201c<\/strong><\/span><\/p><\/blockquote>\n<p>Angeboten werden Webinare, Workshops, Veranstaltungen sowie weitere digitale Formate wie einen Podcast mit Nachfolgegeschichten oder die Begleitung eines angehenden Nachfolgers mit der Videokamera, der Einblicke in seine Motivation, Hoffnungen, aber auch Herausforderungen und \u00c4ngste gibt. Im Interview erfahren wir mehr \u00fcber die Besonderheit der regionalen Initiative, welches Mindset Unternehmensnachfolger brauchen und wie der Bildungssektor in der deutschen Nachfolgeregelung helfen kann.<\/p>\n<h3><strong>Herr Sibbing, Frau Stemmer \u2013 warum ist die Unternehmensnachfolge so wichtig f\u00fcr den deutschen Mittelstand?<\/strong><\/h3>\n<p>Eine Unternehmensnachfolge sichert den Bestand an Unternehmen. Gibt es weniger Unternehmensnachfolger als zu \u00fcbergebende Betriebe, schrumpft zwangsl\u00e4ufig der Unternehmensbestand und die generierte Wertsch\u00f6pfung sinkt. \u00a0Zudem tragen Unternehmensnachfolgen zu einer gewissen Individualit\u00e4t in den Unternehmensstrukturen bei. So bestehen nicht nur die \u201eRiesen\u201c in der Wirtschaft weiter, sondern auch die mittelst\u00e4ndischen Betriebe, die durch ihre Agilit\u00e4t und Flexibilit\u00e4t unsere wirtschaftliche Stabilit\u00e4t gew\u00e4hrleisten.<\/p>\n<h3><strong>Mit welchen Herausforderungen, Erwartungen und Interessen kommen junge Unternehmensnachfolger\/innen zu Ihnen? <\/strong><\/h3>\n<p>F\u00fcr die meisten, mit denen wir analog oder digital in Kontakt treten, sind unsere Angebote ein guter Einstieg in das Thema Unternehmensnachfolge. Sie interessieren sich besonders f\u00fcr Menschen, die den Prozess der Nachfolge schon durchlaufen haben und von ihren Erfahrungen berichten. Hier laden wir auch stets zum Austausch und Vernetzen ein \u2013 interaktive Tools und Apps machen das auch digital m\u00f6glich.<\/p>\n<h3><strong>Welche Schwerpunkte setzen Sie in Ihren Workshops und Schulungen, welche Skills k\u00f6nnen sich die Nachfolger\/innen dort aneignen? <\/strong><\/h3>\n<p>Unsere Angebote richten sich vor allem an potenzielle Unternehmensnachfolgerinnen und -nachfolger, die vielleicht noch gar nicht wissen, dass sie einen Betrieb \u00fcbernehmen wollen. Wir setzen sehr fr\u00fch im Entscheidungsprozess an und wollen mit \u201eweicheren\u201c Themen motivieren und Mut zur Nachfolge machen. Hierf\u00fcr beleuchten wir unter anderem Pers\u00f6nlichkeits- sowie Motivationsaspekte f\u00fcr eine Unternehmensnachfolge, zeigen die Entwicklung hin zu einer F\u00fchrungspers\u00f6nlichkeit auf, und gehen auf eventuelle Ver\u00e4nderungen in der Work-Life-Balance ein.<\/p>\n\n<div class=\"single-cta gated-content\">\n\t<div class=\"single-cta__positioner\">\n\t\t<div class=\"single-cta__wrapper has-dark-background-color\">\n\t\t\t<div class=\"single-cta__content\">\n\t\t\t\t\t\t\t\t<h2 class=\"single-cta__title h3\">E-Book: Bereit f\u00fcr die Nachfolge? Unternehmensnachfolge-Geschichten aus der Praxis <\/h2>\n\n\t\t\t\t\t\t\t\t\t<div class=\"single-cta__description\">\n\t\t\t\t\t\t<p>Ihr kostenfreies E-Book enth\u00e4lt:<\/p>\n<ul>\n<li><span style=\"color: #00ff00\">Kapitel 1:<\/span> Gr\u00fcnden oder Nachfolgen?<\/li>\n<li><span style=\"color: #00ff00\">Kapitel 2:<\/span> Familienunternehmen im Wandel<\/li>\n<li><span style=\"color: #00ff00\">Kapitel 3:<\/span> Zwischen Innovation und Tradition - Digitalisierung, Kulturwandel, Personal Branding &amp; Co<\/li>\n<li><span style=\"color: #00ff00\">Kapitel 4:<\/span> Jeder braucht Unterst\u00fctzung - externe Beratung und Netzwerke<\/li>\n<\/ul>\n<p>Abonnieren Sie jetzt unseren monatlichen Sage Advice Newsletter und erhalten Sie unser kostenfreies E-Book als Dankesch\u00f6n.<\/p>\n\t\t\t\t\t<\/div>\n\t\t\t\t\n\t\t\t\t\t\t\t\t\t\t\t\t\t\t<a\n\t\t\t\t\t\thref=\"#gate-751dd6ee-2b98-40ff-a3ed-efa1b744b387\"\n\t\t\t\t\t\tclass=\"single-cta__button button button--primary\"\n\t\t\t\t\t\t\t\t\t\t\t\t\t\t\t\t\t>Jetzt Newsletter abonnieren &amp; kostenfreies E-Book erhalten<\/a>\n\t\t\t\t\t\t\t<\/div>\n\n\t\t\t\t\t<\/div>\n\n\t\t\t\t\t<img decoding=\"async\" width=\"1200\" height=\"628\" src=\"https:\/\/www.sage.com\/de-de\/blog\/wp-content\/uploads\/sites\/11\/2021\/01\/Grafik_3.jpg\" class=\"single-cta__image\" alt=\"\" loading=\"lazy\" srcset=\"https:\/\/www.sage.com\/de-de\/blog\/wp-content\/uploads\/sites\/11\/2021\/01\/Grafik_3.jpg 1200w\" sizes=\"auto, (min-width: 48em) 33vw, 100vw\" \/>\t\t\t<\/div>\n<\/div>\n\n<h3><strong>Wie sollte Ihrer Meinung nach in Zukunft der Bildungssektor helfen, um junge Nachfolge vorzubereiten, wo sehen Sie Bedarf? Welche pers\u00f6nlichen und fachlichen Kompetenzen, welches Mindset ist f\u00fcr die Nachfolge n\u00f6tig?<\/strong><\/h3>\n<p>Aus unserer Sicht gibt es bereits ausreichend und qualitativ gute Unterst\u00fctzung zu den \u201eh\u00e4rteren\u201c Themen, etwa der Businessplanerstellung, zu steuerlichen Aspekten, Kaufpreisbewertung usw. Deshalb setzen wir eher so an: Wir sehen es als immens wichtig an, potenzielle Unternehmerinnen und Unternehmer fr\u00fchzeitig in der Entscheidungsfindung zu unterst\u00fctzen. Sie sollen f\u00fcr sich selbst herausfinden, was sie wirklich wollen und wie eine Umsetzung in die eigene Lebensplanung passen k\u00f6nnte. Grunds\u00e4tzlich sollte das Mindset eines Nachfolgers \u00e4hnliche Attribute aufweisen wie die eines Gr\u00fcnders oder Unternehmers. Dazu geh\u00f6ren ein gewisses Ma\u00df an Risikobereitschaft, l\u00f6sungsorientiertes Denken und die Wertsch\u00e4tzung gegen\u00fcber Mitarbeitern. Aber jeder Mensch und jedes Unternehmen ist anders: Das <a href=\"https:\/\/www.sage.com\/de-de\/blog\/warum-brauchen-unternehmensnachfolger-starke-nerven-insights-2-fy21\/\" target=\"_blank\" rel=\"noopener noreferrer\">perfekte Mindset f\u00fcr die Unternehmensnachfolge<\/a> gibt es also wahrscheinlich nicht.<\/p>\n<h3><strong>Nehmen Sie besondere oder \u00fcber die Jahre ver\u00e4nderte Bed\u00fcrfnisse in den Generationen Y und Z wahr, die nun vermehrt in den Arbeitsmarkt str\u00f6men und selbst Nachfolgen antreten?<\/strong><\/h3>\n<p>Wir merken, dass Themen wie eine ausgewogene Work-Life-Balance und <a href=\"https:\/\/www.sage.com\/de-de\/blog\/sind-unternehmensnachfolgen-nachhaltiger-als-neugruendungen-teil-1-fy21\/\" target=\"_blank\" rel=\"noopener noreferrer\">Nachhaltigkeit<\/a> immer h\u00e4ufiger Erw\u00e4hnung finden. Nat\u00fcrlich gilt nach wie vor, dass ein Unternehmen nur funktionieren kann, wenn es auch wirtschaftlich handelt \u2013 trotzdem r\u00fccken soziale und \u00f6kologische Aspekte immer st\u00e4rker in den Fokus.<\/p>\n<h3><strong>Gibt es regionale Unterschiede im Thema Unternehmensnachfolge? Welche Rolle spielt hier die Region M\u00fcnsterland? Wollen Sie Ihr Format noch auf andere Regionen ausweiten?<\/strong><\/h3>\n<p>Mit Sicherheit gibt es regionale Unterschiede, etwa mit Blick auf den Unternehmenstyp: In Bayern suchen zum Beispiel vermutlich mehr Brauereien nach Nachfolgern als im M\u00fcnsterland. Auch die Art der Unternehmensnachfolge ist sicherlich in Regionen unterschiedlich ausgepr\u00e4gt. Im M\u00fcnsterland etwa gibt es viele Betriebe, die innerhalb der Familie \u00fcbergeben werden. Das Projekt Gr\u00fcndergeist #Youngstarts M\u00fcnsterland fokussiert \u2013 wie der Name schon sagt \u2013 klar die Region M\u00fcnsterland und ist auch auf die Besonderheiten dieser Region zugeschnitten. Wir arbeiten im engen Austausch mit den hier ans\u00e4ssigen Wirtschaftsf\u00f6rderungen, Hochschulen sowie der Handwerkskammer und der Industrie- und Handelskammer, um mit unseren Angeboten den Bed\u00fcrfnissen der Menschen im M\u00fcnsterland gerecht zu werden. Ausweiten auf weitere Regionen werden wir das Projekt nicht. Jedoch freuen wir uns nat\u00fcrlich \u00fcber jede Initiative, die das Thema Unternehmensnachfolge mitdenkt und weiter nach vorne bringt.<\/p>\n<h3><strong>Wo sehen Sie Vorteile in der regionalen F\u00f6rderung von Unternehmensnachfolger\/innen?<\/strong><\/h3>\n<p>Grunds\u00e4tzlich ist es nat\u00fcrlich von Vorteil, wenn ein Thema bundesweit wie regional gef\u00f6rdert wird, da dann die Aufmerksamkeit am h\u00f6chsten ist. Das Sch\u00f6ne an der regionalen F\u00f6rderung ist aber die Authentizit\u00e4t von Themen und Personen, die sie erm\u00f6glicht: Wir haben den Eindruck, dass es Menschen einfacher f\u00e4llt, sich mit Best-Practice-Nachfolgerinnen und -Nachfolgern aus der eigenen Region zu identifizieren. Vielleicht kommen sie aus dem gleichen Ort, sind zur gleichen Schule gegangen oder haben die gleiche Uni besucht \u2013 das schafft Ankn\u00fcpfungspunkte. Die Menschen hier k\u00f6nnen sich besser in die jeweilige Lage versetzen und lassen sich wom\u00f6glich von den Erfahrungen der Nachfolger leichter inspirieren und motivieren.<\/p>\n\n<div class=\"single-cta\">\n\t<div class=\"single-cta__positioner\">\n\t\t<div class=\"single-cta__wrapper has-dark-background-color\">\n\t\t\t<div class=\"single-cta__content\">\n\t\t\t\t\t\t\t\t<h2 class=\"single-cta__title h3\">1 Jahr Corona: Unternehmensnachfolge in der Krise <\/h2>\n\n\t\t\t\t\t\t\t\t\t<div class=\"single-cta__description\">\n\t\t\t\t\t\t<p>In unserem Online Experten-Talk erhalten Sie Erfahrungsberichte, Tipps und Best Practices von unseren Experten und G\u00e4sten.<\/p>\n<ul>\n<li>Datum: 6. Mai 2021<\/li>\n<li>Zeit: 12-13:15 Uhr<\/li>\n<li>Ort: Online via GoToWebinar<\/li>\n<li>Kosten: kostenfrei<\/li>\n<\/ul>\n<p>Wie sieht die Unternehmensnachfolge w\u00e4hrend einer Krise aus? Wie kann man all diese Herausforderungen gleichzeitig meistern? Und wie kann ich meine Unternehmen langfristig krisensicherer aufstellen?<\/p>\n\t\t\t\t\t<\/div>\n\t\t\t\t\n\t\t\t\t\t\t\t\t\t\t\t\t\t\t<a\n\t\t\t\t\t\thref=\"https:\/\/www.sage.com\/de-de\/unternehmensnachfolge\/veranstaltungen\/#gate-3b95e85e-28da-44f2-948c-d578c7ea3ed2\"\n\t\t\t\t\t\tclass=\"single-cta__button button button--primary\"\n\t\t\t\t\t\t\t\t\t\t\t\t\tid=\"cta-id-8859\"\n\t\t\t\t\t\t\t\t\t\t\t\t\t\t\t\t\t\t\tdata-button-location=\"cta_box\"\n\t\t\t\t\t\t\t\t\t\t\t>Jetzt anmelden!<\/a>\n\t\t\t\t\t\t\t<\/div>\n\n\t\t\t\t\t<\/div>\n\n\t\t\t\t\t<img decoding=\"async\" width=\"1213\" height=\"810\" src=\"https:\/\/www.sage.com\/de-de\/blog\/wp-content\/uploads\/sites\/11\/2021\/02\/SageColleaguesManchester_170119-6128-1213x810.jpg\" class=\"single-cta__image\" alt=\"Mann mit Tablet\" loading=\"lazy\" srcset=\"https:\/\/www.sage.com\/de-de\/blog\/wp-content\/uploads\/sites\/11\/2021\/02\/SageColleaguesManchester_170119-6128-1213x810.jpg 1213w\" sizes=\"auto, (min-width: 48em) 33vw, 100vw\" \/>\t\t\t<\/div>\n<\/div>\n\n<h3><strong>Wie gehen Sie im Projekt mit den aktuellen Einschr\u00e4nkungen um, finden weiterhin Veranstaltungen und Workshops online statt?<\/strong><\/h3>\n<p>Die aktuellen Einschr\u00e4nkungen betreffen auch unsere Angebote. Wir w\u00fcrden gern mehr analoge Veranstaltungen und Workshops umsetzen, was allerdings gerade nicht m\u00f6glich ist. Nichtsdestotrotz versuchen wir mit spannenden, digitalen Formaten Alternativen zu schaffen, die unsere Zielgruppen begeistern.<\/p>\n<p>Somit findet am 22.4. das neue Format \u201eEine Runde Nachfolge- Der Thementalk im M\u00fcnsterland\u201c mit dem konkreten Thema \u201eZukunft ist jetzt \u2013 Digitalisierung und Kulturwandel\u201c statt. Darin diskutieren Nachfolger und Experten zu speziellen Themen im Bereich der Unternehmensnachfolge, angeleitet von einer Moderatorin. Der Talk wird live \u00fcbertragen, sodass angehende Nachfolgerinnen und Nachfolger die Runde verfolgen und via App eigene Impulse und Fragen in die Runde geben k\u00f6nnen.<\/p>\n<div class=\"single-simple-button__container\"><a class=\"single-simple-button button button--primary\" role=\"button\" href=\"https:\/\/www.sage.com\/de-de\/unternehmensnachfolge\/\">Interesse an weiteren Interviews, Artikeln, Podcasts und Events zum Thema Unternehmensnachfolge<\/a><\/div>\n<h3><strong>Mut zur Nachfolge<\/strong><\/h3>\n<p>Der deutsche Mittelstand braucht mutige und motivierte Nachfolgerinnen und Nachfolger. Die Themen Selbst\u00e4ndigkeit und Neugr\u00fcndung scheinen aber in der breiten Masse immer noch popul\u00e4rer zu sein \u2013 dabei erfordert eine Nachfolge in der Regel \u00e4hnliche Voraussetzungen und bietet noch dazu den Vorteil, dass wichtige Stakeholder bereits bestehen und das Produkt schon erfolgreich am Markt ist. F\u00f6rderprojekte wie Gr\u00fcndergeist #Youngstarts machen darauf aufmerksam und unterst\u00fctzen aktiv in der Entscheidungsfindung \u2013 das weckt Hoffnung! Wer jetzt hellh\u00f6rig geworden ist und \u00fcber eine Unternehmensnachfolge im M\u00fcnsterland nachdenkt, erh\u00e4lt <a href=\"https:\/\/www.muensterland.com\/wirtschaft\/service\/projekte\/youngstarts\/\" target=\"_blank\" rel=\"noopener noreferrer\">hier<\/a> weitere Informationen zu dem Projekt und hier <a href=\"https:\/\/www.sage.com\/de-de\/unternehmensnachfolge\/\" target=\"_blank\" rel=\"noopener noreferrer\">Tipps und Tricks zur Unternehmensnachfolge<\/a> allgemein.<\/p>\n<p>&nbsp;<\/p>\n<h6>Header Bild: \u00a9opwoco Media GmbH &#8211;\u00a0Frank Sibbing und Katharina Stemmer vom Projekt Gr\u00fcndergeist Youngstarts M\u00fcnsterland im Podcast-Interview mit dem 24-j\u00e4hrigen Johannes Austermann, der in Warendorf ein Kino \u00fcbernommen hat.<\/h6>\n\n<\/div>\n<div class=\"single-cta\">\n\t<div class=\"single-cta__positioner\">\n\t\t<div class=\"single-cta__wrapper has-dark-background-color\">\n\t\t\t<div class=\"single-cta__content\">\n\t\t\t\t\t\t\t\t<h2 class=\"single-cta__title h3\">#STAYFORACOFFEE: Die Experten-Talks von Sage<\/h2>\n\n\t\t\t\t\t\t\t\t\t<div class=\"single-cta__description\">\n\t\t\t\t\t\t<p><!-- wp:paragraph --><\/p>\n<p>Erfahren Sie in <span style=\"color: #99cc00\">nur 45 Minuten<\/span> alles \u00fcber Themen die Unternehmer bewegen.<br \/>Nehmen sie an unseren <span style=\"color: #99cc00\"><em>kostenfreien <\/em>Webinaren<\/span> teil:<\/p>\n<p><!-- \/wp:paragraph --><\/p>\n<p><!-- wp:list --><\/p>\n<ul class=\"wp-block-list\"><!-- wp:list-item --><\/p>\n<li>Datengest\u00fctzte Unternehmen handeln erfolgreich<\/li>\n<p><!-- \/wp:list-item --><\/p>\n<p><!-- wp:list-item --><\/p>\n<li>Wie werden Fertigungsunternehmen zum Online-H\u00e4ndler?<\/li>\n<p><!-- \/wp:list-item --><\/p>\n<p><!-- wp:list-item --><\/p>\n<li>So k\u00f6nnen Sie den CO2-Fu\u00dfabdruck als Erfolgsfaktor f\u00fcr Ihr Unternehmen\u00a0einsetzen<\/li>\n<p><!-- \/wp:list-item --><\/p>\n<p><!-- wp:list-item --><\/p>\n<li>Vergleich Cloud-L\u00f6sungen vs. installierte Software: lohnt sich der\u00a0Wechsel?<\/li>\n<p><!-- \/wp:list-item --><\/p>\n<p><!-- wp:list-item --><\/p>\n<li>Die Zukunft der\u00a0Weiterbildung<\/li>\n<p><!-- \/wp:list-item --><\/p>\n<p><!-- wp:list-item --><\/p>\n<li>Wir zeigen Ihnen die wichtigsten Datenanalyse-Trends f\u00fcr\u00a02022<\/li>\n<p><!-- \/wp:list-item --><\/p>\n<p><!-- wp:list-item --><\/p>\n<li>Datenhaltung: wie Sie Datensilos in Ihrem Unternehmen\u00a0abschaffen<\/li>\n<p><!-- \/wp:list-item --><\/p>\n<p><!-- wp:list-item --><\/p>\n<li>Digitale Compliance-Prozesse: so profitiert Ihre Finanzbuchhaltung\u00a0davon<\/li>\n<p><!-- \/wp:list-item --><\/ul>\n<p><!-- \/wp:list --><\/p>\n<p><!-- wp:paragraph --><\/p>\n<p>Webinar verpasst? Hier geht es zur<a href=\"https:\/\/www.sage.com\/de-de\/stayforacoffee\/#mediathek\" target=\"_blank\" rel=\"noopener noreferrer\"> <strong><span style=\"color: #99cc00\">Mediathek<\/span><\/strong><\/a><\/p>\n<p><!-- \/wp:paragraph --><\/p>\n\t\t\t\t\t<\/div>\n\t\t\t\t\n\t\t\t\t\t\t\t\t\t\t\t\t\t\t<a\n\t\t\t\t\t\thref=\"https:\/\/www.sage.com\/de-de\/stayforacoffee\/?ref=blog#termine?utm_source=sageadvice&#038;utm_medium=website&#038;utm_campaign=CTABox&#038;utm_content=SFAC\"\n\t\t\t\t\t\tclass=\"single-cta__button button button--primary\"\n\t\t\t\t\t\t\t\t\t\t\t\t\tid=\"cta-id-8747\"\n\t\t\t\t\t\t\t\t\t\t\t\t\t\t\t\t\t\t\tdata-button-location=\"cta_box\"\n\t\t\t\t\t\t\t\t\t\t\t>Jetzt kostenfrei anmelden<\/a>\n\t\t\t\t\t\t\t<\/div>\n\n\t\t\t\t\t<\/div>\n\n\t\t\t\t\t<img decoding=\"async\" width=\"1440\" height=\"810\" src=\"https:\/\/www.sage.com\/de-de\/blog\/wp-content\/uploads\/sites\/11\/2022\/04\/GettyImages-1266123239-1440x810.jpg\" class=\"single-cta__image\" alt=\"\" loading=\"lazy\" srcset=\"https:\/\/www.sage.com\/de-de\/blog\/wp-content\/uploads\/sites\/11\/2022\/04\/GettyImages-1266123239-1440x810.jpg 1440w\" sizes=\"auto, (min-width: 48em) 33vw, 100vw\" \/>\t\t\t<\/div>\n<\/div>\n\n\n<div class=\"single-cta\">\n\t<div class=\"single-cta__positioner\">\n\t\t<div class=\"single-cta__wrapper has-dark-background-color\">\n\t\t\t<div class=\"single-cta__content\">\n\t\t\t\t\t\t\t\t<h2 class=\"single-cta__title h3\">Interesse an weiteren Tipps &amp; Insights zum Thema Unternehmensnachfolge?<\/h2>\n\n\t\t\t\t\t\t\t\t\t<div class=\"single-cta__description\">\n\t\t\t\t\t\t<p><!-- wp:paragraph --><\/p>\n<p class=\"\">\u2026mit unserem Newsletter 1x im Monat<\/p>\n<p><!-- \/wp:paragraph --><\/p>\n<p><!-- wp:list --><\/p>\n<ul><!-- wp:list-item --><\/p>\n<li>Neue Trends aus der Business Welt<\/li>\n<p><!-- \/wp:list-item --><\/p>\n<p><!-- wp:list-item --><\/p>\n<li>Aktuelle Urteile verst\u00e4ndlich erkl\u00e4rt<\/li>\n<p><!-- \/wp:list-item --><\/p>\n<p><!-- wp:list-item --><\/p>\n<li>Tipps zu Recht, Steuern &amp; Finanzen<\/li>\n<p><!-- \/wp:list-item --><\/p>\n<p><!-- wp:list-item --><\/p>\n<li>Experten-Interviews, Podcast, Studien u.v.m<\/li>\n<p><!-- \/wp:list-item --><\/ul>\n<p><!-- \/wp:list --><\/p>\n\t\t\t\t\t<\/div>\n\t\t\t\t\n\t\t\t\t\t\t\t\t\t\t\t\t\t\t<a\n\t\t\t\t\t\thref=\"#gate-a59880de-3d38-4b82-914c-ffa16bab6ae7\"\n\t\t\t\t\t\tclass=\"single-cta__button button button--primary\"\n\t\t\t\t\t\t\t\t\t\t\t\t\t\t\t\t\t>Jetzt Newsletter abonnieren<\/a>\n\t\t\t\t\t\t\t<\/div>\n\n\t\t\t\t\t<\/div>\n\n\t\t\t\t\t<img decoding=\"async\" width=\"1064\" height=\"810\" src=\"https:\/\/www.sage.com\/de-de\/blog\/wp-content\/uploads\/sites\/11\/2021\/03\/Blog-Unternehmensnachfolge-1064x810.jpg\" class=\"single-cta__image\" alt=\"\" loading=\"lazy\" srcset=\"https:\/\/www.sage.com\/de-de\/blog\/wp-content\/uploads\/sites\/11\/2021\/03\/Blog-Unternehmensnachfolge-1064x810.jpg 1064w\" sizes=\"auto, (min-width: 48em) 33vw, 100vw\" \/>\t\t\t<\/div>\n<\/div>\n","protected":false},"excerpt":{"rendered":"<p>Die Unternehmensnachfolge im deutschen Mittelstand braucht aktive F\u00f6rderung: in mehr als 50 Prozent aller kleinen und mittelst\u00e4ndischen Unternehmen (KMU) ist unklar, ob und wann ein Nachfolger oder eine Nachfolgerin die Firma \u00fcbernehmen soll. Die Corona-Krise hat den bundesweiten Engpass in der Unternehmensnachfolge also noch versch\u00e4rft. Zwei, die sich dieser Problematik auf regionaler Ebene widmen, sind [&hellip;]<\/p>\n","protected":false},"author":547,"featured_media":9058,"comment_status":"open","ping_status":"open","sticky":false,"template":"","format":"standard","meta":{"_sage_video":false,"post_featured_image_hide":false,"footnotes":""},"categories":[15],"tags":[816,913,911,191,837],"business_type":[18],"lilypad":[],"context":[],"industry":[],"persona":[58,54,60,57,59],"imagine_tag":[41,40,24,38,883],"coauthors":[962],"class_list":["post-8823","post","type-post","status-publish","format-standard","has-post-thumbnail","hentry","category-digitale-transformation","tag-existenzgruender","tag-externe-nachfolge","tag-familienunternehmen","tag-mittelstand","tag-unternehmensnachfolge","business_type-mittlere-unternehmen"],"sage_meta":{"region":"de-de","author_name":"Jan Friedrich","featured_image":"https:\/\/www.sage.com\/de-de\/blog\/wp-content\/uploads\/sites\/11\/2021\/03\/Youngstarts-Muensterland_Nachfolge-scaled-1.jpg","imagine_tags":{"41":"Mittelstand","40":"Mittlere Unternehmen","24":"Sage Blog","38":"Start-Ups","883":"Unternehmensnachfolge"}},"distributor_meta":false,"distributor_terms":false,"distributor_media":false,"distributor_original_site_name":"Sage Advice Deutschland","distributor_original_site_url":"https:\/\/www.sage.com\/de-de\/blog","push-errors":false,"_links":{"self":[{"href":"https:\/\/www.sage.com\/de-de\/blog\/api\/wp\/v2\/posts\/8823","targetHints":{"allow":["GET"]}}],"collection":[{"href":"https:\/\/www.sage.com\/de-de\/blog\/api\/wp\/v2\/posts"}],"about":[{"href":"https:\/\/www.sage.com\/de-de\/blog\/api\/wp\/v2\/types\/post"}],"author":[{"embeddable":true,"href":"https:\/\/www.sage.com\/de-de\/blog\/api\/wp\/v2\/users\/547"}],"replies":[{"embeddable":true,"href":"https:\/\/www.sage.com\/de-de\/blog\/api\/wp\/v2\/comments?post=8823"}],"version-history":[{"count":0,"href":"https:\/\/www.sage.com\/de-de\/blog\/api\/wp\/v2\/posts\/8823\/revisions"}],"wp:featuredmedia":[{"embeddable":true,"href":"https:\/\/www.sage.com\/de-de\/blog\/api\/wp\/v2\/media\/9058"}],"wp:attachment":[{"href":"https:\/\/www.sage.com\/de-de\/blog\/api\/wp\/v2\/media?parent=8823"}],"wp:term":[{"taxonomy":"category","embeddable":true,"href":"https:\/\/www.sage.com\/de-de\/blog\/api\/wp\/v2\/categories?post=8823"},{"taxonomy":"post_tag","embeddable":true,"href":"https:\/\/www.sage.com\/de-de\/blog\/api\/wp\/v2\/tags?post=8823"},{"taxonomy":"business_type","embeddable":true,"href":"https:\/\/www.sage.com\/de-de\/blog\/api\/wp\/v2\/business_type?post=8823"},{"taxonomy":"lilypad","embeddable":true,"href":"https:\/\/www.sage.com\/de-de\/blog\/api\/wp\/v2\/lilypad?post=8823"},{"taxonomy":"context","embeddable":true,"href":"https:\/\/www.sage.com\/de-de\/blog\/api\/wp\/v2\/context?post=8823"},{"taxonomy":"industry","embeddable":true,"href":"https:\/\/www.sage.com\/de-de\/blog\/api\/wp\/v2\/industry?post=8823"},{"taxonomy":"persona","embeddable":true,"href":"https:\/\/www.sage.com\/de-de\/blog\/api\/wp\/v2\/persona?post=8823"},{"taxonomy":"imagine_tag","embeddable":true,"href":"https:\/\/www.sage.com\/de-de\/blog\/api\/wp\/v2\/imagine_tag?post=8823"},{"taxonomy":"author","embeddable":true,"href":"https:\/\/www.sage.com\/de-de\/blog\/api\/wp\/v2\/coauthors?post=8823"}],"curies":[{"name":"wp","href":"https:\/\/api.w.org\/{rel}","templated":true}]}}