{"id":8948,"date":"2021-04-22T07:00:38","date_gmt":"2021-04-22T05:00:38","guid":{"rendered":"https:\/\/www.sage.com\/de-de\/blog\/?p=8948"},"modified":"2026-01-22T15:00:06","modified_gmt":"2026-01-22T14:00:06","slug":"7-schritte-fuer-gruender-und-jungunternehmer-zum-einmaleins-der-buchhaltung-artikel-4-5","status":"publish","type":"post","link":"https:\/\/www.sage.com\/de-de\/blog\/7-schritte-fuer-gruender-und-jungunternehmer-zum-einmaleins-der-buchhaltung-artikel-4-5\/","title":{"rendered":"7 Schritte f\u00fcr Gr\u00fcnder und Jungunternehmer: zum Einmaleins der Buchhaltung \u2013 Artikel 4\/5"},"content":{"rendered":"<header class=\"entry-header has-dark-background-color entry-header--has-illustration entry-header--has-illustration--generic\">\n\t<div class=\"container\">\n\t\t<div class=\"entry-header__row row align-center\">\n\t\t\t<div class=\"col col-lg-7 col-xlg-6 entry-header__content\">\n\t\t\t\t\t\t\t<div class=\"component component-single-header\">\n\t\t\t\t\t\t\t\t\t\t<div class=\"entry-header__misc text--subtitle text--uppercase text--small\">\n\t\t\t\t\t\t\t<a href=\"https:\/\/www.sage.com\/de-de\/blog\/kategorie\/recht-steuern-finanzen\/\" class=\"entry-header__link\">Recht, Steuern und Finanzen<\/a>\t\t\t\t\t\t<\/div>\n\t\t\t\t\n\t\t\t\t<div class=\"entry-title-wrapper\">\n\t\t\t\t\t<h1 class=\"entry-title\">\n\t\t\t\t\t\t7 Schritte f\u00fcr Gr\u00fcnder und Jungunternehmer: zum Einmaleins der Buchhaltung \u2013 Artikel 4\/5\t\t\t\t\t<\/h1>\n\t\t\t\t<\/div>\n\n\t\t\t\t\t\t\t\t\t<p class=\"entry-header__description\">\n\t\t\t\t\t\t\t\t\t\t\t<\/p>\n\t\t\t\t\n\t\t\t\t\n\t\t\t\t\n\t\t\t<\/div>\n\n\t\t\t\t\t<\/div>\n\t\t\t\t\t<\/div>\n\t<\/div>\n\t\t<div class=\"single-post-details container\">\n\t\t<div class=\"col\">\n\t\t\t<span class=\"posted-on \">ver\u00f6ffentlicht am <time class=\"entry-date published\" datetime=\"2021-04-22T07:00:38+02:00\">22. April 2021<\/time><\/span><span class=\"reading-time\"> Minuten zu lesen<\/span>\n\t\t<button\n\t\t\ttype=\"button\"\n\t\t\tclass=\"social-share-button button button--icon button--secondary js-social-share-button\"\n\t\t\tdata-share-title=\"7 Schritte f\u00fcr Gr\u00fcnder und Jungunternehmer: zum Einmaleins der Buchhaltung \u2013 Artikel 4\/5\"\n\t\t\tdata-share-url=\"https:\/\/www.sage.com\/de-de\/blog\/7-schritte-fuer-gruender-und-jungunternehmer-zum-einmaleins-der-buchhaltung-artikel-4-5\/\"\n\t\t\tdata-share-text=\"Bitte lesen Sie diesen interessanten Artikel\"\n\t\t>\n\t\t\t<span class=\"social-share-button__share-label\">Teilen<\/span>\n\t\t\t<span class=\"social-share-button__copy-label\" hidden>Link kopieren<\/span>\n\t\t\t<span class=\"social-share-button__copy-tooltip\" aria-hidden=\"true\" hidden>Kopiert<\/span>\n\t\t<\/button>\n\n\t\t\t\t<\/div>\n\t<\/div>\n\t<\/header>\n\n\n\n<div class=\"wp-block-post-author has-dark-background-color alignfull\">\n\t<div class=\"container\">\n\t\t<div class=\"col\">\n\t\t\t\t\t\t\t<div class=\"co-authors\">\n\t\t\t\t\t\n\t\t<div class=\"entry-author-wrapper\">\n\t\t\t<a class=\"entry-author\" href=\"https:\/\/www.sage.com\/de-de\/blog\/author\/oliverkoenig\/\">\n\t\t\t\t<img loading=\"lazy\" decoding=\"async\" width=\"40\" height=\"40\" src=\"https:\/\/www.sage.com\/de-de\/blog\/wp-content\/uploads\/sites\/11\/2018\/07\/Portrait-OK_sq_s-350x350.jpg\" class=\"entry-author__image\" alt=\"Oliver K\u00f6nig\" srcset=\"https:\/\/www.sage.com\/de-de\/blog\/wp-content\/uploads\/sites\/11\/2018\/07\/Portrait-OK_sq_s-350x350.jpg 350w, https:\/\/www.sage.com\/de-de\/blog\/wp-content\/uploads\/sites\/11\/2018\/07\/Portrait-OK_sq_s.jpg 600w\" sizes=\"auto, (max-width: 40px) 100vw, 40px\" \/>\t\t\t\t<span class=\"entry-author__name\">Oliver K\u00f6nig<\/span>\n\t\t\t<\/a>\n\n\t\t\t\t\t<\/div>\n\n\t\t\t\t\t\t<\/div>\n\t\t\t\t\t<\/div>\n\t<\/div>\n<\/div>\n\n\n\n\n\n<p class=\"wp-block-paragraph\">Wenn Sie eine Firma ins Leben rufen, gibt es ein besonders wichtiges Thema f\u00fcr Sie: die Unternehmensfinanzen. Denn nur, wenn Sie Ihre Finanzen \u2013 das Lebenselixier Ihres Unternehmens \u2013 stets im Griff haben, k\u00f6nnen Sie Ihre Firma am Leben erhalten. Doch insbesondere am Anfang kommen so viele Aufgaben auf Sie als Gr\u00fcnder und Jungunternehmer zu, dass Sie sich damit leicht \u00fcberfordert f\u00fchlen k\u00f6nnten.<\/p>\n\n\n\n<p class=\"wp-block-paragraph\">Um Sie als Kleinunternehmer bei den ersten Schritten zu unterst\u00fctzen, haben wir f\u00fcr Sie diese praxisorientierte Serie von f\u00fcnf Artikeln erstellt. Zu jedem der sieben Schritte in der Graphik stellen wir Ihnen sukzessive komprimierte Informationen auf dem Sage Advice Blog zur Verf\u00fcgung.<\/p>\n\n\n\n<figure class=\"wp-block-image\"><a href=\"https:\/\/www.sage.com\/de-de\/blog\/wp-content\/uploads\/sites\/11\/2020\/11\/Sage_7SchritteZumEinmaleinsDerBuchhaltung_final.png\"><img loading=\"lazy\" decoding=\"async\" width=\"975\" height=\"500\" src=\"https:\/\/www.sage.com\/de-de\/blog\/wp-content\/uploads\/sites\/11\/2020\/11\/Sage_7SchritteZumEinmaleinsDerBuchhaltung_final.png\" alt=\"Sieben Schritte zum Einmaleins der Buchhaltung\" class=\"wp-image-8307\" srcset=\"https:\/\/www.sage.com\/de-de\/blog\/wp-content\/uploads\/sites\/11\/2020\/11\/Sage_7SchritteZumEinmaleinsDerBuchhaltung_final.png 975w, https:\/\/www.sage.com\/de-de\/blog\/wp-content\/uploads\/sites\/11\/2020\/11\/Sage_7SchritteZumEinmaleinsDerBuchhaltung_final-768x394.png 768w\" sizes=\"auto, (max-width: 975px) 100vw, 975px\" \/><\/a><\/figure>\n\n\n\n<p class=\"wp-block-paragraph\"><\/p>\n\n\n\n<p class=\"wp-block-paragraph\">Im vierten Artikel widmen wir uns nun dem 6. Schritt, den Unternehmenssteuern.<\/p>\n\n\n\n<h2 class=\"wp-block-heading\" id=\"h-6-unternehmenssteuern-managen-fur-grunder-und-jungunternehmer-anfangs-nicht-leicht\">6. Unternehmenssteuern managen &#8211; f\u00fcr Gr\u00fcnder und Jungunternehmer anfangs nicht leicht<\/h2>\n\n\n\n<p class=\"wp-block-paragraph\">Zus\u00e4tzlich zu den Einnahmen und Ausgaben m\u00fcssen Sie auch Ihre Steuern im Blick behalten. Dies kann eine gewaltige Aufgabe sein und Sie m\u00f6chten sich vielleicht von einem Steuerberater dabei unterst\u00fctzen lassen. Folgende, vier wichtige Bereiche m\u00fcssen Sie im Griff haben: Einkommensteuer, K\u00f6rperschaftsteuer, Gewerbesteuer und Umsatzsteuer.<\/p>\n\n\n\n<h3 class=\"wp-block-heading\" id=\"h-einkommen-und-korperschaftsteuer\">Einkommen- und K\u00f6rperschaftsteuer<\/h3>\n\n\n\n<p class=\"wp-block-paragraph\">Ob Selbstst\u00e4ndige und Unternehmer beim Finanzamt Einkommen- oder K\u00f6rperschaftsteuer entrichten m\u00fcssen, h\u00e4ngt von der gew\u00e4hlten Rechtsform des Unternehmens ab.<\/p>\n\n\n\n<p class=\"wp-block-paragraph\">Hier gilt:<\/p>\n\n\n\n<ul class=\"wp-block-list\">\n<li>Einzelunternehmer und Personengesellschaften sind zur Zahlung der Einkommensteuer verpflichtet.<\/li>\n\n\n\n<li>Kapitalgesellschaften wie eine GmbH, AG oder UG zahlen K\u00f6rperschaftsteuer.<\/li>\n<\/ul>\n\n\n\n<p class=\"wp-block-paragraph\">Genauso wie die Einkommensteuer berechnet sich die K\u00f6rperschaftsteuer aus dem zu versteuernden Einkommen. Bei der Berechnung der beiden verschiedenen Steuerarten gibt es jedoch erhebliche Unterschiede:<\/p>\n\n\n\n<h4 class=\"wp-block-heading\" id=\"h-einkommensteuer\">Einkommensteuer<\/h4>\n\n\n\n<p class=\"wp-block-paragraph\">Um die Einkommensteuer zu berechnen, ermitteln Unternehmen die Summe des zu versteuernden Einkommens. Zu versteuern sind im Sinne des Einkommensteuergesetzes (EStG) Eink\u00fcnfte einer nat\u00fcrlichen Person aus nicht-selbstst\u00e4ndiger Arbeit, Eink\u00fcnfte aus selbstst\u00e4ndiger Arbeit, aus einem Gewerbe, aus Land- und Forstwirtschaft, aus Kapitalverm\u00f6gen sowie aus Vermietung.<\/p>\n\n\n\n<p class=\"wp-block-paragraph\">Davon k\u00f6nnen Abz\u00fcge im Sinne des Einkommensteuergesetzes geltend gemacht werden, wie Betriebskosten, Werbekosten, au\u00dfergew\u00f6hnliche Belastungen sowie Freibetr\u00e4ge. Daraus wird die H\u00f6he der zu zahlenden Einkommensteuer berechnet, die verschiedenen Progressionen unterliegt. Vereinfacht gesagt bedeutet das: Je h\u00f6her das Einkommen desto h\u00f6her der anzuwendende Steuersatz und somit die Steuerlast.<\/p>\n\n\n\n<div class=\"single-cta gated-content\">\n\t<div class=\"single-cta__positioner on-scroll-highlight__target\">\n\t\t<div class=\"single-cta__wrapper has-dark-background-color\">\n\t\t\t<div class=\"single-cta__content\">\n\t\t\t\t\t\t\t\t<h2 class=\"single-cta__title h3\">Kostenfreies E-Book: Erfolgsratgeber f\u00fcr Unternehmen<\/h2>\n\n\t\t\t\t\t\t\t\t\t<div class=\"single-cta__description\">\n\t\t\t\t\t\t<p>Das E-Book gibt Ihnen wertvolle <span style=\"color: #99cc00\">Praxistipps, wie Sie die ersten Jahre nach der Gr\u00fcndung mit Ihrem Unternehmen gut \u00fcberstehen<\/span>. Es geht um Themen wie:<\/p>\n<ul>\n<li>Mehr Umsatz und Cashflow generieren<\/li>\n<li>Alles im Blick behalten und St\u00f6rfaktoren beseitigen<\/li>\n<li>Unterst\u00fctzung in Anspruch nehmen wie F\u00f6rderprogramme<\/li>\n<\/ul>\n\t\t\t\t\t<\/div>\n\t\t\t\t\n\t\t\t\t\t\t\t\t\t\t\t\t\t\t<a\n\t\t\t\t\t\thref=\"#gate-43d1bdf0-4b96-41d2-b3de-4084e4ecee70\"\n\t\t\t\t\t\tclass=\"single-cta__button button button--primary\"\n\t\t\t\t\t\t\t\t\t\t\t\t\t\t\t\t\t>Jetzt kostenfrei E-Book herunterladen<\/a>\n\t\t\t\t\t\t\t<\/div>\n\n\t\t\t\t\t<\/div>\n\n\t\t\t\t\t<img decoding=\"async\" width=\"1213\" height=\"810\" src=\"https:\/\/www.sage.com\/de-de\/blog\/wp-content\/uploads\/sites\/11\/2020\/12\/DrinnenBright-Path-Consulting_FY20_SBC-Accounting-Payroll_78-1-1213x810.jpg\" class=\"single-cta__image\" alt=\"Frau im B\u00fcro\" loading=\"lazy\" srcset=\"https:\/\/www.sage.com\/de-de\/blog\/wp-content\/uploads\/sites\/11\/2020\/12\/DrinnenBright-Path-Consulting_FY20_SBC-Accounting-Payroll_78-1-1213x810.jpg 1213w\" sizes=\"auto, (min-width: 48em) 33vw, 100vw\" \/>\t\t\t<\/div>\n<\/div>\n\n\n\n<h4 class=\"wp-block-heading\" id=\"h-korperschaftsteuer\">K\u00f6rperschaftsteuer<\/h4>\n\n\n\n<p class=\"wp-block-paragraph\">Die Grundlage zur Berechnung der K\u00f6rperschaftsteuer ist das <a href=\"https:\/\/www.gesetze-im-internet.de\/kstg_1977\/\" target=\"_blank\" rel=\"noopener noreferrer\">K\u00f6rperschaftsteuergesetz (KStG)<\/a>. Die H\u00f6he der Steuerlast h\u00e4ngt von dem zu versteuernden Einkommen ab. Dieses wird durch ein spezielles Rechenverfahren ermittelt, in dem von dem erwirtschafteten Jahres\u00fcberschuss verschiedene Positionen abgezogen werden. Gleichzeitig werden beispielsweise verdeckte Gewinnaussch\u00fcttungen oder nicht abziehbare Aufwendungen dazu addiert.<\/p>\n\n\n\n<h3 class=\"wp-block-heading\" id=\"h-abfuhren-der-umsatzsteuer\">Abf\u00fchren der Umsatzsteuer<\/h3>\n\n\n\n<p class=\"wp-block-paragraph\">Unternehmen sind au\u00dferdem zum Abf\u00fchren der Umsatzsteuer verpflichtet. Auf jedes Produkt und jede Dienstleistung wird in Deutschland grunds\u00e4tzlich eine Umsatzsteuer erhoben. Nur unter bestimmten Bedingungen sind Unternehmen von der Umsatzsteuerpflicht befreit. Daf\u00fcr m\u00fcssen die nach <a href=\"https:\/\/www.gesetze-im-internet.de\/ustg_1980\/__19.html\" target=\"_blank\" rel=\"noopener noreferrer\">\u00a7 19 UStG<\/a> benannten Voraussetzungen erf\u00fcllt sein, damit das Finanzamt sie beispielsweise als Kleinunternehmer einstuft.<\/p>\n\n\n\n<p class=\"wp-block-paragraph\">Bei der Umsatzsteuer handelt es sich um eine der wichtigsten Steuern in Deutschland. Sie wird von dem Unternehmen beim jeweiligen Kunden erhoben und dann an das Finanzamt abgef\u00fchrt. Letztendlich wird sie also vom Konsumenten oder Auftraggeber getragen.<\/p>\n\n\n\n<p class=\"wp-block-paragraph\">Unternehmen schicken je nach Umsatz meist viertelj\u00e4hrlich oder einmal im Monat eine Umsatzsteuervoranmeldung an das Finanzamt, bei der die eingenommene Umsatz- oder Mehrwertsteuer mit der Vorsteuer verrechnet wird. Das ist die Umsatzsteuer, die einem Unternehmer zum Beispiel selbst beim Kauf von B\u00fcrog\u00fctern oder f\u00fcr Dienstleistungen berechnet wird. Das Finanzamt zieht dann nur den f\u00e4lligen Betrag ein. Im Rahmen seines <a href=\"https:\/\/www.bundesregierung.de\/breg-de\/suche\/pressekonferenz-zu-konjunktur-krisenbewaeltigungspaket-und-zukunftspaket-1757642\" target=\"_blank\" rel=\"noopener noreferrer\">Konjunktur- und Krisenbew\u00e4ltigungspakets<\/a> infolge der Corona-Krise hat der Bund den Umsatzsteuersatz seit Juli bis voraussichtlich Dezember 2020 von 19 Prozent auf 16 Prozent, beziehungsweise von 7 Prozent auf 5 Prozent abgesenkt.<\/p>\n\n\n\n<h3 class=\"wp-block-heading\" id=\"h-die-gewerbesteuer\">Die Gewerbesteuer<\/h3>\n\n\n\n<p class=\"wp-block-paragraph\">Gewerbesteuer muss jeder Gewerbebetrieb abf\u00fchren, der im Inland betrieben wird. Unter Gewerbebetrieb ist dabei ein gewerbliches Unternehmen im Sinne des Einkommensteuergesetzes zu verstehen. Allerdings gibt es auch hier Befreiungen von der Gewerbesteuer gem\u00e4\u00df GewStG.<\/p>\n\n\n\n<p class=\"wp-block-paragraph\">Die Gewerbesteuer wird von der Kommune erhoben, in der der Betrieb angesiedelt ist, beziehungsweise die Gemeinde bestimmt die H\u00f6he der Gewerbesteuer. Die gezahlte Gewerbesteuer ist jedoch in der Steuerkl\u00e4rung auf die Einkommensteuer anrechenbar und mindert somit die Einkommensteuer. Die Gewerbesteuer wird durch das Finanzamt erhoben und dann an die Gemeinde des Firmenhauptsitzes weitergeleitet.<\/p>\n\n\n\n<h3 class=\"wp-block-heading\" id=\"h-wie-ubermitteln-sie-als-grunder-und-jungunternehmer-die-steuerdaten-am-besten\">Wie \u00fcbermitteln Sie als Gr\u00fcnder und Jungunternehmer die Steuerdaten am besten?<\/h3>\n\n\n\n<p class=\"wp-block-paragraph\">Unternehmen \u00fcbermitteln ihre Steuerdaten mit <a href=\"https:\/\/www.sage.com\/de-de\/blog\/lexikon\/elster\/\" target=\"_blank\" rel=\"noopener noreferrer\">ELSTER<\/a> (ELektronische STeuerERkl\u00e4rung) an das jeweils zust\u00e4ndige Finanzamt. F\u00fcr die Nutzung von ELSTER stellt die Finanzverwaltung das Portal &#8222;Mein Elster&#8220; zur Verf\u00fcgung, das auch mit g\u00e4ngigen Buchhaltungsprogrammen verkn\u00fcpft werden kann.<\/p>\n\n\n\n<p class=\"wp-block-paragraph\">Die \u00dcbermittlung der Steuern ist inzwischen vollkommen papierlos m\u00f6glich. Hierbei wird die eigenh\u00e4ndige Unterschrift durch eine elektronische Signatur ersetzt. Das setzt allerdings ein Sicherheitszertifikat voraus, das bei der Finanzverwaltung zu beantragen ist.<\/p>\n\n\n\n<p class=\"wp-block-paragraph\">F\u00fcr Umsatzsteuer-Voranmeldungen ist die \u00dcbermittlung Pflicht. Daher ist optimalerweise in einer modernen <a href=\"https:\/\/www.sage.com\/de-de\/cp\/buchhaltung\/\" target=\"_blank\" rel=\"noopener noreferrer\">Buchf\u00fchrungssoftware wie Sage 50<\/a> die ELSTER-Schnittstelle inkludiert. Diese bietet Ihnen die M\u00f6glichkeit, Ihre Daten komfortabel per Online-Daten\u00fcbertragung an das Finanzamt zu \u00fcbermitteln.<\/p>\n\n\n\n<p class=\"wp-block-paragraph\">Gepaart mit den umfangreichen Auswertungen zum Jahresabschluss k\u00f6nnen Sie auch keine Fristen f\u00fcr Steuererkl\u00e4rungen oder Steueranmeldungen mehr verpassen.<\/p>\n\n\n\n<h2 class=\"wp-block-heading\" id=\"h-artikelserie-fur-grunder-und-jungunternehmer\">Artikelserie f\u00fcr Gr\u00fcnder und Jungunternehmer<\/h2>\n\n\n\n<p class=\"wp-block-paragraph\">F\u00fcr Gr\u00fcnder, die eine Firma ins Leben rufen m\u00f6chten, und Jungunternehmer haben wir extra eine Artikelserie erstellt, um Sie, bei der Gr\u00fcndung wie auch beim Ausbau Ihres Kleinunternehmens zu unterst\u00fctzen.<\/p>\n\n\n\n<p class=\"wp-block-paragraph\">Die <strong>Serie besteht aus folgenden 5 Artikeln<\/strong>:<\/p>\n\n\n\n<p class=\"wp-block-paragraph\"><a href=\"https:\/\/www.sage.com\/de-de\/blog\/7-schritte-fuer-gruender-und-jungunternehmer-zum-einmaleins-der-buchhaltung-artikel-1-5-fy21s\/\" target=\"_blank\" rel=\"noopener noreferrer\"><strong>Artikel 1<\/strong><\/a><br>\nSchritt 1: Unternehmensform ausw\u00e4hlen und Unternehmen eintragen lassen<\/p>\n\n\n\n<p class=\"wp-block-paragraph\"><a href=\"https:\/\/www.sage.com\/de-de\/blog\/7-schritte-fuer-gruender-und-jungunternehmer-zum-einmaleins-der-buchhaltung-artikel-2-5-fy21s\/\" target=\"_blank\" rel=\"noopener noreferrer\"><strong>Artikel 2<\/strong><\/a><br>\nSchritt 2: Gesch\u00e4ftskonto er\u00f6ffnen<br>\nSchritt 3: Cashflow managen<\/p>\n\n\n\n<p class=\"wp-block-paragraph\"><a href=\"https:\/\/www.sage.com\/de-de\/blog\/7-schritte-fuer-gruender-und-jungunternehmer-zum-einmaleins-der-buchhaltung-artikel-3-5-fy21s\/\" target=\"_blank\" rel=\"noopener noreferrer\"><strong>Artikel 3<\/strong><\/a><br>\nSchritt 4: \u00dcberf\u00e4llige Zahlungen im Blick behalten<br>\nSchritt 5: Einnahmen und Ausgaben \u2013 was im Blick zu behalten ist und wie<\/p>\n\n\n\n<p class=\"wp-block-paragraph\"><a href=\"https:\/\/www.sage.com\/de-de\/blog\/7-schritte-fuer-gruender-und-jungunternehmer-zum-einmaleins-der-buchhaltung-artikel-4-5-fy21s\/\" target=\"_blank\" rel=\"noopener\"><strong>Artikel 4<\/strong><\/a><br>\nSchritt 6: Unternehmenssteuern managen<\/p>\n\n\n\n<p class=\"wp-block-paragraph\"><a href=\"https:\/\/www.sage.com\/de-de\/blog\/7-schritte-fuer-gruender-und-jungunternehmer-zum-einmaleins-der-buchhaltung-artikel-5-5-fy21s\/\" target=\"_blank\" rel=\"noopener\"><strong>Artikel 5<\/strong><\/a><br>\nSchritt 7: Wachstumsstrategien<\/p>\n\n\n\n<div class=\"single-cta\">\n\t<div class=\"single-cta__positioner on-scroll-highlight__target\">\n\t\t<div class=\"single-cta__wrapper has-dark-background-color\">\n\t\t\t<div class=\"single-cta__content\">\n\t\t\t\t\t\t\t\t<h2 class=\"single-cta__title h3\">Buchhaltung online durchf\u00fchren<\/h2>\n\n\t\t\t\t\t\t\t\t\t<div class=\"single-cta__description\">\n\t\t\t\t\t\t<p>Moderne Buchhaltungssoftware f\u00fcr Unternehmer von kleinen und mittleren Unternehmen:<\/p>\n<ul>\n<li>Angebote &amp; Rechnungen<\/li>\n<li>Auftragsbearbeitung<\/li>\n<li>Finanzbuchhaltung<\/li>\n<li>Warenwirtschaft<\/li>\n<\/ul>\n<p>Erstellen Sie Ihre komplette Buchhaltung im Handumdrehen <span style=\"color: #00ff00\">\u2013 auch ohne Vorkenntnisse.<\/span><\/p>\n\t\t\t\t\t<\/div>\n\t\t\t\t\n\t\t\t\t\t\t\t\t\t\t\t\t\t\t<a\n\t\t\t\t\t\thref=\"https:\/\/www.sage.com\/de-de\/produkte\/sage-erp\/\"\n\t\t\t\t\t\tclass=\"single-cta__button button button--primary\"\n\t\t\t\t\t\t\t\t\t\t\t\t\tid=\"cta-id-6807\"\n\t\t\t\t\t\t\t\t\t\t\t\t\t\t\t\t\t\t\tdata-button-location=\"cta_box\"\n\t\t\t\t\t\t\t\t\t\t\t>Jetzt testen<\/a>\n\t\t\t\t\t\t\t<\/div>\n\n\t\t\t\t\t<\/div>\n\n\t\t\t\t\t<img decoding=\"async\" width=\"1202\" height=\"810\" src=\"https:\/\/www.sage.com\/de-de\/blog\/wp-content\/uploads\/sites\/11\/2021\/07\/Caravan-Center_2019_Sage-X3_Photo-10458-1-1202x810.jpg\" class=\"single-cta__image\" alt=\"Frauen im B\u00fcro\" loading=\"lazy\" srcset=\"https:\/\/www.sage.com\/de-de\/blog\/wp-content\/uploads\/sites\/11\/2021\/07\/Caravan-Center_2019_Sage-X3_Photo-10458-1-1202x810.jpg 1202w\" sizes=\"auto, (min-width: 48em) 33vw, 100vw\" \/>\t\t\t<\/div>\n<\/div>\n\n<section class=\"more-topics alignfull has-grey-light-background-color wp-block-sage-post-topics\">\n\t<div class=\"container\">\n\t\t<div class=\"row\">\n\t\t\t<div class=\"col col-12 col-lg-4\">\n\t\t\t\t<h3 class=\"more-topics__title h2\">Hier finden Sie weitere Themen aus diesem Artikel<\/h3>\n\t\t\t<\/div>\n\t\t\t<div class=\"col col-12 col-lg-8\">\n\t\t\t\t<ul class=\"post-tags__list\">\n\t\t\t\t\t\t\t\t\t\t\t<li class=\"post-tags__item\">\n\t\t\t\t\t\t\t<a href=\"https:\/\/www.sage.com\/de-de\/blog\/tag\/buchhaltung\/\" class=\"post-tags__link button button--secondary\">\n\t\t\t\t\t\t\t\tBuchhaltung\t\t\t\t\t\t\t<\/a>\n\t\t\t\t\t\t<\/li>\n\t\t\t\t\t\t\t\t\t\t\t<li class=\"post-tags__item\">\n\t\t\t\t\t\t\t<a href=\"https:\/\/www.sage.com\/de-de\/blog\/tag\/existenzgruender\/\" class=\"post-tags__link button button--secondary\">\n\t\t\t\t\t\t\t\tExistenzgr\u00fcnder\t\t\t\t\t\t\t<\/a>\n\t\t\t\t\t\t<\/li>\n\t\t\t\t\t\t\t\t\t\t\t<li class=\"post-tags__item\">\n\t\t\t\t\t\t\t<a href=\"https:\/\/www.sage.com\/de-de\/blog\/tag\/kleinunternehmer\/\" class=\"post-tags__link button button--secondary\">\n\t\t\t\t\t\t\t\tKleinunternehmer\t\t\t\t\t\t\t<\/a>\n\t\t\t\t\t\t<\/li>\n\t\t\t\t\t\t\t\t\t\t\t<li class=\"post-tags__item\">\n\t\t\t\t\t\t\t<a href=\"https:\/\/www.sage.com\/de-de\/blog\/tag\/unternehmenssteuern\/\" class=\"post-tags__link button button--secondary\">\n\t\t\t\t\t\t\t\tUnternehmenssteuern\t\t\t\t\t\t\t<\/a>\n\t\t\t\t\t\t<\/li>\n\t\t\t\t\t\t\t\t\t<\/ul>\n\t\t\t<\/div>\n\t\t<\/div>\n\t<\/div>\n<\/section>\n\n<div class=\"alignfull wp-block-sage-related-posts\">\n\t<section class=\"related-posts card-grid has-dark-background-color\">\n\t<div class=\"container\">\n\t\t\t\t\t<div class=\"row\">\n\t\t\t\t<div class=\"col\">\n\t\t\t\t\t<h2 class=\"related-posts__heading related-posts__heading--featured h1\">Mehr Wissen und Inspiration<\/h2>\n\t\t\t\t<\/div>\n\t\t\t<\/div>\n\n\t\t\t<div class=\"row related-posts__featured\">\n\t\t\t\t<div class=\"col card-grid__item\">\n\t\t\t\t\t<article\n\t\tclass=\"card-post related-post related-post-0 post-31720 post type-post status-publish format-standard has-post-thumbnail hentry category-buchhaltung-controlling category-digitale-transformation category-recht-steuern-finanzen tag-automatisierung tag-buchhaltung tag-compliance tag-digitalisierung tag-e-rechnung tag-erp tag-finanzbuchhaltung tag-gobd business_type-kleinunternehmer-handwerker business_type-mittlere-unternehmen card-post--is-clickable\"\n>\n\t<div class=\"card-post__media-wrapper\">\n\t\t<figure class=\"card-post__media\">\n\t\t\t\t\t\t\t<img decoding=\"async\" width=\"1440\" height=\"810\" src=\"https:\/\/www.sage.com\/de-de\/blog\/wp-content\/uploads\/sites\/11\/2022\/04\/GettyImages-1267191201_updated-e1673959068202-1440x810.jpg\" class=\"card-post__image\" alt=\"Frau bildet R\u00fcckstellungen\" loading=\"lazy\" srcset=\"https:\/\/www.sage.com\/de-de\/blog\/wp-content\/uploads\/sites\/11\/2022\/04\/GettyImages-1267191201_updated-e1673959068202-684x384.jpg 684w, https:\/\/www.sage.com\/de-de\/blog\/wp-content\/uploads\/sites\/11\/2022\/04\/GettyImages-1267191201_updated-e1673959068202-768x432.jpg 768w, https:\/\/www.sage.com\/de-de\/blog\/wp-content\/uploads\/sites\/11\/2022\/04\/GettyImages-1267191201_updated-e1673959068202-1440x810.jpg 1440w\" sizes=\"auto, (min-width: 48em) 250px, (min-width: 30em) 100vw, 100vw\" \/>\t\t\t\n\t\t\t\n\t\t\t\t\t<\/figure>\n\t<\/div>\n\n\t<div class=\"card-post__content\">\n\t\t\t\t\t<div class=\"card-post__label\">Empfohlen<\/div>\n\t\t\n\t\t\t\t\t<div class=\"card-post__meta\">\n\t\t\t\t\t\t\t\t\t\t\t\t\t\t\t\t\t\t\t<span class=\"card-post__meta-text\"><span class=\"posted-on \"><time class=\"entry-date published\" datetime=\"2026-08-10T09:55:00+02:00\">10. August 2026<\/time><\/span><\/span>\n\t\t\t\t\t\t\t\t\t\t\t<span class=\"card-post__meta-text\"><span class=\"reading-time\">7 Minuten zu lesen<\/span><\/span>\n\t\t\t\t\t\t\t\t\t\t\t\t<\/div>\n\t\t\n\t\t<p class=\"card-post__title h3\">\n\t\t\t\t\t\t\t<a\n\t\t\t\t\tclass=\"card-post__title-link\"\n\t\t\t\t\thref=\"https:\/\/www.sage.com\/de-de\/blog\/e-rechnung-versandpflicht-2027-erp\/\"\n\t\t\t\t>\n\t\t\t\n\t\t\tE-Rechnung Versandpflicht 2027: Ist Ihr ERP bereit?\n\t\t\t\t\t\t\t<\/a>\n\t\t\t\t\t<\/p>\n\n\t\t\n\t\t\t\t\t<p class=\"card-post__description\">\n\t\t\t\tAb dem 1. Januar 2027 wird der Versand von E-Rechnungen f\u00fcr inl\u00e4ndische B2B-Ums\u00e4tze zur Pflicht, zun\u00e4chst f\u00fcr Unternehmen mit mehr als 800.000 Euro Vorjahresumsatz, ab 2028 f\u00fcr alle \u00fcbrigen. Der Artikel erkl\u00e4rt die Fristen, den Unterschied zwischen XRechnung und ZUGFeRD und liefert eine Sieben-Punkte-Checkliste, mit der Sie Ihr ERP oder Ihre Buchhaltungssoftware rechtzeitig startklar machen.\t\t\t<\/p>\n\t\t\n\t\t\t<\/div>\n\n\t<\/article>\n\t\t\t\t<\/div>\n\t\t\t<\/div>\n\t\t\n\t\t\t\t\t<div class=\"row related-posts__non-featured\">\n\t\t\t\t<div class=\"col col-12\">\n\t\t\t\t\t<h2 class=\"related-posts__heading related-posts__heading--more h4\">Mehr zu diesem Thema<\/h2>\n\t\t\t\t<\/div>\n\n\t\t\t\t\n\t\t\t\t\t<div class=\"col col-6 col-lg-3 card-grid__item\">\n\t\t\t\t\t\t<article\n\t\tclass=\"card-post related-post related-post-1 post-31644 post type-post status-publish format-standard has-post-thumbnail hentry category-digitale-transformation category-hr-management-payroll category-mitarbeiter-betreuen category-mitarbeiter-bezahlen category-mitarbeiter-entwickeln category-mitarbeiter-finden category-mitarbeiter-motivieren tag-change-management tag-compliance tag-datengestuetzte-unternehmensfuehrung tag-digitale-personalakte tag-digitalisierung tag-employer-branding tag-kleinunternehmer tag-mitarbeiter-betreuen tag-mitarbeiterbindung tag-mitarbeitergespraech tag-mitarbeiterlebenszyklus tag-mitarbeitermotivation tag-mittelstand tag-people-company tag-personaleinsatz tag-personalentwicklung tag-personalmanagement business_type-kleinunternehmer-handwerker business_type-mittlere-unternehmen\"\n>\n\t\t\t<a\n\t\t\tclass=\"card-post__link\"\n\t\t\thref=\"https:\/\/www.sage.com\/de-de\/blog\/change-management-mitarbeiter-fuer-die-digitale-personalakte-begeistern\/\"\n\t\t\t\t\t>\n\t\t\t<figure class=\"card-post__media\">\n\t\t\t\t\t\t\t<img decoding=\"async\" width=\"684\" height=\"384\" src=\"https:\/\/www.sage.com\/de-de\/blog\/wp-content\/uploads\/sites\/11\/2023\/09\/GettyImages-1181224214-684x384.jpg\" class=\"card-post__image\" alt=\"\" loading=\"lazy\" srcset=\"https:\/\/www.sage.com\/de-de\/blog\/wp-content\/uploads\/sites\/11\/2023\/09\/GettyImages-1181224214-684x384.jpg 684w, https:\/\/www.sage.com\/de-de\/blog\/wp-content\/uploads\/sites\/11\/2023\/09\/GettyImages-1181224214-768x513.jpg 768w, https:\/\/www.sage.com\/de-de\/blog\/wp-content\/uploads\/sites\/11\/2023\/09\/GettyImages-1181224214-1214x810.jpg 1214w\" sizes=\"auto, (min-width: 48em) 250px, (min-width: 30em) 100vw, 100vw\" \/>\t\t\t\n\t\t\t\n\t\t\t\t\t<\/figure>\n\n\t\t\n\t\t\t\t\t<div class=\"card-post__meta\">\n\t\t\t\t\t\t\t\t\t\t\t\t\t\t\t\t\t\t\t\t\t\t\t\t\t\t<span class=\"card-post__meta-text\"><span class=\"posted-on \"><time class=\"entry-date published\" datetime=\"2026-07-29T16:00:49+02:00\">29. Juli 2026<\/time><\/span><\/span>\n\t\t\t\t\t\t\t\t\t\t\t\t\t\t\t\t\t\t\t\t\t\t\t\t<span class=\"card-post__meta-text\"><span class=\"reading-time\">15 Minuten zu lesen<\/span><\/span>\n\t\t\t\t\t\t\t\t\t\t\t\t\t\t\t\t\t\t<\/div>\n\t\t\n\t\t<p class=\"card-post__title h5\">\n\t\t\tChange Management: Mitarbeiter f\u00fcr die digitale Personalakte begeistern\t\t<\/p>\n\n\t\t\t<\/a>\n\t\n\t\n\t\t\n\t\n\t<\/article>\n\t\t\t\t\t<\/div>\n\t\t\t\t\n\t\t\t\t\t<div class=\"col col-6 col-lg-3 card-grid__item\">\n\t\t\t\t\t\t<article\n\t\tclass=\"card-post related-post related-post-2 post-31590 post type-post status-publish format-standard has-post-thumbnail hentry category-digitale-transformation category-hr-management-payroll category-mitarbeiter-betreuen category-mitarbeiter-bezahlen category-mitarbeiter-binden category-mitarbeiter-entwickeln category-mitarbeiter-finden category-mitarbeiter-motivieren category-recht-steuern-finanzen tag-compliance tag-datengestuetzte-unternehmensfuehrung tag-datenmanagement tag-digitale-personalakte tag-digitalisierung tag-employer-branding tag-kleinunternehmer tag-mitarbeiter-betreuen tag-mitarbeiterbindung tag-mitarbeitergespraech tag-mitarbeiterlebenszyklus tag-mitarbeitermotivation tag-mittelstand tag-moderne-arbeitswelt tag-onboarding tag-people-company tag-performance-management tag-personaleinsatz tag-personalentwicklung tag-personalmanagement business_type-kleinunternehmer-handwerker business_type-mittlere-unternehmen\"\n>\n\t\t\t<a\n\t\t\tclass=\"card-post__link\"\n\t\t\thref=\"https:\/\/www.sage.com\/de-de\/blog\/der-business-case-fuer-die-digitale-personalakte-roi-rechnung-fuer-geschaeftsfuehrer-und-cfos\/\"\n\t\t\t\t\t>\n\t\t\t<figure class=\"card-post__media\">\n\t\t\t\t\t\t\t<img decoding=\"async\" width=\"684\" height=\"384\" src=\"https:\/\/www.sage.com\/de-de\/blog\/wp-content\/uploads\/sites\/11\/2023\/09\/GettyImages-1409751960-684x384.jpg\" class=\"card-post__image\" alt=\"\" loading=\"lazy\" srcset=\"https:\/\/www.sage.com\/de-de\/blog\/wp-content\/uploads\/sites\/11\/2023\/09\/GettyImages-1409751960-684x384.jpg 684w, https:\/\/www.sage.com\/de-de\/blog\/wp-content\/uploads\/sites\/11\/2023\/09\/GettyImages-1409751960-768x513.jpg 768w, https:\/\/www.sage.com\/de-de\/blog\/wp-content\/uploads\/sites\/11\/2023\/09\/GettyImages-1409751960-1214x810.jpg 1214w\" sizes=\"auto, (min-width: 48em) 250px, (min-width: 30em) 100vw, 100vw\" \/>\t\t\t\n\t\t\t\n\t\t\t\t\t<\/figure>\n\n\t\t\n\t\t\t\t\t<div class=\"card-post__meta\">\n\t\t\t\t\t\t\t\t\t\t\t\t\t\t\t\t\t\t\t\t\t\t\t\t\t\t<span class=\"card-post__meta-text\"><span class=\"posted-on \"><time class=\"entry-date published\" datetime=\"2026-07-27T15:43:10+02:00\">27. Juli 2026<\/time><\/span><\/span>\n\t\t\t\t\t\t\t\t\t\t\t\t\t\t\t\t\t\t\t\t\t\t\t\t<span class=\"card-post__meta-text\"><span class=\"reading-time\">11 Minuten zu lesen<\/span><\/span>\n\t\t\t\t\t\t\t\t\t\t\t\t\t\t\t\t\t\t<\/div>\n\t\t\n\t\t<p class=\"card-post__title h5\">\n\t\t\tDer Business Case f\u00fcr die digitale Personalakte: ROI-Rechnung f\u00fcr Gesch\u00e4ftsf\u00fchrer und CFOs\t\t<\/p>\n\n\t\t\t<\/a>\n\t\n\t\n\t\t\n\t\n\t<\/article>\n\t\t\t\t\t<\/div>\n\t\t\t\t\n\t\t\t\t\t<div class=\"col col-6 col-lg-3 card-grid__item\">\n\t\t\t\t\t\t<article\n\t\tclass=\"card-post related-post related-post-3 post-31379 post type-post status-publish format-standard has-post-thumbnail hentry category-buchhaltung-controlling category-digitale-transformation category-recht-steuern-finanzen tag-automatisierung tag-buchhaltung tag-compliance tag-digitalisierung tag-e-rechnung tag-finanzbuchhaltung tag-mittelstand tag-rechnungswesen tag-webinar business_type-kleinunternehmer-handwerker business_type-mittlere-unternehmen\"\n>\n\t\t\t<a\n\t\t\tclass=\"card-post__link\"\n\t\t\thref=\"https:\/\/www.sage.com\/de-de\/blog\/e-rechnung-pflicht-2027\/\"\n\t\t\t\t\t>\n\t\t\t<figure class=\"card-post__media card-post__media--video\">\n\t\t\t\t\t\t\t<img decoding=\"async\" width=\"684\" height=\"384\" src=\"https:\/\/www.sage.com\/de-de\/blog\/wp-content\/uploads\/sites\/11\/2022\/04\/GettyImages-1327127856-684x384.jpg\" class=\"card-post__image\" alt=\"\" loading=\"lazy\" srcset=\"https:\/\/www.sage.com\/de-de\/blog\/wp-content\/uploads\/sites\/11\/2022\/04\/GettyImages-1327127856-684x384.jpg 684w, https:\/\/www.sage.com\/de-de\/blog\/wp-content\/uploads\/sites\/11\/2022\/04\/GettyImages-1327127856-768x432.jpg 768w, https:\/\/www.sage.com\/de-de\/blog\/wp-content\/uploads\/sites\/11\/2022\/04\/GettyImages-1327127856-1440x810.jpg 1440w\" sizes=\"auto, (min-width: 48em) 250px, (min-width: 30em) 100vw, 100vw\" \/>\t\t\t\n\t\t\t\t\t\t\t\t\t\t\t\t<span class=\"card-post__play-video\">\n\t\t\t\t\t\t<svg role=\"presentation\" aria-hidden=\"true\" focusable=\"false\" class=\"card-post__play-icon svg-icon\" width=\"28\" height=\"28\" xmlns=\"http:\/\/www.w3.org\/2000\/svg\" viewbox=\"0 0 33 36\"><path d=\"M3.947.936C1.889 1.016 0 2.661 0 4.878v27.11c0 2.956 3.36 4.896 5.999 3.463l24.965-13.555c2.715-1.474 2.715-5.451 0-6.925L6 1.416a3.96 3.96 0 0 0-2.052-.48Zm.032 2.6c.232-.001.475.058.713.187L29.66 17.28c.986.535.986 1.774 0 2.309L4.692 33.144c-.952.517-1.999-.088-1.999-1.155V4.878c0-.533.261-.95.642-1.17.19-.11.411-.171.644-.172\" \/><\/svg>\t\t\t\t\t<\/span>\n\t\t\t\t\t\t\t\n\t\t\t\t\t<\/figure>\n\n\t\t\n\t\t\t\t\t<div class=\"card-post__meta\">\n\t\t\t\t\t\t\t\t\t<svg role=\"presentation\" aria-hidden=\"true\" focusable=\"false\" width=\"24\" height=\"24\" class=\"card-post__meta-icon svg-icon\" xmlns=\"http:\/\/www.w3.org\/2000\/svg\" viewbox=\"0 0 24 24\"><path d=\"M5.25 3C3.74 3 2.5 4.24 2.5 5.75v12.5C2.5 19.76 3.74 21 5.25 21h14c1.51 0 2.75-1.24 2.75-2.75V5.75C22 4.24 20.76 3 19.25 3zm0 1.5h14c.699 0 1.25.551 1.25 1.25v12.5a1.24 1.24 0 0 1-1.25 1.25h-14A1.24 1.24 0 0 1 4 18.25V5.75c0-.699.551-1.25 1.25-1.25m.25.75a.5.5 0 0 0-.5.5v.5a.5.5 0 0 0 .5.5H6a.5.5 0 0 0 .5-.5v-.5a.5.5 0 0 0-.5-.5zm13 0a.5.5 0 0 0-.5.5v.5a.5.5 0 0 0 .5.5h.5a.5.5 0 0 0 .5-.5v-.5a.5.5 0 0 0-.5-.5zm-8.25 2.751A1.248 1.248 0 0 0 9 9.251v5.5c0 .442.231.849.613 1.074.389.231.846.237 1.239.021l5.001-2.751c.396-.219.646-.639.646-1.094s-.25-.876-.646-1.095l-.001-.001-5.002-2.751a1.25 1.25 0 0 0-.601-.153zM5.5 8.25a.5.5 0 0 0-.5.5v.5a.5.5 0 0 0 .5.5H6a.5.5 0 0 0 .5-.5v-.5a.5.5 0 0 0-.5-.5zm13 0a.5.5 0 0 0-.5.5v.5a.5.5 0 0 0 .5.5h.5a.5.5 0 0 0 .5-.5v-.5a.5.5 0 0 0-.5-.5zm-8 1.423L14.731 12 10.5 14.328zm-5 1.577a.5.5 0 0 0-.5.5v.5a.5.5 0 0 0 .5.5H6a.5.5 0 0 0 .5-.5v-.5a.5.5 0 0 0-.5-.5zm13 0a.5.5 0 0 0-.5.5v.5a.5.5 0 0 0 .5.5h.5a.5.5 0 0 0 .5-.5v-.5a.5.5 0 0 0-.5-.5zm-13 3a.5.5 0 0 0-.5.5v.5a.5.5 0 0 0 .5.5H6a.5.5 0 0 0 .5-.5v-.5a.5.5 0 0 0-.5-.5zm13 0a.5.5 0 0 0-.5.5v.5a.5.5 0 0 0 .5.5h.5a.5.5 0 0 0 .5-.5v-.5a.5.5 0 0 0-.5-.5zm-13 3a.5.5 0 0 0-.5.5v.5a.5.5 0 0 0 .5.5H6a.5.5 0 0 0 .5-.5v-.5a.5.5 0 0 0-.5-.5zm13 0a.5.5 0 0 0-.5.5v.5a.5.5 0 0 0 .5.5h.5a.5.5 0 0 0 .5-.5v-.5a.5.5 0 0 0-.5-.5z\" \/><\/svg>\t\t\t\t\t\t\t\t\t\t\t\t\t\t\t\t\t\t\t\t\t\t\t\t\t\t<span class=\"card-post__meta-text\"><span class=\"posted-on \"><time class=\"entry-date published\" datetime=\"2026-07-14T18:00:18+02:00\">14. Juli 2026<\/time><\/span><\/span>\n\t\t\t\t\t\t\t\t\t\t\t\t\t\t\t\t\t\t\t\t\t\t\t\t<span class=\"card-post__meta-text\"><span class=\"reading-time\">8 Minuten zu lesen<\/span><\/span>\n\t\t\t\t\t\t\t\t\t\t\t\t\t\t\t\t\t\t<\/div>\n\t\t\n\t\t<p class=\"card-post__title h5\">\n\t\t\tE-Rechnung Pflicht 2027: Take-aways vom E-Rechnungsgipfel 2026\t\t<\/p>\n\n\t\t\t<\/a>\n\t\n\t\n\t\t\n\t\n\t<\/article>\n\t\t\t\t\t<\/div>\n\t\t\t\t\n\t\t\t\t\t<div class=\"col col-6 col-lg-3 card-grid__item\">\n\t\t\t\t\t\t<article\n\t\tclass=\"card-post related-post related-post-4 post-31362 post type-post status-publish format-standard has-post-thumbnail hentry category-hr-management-payroll category-mitarbeiter-bezahlen category-recht-steuern-finanzen tag-bewerbermanagement tag-compliance tag-employer-branding tag-kleinunternehmer tag-mittelstand tag-moderne-arbeitswelt tag-people-company tag-personalmanagement business_type-kleinunternehmer-handwerker business_type-mittlere-unternehmen\"\n>\n\t\t\t<a\n\t\t\tclass=\"card-post__link\"\n\t\t\thref=\"https:\/\/www.sage.com\/de-de\/blog\/gehaltsangabe-in-der-stellenanzeige-was-ab-wann-pflicht-wird\/\"\n\t\t\t\t\t>\n\t\t\t<figure class=\"card-post__media\">\n\t\t\t\t\t\t\t<img decoding=\"async\" width=\"684\" height=\"384\" src=\"https:\/\/www.sage.com\/de-de\/blog\/wp-content\/uploads\/sites\/11\/2024\/03\/Sage_BrandShootNC_Feb2024_HR-Professionals_2070-684x384.jpg\" class=\"card-post__image\" alt=\"\" loading=\"lazy\" srcset=\"https:\/\/www.sage.com\/de-de\/blog\/wp-content\/uploads\/sites\/11\/2024\/03\/Sage_BrandShootNC_Feb2024_HR-Professionals_2070-684x384.jpg 684w, https:\/\/www.sage.com\/de-de\/blog\/wp-content\/uploads\/sites\/11\/2024\/03\/Sage_BrandShootNC_Feb2024_HR-Professionals_2070-768x512.jpg 768w, https:\/\/www.sage.com\/de-de\/blog\/wp-content\/uploads\/sites\/11\/2024\/03\/Sage_BrandShootNC_Feb2024_HR-Professionals_2070-1215x810.jpg 1215w\" sizes=\"auto, (min-width: 48em) 250px, (min-width: 30em) 100vw, 100vw\" \/>\t\t\t\n\t\t\t\n\t\t\t\t\t<\/figure>\n\n\t\t\n\t\t\t\t\t<div class=\"card-post__meta\">\n\t\t\t\t\t\t\t\t\t\t\t\t\t\t\t\t\t\t\t\t\t\t\t\t\t\t<span class=\"card-post__meta-text\"><span class=\"posted-on \"><time class=\"entry-date published\" datetime=\"2026-07-14T15:13:43+02:00\">14. Juli 2026<\/time><\/span><\/span>\n\t\t\t\t\t\t\t\t\t\t\t\t\t\t\t\t\t\t\t\t\t\t\t\t<span class=\"card-post__meta-text\"><span class=\"reading-time\">11 Minuten zu lesen<\/span><\/span>\n\t\t\t\t\t\t\t\t\t\t\t\t\t\t\t\t\t\t<\/div>\n\t\t\n\t\t<p class=\"card-post__title h5\">\n\t\t\tGehaltsangabe in der Stellenanzeige: Was ab wann Pflicht wird\t\t<\/p>\n\n\t\t\t<\/a>\n\t\n\t\n\t\t\n\t\n\t<\/article>\n\t\t\t\t\t<\/div>\n\t\t\t\t\t\t\t<\/div>\n\t\t\t<\/div>\n<\/section>\n<\/div>\n","protected":false},"excerpt":{"rendered":"<p>Wenn Sie eine Firma ins Leben rufen, gibt es ein besonders wichtiges Thema f\u00fcr Sie: die Unternehmensfinanzen. Denn nur, wenn Sie Ihre Finanzen \u2013 das Lebenselixier Ihres Unternehmens \u2013 stets im Griff haben, k\u00f6nnen Sie Ihre Firma am Leben erhalten. Doch insbesondere am Anfang kommen so viele Aufgaben auf Sie als Gr\u00fcnder und Jungunternehmer zu, [&hellip;]<\/p>\n","protected":false},"author":631,"featured_media":5541,"comment_status":"closed","ping_status":"closed","sticky":false,"template":"","format":"standard","meta":{"_yoast_wpseo_is_cornerstone":"","_yoast_wpseo_meta-robots-noindex":"","_yoast_wpseo_meta-robots-nofollow":"","_yoast_wpseo_opengraph-title":"","_yoast_wpseo_opengraph-description":"","_yoast_wpseo_opengraph-image":"","_yoast_wpseo_opengraph-image-id":"","_yoast_wpseo_twitter-title":"","_yoast_wpseo_twitter-description":"","_yoast_wpseo_twitter-image":"","_yoast_wpseo_twitter-image-id":"","_yoast_wpseo_schema_page_type":"","_yoast_wpseo_schema_article_type":"","_sage_video":false,"_yoast_wpseo_focuskeywords":"","_yoast_wpseo_keywordsynonyms":"","_yoast_wpseo_primary_category":"65","post_featured_image_hide":false,"sage_hide_published_date":false,"sage_hide_read_time":false,"sage_hide_share_buttons":false,"_pwl_sage_podcast_buzzsprout_src":"","footnotes":""},"categories":[65],"tags":[84,816,289,648],"business_type":[17],"lilypad":[],"context":[],"industry":[],"persona":[58,54,57,59],"imagine_tag":[32,33,39,24,38],"coauthors":[1004],"class_list":["post-8948","post","type-post","status-publish","format-standard","has-post-thumbnail","hentry","category-recht-steuern-finanzen","tag-buchhaltung","tag-existenzgruender","tag-kleinunternehmer","tag-unternehmenssteuern","business_type-kleinunternehmer-handwerker"],"sage_meta":{"region":"de-de","author_name":"Oliver K\u00f6nig","featured_image":"https:\/\/www.sage.com\/de-de\/blog\/wp-content\/uploads\/sites\/11\/2019\/03\/iStock-579132498-3.jpg","imagine_tags":{"32":"Buchhaltung","33":"Finanzen","39":"Kleine Unternehmen","24":"Sage Blog","38":"Start-Ups"}},"distributor_meta":false,"distributor_terms":false,"distributor_media":false,"distributor_original_site_name":"Sage Advice Deutschland","distributor_original_site_url":"https:\/\/www.sage.com\/de-de\/blog","push-errors":false,"_links":{"self":[{"href":"https:\/\/www.sage.com\/de-de\/blog\/api\/wp\/v2\/posts\/8948","targetHints":{"allow":["GET"]}}],"collection":[{"href":"https:\/\/www.sage.com\/de-de\/blog\/api\/wp\/v2\/posts"}],"about":[{"href":"https:\/\/www.sage.com\/de-de\/blog\/api\/wp\/v2\/types\/post"}],"author":[{"embeddable":true,"href":"https:\/\/www.sage.com\/de-de\/blog\/api\/wp\/v2\/users\/631"}],"replies":[{"embeddable":true,"href":"https:\/\/www.sage.com\/de-de\/blog\/api\/wp\/v2\/comments?post=8948"}],"version-history":[{"count":0,"href":"https:\/\/www.sage.com\/de-de\/blog\/api\/wp\/v2\/posts\/8948\/revisions"}],"wp:featuredmedia":[{"embeddable":true,"href":"https:\/\/www.sage.com\/de-de\/blog\/api\/wp\/v2\/media\/5541"}],"wp:attachment":[{"href":"https:\/\/www.sage.com\/de-de\/blog\/api\/wp\/v2\/media?parent=8948"}],"wp:term":[{"taxonomy":"category","embeddable":true,"href":"https:\/\/www.sage.com\/de-de\/blog\/api\/wp\/v2\/categories?post=8948"},{"taxonomy":"post_tag","embeddable":true,"href":"https:\/\/www.sage.com\/de-de\/blog\/api\/wp\/v2\/tags?post=8948"},{"taxonomy":"business_type","embeddable":true,"href":"https:\/\/www.sage.com\/de-de\/blog\/api\/wp\/v2\/business_type?post=8948"},{"taxonomy":"lilypad","embeddable":true,"href":"https:\/\/www.sage.com\/de-de\/blog\/api\/wp\/v2\/lilypad?post=8948"},{"taxonomy":"context","embeddable":true,"href":"https:\/\/www.sage.com\/de-de\/blog\/api\/wp\/v2\/context?post=8948"},{"taxonomy":"industry","embeddable":true,"href":"https:\/\/www.sage.com\/de-de\/blog\/api\/wp\/v2\/industry?post=8948"},{"taxonomy":"persona","embeddable":true,"href":"https:\/\/www.sage.com\/de-de\/blog\/api\/wp\/v2\/persona?post=8948"},{"taxonomy":"imagine_tag","embeddable":true,"href":"https:\/\/www.sage.com\/de-de\/blog\/api\/wp\/v2\/imagine_tag?post=8948"},{"taxonomy":"author","embeddable":true,"href":"https:\/\/www.sage.com\/de-de\/blog\/api\/wp\/v2\/coauthors?post=8948"}],"curies":[{"name":"wp","href":"https:\/\/api.w.org\/{rel}","templated":true}]}}