{"id":9012,"date":"2021-04-26T08:00:13","date_gmt":"2021-04-26T06:00:13","guid":{"rendered":"https:\/\/www.sage.com\/de-de\/blog\/?p=9012"},"modified":"2025-05-07T16:00:16","modified_gmt":"2025-05-07T14:00:16","slug":"nur-noch-1-jahr-nutzungsdauer-von-computerhardware","status":"publish","type":"post","link":"https:\/\/www.sage.com\/de-de\/blog\/nur-noch-1-jahr-nutzungsdauer-von-computerhardware\/","title":{"rendered":"Nur noch 1 Jahr Nutzungsdauer von Computerhardware"},"content":{"rendered":"<header class=\"entry-header has-dark-background-color entry-header--has-illustration entry-header--has-illustration--generic\">\n\t<div class=\"container\">\n\t\t<div class=\"entry-header__row row align-center\">\n\t\t\t<div class=\"col col-lg-7 col-xlg-6 entry-header__content\">\n\t\t\t\t\t\t\t<div class=\"component component-single-header\">\n\t\t\t\t\t\t\t\t\t\t<div class=\"entry-header__misc text--subtitle text--uppercase text--small\">\n\t\t\t\t\t\t\t<a href=\"https:\/\/www.sage.com\/de-de\/blog\/kategorie\/recht-steuern-finanzen\/\" class=\"entry-header__link\">Recht, Steuern und Finanzen<\/a>\t\t\t\t\t\t<\/div>\n\t\t\t\t\n\t\t\t\t<div class=\"entry-title-wrapper\">\n\t\t\t\t\t<h1 class=\"entry-title\">\n\t\t\t\t\t\tNur noch 1 Jahr Nutzungsdauer von Computerhardware\t\t\t\t\t<\/h1>\n\t\t\t\t<\/div>\n\n\t\t\t\t\t\t\t\t\t<p class=\"entry-header__description\">\n\t\t\t\t\t\t\t\t\t\t\t<\/p>\n\t\t\t\t\n\t\t\t\t\n\t\t\t\t\n\t\t\t<\/div>\n\n\t\t\t\t\t<\/div>\n\t\t\t\t\t<\/div>\n\t<\/div>\n\t<div class=\"single-post-details container\">\n\t\t<div class=\"col\">\n\t\t\t<span class=\"posted-on \"><time class=\"entry-date published\" datetime=\"2021-04-26T08:00:13+02:00\">26. April 2021<\/time><\/span><span class=\"reading-time\"> Minuten zu lesen<\/span>\n\t\t<button\n\t\t\ttype=\"button\"\n\t\t\tclass=\"social-share-button button button--icon button--secondary js-social-share-button\"\n\t\t\tdata-share-title=\"Nur noch 1 Jahr Nutzungsdauer von Computerhardware\"\n\t\t\tdata-share-url=\"https:\/\/www.sage.com\/de-de\/blog\/nur-noch-1-jahr-nutzungsdauer-von-computerhardware\/\"\n\t\t\tdata-share-text=\"Bitte lesen Sie diesen interessanten Artikel\"\n\t\t>\n\t\t\t<span class=\"social-share-button__share-label\">Teilen<\/span>\n\t\t\t<span class=\"social-share-button__copy-label\" hidden>Link kopieren<\/span>\n\t\t\t<span class=\"social-share-button__copy-tooltip\" aria-hidden=\"true\" hidden>Kopiert<\/span>\n\t\t<\/button>\n\n\t\t\t\t<\/div>\n\t<\/div>\n<\/header>\n\n\n<div class=\"wp-block-post-author has-dark-background-color alignfull\">\n\t<div class=\"container\">\n\t\t<div class=\"col\">\n\t\t\t\t\t\t\t<div class=\"co-authors\">\n\t\t\t\t\t\n\t\t<div class=\"entry-author-wrapper\">\n\t\t\t<a class=\"entry-author\" href=\"https:\/\/www.sage.com\/de-de\/blog\/author\/vincentschuettfort\/\">\n\t\t\t\t<img loading=\"lazy\" decoding=\"async\" width=\"40\" height=\"40\" src=\"https:\/\/www.sage.com\/de-de\/blog\/wp-content\/uploads\/sites\/11\/2020\/10\/NEUVincent_Schuettfort_vSeitenweise_verkleinertesFoto.jpg\" class=\"entry-author__image\" alt=\"Autor_VincentSch\u00fcttfort\" \/>\t\t\t\t<span class=\"entry-author__name\">Vincent Sch\u00fcttfort<\/span>\n\t\t\t<\/a>\n\n\t\t\t\t\t<\/div>\n\n\t\t\t\t\t\t<\/div>\n\t\t\t\t\t<\/div>\n\t<\/div>\n<\/div>\n\n\n\n<p class=\"\">Die <a href=\"https:\/\/www.sage.com\/de-de\/blog\/kategorie\/digitale-transformation\/\" target=\"_blank\" rel=\"noopener noreferrer\">Digitalisierung<\/a> unterliegt einem starken dynamischen Wandel. In den meisten F\u00e4llen zieht die Gesetzgebung dabei nur langsam hinterher, so auch bei Computerhardware. Seit sage und schreibe 20 Jahren wurden die steuerlichen Bewertungsregeln, f\u00fcr diese mittlerweile betrieblich lebensnotwendigen Wirtschaftsg\u00fcter, nicht mehr gepr\u00fcft. In der Digitalisierung sind 20 Jahre Welten.<\/p>\n\n\n\n<p class=\"\">Aus diesem Grund hat der Gesetzgeber mit dem BMF-Schreiben vom 26.02.21 eine Anpassung zu den ge\u00e4nderten tats\u00e4chlichen Verh\u00e4ltnissen vorgenommen, um diesen schnellen Wandel Rechnung zu tragen. Ein Vorteil f\u00fcr den Steuerzahler, denn bisher war die \u201eComputerhardware\u201c mit einer Nutzungsdauer von 3 Jahren abzuschreiben i.S.d. \u00a77 (1) EStG. Doch umfassende Klarheit besteht noch nicht.<\/p>\n\n\n\n<h2 class=\"wp-block-heading\" id=\"h-was-andert-sich-und-wann\"><strong>Was \u00e4ndert sich und wann?<\/strong><\/h2>\n\n\n\n<p class=\"\">F\u00fcr die Gewinnermittlungen f\u00fcr Wirtschaftsjahre, die nach dem 31. Dezember 2020 enden, gilt nun f\u00fcr Computerhardware eine deutlich k\u00fcrzere Nutzungsdauer von nur 1 Jahr.<\/p>\n\n\n\n<h3 class=\"wp-block-heading\" id=\"h-simple-cta-button-text-mehr-zu-aktuellen-themen-rund-um-compliance-und-digitalisierung-link-https-www-sage-com-de-de-stayforacoffee-mediathek\"><div class=\"single-simple-button__container\"><a class=\"single-simple-button button button--primary\" role=\"button\" href=\"https:\/\/www.sage.com\/de-de\/stayforacoffee\/#mediathek\">Mehr zu aktuellen Themen rund um Compliance und Digitalisierung<\/a><\/div><\/h3>\n\n\n\n<h2 class=\"wp-block-heading\" id=\"h-was-ist-mit-meiner-computerhardware-die-ich-vor-2020-angeschafft-habe\"><strong>Was ist mit meiner Computerhardware, die ich vor 2020 angeschafft habe?<\/strong><\/h2>\n\n\n\n<p class=\"\">Auch f\u00fcr in fr\u00fcheren Wirtschaftsjahren angeschaffte oder hergestellte Computerhardware kann nun die k\u00fcrzere Nutzungsdauer angesetzt werden. Dies wird dadurch erreicht, dass im nach dem 31. Dezember 2020 endeten Wirtschaftsjahr der Restbuchwert angesetzt wird.<\/p>\n\n\n\n<h2 class=\"wp-block-heading\" id=\"h-was-zahlt-alles-zur-computerhardware\"><strong>Was z\u00e4hlt alles zur Computerhardware?<\/strong><\/h2>\n\n\n\n<p class=\"\">Der Gesetzgeber deklariert konkret in seinem BMF-Schreiben was als Computerhardware sowie die f\u00fcr die Dateneingabe und -verarbeitung erforderliche Betriebs- und Anwendersoftware z\u00e4hlt.<\/p>\n\n\n\n<p class=\"\">Der Begriff \u201eComputerhardware\u201c umfasst Computer, Desktop-Computer, Notebook-Computer, Desktop-Thin-Clients, Workstations, Dockingstations, externe Speicher- und Datenverarbeitungsger\u00e4te (Small-Scale-Server), externe Netzteile sowie Peripherieger\u00e4te.<\/p>\n\n\n\n<p class=\"\">Der Begriff \u201eSoftware\u201c im Sinne des BMF-Schreibens erfasst die Betriebs- und Anwendersoftware zur Dateneingabe und -verarbeitung. Dazu geh\u00f6ren auch die nicht technisch physikalischen Anwendungsprogramme eines Systems zur Datenverarbeitung, sowie neben Standardanwendungen auch auf den individuellen Nutzer abgestimmte Anwendungen wie ERP-Software, Software f\u00fcr Warenwirtschaftssysteme oder sonstige Anwendungssoftware zur Unternehmensverwaltung oder Prozesssteuerung.<\/p>\n\n\n\n<h2 class=\"wp-block-heading\" id=\"h-ist-1-jahr-zeitanteilige-abschreibung-auch-ebenso-eine-sofortabschreibung\"><strong>Ist 1 Jahr zeitanteilige Abschreibung auch ebenso eine Sofortabschreibung?<\/strong><\/h2>\n\n\n\n<p class=\"\">Grunds\u00e4tzlich nicht, aber es gibt \u00dcberschneidungen. Der Unterschied zwischen einer Sofortabschreibung und einer zeitanteiligen Abschreibung ist der, dass bei einer Sofortabschreibung der Anschaffungszeitpunkt innerhalb des Wirtschaftsjahres keine Rolle spielt. Schaffen Sie ein Wirtschaftsgut zum 31.12. eines Wirtschaftsjahres an, dass einer Sofortabschreibung unterliegt, genie\u00dft dieses Wirtschaftsgut noch immer die volle Abschreibung in diesem Wirtschaftsjahr.<\/p>\n\n\n\n<p class=\"\">Bei einer zeitanteiligen Abschreibung w\u00fcrde im genannten Beispiel das Wirtschaftsgut im Wirtschaftsjahr der Anschaffung nur f\u00fcr den Teil des Monats Dezember abgeschrieben werden. Der Rest der AfA w\u00fcrde dann in den folgenden Wirtschaftsjahren gewinnmindernd angesetzt.<\/p>\n\n\n\n<p class=\"\">Die Sofortabschreibung ist Ihnen bestimmt schon bei geringwertigen Wirtschaftsg\u00fctern gem. \u00a7 6 Abs. 2 Satz 2 EstG begegnet. Sogenannte GWG haben neben der Limitierung der Anschaffungskosten (800Euro in 2020) die Besonderheit, dass sie selbstst\u00e4ndig genutzt werden k\u00f6nnen. So jedoch nicht immer bei Computerhardware. Peripherieger\u00e4te sind beispielsweise nur mit einer weiteren Komponente nutzbar. Andere Computerhardware k\u00f6nnte jedoch die Voraussetzung eines GWG schon erf\u00fcllen.<\/p>\n\n\n\n<h2 class=\"wp-block-heading\" id=\"h-muss-die-abschreibung-der-computerhardware-die-nicht-im-januar-erworben-wurde-dann-auf-2-wirtschaftsjahre-aufgeteilt-werden\"><strong>Muss die Abschreibung der Computerhardware, die nicht im Januar erworben wurde, dann auf 2 Wirtschaftsjahre aufgeteilt werden?<\/strong><\/h2>\n\n\n\n<p class=\"\">Nach dem Gesetzeswortlaut des \u00a77 (1) S.1 EstG erfolgt erst dann eine anteilige Verteilung der Abschreibung \u00fcber mehrere Jahre, wenn das Wirtschaftsgut auch eine Nutzungsdauer von \u00fcber 1 Jahr hat. F\u00fcr alle F\u00e4lle bis 1 Jahr und somit auch Computerhardware betreffend bedeutet das, dass eine Abschreibung komplett im Jahr der Anschaffung vorgenommen werden kann.<\/p>\n\n\n\n<p class=\"\">Der aktuellen Literatur nach herrscht jedoch noch in diesem Punkt Unklarheit, auch wenn unserer Einsch\u00e4tzung nach, das Gesetz gem. \u00a77(1) S. EStG eindeutig ist und eine Abschreibung von Computerhardware im Jahr der Anschaffung komplett erfolgen k\u00f6nnte. Unstrittig sind jedoch \u00dcberschneidungsf\u00e4lle in denen das Wirtschaftsgut sowieso schon als GWG einzuordnen w\u00e4re.<\/p>\n\n\n\n<h2 class=\"wp-block-heading\" id=\"h-bilanzierung\"><strong>Bilanzierung<\/strong><\/h2>\n\n\n\n<p class=\"\">Ermitteln Sie ihren Gewinn nach \u00a74 (3) EstG als Einnahmen\u00fcberschussrechner, brauchen Sie sich \u00fcber folgenden Punkt keine Gedanken zu machen. F\u00fcr Bilanzierer k\u00f6nnte sich jedoch eine Abweichung zum Handelsrecht ergeben.<\/p>\n\n\n\n<p class=\"\">In der Praxis richtet man sich im Handelsrecht nach den AfA-Tabellen der Finanzverwaltung. Dies kann jedoch in bestimmten F\u00e4llen problematisch werden. Die steuerlichen AfA-Tabellen basieren im Allgemeinen auf der wirtschaftlichen Abnutzung. Im Handelsrecht wird jedoch auf die technische Nutzungsdauer verwiesen. Die Wirtschaftliche Nutzungsdauer beschreibt den Zeitraum in der das Wirtschaftsgut rentabel genutzt werden kann. Die technische Nutzungsdauer hingegen beschreibt den Zeitraum in der ein Wirtschaftsgut seinen Verwendungszweck erf\u00fcllt. Somit kann sich eine l\u00e4ngere Nutzungsdauer im Handelsrecht von Computerhardware gr\u00f6\u00dfer als 1 Jahr ergeben.<\/p>\n\n\n\n<h2 class=\"wp-block-heading\" id=\"h-unsere-empfehlung\"><strong>Unsere Empfehlung<\/strong><\/h2>\n\n\n\n<p class=\"\">Wenn Sie kein Risiko eingehen m\u00f6chten, empfehlen wir Ihnen Ihre Anschaffungen mit der Definition im BMF-Schreiben abzugleichen und von einem Steuerberater \u00fcberpr\u00fcfen zu lassen. Bei einer Betriebspr\u00fcfung sollten keine Zweifel offen bleiben. Weitere Kommentare zu diesem Thema bleiben abzuwarten.<\/p>\n\n\n\n<p class=\"\"><strong>Weiterf\u00fchrender Link: <\/strong><a href=\"https:\/\/www.gesetze-im-internet.de\/estg\/__7.html\" target=\"_blank\" rel=\"noopener noreferrer\">7 EStG<\/a><\/p>\n \n<div class=\"single-cta\">\n\t<div class=\"single-cta__positioner\">\n\t\t<div class=\"single-cta__wrapper has-dark-background-color\">\n\t\t\t<div class=\"single-cta__content\">\n\t\t\t\t\t\t\t\t<h2 class=\"single-cta__title h3\">#STAYFORACOFFEE: Die Experten-Talks von Sage<\/h2>\n\n\t\t\t\t\t\t\t\t\t<div class=\"single-cta__description\">\n\t\t\t\t\t\t<p><!-- wp:paragraph --><\/p>\n<p>Erfahren Sie in <span style=\"color: #99cc00\">nur 45 Minuten<\/span> alles \u00fcber Themen die Unternehmer bewegen.<br \/>Nehmen sie an unseren <span style=\"color: #99cc00\"><em>kostenfreien <\/em>Webinaren<\/span> teil:<\/p>\n<p><!-- \/wp:paragraph --><\/p>\n<p><!-- wp:list --><\/p>\n<ul class=\"wp-block-list\"><!-- wp:list-item --><\/p>\n<li>Datengest\u00fctzte Unternehmen handeln erfolgreich<\/li>\n<p><!-- \/wp:list-item --><\/p>\n<p><!-- wp:list-item --><\/p>\n<li>Wie werden Fertigungsunternehmen zum Online-H\u00e4ndler?<\/li>\n<p><!-- \/wp:list-item --><\/p>\n<p><!-- wp:list-item --><\/p>\n<li>So k\u00f6nnen Sie den CO2-Fu\u00dfabdruck als Erfolgsfaktor f\u00fcr Ihr Unternehmen\u00a0einsetzen<\/li>\n<p><!-- \/wp:list-item --><\/p>\n<p><!-- wp:list-item --><\/p>\n<li>Vergleich Cloud-L\u00f6sungen vs. installierte Software: lohnt sich der\u00a0Wechsel?<\/li>\n<p><!-- \/wp:list-item --><\/p>\n<p><!-- wp:list-item --><\/p>\n<li>Die Zukunft der\u00a0Weiterbildung<\/li>\n<p><!-- \/wp:list-item --><\/p>\n<p><!-- wp:list-item --><\/p>\n<li>Wir zeigen Ihnen die wichtigsten Datenanalyse-Trends f\u00fcr\u00a02022<\/li>\n<p><!-- \/wp:list-item --><\/p>\n<p><!-- wp:list-item --><\/p>\n<li>Datenhaltung: wie Sie Datensilos in Ihrem Unternehmen\u00a0abschaffen<\/li>\n<p><!-- \/wp:list-item --><\/p>\n<p><!-- wp:list-item --><\/p>\n<li>Digitale Compliance-Prozesse: so profitiert Ihre Finanzbuchhaltung\u00a0davon<\/li>\n<p><!-- \/wp:list-item --><\/ul>\n<p><!-- \/wp:list --><\/p>\n<p><!-- wp:paragraph --><\/p>\n<p>Webinar verpasst? Hier geht es zur<a href=\"https:\/\/www.sage.com\/de-de\/stayforacoffee\/#mediathek\" target=\"_blank\" rel=\"noopener noreferrer\"> <strong><span style=\"color: #99cc00\">Mediathek<\/span><\/strong><\/a><\/p>\n<p><!-- \/wp:paragraph --><\/p>\n\t\t\t\t\t<\/div>\n\t\t\t\t\n\t\t\t\t\t\t\t\t\t\t\t\t\t\t<a\n\t\t\t\t\t\thref=\"https:\/\/www.sage.com\/de-de\/stayforacoffee\/?ref=blog#termine?utm_source=sageadvice&#038;utm_medium=website&#038;utm_campaign=CTABox&#038;utm_content=SFAC\"\n\t\t\t\t\t\tclass=\"single-cta__button button button--primary\"\n\t\t\t\t\t\t\t\t\t\t\t\t\tid=\"cta-id-8747\"\n\t\t\t\t\t\t\t\t\t\t\t\t\t\t\t\t\t\t\tdata-button-location=\"cta_box\"\n\t\t\t\t\t\t\t\t\t\t\t>Jetzt kostenfrei anmelden<\/a>\n\t\t\t\t\t\t\t<\/div>\n\n\t\t\t\t\t<\/div>\n\n\t\t\t\t\t<img decoding=\"async\" width=\"1440\" height=\"810\" src=\"https:\/\/www.sage.com\/de-de\/blog\/wp-content\/uploads\/sites\/11\/2022\/04\/GettyImages-1266123239-1440x810.jpg\" class=\"single-cta__image\" alt=\"\" loading=\"lazy\" srcset=\"https:\/\/www.sage.com\/de-de\/blog\/wp-content\/uploads\/sites\/11\/2022\/04\/GettyImages-1266123239-1440x810.jpg 1440w\" sizes=\"auto, (min-width: 48em) 33vw, 100vw\" \/>\t\t\t<\/div>\n<\/div>\n\n\n<div class=\"single-cta\">\n\t<div class=\"single-cta__positioner\">\n\t\t<div class=\"single-cta__wrapper has-dark-background-color\">\n\t\t\t<div class=\"single-cta__content\">\n\t\t\t\t\t\t\t\t<h2 class=\"single-cta__title h3\">Interesse an weiteren Tipps &amp; Insights zu den Themen Recht, Steuern und Finanzen?<\/h2>\n\n\t\t\t\t\t\t\t\t\t<div class=\"single-cta__description\">\n\t\t\t\t\t\t<p><!-- wp:paragraph --><\/p>\n<p class=\"\">\u2026mit unserem Newsletter 1x im Monat<\/p>\n<p><!-- \/wp:paragraph --><\/p>\n<p><!-- wp:list --><\/p>\n<ul><!-- wp:list-item --><\/p>\n<li>Neue Trends aus der Business Welt<\/li>\n<p><!-- \/wp:list-item --><\/p>\n<p><!-- wp:list-item --><\/p>\n<li>Aktuelle Urteile verst\u00e4ndlich erkl\u00e4rt<\/li>\n<p><!-- \/wp:list-item --><\/p>\n<p><!-- wp:list-item --><\/p>\n<li>Tipps zu Recht, Steuern &amp; Finanzen<\/li>\n<p><!-- \/wp:list-item --><\/p>\n<p><!-- wp:list-item --><\/p>\n<li>Experten-Interviews, Studien u.v.m<\/li>\n<p><!-- \/wp:list-item --><\/ul>\n<p><!-- \/wp:list --><\/p>\n\t\t\t\t\t<\/div>\n\t\t\t\t\n\t\t\t\t\t\t\t\t\t\t\t\t\t\t<a\n\t\t\t\t\t\thref=\"#gate-a59880de-3d38-4b82-914c-ffa16bab6ae7\"\n\t\t\t\t\t\tclass=\"single-cta__button button button--primary\"\n\t\t\t\t\t\t\t\t\t\t\t\t\t\t\t\t\t>Jetzt Newsletter abonnieren<\/a>\n\t\t\t\t\t\t\t<\/div>\n\n\t\t\t\t\t<\/div>\n\n\t\t\t\t\t<img decoding=\"async\" width=\"1064\" height=\"810\" src=\"https:\/\/www.sage.com\/de-de\/blog\/wp-content\/uploads\/sites\/11\/2021\/03\/Blog-Recht-Steuern-und-Finanzen-1064x810.jpg\" class=\"single-cta__image\" alt=\"\" loading=\"lazy\" srcset=\"https:\/\/www.sage.com\/de-de\/blog\/wp-content\/uploads\/sites\/11\/2021\/03\/Blog-Recht-Steuern-und-Finanzen-1064x810.jpg 1064w\" sizes=\"auto, (min-width: 48em) 33vw, 100vw\" \/>\t\t\t<\/div>\n<\/div>\n","protected":false},"excerpt":{"rendered":"<p>Die Digitalisierung unterliegt einem starken dynamischen Wandel. In den meisten F\u00e4llen zieht die Gesetzgebung dabei nur langsam hinterher, so auch bei Computerhardware. Seit sage und schreibe 20 Jahren wurden die steuerlichen Bewertungsregeln, f\u00fcr diese mittlerweile betrieblich lebensnotwendigen Wirtschaftsg\u00fcter, nicht mehr gepr\u00fcft. In der Digitalisierung sind 20 Jahre Welten. Aus diesem Grund hat der Gesetzgeber mit [&hellip;]<\/p>\n","protected":false},"author":897,"featured_media":9013,"comment_status":"open","ping_status":"closed","sticky":false,"template":"","format":"standard","meta":{"_sage_video":false,"post_featured_image_hide":false,"footnotes":""},"categories":[15,65],"tags":[599,84,63,155,76,730,661,247,823],"business_type":[17,18],"lilypad":[],"context":[],"industry":[],"persona":[58,54,60,57,59],"imagine_tag":[32,39,41,40,24],"coauthors":[972],"class_list":["post-9012","post","type-post","status-publish","format-standard","has-post-thumbnail","hentry","category-digitale-transformation","category-recht-steuern-finanzen","tag-blog","tag-buchhaltung","tag-compliance","tag-controlling","tag-digitalisierung","tag-finanzbuchhaltung","tag-jahresabschluss","tag-sage","tag-steuerberater","business_type-kleinunternehmer-handwerker","business_type-mittlere-unternehmen"],"sage_meta":{"region":"de-de","author_name":"Vincent Sch\u00fcttfort","featured_image":"https:\/\/www.sage.com\/de-de\/blog\/wp-content\/uploads\/sites\/11\/2021\/04\/Afianza-01_ES_BB_2018_33552.jpg","imagine_tags":{"32":"Buchhaltung","39":"Kleine Unternehmen","41":"Mittelstand","40":"Mittlere Unternehmen","24":"Sage Blog"}},"distributor_meta":false,"distributor_terms":false,"distributor_media":false,"distributor_original_site_name":"Sage Advice Deutschland","distributor_original_site_url":"https:\/\/www.sage.com\/de-de\/blog","push-errors":false,"_links":{"self":[{"href":"https:\/\/www.sage.com\/de-de\/blog\/api\/wp\/v2\/posts\/9012","targetHints":{"allow":["GET"]}}],"collection":[{"href":"https:\/\/www.sage.com\/de-de\/blog\/api\/wp\/v2\/posts"}],"about":[{"href":"https:\/\/www.sage.com\/de-de\/blog\/api\/wp\/v2\/types\/post"}],"author":[{"embeddable":true,"href":"https:\/\/www.sage.com\/de-de\/blog\/api\/wp\/v2\/users\/897"}],"replies":[{"embeddable":true,"href":"https:\/\/www.sage.com\/de-de\/blog\/api\/wp\/v2\/comments?post=9012"}],"version-history":[{"count":0,"href":"https:\/\/www.sage.com\/de-de\/blog\/api\/wp\/v2\/posts\/9012\/revisions"}],"wp:featuredmedia":[{"embeddable":true,"href":"https:\/\/www.sage.com\/de-de\/blog\/api\/wp\/v2\/media\/9013"}],"wp:attachment":[{"href":"https:\/\/www.sage.com\/de-de\/blog\/api\/wp\/v2\/media?parent=9012"}],"wp:term":[{"taxonomy":"category","embeddable":true,"href":"https:\/\/www.sage.com\/de-de\/blog\/api\/wp\/v2\/categories?post=9012"},{"taxonomy":"post_tag","embeddable":true,"href":"https:\/\/www.sage.com\/de-de\/blog\/api\/wp\/v2\/tags?post=9012"},{"taxonomy":"business_type","embeddable":true,"href":"https:\/\/www.sage.com\/de-de\/blog\/api\/wp\/v2\/business_type?post=9012"},{"taxonomy":"lilypad","embeddable":true,"href":"https:\/\/www.sage.com\/de-de\/blog\/api\/wp\/v2\/lilypad?post=9012"},{"taxonomy":"context","embeddable":true,"href":"https:\/\/www.sage.com\/de-de\/blog\/api\/wp\/v2\/context?post=9012"},{"taxonomy":"industry","embeddable":true,"href":"https:\/\/www.sage.com\/de-de\/blog\/api\/wp\/v2\/industry?post=9012"},{"taxonomy":"persona","embeddable":true,"href":"https:\/\/www.sage.com\/de-de\/blog\/api\/wp\/v2\/persona?post=9012"},{"taxonomy":"imagine_tag","embeddable":true,"href":"https:\/\/www.sage.com\/de-de\/blog\/api\/wp\/v2\/imagine_tag?post=9012"},{"taxonomy":"author","embeddable":true,"href":"https:\/\/www.sage.com\/de-de\/blog\/api\/wp\/v2\/coauthors?post=9012"}],"curies":[{"name":"wp","href":"https:\/\/api.w.org\/{rel}","templated":true}]}}