{"id":9323,"date":"2021-06-11T14:10:20","date_gmt":"2021-06-11T12:10:20","guid":{"rendered":"https:\/\/www.sage.com\/de-de\/blog\/?p=9323"},"modified":"2026-01-22T14:59:10","modified_gmt":"2026-01-22T13:59:10","slug":"unternehmensnachfolge-geschichten-ueber-die-sozialwissenschaften-zum-unternehmer","status":"publish","type":"post","link":"https:\/\/www.sage.com\/de-de\/blog\/unternehmensnachfolge-geschichten-ueber-die-sozialwissenschaften-zum-unternehmer\/","title":{"rendered":"Unternehmensnachfolge-Geschichten: \u00dcber die Sozialwissenschaften zum Unternehmer"},"content":{"rendered":"<header class=\"entry-header has-dark-background-color entry-header--has-illustration entry-header--has-illustration--generic\">\n\t<div class=\"container\">\n\t\t<div class=\"entry-header__row row align-center\">\n\t\t\t<div class=\"col col-lg-7 col-xlg-6 entry-header__content\">\n\t\t\t\t\t\t\t<div class=\"component component-single-header\">\n\t\t\t\t\t\t\t\t\t\t<div class=\"entry-header__misc text--subtitle text--uppercase text--small\">\n\t\t\t\t\t\t\t<a href=\"https:\/\/www.sage.com\/de-de\/blog\/kategorie\/digitale-transformation\/\" class=\"entry-header__link\">Digitale Transformation<\/a>\t\t\t\t\t\t<\/div>\n\t\t\t\t\n\t\t\t\t<div class=\"entry-title-wrapper\">\n\t\t\t\t\t<h1 class=\"entry-title\">\n\t\t\t\t\t\tUnternehmensnachfolge-Geschichten: \u00dcber die Sozialwissenschaften zum Unternehmer\t\t\t\t\t<\/h1>\n\t\t\t\t<\/div>\n\n\t\t\t\t\t\t\t\t\t<p class=\"entry-header__description\">\n\t\t\t\t\t\t\t\t\t\t\t<\/p>\n\t\t\t\t\n\t\t\t\t\n\t\t\t\t\n\t\t\t<\/div>\n\n\t\t\t\t\t<\/div>\n\t\t\t\t\t<\/div>\n\t<\/div>\n\t<div class=\"single-post-details container\">\n\t\t<div class=\"col\">\n\t\t\t<span class=\"posted-on \"><time class=\"entry-date published\" datetime=\"2021-06-11T14:10:20+02:00\">11. June 2021<\/time><\/span><span class=\"reading-time\"> Minuten zu lesen<\/span>\n\t\t<button\n\t\t\ttype=\"button\"\n\t\t\tclass=\"social-share-button button button--icon button--secondary js-social-share-button\"\n\t\t\tdata-share-title=\"Unternehmensnachfolge-Geschichten: \u00dcber die Sozialwissenschaften zum Unternehmer\"\n\t\t\tdata-share-url=\"https:\/\/www.sage.com\/de-de\/blog\/unternehmensnachfolge-geschichten-ueber-die-sozialwissenschaften-zum-unternehmer\/\"\n\t\t\tdata-share-text=\"Bitte lesen Sie diesen interessanten Artikel\"\n\t\t>\n\t\t\t<span class=\"social-share-button__share-label\">Teilen<\/span>\n\t\t\t<span class=\"social-share-button__copy-label\" hidden>Link kopieren<\/span>\n\t\t\t<span class=\"social-share-button__copy-tooltip\" aria-hidden=\"true\" hidden>Kopiert<\/span>\n\t\t<\/button>\n\n\t\t\t\t<\/div>\n\t<\/div>\n<\/header>\n\n\n\n<div class=\"wp-block-post-author has-dark-background-color alignfull\">\n\t<div class=\"container\">\n\t\t<div class=\"col\">\n\t\t\t\t\t\t\t<div class=\"co-authors\">\n\t\t\t\t\t\n\t\t<div class=\"entry-author-wrapper\">\n\t\t\t<a class=\"entry-author\" href=\"https:\/\/www.sage.com\/de-de\/blog\/author\/janfriedrich\/\">\n\t\t\t\t<img loading=\"lazy\" decoding=\"async\" width=\"40\" height=\"40\" src=\"https:\/\/www.sage.com\/de-de\/blog\/wp-content\/uploads\/sites\/11\/2020\/09\/Unbenannte-Aufnahme0008-2-350x350.jpg\" class=\"entry-author__image\" alt=\"Jan Friedrich, Podcast Host SageNAchfolgePlaner Unternehmensnachfolge\" srcset=\"https:\/\/www.sage.com\/de-de\/blog\/wp-content\/uploads\/sites\/11\/2020\/09\/Unbenannte-Aufnahme0008-2-350x350.jpg 350w, https:\/\/www.sage.com\/de-de\/blog\/wp-content\/uploads\/sites\/11\/2020\/09\/Unbenannte-Aufnahme0008-2-768x753.jpg 768w, https:\/\/www.sage.com\/de-de\/blog\/wp-content\/uploads\/sites\/11\/2020\/09\/Unbenannte-Aufnahme0008-2-826x810.jpg 826w, https:\/\/www.sage.com\/de-de\/blog\/wp-content\/uploads\/sites\/11\/2020\/09\/Unbenannte-Aufnahme0008-2-1536x1506.jpg 1536w, https:\/\/www.sage.com\/de-de\/blog\/wp-content\/uploads\/sites\/11\/2020\/09\/Unbenannte-Aufnahme0008-2-2048x2008.jpg 2048w\" sizes=\"auto, (max-width: 40px) 100vw, 40px\" \/>\t\t\t\t<span class=\"entry-author__name\">Jan Friedrich<\/span>\n\t\t\t<\/a>\n\n\t\t\t\t\t<\/div>\n\n\t\t\t\t\t\t<\/div>\n\t\t\t\t\t<\/div>\n\t<\/div>\n<\/div>\n\n\n\n\n\n<h3 class=\"wp-block-heading\" id=\"h-bei-familienunternehmen-ist-der-spagat-zwischen-bewahren-und-neugestaltung-besonders-wichtig\"><b>\u201eBei Familienunternehmen ist der Spagat zwischen Bewahren und Neugestaltung besonders wichtig.\u201c<\/b><\/h3>\n\n\n\n<p><span style=\"font-weight: 400;\">Thomas Gembler wird in K\u00fcrze 42 Jahre alt, Ostfriese, verheiratet und hat drei Kinder. Als Sohn eines Steuerberaters haben ihn Wirtschaft und Zahlen schon immer fasziniert. Die Aufnahme eines Studiums der Betriebswirtschaftslehre war entsprechend keine \u00dcberraschung. Sp\u00e4ter weitete er das Studium auf Wirtschafts- und Politikwissenschaften aus und schloss es mit Diplom erfolgreich ab. Danach folgten einige Jahre in Wirtschaftspr\u00fcfungsgesellschaften und 2015 heuerte er als leitender Angestellter bei der Tell Bau GmbH an. Ein vor 75 Jahren gegr\u00fcndetes, mittelst\u00e4ndisches, breit aufgestelltes Bauunternehmen mit 350 Mitarbeitern an sechs Standorten zwischen Norden und Berlin und bis vor kurzem mehrheitlich in Familienbesitz. Heute ist er mit Leidenschaft Unternehmensinhaber, alleiniger Gesch\u00e4ftsf\u00fchrer und ein angenehmer Interviewpartner.<\/span><\/p>\n\n\n\n<h3 class=\"wp-block-heading\" id=\"h-herr-gembler-ihr-akademischer-werdegang-wies-zunachst-nicht-in-richtung-eines-eigenen-bauunternehmens-wie-haben-die-sozialwissenschaften-ihren-weg-beeinflusst\"><b>Herr Gembler, Ihr akademischer Werdegang wies zun\u00e4chst nicht in Richtung eines eigenen Bauunternehmens. Wie haben die Sozialwissenschaften Ihren Weg beeinflusst?<\/b><\/h3>\n\n\n\n<p><span style=\"font-weight: 400;\">In der Tat habe ich zu Beginn Betriebswirtschaftslehre studiert und auch mit Vordiplom abgeschlossen. Aber schon w\u00e4hrenddessen hatte ich das Gef\u00fchl, den Horizont dar\u00fcber hinaus etwas erweitern zu m\u00fcssen. Das Studium der Betriebswirtschaftslehre hat in meinen Augen mit Management nicht viel zu tun. Also habe ich noch Wirtschafts- und Politikwissenschaften unter dem Sammelbegriff Sozialwissenschaften hinzugenommen. Dieser Begriff ist bei vielen leider immer noch klischeebehaftet, obwohl man darin sehr viele innovative Ans\u00e4tze f\u00fcr das Management finden kann. Daraus ergab und festigte sich mein Wunsch, eines Tages einmal ein Unternehmen leiten zu wollen.&nbsp;<\/span><\/p>\n\n\n\n<figure class=\"wp-block-image alignleft\"><img loading=\"lazy\" decoding=\"async\" width=\"683\" height=\"1024\" src=\"https:\/\/www.sage.com\/de-de\/blog\/wp-content\/uploads\/sites\/11\/2021\/06\/Gembler_Tellbau_Unternehmensnachfolge-2.jpg\" alt=\"\" class=\"wp-image-9326\" srcset=\"https:\/\/www.sage.com\/de-de\/blog\/wp-content\/uploads\/sites\/11\/2021\/06\/Gembler_Tellbau_Unternehmensnachfolge-2.jpg 683w, https:\/\/www.sage.com\/de-de\/blog\/wp-content\/uploads\/sites\/11\/2021\/06\/Gembler_Tellbau_Unternehmensnachfolge-2-512x768.jpg 512w, https:\/\/www.sage.com\/de-de\/blog\/wp-content\/uploads\/sites\/11\/2021\/06\/Gembler_Tellbau_Unternehmensnachfolge-2-540x810.jpg 540w\" sizes=\"auto, (max-width: 683px) 100vw, 683px\" \/><\/figure>\n\n\n\n<p><\/p>\n\n\n\n<h3 class=\"wp-block-heading\" id=\"h-mit-welchen-vorstellungen-und-zielen-kamen-sie-vor-sechs-jahren-zur-tell-bau-gmbh\"><b>Mit welchen Vorstellungen und Zielen kamen Sie vor sechs Jahren zur Tell Bau GmbH?<\/b><\/h3>\n\n\n\n<p><span style=\"font-weight: 400;\">Der damalige Gesch\u00e4ftsf\u00fchrer und Miteigner, Herr Tebben, suchte jemanden mit Beratungskompetenz, der ihn in der Gesch\u00e4ftsf\u00fchrung unterst\u00fctzt und wir haben sehr schnell einen guten Draht zueinander gefunden. Die Situation stellte sich f\u00fcr mich nahezu ideal dar. Ich war 36 Jahre alt, suchte beruflich nach einer neuen und herausfordernden Aufgabe mit Perspektive und freute mich auch, nach Ostfriesland, an den Hauptstandort in Norden zur\u00fcckzukommen.&nbsp;<\/span><\/p>\n\n\n\n<p><span style=\"font-weight: 400;\">Meine wichtigste Aufgabe bestand in der Finanzplanung f\u00fcr eine umfassende Expansion der Firma. Die war allerdings schon im vollen Gange, so dass sich ein zus\u00e4tzlicher Beratungsbedarf ergab. In dieser Situation bot sich direkt die Chance, den Weg des Unternehmens ma\u00dfgeblich mitzugestalten. Einmal Gesch\u00e4ftsf\u00fchrer zu werden war ein langfristiges Ziel, das ich auch ge\u00e4u\u00dfert habe. Anteile zu besitzen, spielte aber damals f\u00fcr mich noch keine besondere Rolle.&nbsp;<\/span><\/p>\n\n\n\n<h3 class=\"wp-block-heading\" id=\"h-wann-hat-sich-denn-fur-sie-die-moglichkeit-eroffnet-die-unternehmensnachfolge-anzutreten-nbsp\"><b>Wann hat sich denn f\u00fcr Sie die M\u00f6glichkeit er\u00f6ffnet, die Unternehmensnachfolge anzutreten?&nbsp;<\/b><\/h3>\n\n\n\n<p><span style=\"font-weight: 400;\">\u00dcberhaupt Anteile an der Tell Bau zu \u00fcbernehmen, kam erstmals Anfang 2020 ins Gespr\u00e4ch. Der Gesch\u00e4ftsf\u00fchrer und Miteigner orientierte sich in Richtung Ruhestand. Da habe ich gefragt, ob ich seine Unternehmensanteile erwerben k\u00f6nnte. Nun ergab es sich im Zuge dessen, dass auch seitens der Inhaberfamilie Anteile ver\u00e4u\u00dfert werden sollten. Bis zu dem Zeitpunkt war ich zwar der einzige Interessent. Aber damit war meine Budgetgrenze deutlich \u00fcbersprungen.<\/span><\/p>\n\n\n\n<p><span style=\"font-weight: 400;\">Also wurde offiziell ein M&amp;A-Prozess (Merger &amp; Aquisitions) in Gang gesetzt, um einen Marktpreis zu eruieren und die Firmennachfolge anders zu regeln. Es kam es zu einigen Angeboten. Die lagen aber preislich n\u00e4her an meinen vorherigen Vorstellungen und so bin ich doch wieder als Bieter eingestiegen. Es war also kein gerader Weg. Aber jetzt stand ich umso mehr selbstbewusst und auch mit Herzblut hinter meinem Angebot. Ich f\u00fchlte mich angekommen und auch von der Belegschaft gut angenommen. Das ist schon ein starkes Gef\u00fchl. Es tr\u00e4gt mich immer noch. Und so bekam ich den Zuschlag.&nbsp;<\/span><\/p>\n\n\n\n<h3 class=\"wp-block-heading\" id=\"h-was-fur-eine-bedeutung-hat-dieses-vertrauen-fur-sie-personlich-als-nachfolger\"><b>Was f\u00fcr eine Bedeutung hat dieses Vertrauen f\u00fcr Sie pers\u00f6nlich als Nachfolger?<\/b><\/h3>\n\n\n\n<p><span style=\"font-weight: 400;\">Das ist eigentlich das Kernkriterium. Wenn das <\/span><a href=\"https:\/\/www.sage.com\/de-de\/blog\/mehrwert-mitarbeiter-stakeholder-bei-der-unternehmensnachfolge-teil-1\/\"><span style=\"font-weight: 400;\">Vertrauensverh\u00e4ltnis zwischen Unternehmensleitung und Belegschaft<\/span><\/a><span style=\"font-weight: 400;\"> nicht stimmt, kann man alles andere vergessen. So gesehen hatte ich einen Warmstart. Dass es aktuell so gut l\u00e4uft \u2013 das darf ich auch mit einem gewissen Stolz sagen \u2013 ist ein Ergebnis der ersten f\u00fcnf Jahre. Deswegen ist die \u00dcbernahme als solche auch nicht mit gro\u00dfen Ver\u00e4nderungen verbunden.&nbsp;<\/span><\/p>\n\n\n\n<h3 class=\"wp-block-heading\" id=\"h-was-ist-denn-das-wenige-das-sie-verandert-haben\"><b>Was ist denn das Wenige, das Sie ver\u00e4ndert haben?<\/b><\/h3>\n\n\n\n<p><span style=\"font-weight: 400;\">Sagen wir so. Einige Prozesse wie etwa unter dem Stichwort Digitalisierung haben wir lange vorher schon gemeinsam in Gang gesetzt. Was sich jetzt ver\u00e4ndert, ist eher eine Frage der pers\u00f6nlichen Handschrift. Ich habe jetzt mehr Verantwortung, kann aber auch mehr in meinem Sinne gestalten.&nbsp;<\/span><\/p>\n\n\n\n<h3 class=\"wp-block-heading\" id=\"h-ist-ihr-vorganger-in-der-geschaftsfuhrung-mit-ihrer-unternehmensubernahme-aus-der-firma-ausgeschieden-nbsp\"><b>Ist Ihr Vorg\u00e4nger in der Gesch\u00e4ftsf\u00fchrung mit Ihrer Unternehmens\u00fcbernahme aus der Firma ausgeschieden?&nbsp;<\/b><\/h3>\n\n\n\n<p><span style=\"font-weight: 400;\">Nein, zumindest bis Ende des Jahres 2021. Das ist zum Teil auch dem nicht geringen Aufwand im \u00dcbergangsjahr geschuldet mit Notar, Unterlagen und den daran gebundenen Verwaltungsprozessen. F\u00fcr die Zeit danach haben wir vereinbart, dass er sein B\u00fcro beh\u00e4lt und mir beratend zur Seite steht. Er sagt zwar immer \u00f6fter \u201ekomm, das entscheidest Du jetzt allein\u201c, aber er ist da und ich sch\u00e4tze seine Erfahrungen und seine Kenntnisse.&nbsp;<\/span><\/p>\n\n\n\n<h3 class=\"wp-block-heading\" id=\"h-jetzt-kam-zum-ubergangsjahr-auch-noch-die-corona-pandemie-hinzu-inwieweit-gab-es-da-wechselwirkungen\"><b>Jetzt kam zum \u00dcbergangsjahr auch noch die Corona-Pandemie hinzu. Inwieweit gab es da Wechselwirkungen?<\/b><\/h3>\n\n\n\n<p><span style=\"font-weight: 400;\">Nat\u00fcrlich war und ist die Situation der Pandemie und der Einschr\u00e4nkungen belastend. Wir haben Homeoffice eingerichtet, mussten auch krankheitsbedingte Ausf\u00e4lle kompensieren. Auf der anderen Seite glaube ich aber auch, dass uns die Krise noch ein bisschen enger als Belegschaft zusammengebracht hat.&nbsp;<\/span><\/p>\n\n\n\n<p><span style=\"font-weight: 400;\">Eine digitale Infrastruktur, die beispielsweise auch die Nutzung von Konferenz-Tools beinhaltet, hatten wir bereits 2019 eingerichtet. Insofern waren wir dahingehend gl\u00fccklicherweise gut vorbereitet. Die Pandemie hat bei uns allen sogar einen richtigen Schub in Sachen Nutzung und Akzeptanz der digitalen Kommunikation erzeugt.&nbsp;&nbsp;<\/span><\/p>\n\n\n\n<figure class=\"wp-block-image alignright\"><img loading=\"lazy\" decoding=\"async\" width=\"543\" height=\"593\" src=\"https:\/\/www.sage.com\/de-de\/blog\/wp-content\/uploads\/sites\/11\/2021\/06\/Gembler_Tellbau_Unternehmensnachfolge.jpg\" alt=\"\" class=\"wp-image-9327\"\/><\/figure>\n\n\n\n<p><\/p>\n\n\n\n<h3 class=\"wp-block-heading\" id=\"h-was-liegt-ihnen-an-ihrer-rolle-als-inhaber-und-geschaftsfuhrer-was-erfullt-sie-in-dieser-rolle-besonders\"><b>Was liegt Ihnen an Ihrer Rolle als Inhaber und Gesch\u00e4ftsf\u00fchrer? Was erf\u00fcllt Sie in dieser Rolle besonders?<\/b><\/h3>\n\n\n\n<p><span style=\"font-weight: 400;\">Ist nicht ganz einfach, in der gebotenen K\u00fcrze eine Antwort zu geben, die \u00fcber das Ma\u00df von \u201eich mag es, mit Menschen zu arbeiten\u201c hinausgeht. Einerseits halte ich mich f\u00fcr eine eher introvertierte Person. Andererseits mag ich es, Dinge in einen Fluss zu bringen. Das liegt mir. Klingt vielleicht etwas hochgestochen, aber ich mag es, Menschen zu motivieren, zu mehr Eigeninitiative anzuleiten, Teams zu entwickeln und eine Umgangskultur zu pflegen, die von gegenseitigem Respekt auf allen Ebenen gepr\u00e4gt ist. Genauso liebe ich es, zu wirtschaften \u2013 gerade auch f\u00fcr Unternehmen unserer Gr\u00f6\u00dfenordnung.&nbsp;<\/span><\/p>\n\n\n\n<h3 class=\"wp-block-heading\" id=\"h-auch-wenn-sie-noch-ganz-neu-in-ihrer-position-sind-haben-sie-viel-erfahrung-in-bezug-auf-geschaftsfuhrung-was-wurden-sie-potenziellen-nachfolgern-an-die-hand-geben\"><b>Auch wenn Sie noch ganz neu in Ihrer Position sind, haben sie viel Erfahrung in Bezug auf Gesch\u00e4ftsf\u00fchrung. Was w\u00fcrden Sie potenziellen Nachfolgern an die Hand geben?<\/b><\/h3>\n\n\n\n<p><span style=\"font-weight: 400;\">Man sollte eine lebensbejahende Einstellung sowie eine grunds\u00e4tzliche Menschenfreundlichkeit haben. Ebenso wichtig scheint mir, immer einen klaren Kopf zu bewahren. Das hei\u00dft, auch st\u00e4ndig an sich selbst zu arbeiten, fit zu sein, sich zu hinterfragen. Wenn man ein Familienunternehmen \u00fcbernimmt, mit einem Image, mit daran gebundenen Werten, ist es ganz besonders wichtig, den Spagat zwischen Bewahren und Gestalten hinbekommen.&nbsp;<\/span><\/p>\n\n\n\n<p><span style=\"font-weight: 400;\">F\u00fcr sich pers\u00f6nlich muss man einen stabilen Weg finden, neben der Arbeit und der Verantwortung auch ein privates Leben zu f\u00fchren. Heute wei\u00df man viel mehr um die Bedeutung einer Work-Life-Balance. Sie ist essenziell. Mir scheint, zu viele haben unter anderem noch Vorstellungen von 80-Stunden-Wochen. Das und das Ma\u00df an Verantwortung f\u00fcr andere Menschen schreckt sie ab, den Weg als Unternehmer zu gehen. Als Ostfriese vergleiche ich meinen Job gerne mit dem des Kapit\u00e4ns auf einem Schiff. Man ist der erste Mann auf der Br\u00fccke und wenn es eng wird, ist man auch der letzte Mann auf der Br\u00fccke. Aber man hat das Steuer in der Hand, kann einen Kurs setzen und etwas bewegen.<\/span><\/p>\n\n\n\n<p><span style=\"font-weight: 400;\">Management ist nicht nur eine Frage der Neigung, sondern auch erlernbar. Es braucht Mut aber ist m\u00f6glich.<\/span><\/p>\n\n\n\n<div class=\"single-cta\">\n\t<div class=\"single-cta__positioner\">\n\t\t<div class=\"single-cta__wrapper has-dark-background-color\">\n\t\t\t<div class=\"single-cta__content\">\n\t\t\t\t\t\t\t\t<h2 class=\"single-cta__title h3\">#STAYFORACOFFEE: Die Experten-Talks von Sage<\/h2>\n\n\t\t\t\t\t\t\t\t\t<div class=\"single-cta__description\">\n\t\t\t\t\t\t<p><!-- wp:paragraph --><\/p>\n<p>Erfahren Sie in <span style=\"color: #99cc00\">nur 45 Minuten<\/span> alles \u00fcber Themen die Unternehmer bewegen.<br \/>Nehmen sie an unseren <span style=\"color: #99cc00\"><em>kostenfreien <\/em>Webinaren<\/span> teil:<\/p>\n<p><!-- \/wp:paragraph --><\/p>\n<p><!-- wp:list --><\/p>\n<ul class=\"wp-block-list\"><!-- wp:list-item --><\/p>\n<li>Datengest\u00fctzte Unternehmen handeln erfolgreich<\/li>\n<p><!-- \/wp:list-item --><\/p>\n<p><!-- wp:list-item --><\/p>\n<li>Wie werden Fertigungsunternehmen zum Online-H\u00e4ndler?<\/li>\n<p><!-- \/wp:list-item --><\/p>\n<p><!-- wp:list-item --><\/p>\n<li>So k\u00f6nnen Sie den CO2-Fu\u00dfabdruck als Erfolgsfaktor f\u00fcr Ihr Unternehmen\u00a0einsetzen<\/li>\n<p><!-- \/wp:list-item --><\/p>\n<p><!-- wp:list-item --><\/p>\n<li>Vergleich Cloud-L\u00f6sungen vs. installierte Software: lohnt sich der\u00a0Wechsel?<\/li>\n<p><!-- \/wp:list-item --><\/p>\n<p><!-- wp:list-item --><\/p>\n<li>Die Zukunft der\u00a0Weiterbildung<\/li>\n<p><!-- \/wp:list-item --><\/p>\n<p><!-- wp:list-item --><\/p>\n<li>Wir zeigen Ihnen die wichtigsten Datenanalyse-Trends f\u00fcr\u00a02022<\/li>\n<p><!-- \/wp:list-item --><\/p>\n<p><!-- wp:list-item --><\/p>\n<li>Datenhaltung: wie Sie Datensilos in Ihrem Unternehmen\u00a0abschaffen<\/li>\n<p><!-- \/wp:list-item --><\/p>\n<p><!-- wp:list-item --><\/p>\n<li>Digitale Compliance-Prozesse: so profitiert Ihre Finanzbuchhaltung\u00a0davon<\/li>\n<p><!-- \/wp:list-item --><\/ul>\n<p><!-- \/wp:list --><\/p>\n<p><!-- wp:paragraph --><\/p>\n<p>Webinar verpasst? Hier geht es zur<a href=\"https:\/\/www.sage.com\/de-de\/stayforacoffee\/#mediathek\" target=\"_blank\" rel=\"noopener noreferrer\"> <strong><span style=\"color: #99cc00\">Mediathek<\/span><\/strong><\/a><\/p>\n<p><!-- \/wp:paragraph --><\/p>\n\t\t\t\t\t<\/div>\n\t\t\t\t\n\t\t\t\t\t\t\t\t\t\t\t\t\t\t<a\n\t\t\t\t\t\thref=\"https:\/\/www.sage.com\/de-de\/stayforacoffee\/?ref=blog#termine?utm_source=sageadvice&#038;utm_medium=website&#038;utm_campaign=CTABox&#038;utm_content=SFAC\"\n\t\t\t\t\t\tclass=\"single-cta__button button button--primary\"\n\t\t\t\t\t\t\t\t\t\t\t\t\tid=\"cta-id-8747\"\n\t\t\t\t\t\t\t\t\t\t\t\t\t\t\t\t\t\t\tdata-button-location=\"cta_box\"\n\t\t\t\t\t\t\t\t\t\t\t>Jetzt kostenfrei anmelden<\/a>\n\t\t\t\t\t\t\t<\/div>\n\n\t\t\t\t\t<\/div>\n\n\t\t\t\t\t<img decoding=\"async\" width=\"1440\" height=\"810\" src=\"https:\/\/www.sage.com\/de-de\/blog\/wp-content\/uploads\/sites\/11\/2022\/04\/GettyImages-1266123239-1440x810.jpg\" class=\"single-cta__image\" alt=\"\" loading=\"lazy\" srcset=\"https:\/\/www.sage.com\/de-de\/blog\/wp-content\/uploads\/sites\/11\/2022\/04\/GettyImages-1266123239-1440x810.jpg 1440w\" sizes=\"auto, (min-width: 48em) 33vw, 100vw\" \/>\t\t\t<\/div>\n<\/div>\n\n\n<div class=\"single-cta\">\n\t<div class=\"single-cta__positioner\">\n\t\t<div class=\"single-cta__wrapper has-dark-background-color\">\n\t\t\t<div class=\"single-cta__content\">\n\t\t\t\t\t\t\t\t<h2 class=\"single-cta__title h3\">Interesse an weiteren Tipps &amp; Insights zum Thema Unternehmensnachfolge?<\/h2>\n\n\t\t\t\t\t\t\t\t\t<div class=\"single-cta__description\">\n\t\t\t\t\t\t<p><!-- wp:paragraph --><\/p>\n<p class=\"\">\u2026mit unserem Newsletter 1x im Monat<\/p>\n<p><!-- \/wp:paragraph --><\/p>\n<p><!-- wp:list --><\/p>\n<ul><!-- wp:list-item --><\/p>\n<li>Neue Trends aus der Business Welt<\/li>\n<p><!-- \/wp:list-item --><\/p>\n<p><!-- wp:list-item --><\/p>\n<li>Aktuelle Urteile verst\u00e4ndlich erkl\u00e4rt<\/li>\n<p><!-- \/wp:list-item --><\/p>\n<p><!-- wp:list-item --><\/p>\n<li>Tipps zu Recht, Steuern &amp; Finanzen<\/li>\n<p><!-- \/wp:list-item --><\/p>\n<p><!-- wp:list-item --><\/p>\n<li>Experten-Interviews, Podcast, Studien u.v.m<\/li>\n<p><!-- \/wp:list-item --><\/ul>\n<p><!-- \/wp:list --><\/p>\n\t\t\t\t\t<\/div>\n\t\t\t\t\n\t\t\t\t\t\t\t\t\t\t\t\t\t\t<a\n\t\t\t\t\t\thref=\"#gate-a59880de-3d38-4b82-914c-ffa16bab6ae7\"\n\t\t\t\t\t\tclass=\"single-cta__button button button--primary\"\n\t\t\t\t\t\t\t\t\t\t\t\t\t\t\t\t\t>Jetzt Newsletter abonnieren<\/a>\n\t\t\t\t\t\t\t<\/div>\n\n\t\t\t\t\t<\/div>\n\n\t\t\t\t\t<img decoding=\"async\" width=\"1064\" height=\"810\" src=\"https:\/\/www.sage.com\/de-de\/blog\/wp-content\/uploads\/sites\/11\/2021\/03\/Blog-Unternehmensnachfolge-1064x810.jpg\" class=\"single-cta__image\" alt=\"\" loading=\"lazy\" srcset=\"https:\/\/www.sage.com\/de-de\/blog\/wp-content\/uploads\/sites\/11\/2021\/03\/Blog-Unternehmensnachfolge-1064x810.jpg 1064w\" sizes=\"auto, (min-width: 48em) 33vw, 100vw\" \/>\t\t\t<\/div>\n<\/div>\n","protected":false},"excerpt":{"rendered":"<p>Thomas Gembler wird in K\u00fcrze 42 Jahre alt, Ostfriese, verheiratet und hat drei Kinder. Als Sohn eines Steuerberaters haben ihn Wirtschaft und Zahlen schon immer fasziniert. Die Aufnahme eines Studiums der Betriebswirtschaftslehre war entsprechend keine \u00dcberraschung. Sp\u00e4ter weitete er das Studium auf Wirtschafts- und Politikwissenschaften aus und schloss es mit Diplom erfolgreich ab. Danach folgten einige Jahre in Wirtschaftspr\u00fcfungsgesellschaften und 2015 heuerte er als leitender Angestellter bei der Tell Bau GmbH an. Ein vor 75 Jahren gegr\u00fcndetes, mittelst\u00e4ndisches, breit aufgestelltes Bauunternehmen mit 350 Mitarbeitern an sechs Standorten zwischen Norden und Berlin und bis vor kurzem mehrheitlich in Familienbesitz. Heute ist er mit Leidenschaft Unternehmensinhaber, alleiniger Gesch\u00e4ftsf\u00fchrer und ein angenehmer Interviewpartner.<\/p>\n","protected":false},"author":547,"featured_media":9324,"comment_status":"open","ping_status":"open","sticky":false,"template":"","format":"standard","meta":{"_sage_video":false,"post_featured_image_hide":false,"footnotes":""},"categories":[15],"tags":[913,191,837,914,901],"business_type":[18],"lilypad":[],"context":[],"industry":[],"persona":[58,54,60,57,59],"imagine_tag":[41,40,912,24,38,883],"coauthors":[962],"class_list":["post-9323","post","type-post","status-publish","format-standard","has-post-thumbnail","hentry","category-digitale-transformation","tag-externe-nachfolge","tag-mittelstand","tag-unternehmensnachfolge","tag-unternehmensnachfolge-geschichten","tag-unternehmensuebernahme","business_type-mittlere-unternehmen"],"sage_meta":{"region":"de-de","author_name":"Jan Friedrich","featured_image":"https:\/\/www.sage.com\/de-de\/blog\/wp-content\/uploads\/sites\/11\/2021\/06\/JUPITER_2017_X3_HEROIC_00194_31429.jpg","imagine_tags":{"41":"Mittelstand","40":"Mittlere Unternehmen","912":"Nachfolge Geschichten","24":"Sage Blog","38":"Start-Ups","883":"Unternehmensnachfolge"}},"distributor_meta":false,"distributor_terms":false,"distributor_media":false,"distributor_original_site_name":"Sage Advice Deutschland","distributor_original_site_url":"https:\/\/www.sage.com\/de-de\/blog","push-errors":false,"_links":{"self":[{"href":"https:\/\/www.sage.com\/de-de\/blog\/api\/wp\/v2\/posts\/9323","targetHints":{"allow":["GET"]}}],"collection":[{"href":"https:\/\/www.sage.com\/de-de\/blog\/api\/wp\/v2\/posts"}],"about":[{"href":"https:\/\/www.sage.com\/de-de\/blog\/api\/wp\/v2\/types\/post"}],"author":[{"embeddable":true,"href":"https:\/\/www.sage.com\/de-de\/blog\/api\/wp\/v2\/users\/547"}],"replies":[{"embeddable":true,"href":"https:\/\/www.sage.com\/de-de\/blog\/api\/wp\/v2\/comments?post=9323"}],"version-history":[{"count":0,"href":"https:\/\/www.sage.com\/de-de\/blog\/api\/wp\/v2\/posts\/9323\/revisions"}],"wp:featuredmedia":[{"embeddable":true,"href":"https:\/\/www.sage.com\/de-de\/blog\/api\/wp\/v2\/media\/9324"}],"wp:attachment":[{"href":"https:\/\/www.sage.com\/de-de\/blog\/api\/wp\/v2\/media?parent=9323"}],"wp:term":[{"taxonomy":"category","embeddable":true,"href":"https:\/\/www.sage.com\/de-de\/blog\/api\/wp\/v2\/categories?post=9323"},{"taxonomy":"post_tag","embeddable":true,"href":"https:\/\/www.sage.com\/de-de\/blog\/api\/wp\/v2\/tags?post=9323"},{"taxonomy":"business_type","embeddable":true,"href":"https:\/\/www.sage.com\/de-de\/blog\/api\/wp\/v2\/business_type?post=9323"},{"taxonomy":"lilypad","embeddable":true,"href":"https:\/\/www.sage.com\/de-de\/blog\/api\/wp\/v2\/lilypad?post=9323"},{"taxonomy":"context","embeddable":true,"href":"https:\/\/www.sage.com\/de-de\/blog\/api\/wp\/v2\/context?post=9323"},{"taxonomy":"industry","embeddable":true,"href":"https:\/\/www.sage.com\/de-de\/blog\/api\/wp\/v2\/industry?post=9323"},{"taxonomy":"persona","embeddable":true,"href":"https:\/\/www.sage.com\/de-de\/blog\/api\/wp\/v2\/persona?post=9323"},{"taxonomy":"imagine_tag","embeddable":true,"href":"https:\/\/www.sage.com\/de-de\/blog\/api\/wp\/v2\/imagine_tag?post=9323"},{"taxonomy":"author","embeddable":true,"href":"https:\/\/www.sage.com\/de-de\/blog\/api\/wp\/v2\/coauthors?post=9323"}],"curies":[{"name":"wp","href":"https:\/\/api.w.org\/{rel}","templated":true}]}}