{"id":9593,"date":"2021-08-12T08:00:53","date_gmt":"2021-08-12T06:00:53","guid":{"rendered":"https:\/\/www.sage.com\/de-de\/blog\/?p=9593"},"modified":"2026-03-11T15:36:14","modified_gmt":"2026-03-11T14:36:14","slug":"hr-nach-corona-eine-erste-bilanz","status":"publish","type":"post","link":"https:\/\/www.sage.com\/de-de\/blog\/hr-nach-corona-eine-erste-bilanz\/","title":{"rendered":"HR nach Corona \u2013 eine erste Bilanz"},"content":{"rendered":"<header class=\"entry-header has-dark-background-color entry-header--standard entry-header--has-illustration entry-header--has-illustration--standard\">\n\t<div class=\"container\">\n\t\t<div class=\"entry-header__row row align-center\">\n\t\t\t<div class=\"col col-lg-7 col-xlg-6 entry-header__content\">\n\t\t\t\t\t\t\t<div class=\"component component-single-header\">\n\t\t\t\t\t\t\t\t\t\t<div class=\"entry-header__misc text--subtitle text--uppercase text--small\">\n\t\t\t\t\t\t\t<a href=\"https:\/\/www.sage.com\/de-de\/blog\/kategorie\/hr-management-payroll\/\" class=\"entry-header__link\">HR-Management und Lohnbuchhaltung<\/a>\t\t\t\t\t\t<\/div>\n\t\t\t\t\n\t\t\t\t<div class=\"entry-title-wrapper\">\n\t\t\t\t\t<h1 class=\"entry-title\">\n\t\t\t\t\t\tHR nach Corona \u2013 eine erste Bilanz\t\t\t\t\t<\/h1>\n\t\t\t\t<\/div>\n\n\t\t\t\t\t\t\t\t\t<p class=\"entry-header__description\">\n\t\t\t\t\t\tCorona hat Unternehmen unter Druck gesetzt. Personalentscheider sind dabei besonders herausgefordert. Wir ziehen eine erste Bilanz aus dieser Zeit, zeigen Erwartungen von Arbeitnehmern auf und leiten Herausforderungen und Chancen f\u00fcr HR-Fachkr\u00e4fte ab.\t\t\t\t\t<\/p>\n\t\t\t\t\n\t\t\t\t\n\t\t\t\t\n\t\t\t<\/div>\n\n\t\t\t\t\t<\/div>\n\t\t\t\t\t<\/div>\n\t<\/div>\n\t<div class=\"single-post-details container\">\n\t\t<div class=\"col\">\n\t\t\t<span class=\"posted-on \"><time class=\"entry-date published\" datetime=\"2021-08-12T08:00:53+02:00\">12. August 2021<\/time><\/span><span class=\"reading-time\"> Minuten zu lesen<\/span>\n\t\t<button\n\t\t\ttype=\"button\"\n\t\t\tclass=\"social-share-button button button--icon button--secondary js-social-share-button\"\n\t\t\tdata-share-title=\"HR nach Corona \u2013 eine erste Bilanz\"\n\t\t\tdata-share-url=\"https:\/\/www.sage.com\/de-de\/blog\/hr-nach-corona-eine-erste-bilanz\/\"\n\t\t\tdata-share-text=\"Bitte lesen Sie diesen interessanten Artikel\"\n\t\t>\n\t\t\t<span class=\"social-share-button__share-label\">Teilen<\/span>\n\t\t\t<span class=\"social-share-button__copy-label\" hidden>Link kopieren<\/span>\n\t\t\t<span class=\"social-share-button__copy-tooltip\" aria-hidden=\"true\" hidden>Kopiert<\/span>\n\t\t<\/button>\n\n\t\t\t\t<\/div>\n\t<\/div>\n<\/header>\n\n\n\n<div class=\"wp-block-post-author has-dark-background-color alignfull\">\n\t<div class=\"container\">\n\t\t<div class=\"col\">\n\t\t\t\t\t\t\t<div class=\"co-authors\">\n\t\t\t\t\t\n\t\t<div class=\"entry-author-wrapper\">\n\t\t\t<a class=\"entry-author\" href=\"https:\/\/www.sage.com\/de-de\/blog\/author\/simoneseidel\/\">\n\t\t\t\t<img loading=\"lazy\" decoding=\"async\" width=\"40\" height=\"40\" src=\"https:\/\/www.sage.com\/de-de\/blog\/wp-content\/uploads\/sites\/11\/2020\/02\/Autoreprofil_simone-seidel_320x320.jpg\" class=\"entry-author__image\" alt=\"\" \/>\t\t\t\t<span class=\"entry-author__name\">Simone Seidel<\/span>\n\t\t\t<\/a>\n\n\t\t\t\t\t<\/div>\n\n\t\t\t\t\t\t<\/div>\n\t\t\t\t\t<\/div>\n\t<\/div>\n<\/div>\n\n\n\n<p>Die Corona-Pandemie hat Unternehmen und ihre F\u00fchrungskr\u00e4fte unter enormen Druck gesetzt, sich an die ge\u00e4nderten Priorit\u00e4ten anzupassen. Vor allem der Mittelstand ist betroffen \u2013 und Personalentscheider sind dabei besonders herausgefordert. Die Krise dauert zwar noch an, doch erste Bilanzen lassen sich bereits ziehen. Ein Blick auf aktuelle Studien zeigt die jetzigen W\u00fcnsche und Erwartungen von Arbeitnehmern auf. Daraus ergeben sich verschiedene Herausforderungen, aber auch Chancen f\u00fcr HR-Fachkr\u00e4fte.<\/p>\n\n\n\n<h2 class=\"wp-block-heading\" id=\"h-neue-und-alte-normalitat\"><strong>Neue und alte Normalit\u00e4t<\/strong><\/h2>\n\n\n\n<p>Unternehmen und ihre Personalentscheider meistern aktuell einen Balanceakt zwischen Erneuerung und Stabilit\u00e4t. Auf der einen Seite stehen zahlreiche Umbr\u00fcche durch die Pandemie und neue flexible Arbeitsweisen der Zukunft, die grunds\u00e4tzlich zu begr\u00fc\u00dfen sind. Auf der anderen Seite steht der Wunsch nach Normalit\u00e4t und Best\u00e4ndigkeit. Aus einer dreifachen Arbeitnehmerbefragung \u00fcber den Zeitraum der Krise geht hervor, wie diese Zerrissenheit sich in der Belegschaft widerspiegelt: Die Befragten sind gespalten zwischen einer Akzeptanz der Ver\u00e4nderungen und ihrer Sehnsucht nach der \u201ealten\u201c Normalit\u00e4t.<\/p>\n\n\n\n<p>Die anf\u00e4ngliche Aufbruchsstimmung sei laut Studienverfassern einer gewissen Ern\u00fcchterung gewichen: W\u00e4hrend aus der zweiten Befragung noch hervorging, wie euphorisch die Arbeitnehmer Wandel und Innovationen begr\u00fc\u00dften, habe aktuell nicht einmal mehr die H\u00e4lfte Lust auf Ver\u00e4nderungen, weder beruflich noch privat. Auch in Bezug auf neue Arbeitsweisen herrscht keine Einigkeit: Rund 50 Prozent m\u00f6chte weiterhin im <a href=\"https:\/\/www.sage.com\/de-de\/blog\/lexikon\/homeoffice\/\" target=\"_blank\" rel=\"noopener\">Home Office<\/a> arbeiten \u2013 trotzdem sind laut der Befragung diejenigen aktuell am zufriedensten, die wieder t\u00e4glich ins B\u00fcro gehen k\u00f6nnen.<\/p>\n\n\n\n<h2 class=\"wp-block-heading\" id=\"h-wo-steht-das-unternehmen-nbsp-heute-und-morgen\"><strong>Wo steht das Unternehmen \u2013&nbsp;heute und morgen?<\/strong><\/h2>\n\n\n\n<p>Der HR-Abteilung kommt nun die anspruchsvolle Aufgabe zu, die Unsicherheiten, gemischten Gef\u00fchle und Nachwehen der Krise bestm\u00f6glich aufzufangen. Eine sensible und transparente Kommunikation gibt den Angestellten das Gef\u00fchl, auch weiterhin in guten H\u00e4nden und stets informiert zu sein \u2013 das f\u00f6rdert die Stabilit\u00e4t im Unternehmen.<\/p>\n\n\n\n<p>Die Pandemie ist zudem ein Anlass, grunds\u00e4tzlich zu hinterfragen, wie die Arbeit im Betrieb in Zukunft aussehen soll. Daf\u00fcr sind ausgiebige Befragungen und Gespr\u00e4che mit den Mitarbeitern unverzichtbar \u2013 anhand ihres Feedbacks k\u00f6nnen Personalentscheider die besten Schl\u00fcsse f\u00fcr ihre Ma\u00dfnahmen ziehen. Denn dabei lernen sie die Belegschaft besser kennen und k\u00f6nnen ihre Entscheidungen datenbasiert treffen.<\/p>\n\n\n\n<p>Die Fakten zeigen: Auch nach der Pandemie gibt es kein Schema F f\u00fcr flexible Arbeitsweisen der Zukunft. Inwieweit das Unternehmen mobiles und dezentrales Arbeiten oder auch Arbeiten aus dem Ausland erm\u00f6glichen soll, l\u00e4sst sich nur anhand der Bed\u00fcrfnisse der Mitarbeiter entscheiden.<\/p>\n\n\n\n<h2 class=\"wp-block-heading\" id=\"h-vertrauen-in-den-mittelstand-ist-erschuttert\"><strong>Vertrauen in den Mittelstand ist ersch\u00fcttert<\/strong><\/h2>\n\n\n\n<p><strong>&nbsp;<\/strong>Eine besonders kritische Folge der Pandemie ist, dass der Mittelstand bei Bewerbern an Attraktivit\u00e4t verloren hat. Der aktuelle Trendence HR Monitor zeigt, dass gro\u00dfe Teile potenzieller Arbeitnehmer dem Mittelstand eher nicht zutrauen, durch die Krise zu kommen und sich in der digitalen Arbeitswelt zu behaupten. Entsprechend sch\u00e4tzen sie die Jobsicherheit nicht gut ein und gaben an, sich eher bei Konzernen zu bewerben. Allen voran Hochschulabsolventen scheinen kein Vertrauen in kleine und mittelst\u00e4ndische Arbeitgeber zu haben, aber auch Young Professionals und Fachkr\u00e4fte zieht es zu gr\u00f6\u00dferen Firmen.<\/p>\n\n\n\n<h2 class=\"wp-block-heading\" id=\"h-aktiv-sichtbar-und-attraktiv-bleiben\"><strong>Aktiv, sichtbar und attraktiv bleiben<\/strong><\/h2>\n\n\n\n<p><strong>&nbsp;<\/strong>Dieser Unsicherheit kann die HR-Abteilung durch aktives <a href=\"https:\/\/www.sage.com\/de-de\/hr-software\/recruiting\/\" target=\"_blank\" rel=\"noopener\">Recruiting<\/a> und Employer Branding entgegenwirken. So wie ein Vertrieb verkauft, k\u00f6nnen Personalentscheider rekrutieren \u2013 konstant und tatkr\u00e4ftig. Es empfiehlt sich, die digitale Sichtbarkeit des Unternehmens zu \u00fcberpr\u00fcfen: Gibt es eine Karriereseite, die zielgruppengerecht potenzielle Bewerber anspricht und ihnen Vorteile aufzeigt? Diese l\u00e4sst sich auch nutzen, um Vorurteile abzubauen \u2013 denn der Mittelstand gilt bei vielen immer noch als traditionell, analog und konservativ in den Strukturen.<\/p>\n\n\n\n<p>Interessierte k\u00f6nnen auf der Website, einem Blog, in einem Imagefilm oder auf sozialen Netzwerken einen Einblick in die Arbeitskultur, die digitalen Prozesse und die Innovationen des Unternehmens erhalten. Dadurch w\u00e4chst ihr Vertrauen in die Firma als Arbeitgeber und damit die Chance auf eine Bewerbung.<\/p>\n\n\n\n<h2 class=\"wp-block-heading\" id=\"h-aufwind-fur-die-digitalisierung\"><strong>Aufwind f\u00fcr die Digitalisierung<\/strong><\/h2>\n\n\n\n<p><strong>\u00a0<\/strong>Bei allen Herausforderungen und Schwierigkeiten ist auch eine sehr positive Entwicklung erkennbar: W\u00e4hrend die Digitalisierung im Mittelstand laut einer XING Studie 2017 noch von <a href=\"https:\/\/recruiting.xing.com\/de\/wissen-veranstaltungen\/wissen\/hr-news-trends\/wie-sich-der-mittelstand-ueberschaetzt-neue-studie-zur\" target=\"_blank\" rel=\"noopener\">Selbst\u00fcbersch\u00e4tzung und Innovationsbremsen<\/a> gepr\u00e4gt war, hat sie jetzt wohl an Fahrt gewonnen. Aus dem aktuellen Digitalisierungsindex geht hervor, dass rund die H\u00e4lfte der kleinen und mittelst\u00e4ndischen Unternehmen die Gesch\u00e4ftsmodelle digitalisiert hat. Das zeigt, wie der Mittelstand auch in Krisenzeiten in der Lage ist, schnell und flexibel zu reagieren.<\/p>\n\n\n\n<h2 class=\"wp-block-heading\" id=\"h-fahrplan-in-richtung-zukunft\"><strong>Fahrplan in Richtung Zukunft<\/strong><\/h2>\n\n\n\n<p>Jetzt hei\u00dft es also: Dranbleiben. Wer die neu gewonnenen Erkenntnisse und digitalen Kompetenzen im Unternehmen auch nach der Pandemie nutzt, macht sich fit f\u00fcr die Zukunft. Klar ist, dass Corona ein kurzfristiger Beschleuniger der Digitalisierung im Mittelstand war \u2013 und dass sie sp\u00e4testens ab jetzt zur festen, langfristigen Strategie geh\u00f6rt.<\/p>\n\n\n\n<p>Nur so k\u00f6nnen sich mittelst\u00e4ndische Betriebe auch gegen gro\u00dfe Konzerne behaupten und beim Wandel der Arbeitswelt mithalten. Die HR-Abteilung kann auf die Daten zugreifen, die f\u00fcr einen Digitalisierungs-Fahrplan des Unternehmens so wichtig sind: Sie wissen, wo und wie die Mitarbeiter am produktivsten arbeiten, mit welchen Prozessen sie zufrieden sind und welche Tools auf die Gesch\u00e4ftsziele einzahlen.<\/p>\n\n\n\n<div class=\"single-cta\">\n\t<div class=\"single-cta__positioner\">\n\t\t<div class=\"single-cta__wrapper has-dark-background-color\">\n\t\t\t<div class=\"single-cta__content\">\n\t\t\t\t\t\t\t\t<h2 class=\"single-cta__title h3\">#STAYFORACOFFEE: Die Experten-Talks von Sage<\/h2>\n\n\t\t\t\t\t\t\t\t\t<div class=\"single-cta__description\">\n\t\t\t\t\t\t<p><!-- wp:paragraph --><\/p>\n<p>Erfahren Sie in <span style=\"color: #99cc00\">nur 45 Minuten<\/span> alles \u00fcber Themen die Unternehmer bewegen.<br \/>Nehmen sie an unseren <span style=\"color: #99cc00\"><em>kostenfreien <\/em>Webinaren<\/span> teil:<\/p>\n<p><!-- \/wp:paragraph --><\/p>\n<p><!-- wp:list --><\/p>\n<ul class=\"wp-block-list\"><!-- wp:list-item --><\/p>\n<li>Datengest\u00fctzte Unternehmen handeln erfolgreich<\/li>\n<p><!-- \/wp:list-item --><\/p>\n<p><!-- wp:list-item --><\/p>\n<li>Wie werden Fertigungsunternehmen zum Online-H\u00e4ndler?<\/li>\n<p><!-- \/wp:list-item --><\/p>\n<p><!-- wp:list-item --><\/p>\n<li>So k\u00f6nnen Sie den CO2-Fu\u00dfabdruck als Erfolgsfaktor f\u00fcr Ihr Unternehmen\u00a0einsetzen<\/li>\n<p><!-- \/wp:list-item --><\/p>\n<p><!-- wp:list-item --><\/p>\n<li>Vergleich Cloud-L\u00f6sungen vs. installierte Software: lohnt sich der\u00a0Wechsel?<\/li>\n<p><!-- \/wp:list-item --><\/p>\n<p><!-- wp:list-item --><\/p>\n<li>Die Zukunft der\u00a0Weiterbildung<\/li>\n<p><!-- \/wp:list-item --><\/p>\n<p><!-- wp:list-item --><\/p>\n<li>Wir zeigen Ihnen die wichtigsten Datenanalyse-Trends f\u00fcr\u00a02022<\/li>\n<p><!-- \/wp:list-item --><\/p>\n<p><!-- wp:list-item --><\/p>\n<li>Datenhaltung: wie Sie Datensilos in Ihrem Unternehmen\u00a0abschaffen<\/li>\n<p><!-- \/wp:list-item --><\/p>\n<p><!-- wp:list-item --><\/p>\n<li>Digitale Compliance-Prozesse: so profitiert Ihre Finanzbuchhaltung\u00a0davon<\/li>\n<p><!-- \/wp:list-item --><\/ul>\n<p><!-- \/wp:list --><\/p>\n<p><!-- wp:paragraph --><\/p>\n<p>Webinar verpasst? Hier geht es zur<a href=\"https:\/\/www.sage.com\/de-de\/stayforacoffee\/#mediathek\" target=\"_blank\" rel=\"noopener noreferrer\"> <strong><span style=\"color: #99cc00\">Mediathek<\/span><\/strong><\/a><\/p>\n<p><!-- \/wp:paragraph --><\/p>\n\t\t\t\t\t<\/div>\n\t\t\t\t\n\t\t\t\t\t\t\t\t\t\t\t\t\t\t<a\n\t\t\t\t\t\thref=\"https:\/\/www.sage.com\/de-de\/stayforacoffee\/?ref=blog#termine?utm_source=sageadvice&#038;utm_medium=website&#038;utm_campaign=CTABox&#038;utm_content=SFAC\"\n\t\t\t\t\t\tclass=\"single-cta__button button button--primary\"\n\t\t\t\t\t\t\t\t\t\t\t\t\tid=\"cta-id-8747\"\n\t\t\t\t\t\t\t\t\t\t\t\t\t\t\t\t\t\t\tdata-button-location=\"cta_box\"\n\t\t\t\t\t\t\t\t\t\t\t>Jetzt kostenfrei anmelden<\/a>\n\t\t\t\t\t\t\t<\/div>\n\n\t\t\t\t\t<\/div>\n\n\t\t\t\t\t<img decoding=\"async\" width=\"1440\" height=\"810\" src=\"https:\/\/www.sage.com\/de-de\/blog\/wp-content\/uploads\/sites\/11\/2022\/04\/GettyImages-1266123239-1440x810.jpg\" class=\"single-cta__image\" alt=\"\" loading=\"lazy\" srcset=\"https:\/\/www.sage.com\/de-de\/blog\/wp-content\/uploads\/sites\/11\/2022\/04\/GettyImages-1266123239-1440x810.jpg 1440w\" sizes=\"auto, (min-width: 48em) 33vw, 100vw\" \/>\t\t\t<\/div>\n<\/div>\n\n\n<div class=\"single-cta\">\n\t<div class=\"single-cta__positioner\">\n\t\t<div class=\"single-cta__wrapper has-dark-background-color\">\n\t\t\t<div class=\"single-cta__content\">\n\t\t\t\t\t\t\t\t<h2 class=\"single-cta__title h3\">Interesse an weiteren Tipps &amp; Insights zu den Themen HR und Lohnbuchhaltung?<\/h2>\n\n\t\t\t\t\t\t\t\t\t<div class=\"single-cta__description\">\n\t\t\t\t\t\t<p><!-- wp:paragraph --><\/p>\n<p class=\"\">\u2026mit unserem Newsletter 1x im Monat<\/p>\n<p><!-- \/wp:paragraph --><\/p>\n<p><!-- wp:list --><\/p>\n<ul><!-- wp:list-item --><\/p>\n<li>Neue Trends aus der Arbeitswelt<\/li>\n<p><!-- \/wp:list-item --><\/p>\n<p><!-- wp:list-item --><\/p>\n<li>Aktuelle Urteile verst\u00e4ndlich erkl\u00e4rt<\/li>\n<p><!-- \/wp:list-item --><\/p>\n<p><!-- wp:list-item --><\/p>\n<li>Tipps zu HR &amp; Lohnbuchhaltung<\/li>\n<p><!-- \/wp:list-item --><\/p>\n<p><!-- wp:list-item --><\/p>\n<li>Experten-Interviews, Studien u.v.m<\/li>\n<p><!-- \/wp:list-item --><\/ul>\n<p><!-- \/wp:list --><\/p>\n\t\t\t\t\t<\/div>\n\t\t\t\t\n\t\t\t\t\t\t\t\t\t\t\t\t\t\t<a\n\t\t\t\t\t\thref=\"#gate-a59880de-3d38-4b82-914c-ffa16bab6ae7\"\n\t\t\t\t\t\tclass=\"single-cta__button button button--primary\"\n\t\t\t\t\t\t\t\t\t\t\t\t\t\t\t\t\t>Jetzt Newsletter abonnieren<\/a>\n\t\t\t\t\t\t\t<\/div>\n\n\t\t\t\t\t<\/div>\n\n\t\t\t\t\t<img decoding=\"async\" width=\"1064\" height=\"810\" src=\"https:\/\/www.sage.com\/de-de\/blog\/wp-content\/uploads\/sites\/11\/2021\/03\/Blog-HR-Management-und-Payroll-1064x810.jpg\" class=\"single-cta__image\" alt=\"\" loading=\"lazy\" srcset=\"https:\/\/www.sage.com\/de-de\/blog\/wp-content\/uploads\/sites\/11\/2021\/03\/Blog-HR-Management-und-Payroll-1064x810.jpg 1064w\" sizes=\"auto, (min-width: 48em) 33vw, 100vw\" \/>\t\t\t<\/div>\n<\/div>\n","protected":false},"excerpt":{"rendered":"<p>Corona hat Unternehmen unter Druck gesetzt. Personalentscheider sind dabei besonders herausgefordert. Wir ziehen eine erste Bilanz aus dieser Zeit, zeigen Erwartungen von Arbeitnehmern auf und leiten Herausforderungen und Chancen f\u00fcr HR-Fachkr\u00e4fte ab.<\/p>\n","protected":false},"author":612,"featured_media":9594,"comment_status":"open","ping_status":"open","sticky":false,"template":"","format":"standard","meta":{"_sage_video":false,"post_featured_image_hide":false,"footnotes":""},"categories":[22,70,72,73],"tags":[599,210,191,89],"business_type":[18],"lilypad":[],"context":[],"industry":[],"persona":[58,57,59,55],"imagine_tag":[37,41,40,24],"coauthors":[997],"class_list":["post-9593","post","type-post","status-publish","format-standard","has-post-thumbnail","hentry","category-hr-management-payroll","category-mitarbeiter-betreuen","category-mitarbeiter-binden","category-mitarbeiter-motivieren","tag-blog","tag-employer-branding","tag-mittelstand","tag-personalmanagement","business_type-mittlere-unternehmen"],"sage_meta":{"region":"de-de","author_name":"Simone Seidel","featured_image":"https:\/\/www.sage.com\/de-de\/blog\/wp-content\/uploads\/sites\/11\/2021\/08\/12-August-2021_Beitragsbild_Erste-Bilanzen-nach-Corona.jpg","imagine_tags":{"37":"HR","41":"Mittelstand","40":"Mittlere Unternehmen","24":"Sage Blog"}},"distributor_meta":false,"distributor_terms":false,"distributor_media":false,"distributor_original_site_name":"Sage Advice Deutschland","distributor_original_site_url":"https:\/\/www.sage.com\/de-de\/blog","push-errors":false,"_links":{"self":[{"href":"https:\/\/www.sage.com\/de-de\/blog\/api\/wp\/v2\/posts\/9593","targetHints":{"allow":["GET"]}}],"collection":[{"href":"https:\/\/www.sage.com\/de-de\/blog\/api\/wp\/v2\/posts"}],"about":[{"href":"https:\/\/www.sage.com\/de-de\/blog\/api\/wp\/v2\/types\/post"}],"author":[{"embeddable":true,"href":"https:\/\/www.sage.com\/de-de\/blog\/api\/wp\/v2\/users\/612"}],"replies":[{"embeddable":true,"href":"https:\/\/www.sage.com\/de-de\/blog\/api\/wp\/v2\/comments?post=9593"}],"version-history":[{"count":1,"href":"https:\/\/www.sage.com\/de-de\/blog\/api\/wp\/v2\/posts\/9593\/revisions"}],"predecessor-version":[{"id":30766,"href":"https:\/\/www.sage.com\/de-de\/blog\/api\/wp\/v2\/posts\/9593\/revisions\/30766"}],"wp:featuredmedia":[{"embeddable":true,"href":"https:\/\/www.sage.com\/de-de\/blog\/api\/wp\/v2\/media\/9594"}],"wp:attachment":[{"href":"https:\/\/www.sage.com\/de-de\/blog\/api\/wp\/v2\/media?parent=9593"}],"wp:term":[{"taxonomy":"category","embeddable":true,"href":"https:\/\/www.sage.com\/de-de\/blog\/api\/wp\/v2\/categories?post=9593"},{"taxonomy":"post_tag","embeddable":true,"href":"https:\/\/www.sage.com\/de-de\/blog\/api\/wp\/v2\/tags?post=9593"},{"taxonomy":"business_type","embeddable":true,"href":"https:\/\/www.sage.com\/de-de\/blog\/api\/wp\/v2\/business_type?post=9593"},{"taxonomy":"lilypad","embeddable":true,"href":"https:\/\/www.sage.com\/de-de\/blog\/api\/wp\/v2\/lilypad?post=9593"},{"taxonomy":"context","embeddable":true,"href":"https:\/\/www.sage.com\/de-de\/blog\/api\/wp\/v2\/context?post=9593"},{"taxonomy":"industry","embeddable":true,"href":"https:\/\/www.sage.com\/de-de\/blog\/api\/wp\/v2\/industry?post=9593"},{"taxonomy":"persona","embeddable":true,"href":"https:\/\/www.sage.com\/de-de\/blog\/api\/wp\/v2\/persona?post=9593"},{"taxonomy":"imagine_tag","embeddable":true,"href":"https:\/\/www.sage.com\/de-de\/blog\/api\/wp\/v2\/imagine_tag?post=9593"},{"taxonomy":"author","embeddable":true,"href":"https:\/\/www.sage.com\/de-de\/blog\/api\/wp\/v2\/coauthors?post=9593"}],"curies":[{"name":"wp","href":"https:\/\/api.w.org\/{rel}","templated":true}]}}