{"id":963,"date":"2016-03-21T00:00:00","date_gmt":"2016-03-21T00:00:00","guid":{"rendered":"https:\/\/www.sage.com\/de-de\/blog\/?p=963"},"modified":"2026-01-22T16:17:00","modified_gmt":"2026-01-22T15:17:00","slug":"warum-niemand-den-brexit-will","status":"publish","type":"post","link":"https:\/\/www.sage.com\/de-de\/blog\/warum-niemand-den-brexit-will\/","title":{"rendered":"Warum niemand den Brexit will \u2026"},"content":{"rendered":"<header class=\"entry-header has-dark-background-color entry-header--has-illustration entry-header--has-illustration--generic\">\n\t<div class=\"container\">\n\t\t<div class=\"entry-header__row row align-center\">\n\t\t\t<div class=\"col col-lg-7 col-xlg-6 entry-header__content\">\n\t\t\t\t\t\t\t<div class=\"component component-single-header\">\n\t\t\t\t\t\t\t\t\t\t<div class=\"entry-header__misc text--subtitle text--uppercase text--small\">\n\t\t\t\t\t\t\t<a href=\"https:\/\/www.sage.com\/de-de\/blog\/kategorie\/digitale-transformation\/\" class=\"entry-header__link\">Digitale Transformation<\/a>\t\t\t\t\t\t<\/div>\n\t\t\t\t\n\t\t\t\t<div class=\"entry-title-wrapper\">\n\t\t\t\t\t<h1 class=\"entry-title\">\n\t\t\t\t\t\tWarum niemand den Brexit will \u2026\t\t\t\t\t<\/h1>\n\t\t\t\t<\/div>\n\n\t\t\t\t\t\t\t\t\t<p class=\"entry-header__description\">\n\t\t\t\t\t\t\t\t\t\t\t<\/p>\n\t\t\t\t\n\t\t\t\t\n\t\t\t\t\n\t\t\t<\/div>\n\n\t\t\t\t\t<\/div>\n\t\t\t\t\t<\/div>\n\t<\/div>\n\t<div class=\"single-post-details container\">\n\t\t<div class=\"col\">\n\t\t\t<span class=\"posted-on \"><time class=\"entry-date published\" datetime=\"2016-03-21T00:00:00+01:00\">21. March 2016<\/time><\/span><span class=\"reading-time\"> Minuten zu lesen<\/span>\n\t\t<button\n\t\t\ttype=\"button\"\n\t\t\tclass=\"social-share-button button button--icon button--secondary js-social-share-button\"\n\t\t\tdata-share-title=\"Warum niemand den Brexit will \u2026\"\n\t\t\tdata-share-url=\"https:\/\/www.sage.com\/de-de\/blog\/warum-niemand-den-brexit-will\/\"\n\t\t\tdata-share-text=\"Bitte lesen Sie diesen interessanten Artikel\"\n\t\t>\n\t\t\t<span class=\"social-share-button__share-label\">Teilen<\/span>\n\t\t\t<span class=\"social-share-button__copy-label\" hidden>Link kopieren<\/span>\n\t\t\t<span class=\"social-share-button__copy-tooltip\" aria-hidden=\"true\" hidden>Kopiert<\/span>\n\t\t<\/button>\n\n\t\t\t\t<\/div>\n\t<\/div>\n<\/header>\n\n\n\n<div class=\"wp-block-post-author has-dark-background-color alignfull\">\n\t<div class=\"container\">\n\t\t<div class=\"col\">\n\t\t\t\t\t\t\t<div class=\"co-authors\">\n\t\t\t\t\t\n\t\t<div class=\"entry-author-wrapper\">\n\t\t\t<a class=\"entry-author\" href=\"https:\/\/www.sage.com\/de-de\/blog\/author\/rainer-downar\/\">\n\t\t\t\t<img loading=\"lazy\" decoding=\"async\" width=\"40\" height=\"40\" src=\"https:\/\/www.sage.com\/de-de\/blog\/wp-content\/uploads\/sites\/11\/2018\/01\/Rainer-Downar_klein-e1453813076202-350x350.jpg\" class=\"entry-author__image\" alt=\"Rainer Downar\" \/>\t\t\t\t<span class=\"entry-author__name\">Rainer Downar<\/span>\n\t\t\t<\/a>\n\n\t\t\t\t\t<\/div>\n\n\t\t\t\t\t\t<\/div>\n\t\t\t\t\t<\/div>\n\t<\/div>\n<\/div>\n\n\n\n\n\n<figure class=\"wp-block-image alignleft\"><img decoding=\"async\" src=\"https:\/\/www.sage.com\/de-de\/blog\/wp-content\/uploads\/sites\/11\/2018\/01\/Grafik_Brexit_Ja_Nein.jpg\" alt=\"Grafik_Brexit_Ja_Nein\" class=\"wp-image-5897\"\/><\/figure>\n\n\n\n<p><em>Gro\u00dfbritanniens B\u00fcrger stehen vor einer wichtigen Entscheidung. Im Juni 2016 werden sie an die Wahlurne treten. Ihr Votum kann weitreichende Konsequenzen haben. Sie entscheiden: Soll England in der EU bleiben oder nicht? Warum den Austritt eigentlich niemand will, erkl\u00e4rt Rainer Downar, EVP Central Europe bei Sage, in diesem Artikel.<\/em><span id=\"more-5894\"><\/span><\/p>\n\n\n\n<p>Wir berufen uns dabei auf eine umfassende <a href=\"https:\/\/www.bertelsmann-stiftung.de\/de\/themen\/aktuelle-meldungen\/2015\/april\/brexit-koennte-teuer-werden-vor-allem-fuer-grossbritannien\/\" target=\"_blank\" rel=\"noopener noreferrer\">Studie der Bertelsmann-Stiftung<\/a>. Sie hat im vergangen Jahr deutsche und britische Unternehmer dazu befragt, wie sie zum Brexit (Kunstwort aus \u201eBritain&#8221; und \u201eExit&#8221;, also \u201eEngland&#8221; und \u201eAustritt&#8221;) stehen und welche Folgen ein Austritt haben w\u00fcrde. Doch zun\u00e4chst einmal ist die Botschaft beider Befragungsgruppen klar: Deutschland will, dass England in der EU bleibt (83%) und auch 87 Prozent der englischen Manager wollen f\u00fcr die EU abstimmen.<\/p>\n\n\n\n<h2 class=\"wp-block-heading\" id=\"h-ein-brexit-und-seine-folgen\">Ein Brexit und seine Folgen<\/h2>\n\n\n\n<div id=\"attachment_5558\" class=\"wp-caption alignright\" style=\"max-width: 290px\">\n<figure><img loading=\"lazy\" decoding=\"async\" class=\" wp-image-5558\" src=\"https:\/\/www.sage.com\/de-de\/blog\/wp-content\/uploads\/sites\/11\/2018\/01\/Rainer-Downar_klein-e1453813076202-928x1024.jpg\" alt=\"Rainer Downar, EVP Sage Central Europe, berichtet, wie er Stress vermeidet. Quelle: Sage\" width=\"280\" height=\"308\"><\/figure><p><\/p>\n<p class=\"wp-caption-text\">Rainer Downar, EVP Sage Central Europe, beleuchtet die Folgen eines Brexit. Quelle: Sage<\/p>\n<\/div>\n\n\n\n<p>Und ihre Gr\u00fcnde wiegen schwer. Denn beide Gruppen bef\u00fcrchten weitreichende Konsequenzen f\u00fcr die Wirtschaft und den Arbeitsmarkt. Insgesamt sehen 42 Prozent der Befragten \u201enegative&#8221; bis \u201esehr negative&#8221; Folgen auf England im Falle eines Austritts zukommen. Dabei sind englische Unternehmen besonders besorgt \u00fcber die Auswirkungen auf das Besch\u00e4ftigungsniveau (44 %).<\/p>\n\n\n\n<p>Und auch Auswirkungen auf ihr eigenes Unternehmen sehen beide Befragungsgruppen. 36 Prozent rechnen mit negativen Folgen f\u00fcr ihr Gesch\u00e4ft in den n\u00e4chsten drei Jahren. Dabei sind englische Unternehmen pessimistischer (44%) als deutsche (32%). Profitieren vom Brexit? Das k\u00f6nnen sich gerade einmal 19 Prozent der englischen Unternehmer vorstellen und nur 10 Prozent der deutschen.<\/p>\n\n\n\n<h2 class=\"wp-block-heading\" id=\"h-wirtschaftlicher-ruckzug-aus-england\">Wirtschaftlicher R\u00fcckzug aus England?<\/h2>\n\n\n\n<p>Interessanterweise f\u00fchlt sich gerade die IT-Branche vom Brexit bedroht. 41 Prozent der Entscheider aus diesem Bereich erwarten, dass ihre Kapazit\u00e4ten zur\u00fcckgehen. Insgesamt w\u00fcrde beinahe jeder dritte Befragte (29%) seine Kapazit\u00e4ten in England zur\u00fcckschrauben oder seinen Standort verlagern, wenn es zum gef\u00fcrchteten Brexit kommt. Laut <a href=\"https:\/\/www.bertelsmann-stiftung.de\/de\/themen\/aktuelle-meldungen\/2015\/april\/brexit-koennte-teuer-werden-vor-allem-fuer-grossbritannien\/\" target=\"_blank\" rel=\"noopener noreferrer\">Hochrechnungen der Bertelsmann-Stiftung <\/a> k\u00f6nnte er Deutschland satte 300 Milliarden Euro kosten. Hierzulande w\u00e4re die Wirtschaft laut Bertelsmann-Experten damit am meisten betroffen. Hinzu k\u00e4men noch die h\u00f6heren Beitragszahlungen an die EU, wenn England als Mitgliedsland ausf\u00e4llt.<\/p>\n\n\n\n<figure class=\"wp-block-image alignright\"><img decoding=\"async\" src=\"https:\/\/www.sage.com\/de-de\/blog\/wp-content\/uploads\/sites\/11\/2018\/01\/Grafik_Vorteile_der_EU-Mitgliedschaft-1-1024x468.jpg\" alt=\"Grafik_Vorteile_der_EU-Mitgliedschaft\" class=\"wp-image-5899\"\/><\/figure>\n\n\n\n<p>Und dann w\u00e4re da noch der politische Schaden mit unabsehbaren Konsequenzen, wie es Michael St\u00fcrmer von der Welt <a href=\"http:\/\/www.welt.de\/debatte\/kommentare\/article152818738\/Brexit-haette-fatale-weltpolitische-Hebelwirkung.html\" target=\"_blank\" rel=\"noopener noreferrer\">in seinem Kommentar<\/a> beschreibt: \u201eWenn alles noch einmal gut geht, dann hat der britische Premierminister David Cameron Europa einen gro\u00dfen Dienst erwiesen. Wenn es schiefgeht, dann hat er einen nachhaltigen Beitrag geleistet zur Selbstzerst\u00f6rung Europas.&#8221;<\/p>\n\n\n\n<p>Schaut man sich <a href=\"https:\/\/www.google.de\/url?sa=t&amp;rct=j&amp;q=&amp;esrc=s&amp;source=web&amp;cd=5&amp;cad=rja&amp;uact=8&amp;ved=0ahUKEwjAoezhy7bLAhUr8XIKHWKQC4cQFghDMAQ&amp;url=http%3A%2F%2Fwww.ft.com%2Fcms%2Fs%2F0%2F87123d80-da3c-11e5-98fd-06d75973fe09.html&amp;usg=AFQjCNHHTHs4q5PXFVCkE57WMQfEFPDyJA&amp;sig2=Emil20BmDQoMi7TGE4UZJA\" target=\"_blank\" rel=\"noopener noreferrer\">aktuelle Zahlen vom Februar<\/a> an, so gibt es allerdings nur wenige L\u00e4nder, die einen Brexit w\u00fcnschen. Und auch in England stehen die Zeichen aktuell auf \u201epro Europa&#8221;. Gr\u00fcnde daf\u00fcr scheint es genug zu geben.<\/p>\n\n\n\n<p class=\"has-text-align-left\">Von Rainer Downar (<a href=\"https:\/\/twitter.com\/rainerdownar\" target=\"_blank\" rel=\"noopener noreferrer\">@RainerDownar<\/a>)<\/p>\n\n\n<div class=\"single-cta\">\n\t<div class=\"single-cta__positioner\">\n\t\t<div class=\"single-cta__wrapper has-dark-background-color\">\n\t\t\t<div class=\"single-cta__content\">\n\t\t\t\t\t\t\t\t<h2 class=\"single-cta__title h3\">Bleiben Sie informiert.<\/h2>\n\n\t\t\t\t\t\t\t\t\t<div class=\"single-cta__description\">\n\t\t\t\t\t\t<p>&#8230;mit unserem Newsletter 1x im Monat<\/p>\n<ul>\n<li>Neue Trends aus der Arbeitswelt<\/li>\n<li>Aktuelle Urteile verst\u00e4ndlich erkl\u00e4rt<\/li>\n<li>Tipps zu Steuern &amp; Finanzen<\/li>\n<li>Experten-Interviews, Studien u.v.m<\/li>\n<\/ul>\n\t\t\t\t\t<\/div>\n\t\t\t\t\n\t\t\t\t\t\t\t\t\t\t\t\t\t\t<a\n\t\t\t\t\t\thref=\"#gate-a59880de-3d38-4b82-914c-ffa16bab6ae7\"\n\t\t\t\t\t\tclass=\"single-cta__button button button--primary\"\n\t\t\t\t\t\t\t\t\t\t\t\t\t\t\t\t\t>Newsletter abonnieren<\/a>\n\t\t\t\t\t\t\t<\/div>\n\n\t\t\t\t\t<\/div>\n\n\t\t\t\t\t<img decoding=\"async\" width=\"1064\" height=\"810\" src=\"https:\/\/www.sage.com\/de-de\/blog\/wp-content\/uploads\/sites\/11\/2018\/02\/Blog-Datenbasiert-entscheiden-1064x810.jpg\" class=\"single-cta__image\" alt=\"\" loading=\"lazy\" srcset=\"https:\/\/www.sage.com\/de-de\/blog\/wp-content\/uploads\/sites\/11\/2018\/02\/Blog-Datenbasiert-entscheiden-1064x810.jpg 1064w\" sizes=\"auto, (min-width: 48em) 33vw, 100vw\" \/>\t\t\t<\/div>\n<\/div>\n","protected":false},"excerpt":{"rendered":"<p>Gro\u00dfbritanniens B\u00fcrger stehen vor einer wichtigen Entscheidung. Im Juni 2016 werden sie an die Wahlurne treten. Ihr Votum kann weitreichende Konsequenzen haben. Sie entscheiden: Soll England in der EU bleiben oder nicht? Warum den Austritt eigentlich niemand will, erkl\u00e4rt Rainer Downar, EVP Central Europe bei Sage, in diesem Artikel. Wir berufen uns dabei auf eine [&hellip;]<\/p>\n","protected":false},"author":444,"featured_media":1803,"comment_status":"open","ping_status":"closed","sticky":false,"template":"","format":"standard","meta":{"_sage_video":false,"post_featured_image_hide":false,"footnotes":""},"categories":[15],"tags":[316,549],"business_type":[17,18],"lilypad":[],"context":[],"industry":[],"persona":[58,54,60,57,59,56,55],"imagine_tag":[39,41,40,24,38],"coauthors":[974],"class_list":["post-963","post","type-post","status-publish","format-standard","has-post-thumbnail","hentry","category-digitale-transformation","tag-brexit","tag-studie","business_type-kleinunternehmer-handwerker","business_type-mittlere-unternehmen"],"sage_meta":{"region":"de-de","author_name":"Rainer Downar","featured_image":"https:\/\/www.sage.com\/de-de\/blog\/wp-content\/uploads\/sites\/11\/2018\/01\/Sage_Paris_Employee_21032013-_TPaviot_SAGE__9_-1024x366.jpg","imagine_tags":{"39":"Kleine Unternehmen","41":"Mittelstand","40":"Mittlere Unternehmen","24":"Sage Blog","38":"Start-Ups"}},"distributor_meta":false,"distributor_terms":false,"distributor_media":false,"distributor_original_site_name":"Sage Advice Deutschland","distributor_original_site_url":"https:\/\/www.sage.com\/de-de\/blog","push-errors":false,"_links":{"self":[{"href":"https:\/\/www.sage.com\/de-de\/blog\/api\/wp\/v2\/posts\/963","targetHints":{"allow":["GET"]}}],"collection":[{"href":"https:\/\/www.sage.com\/de-de\/blog\/api\/wp\/v2\/posts"}],"about":[{"href":"https:\/\/www.sage.com\/de-de\/blog\/api\/wp\/v2\/types\/post"}],"author":[{"embeddable":true,"href":"https:\/\/www.sage.com\/de-de\/blog\/api\/wp\/v2\/users\/444"}],"replies":[{"embeddable":true,"href":"https:\/\/www.sage.com\/de-de\/blog\/api\/wp\/v2\/comments?post=963"}],"version-history":[{"count":0,"href":"https:\/\/www.sage.com\/de-de\/blog\/api\/wp\/v2\/posts\/963\/revisions"}],"wp:featuredmedia":[{"embeddable":true,"href":"https:\/\/www.sage.com\/de-de\/blog\/api\/wp\/v2\/media\/1803"}],"wp:attachment":[{"href":"https:\/\/www.sage.com\/de-de\/blog\/api\/wp\/v2\/media?parent=963"}],"wp:term":[{"taxonomy":"category","embeddable":true,"href":"https:\/\/www.sage.com\/de-de\/blog\/api\/wp\/v2\/categories?post=963"},{"taxonomy":"post_tag","embeddable":true,"href":"https:\/\/www.sage.com\/de-de\/blog\/api\/wp\/v2\/tags?post=963"},{"taxonomy":"business_type","embeddable":true,"href":"https:\/\/www.sage.com\/de-de\/blog\/api\/wp\/v2\/business_type?post=963"},{"taxonomy":"lilypad","embeddable":true,"href":"https:\/\/www.sage.com\/de-de\/blog\/api\/wp\/v2\/lilypad?post=963"},{"taxonomy":"context","embeddable":true,"href":"https:\/\/www.sage.com\/de-de\/blog\/api\/wp\/v2\/context?post=963"},{"taxonomy":"industry","embeddable":true,"href":"https:\/\/www.sage.com\/de-de\/blog\/api\/wp\/v2\/industry?post=963"},{"taxonomy":"persona","embeddable":true,"href":"https:\/\/www.sage.com\/de-de\/blog\/api\/wp\/v2\/persona?post=963"},{"taxonomy":"imagine_tag","embeddable":true,"href":"https:\/\/www.sage.com\/de-de\/blog\/api\/wp\/v2\/imagine_tag?post=963"},{"taxonomy":"author","embeddable":true,"href":"https:\/\/www.sage.com\/de-de\/blog\/api\/wp\/v2\/coauthors?post=963"}],"curies":[{"name":"wp","href":"https:\/\/api.w.org\/{rel}","templated":true}]}}