{"id":10666,"date":"2018-03-21T12:50:54","date_gmt":"2018-03-21T12:50:54","guid":{"rendered":"https:\/\/www.sage.com\/es-es\/blog\/?p=10666"},"modified":"2026-02-04T18:52:49","modified_gmt":"2026-02-04T17:52:49","slug":"he-vendido-por-wallapop-y-alquilado-por-airbnb-como-afectara-a-mi-declaracion-de-la-renta","status":"publish","type":"post","link":"https:\/\/www.sage.com\/es-es\/blog\/he-vendido-por-wallapop-y-alquilado-por-airbnb-como-afectara-a-mi-declaracion-de-la-renta\/","title":{"rendered":"He vendido por Wallapop y alquilado por Airbnb, \u00bfc\u00f3mo afectar\u00e1 a mi declaraci\u00f3n de la Renta?"},"content":{"rendered":"<header class=\"entry-header has-dark-background-color entry-header--has-illustration entry-header--has-illustration--generic\">\n\t<div class=\"container\">\n\t\t<div class=\"entry-header__row row align-center\">\n\t\t\t<div class=\"col col-lg-7 col-xlg-6 entry-header__content\">\n\t\t\t\t\t\t\t<div class=\"component component-single-header\">\n\t\t\t\t\t\t\t\t\t\t<div class=\"entry-header__misc text--subtitle text--uppercase text--small\">\n\t\t\t\t\t\t\t<a href=\"https:\/\/www.sage.com\/es-es\/blog\/categoria\/legal\/\" class=\"entry-header__link\">Legal<\/a>\t\t\t\t\t\t<\/div>\n\t\t\t\t\n\t\t\t\t<div class=\"entry-title-wrapper\">\n\t\t\t\t\t<h1 class=\"entry-title\">\n\t\t\t\t\t\tHe vendido por Wallapop y alquilado por Airbnb, \u00bfc\u00f3mo afectar\u00e1 a mi declaraci\u00f3n de la Renta?\t\t\t\t\t<\/h1>\n\t\t\t\t<\/div>\n\n\t\t\t\t\t\t\t\t\t<p class=\"entry-header__description\">\n\t\t\t\t\t\t\t\t\t\t\t<\/p>\n\t\t\t\t\n\t\t\t\t\n\t\t\t\t\n\t\t\t<\/div>\n\n\t\t\t\t\t<\/div>\n\t\t\t\t\t<\/div>\n\t<\/div>\n\t<div class=\"single-post-details container\">\n\t\t<div class=\"col\">\n\t\t\t<span class=\"posted-on \"><time class=\"entry-date published\" datetime=\"2018-03-21T12:50:54+01:00\">21 March, 2018<\/time><\/span><span class=\"reading-time\"> minutos de lectura<\/span>\n\t\t<button\n\t\t\ttype=\"button\"\n\t\t\tclass=\"social-share-button button button--icon button--secondary js-social-share-button\"\n\t\t\tdata-share-title=\"He vendido por Wallapop y alquilado por Airbnb, \u00bfc\u00f3mo afectar\u00e1 a mi declaraci\u00f3n de la Renta?\"\n\t\t\tdata-share-url=\"https:\/\/www.sage.com\/es-es\/blog\/he-vendido-por-wallapop-y-alquilado-por-airbnb-como-afectara-a-mi-declaracion-de-la-renta\/\"\n\t\t\tdata-share-text=\"Please read this interesting article\"\n\t\t>\n\t\t\t<span class=\"social-share-button__share-label\">Compartir<\/span>\n\t\t\t<span class=\"social-share-button__copy-label\" hidden>Copiar enlace<\/span>\n\t\t\t<span class=\"social-share-button__copy-tooltip\" aria-hidden=\"true\" hidden>Copiado<\/span>\n\t\t<\/button>\n\n\t\t\t\t<\/div>\n\t<\/div>\n<\/header>\n\n\n\n<div class=\"wp-block-post-author has-dark-background-color alignfull\">\n\t<div class=\"container\">\n\t\t<div class=\"col\">\n\t\t\t\t\t\t\t<div class=\"co-authors\">\n\t\t\t\t\t\n\t\t<div class=\"entry-author-wrapper\">\n\t\t\t<a class=\"entry-author\" href=\"https:\/\/www.sage.com\/es-es\/blog\/author\/carlos-roberto-cabelllo\/\">\n\t\t\t\t<img loading=\"lazy\" decoding=\"async\" width=\"40\" height=\"40\" src=\"https:\/\/www.sage.com\/es-es\/blog\/wp-content\/uploads\/sites\/8\/2017\/10\/Carlos-Roberto-Cabello.jpg\" class=\"entry-author__image\" alt=\"Carlos Roberto Cabello\" \/>\t\t\t\t<span class=\"entry-author__name\">Carlos Roberto Cabello<\/span>\n\t\t\t<\/a>\n\n\t\t\t\t\t<\/div>\n\n\t\t\t\t\t\t<\/div>\n\t\t\t\t\t<\/div>\n\t<\/div>\n<\/div>\n<div class=\"sage-block-classic-wrapper\">\n\n<p>Durante el pasado a\u00f1o, la direcci\u00f3n General de Tributos ya advirti\u00f3 a los usuarios de aplicaciones de la llamada econom\u00eda colaborativa y, tambi\u00e9n, a los de compraventa de segunda mano que Hacienda estaba vigilando estas operaciones y que deb\u00edan tributar por ellas. Por eso, <strong>si hemos vendido por Wallapop y alquilado por Airbnb, vamos a ver c\u00f3mo afectar\u00e1 a la declaraci\u00f3n de la renta<\/strong>.<\/p>\n<p><!--more--><\/p>\n<p>En el caso de la <a href=\"https:\/\/www.sage.com\/es-es\/blog\/impuesto-wallapop-afecta-empresas-compren-vendan-bienes-segunda-mano\/\">venta de productos de segunda mano<\/a>, Hacienda no solo lo limita a la mencionada plataforma, sino que otras similares como eBay o Vibbo tambi\u00e9n est\u00e1n en su punto de mira.<\/p>\n<p>El principio normativo que lo avala es que las <strong>ventas de productos usados realizadas por particulares en plataformas online est\u00e1n tambi\u00e9n sujetas al Impuesto de Transmisiones Patrimoniales<\/strong>; y como una <a href=\"http:\/\/www.fiscal-impuestos.com\/transmisiones-patrimoniales-onerosas.hmtl\" target=\"_blank\" rel=\"noopener noreferrer\">transmisi\u00f3n onerosa<\/a>, debe tributar al 4%.<\/p>\n<h2>\u00bfQui\u00e9n tributa, el vendedor o el comprador de los productos de segunda mano?<\/h2>\n<p>Es importante destacar que no se trata de un nuevo <a href=\"https:\/\/www.sage.com\/es-es\/blog\/diccionario-empresarial\/impuesto\/\">impuesto<\/a>. Siempre ha estado ah\u00ed. Ha sido la <a href=\"http:\/\/petete.minhafp.gob.es\/consultas\/?num_consulta=V1723-13\" target=\"_blank\" rel=\"noopener noreferrer\">Direcci\u00f3n General de Tributos<\/a> la encargada de aclarar la obligaci\u00f3n existente. Aqu\u00ed se pueden dar varias circunstancias a tener en cuenta. Vamos con ellas.<\/p>\n<p>En primer lugar, <strong>\u00bfqui\u00e9n paga el impuesto? Es el vendedor<\/strong> el que debe hacerlo, aunque la l\u00f3gica indica que deber\u00eda repercutir dicho 4% sobre el comprador, que ser\u00eda en \u00faltimo t\u00e9rmino el que acabar\u00eda viendo como el precio de su compra se incrementa.<\/p>\n<p>Sin embargo, la obligaci\u00f3n de liquidar dicho impuesto corresponde al vendedor que debe hacerlo a trav\u00e9s del <a href=\"https:\/\/www.agenciatributaria.es\/AEAT.internet\/GC12\/informacion.shtml\" target=\"_blank\" rel=\"noopener noreferrer\">modelo 600<\/a> de la Agencia Tributaria. Solo en el caso de que el producto <strong>se venda por encima de su coste de adquisici\u00f3n deber\u00e1 tributar en el impuestos de la renta sobre las personas f\u00edsicas <\/strong>(IRPF) por el incremento patrimonial.<\/p>\n<p><mark class=\"highlight-and-share\">\u00a1Tuitea el dato! Las ventas de productos de segundamano son una transmisi\u00f3n onerosa y deben tributar al 4%<\/mark><\/p>\n<p>Este tipo de transacciones son muy comunes en el caso de compraventa de viviendas, por ejemplo, que a lo largo de los a\u00f1os se revalorizan. En la venta de segunda mano no tanto, pero puede darse el caso. Pongamos un c\u00f3mic o un juguete que en su d\u00eda se compr\u00f3 por X. Con el paso de los a\u00f1os, la escasez, la nostalgia o que se vuelva poner de moda, hace que el precio de dicho producto tenga un valor de 10X. Se deber\u00eda <strong>tributar en IRPF por los beneficios obtenidos con la venta<\/strong>.<\/p>\n<p>Por lo tanto, si no existe incremento patrimonial, no es necesario incluirlo en nuestra declaraci\u00f3n de la renta, aunque esto no exime al vendedor de <strong>liquidar el modelo 600 en el momento de realizar la transacci\u00f3<\/strong>n. Para la mayor\u00eda de los clientes habituales de estas aplicaciones de compraventa, no deber\u00eda tener incidencia en su declaraci\u00f3n de la Renta.<\/p>\n<h2>He alquilado mi vivienda por Airbnb, \u00bfc\u00f3mo me afecta en la declaraci\u00f3n de la Renta?<\/h2>\n<p>Otra cuesti\u00f3n diferente es la del alquiler de la vivienda o de una habitaci\u00f3n a trav\u00e9s de plataformas online, con Airbnb como una de las m\u00e1s conocidas.<\/p>\n<p><a href=\"http:\/\/www.expansion.com\/economia\/2017\/12\/30\/5a47c17c46163fc10b8b4623.html\" target=\"_blank\" rel=\"noopener noreferrer\">Hacienda tiene en su punto de mira a esta plataformas<\/a> y est\u00e1 desarrollando una norma que les obligar\u00e1 a <strong>proporcionar datos de los propietarios de los pisos<\/strong>, pero tambi\u00e9n de los clientes que los alquilan. Dicha norma no afecta todav\u00eda en la declaraci\u00f3n de la Renta de 2017, ya que la previsi\u00f3n es que se apruebe este verano.<\/p>\n<p>Pero lo cierto es que son <a href=\"http:\/\/www.elmundo.es\/economia\/macroeconomia\/2018\/03\/20\/5ab019a8e2704eeb7c8b464f.html\" target=\"_blank\" rel=\"noopener noreferrer\">muchos los propietarios que ya han recibido una notificaci\u00f3<\/a>n de la Agencia Tributaria para recordarles la <strong>obligaci\u00f3n de incluir en su declaraci\u00f3n de la renta los ingresos obtenidos por el alquiler de sus propiedades<\/strong>. Si hemos realizado el alquiler como particulares, Hacienda lo considera un incremento patrimonial y tendremos que declararlo como con cualquier otro tipo de alquiler.<\/p>\n<p>Los alquileres tur\u00edsticos se incluyen dentro de<a href=\"https:\/\/www.sage.com\/es-es\/blog\/documentacion-irpf-para-el-asesor-fiscal\/\"> los rendimientos del capital inmobiliario<\/a>. En este caso, podemos restar <a href=\"https:\/\/www.sage.com\/es-es\/blog\/ocho-deducciones-que-no-tendras-en-tu-borrador-de-la-renta-2016\/\">los gastos deducibles<\/a>, que siempre deben estar debidamente <a href=\"https:\/\/www.sage.com\/es-es\/blog\/estos-son-todos-los-gastos-que-puedes-deducirte-sin-factura\/\">justificados con su correspondiente factura<\/a>. Por ejemplo, si contratamos a una empresa de limpieza, si tuvimos que realizar alguna reparaci\u00f3n o si pagamos a alguien que se encargue de realizar las entradas y salidas de los inquilinos&#8230; En general todos aquellos necesarios para la obtenci\u00f3n del rendimiento.<\/p>\n<p>Mientras tanto, no podremos deducirnos los gastos relativos a los desperfectos que disminuyan el valor patrimonial de la vivienda u obras realizadas para mejorar el inmueble. En la declaraci\u00f3n de la Renta tendremos que <strong>consignar el rendimiento neto final<\/strong>. El alquiler no est\u00e1 sujeto al <a href=\"https:\/\/www.sage.com\/es-es\/blog\/riva-2018\/\">IVA<\/a>, por lo que en este sentido no deber\u00edamos tener que preocuparnos.<\/p>\n<p>La cosa cambia si el alquiler <strong>forma parte de una actividad econ\u00f3mica<\/strong>. En este caso, se tendr\u00edan que declarar en dicho apartado del IRPF. Esta suele ser la opci\u00f3n preferida por aquellos que tienen diferentes inmuebles en alquiler o de empresas que gestionan los de terceros. Para la mayor\u00eda de los propietarios que alquilaron su segunda residencia, la casa del pueblo o simplemente una habitaci\u00f3n que les sobraba en casa, no ser\u00eda el caso.<\/p>\n<h4>Si no quieres olvidarte de ning\u00fan gasto ni deducciones a la hora de realizar tu declaraci\u00f3n de la Renta, puedes utilizar el <a href=\"https:\/\/www.sage.com\/es-es\/software-contabilidad\/\">software online de contabilidad y facturaci\u00f3n de Sage<\/a> que se adapta a aut\u00f3nomos y peque\u00f1os negocios aportando la flexibilidad necesaria hoy en d\u00eda para trabajar desde cualquier lugar.<\/h4>\n\n<div class=\"single-cta\">\n\t<div class=\"single-cta__positioner\">\n\t\t<div class=\"single-cta__wrapper has-dark-background-color\">\n\t\t\t<div class=\"single-cta__content\">\n\t\t\t\t\t\t\t\t<h2 class=\"single-cta__title h3\">Software de contabilidad <\/h2>\n\n\t\t\t\t\t\t\t\t\t<div class=\"single-cta__description\">\n\t\t\t\t\t\t<p>Descubre las soluciones de contabilidad<br \/>\ny gesti\u00f3n comercial para tu PYME<\/p>\n<ul>\n<li>Lleva tu contabilidad al d\u00eda<\/li>\n<li>Calcula el IVA sin errores<\/li>\n<\/ul>\n\t\t\t\t\t<\/div>\n\t\t\t\t\n\t\t\t\t\t\t\t\t\t\t\t\t\t\t<a\n\t\t\t\t\t\thref=\"https:\/\/www.sage.com\/es-es\/software-contabilidad\/\"\n\t\t\t\t\t\tclass=\"single-cta__button button button--primary\"\n\t\t\t\t\t\t\t\t\t\t\t\t\tid=\"cta-id-19048\"\n\t\t\t\t\t\t\t\t\t\t\t\t\t\t\t\t\t\t\tdata-button-location=\"cta_box\"\n\t\t\t\t\t\t\t\t\t\t\t>Quiero m\u00e1s informaci\u00f3n<\/a>\n\t\t\t\t\t\t\t<\/div>\n\n\t\t\t\t\t<\/div>\n\n\t\t\t\t\t<img decoding=\"async\" width=\"1215\" height=\"810\" src=\"https:\/\/www.sage.com\/es-es\/blog\/wp-content\/uploads\/sites\/8\/2021\/10\/GettyImages-1333223767-OK-1215x810.jpg\" class=\"single-cta__image\" alt=\"Sage\" loading=\"lazy\" srcset=\"https:\/\/www.sage.com\/es-es\/blog\/wp-content\/uploads\/sites\/8\/2021\/10\/GettyImages-1333223767-OK-1215x810.jpg 1215w\" sizes=\"auto, (min-width: 48em) 33vw, 100vw\" \/>\t\t\t<\/div>\n<\/div>\n\n<\/div>\n<div class=\"single-cta\">\n\t<div class=\"single-cta__positioner\">\n\t\t<div class=\"single-cta__wrapper has-dark-background-color\">\n\t\t\t<div class=\"single-cta__content\">\n\t\t\t\t\t\t\t\t<h2 class=\"single-cta__title h3\">Subscr\u00edbete a la newsletter de Sage Advice<\/h2>\n\n\t\t\t\t\t\t\t\t\t<div class=\"single-cta__description\">\n\t\t\t\t\t\t<p>Recibe nuestros consejos m\u00e1s recientes directamente en la bandeja de entrada de tu correo electr\u00f3nico.<\/p>\n\t\t\t\t\t<\/div>\n\t\t\t\t\n\t\t\t\t\t\t\t\t\t\t\t\t\t\t<a\n\t\t\t\t\t\thref=\"#gate-263a5c00-99e4-4e71-8421-469deda8e674\"\n\t\t\t\t\t\tclass=\"single-cta__button button button--primary\"\n\t\t\t\t\t\t\t\t\t\t\t\t\t\t\t\t\t>Suscr\u00edbete<\/a>\n\t\t\t\t\t\t\t<\/div>\n\n\t\t\t\t\t<\/div>\n\n\t\t\t\t\t<img decoding=\"async\" width=\"1440\" height=\"810\" src=\"https:\/\/www.sage.com\/es-es\/blog\/wp-content\/uploads\/sites\/8\/2022\/04\/GettyImages-1171960556-1440x810.jpg\" class=\"single-cta__image\" alt=\"Sage\" loading=\"lazy\" srcset=\"https:\/\/www.sage.com\/es-es\/blog\/wp-content\/uploads\/sites\/8\/2022\/04\/GettyImages-1171960556-1440x810.jpg 1440w\" sizes=\"auto, (min-width: 48em) 33vw, 100vw\" \/>\t\t\t<\/div>\n<\/div>\n","protected":false},"excerpt":{"rendered":"<p>Durante el pasado a\u00f1o, la direcci\u00f3n General de Tributos ya advirti\u00f3 a los usuarios de aplicaciones de la llamada econom\u00eda colaborativa y, tambi\u00e9n, a los de compraventa de segunda mano que Hacienda estaba vigilando estas operaciones y que deb\u00edan tributar por ellas. Por eso, si hemos vendido por Wallapop y alquilado por Airbnb, vamos a [&hellip;]<\/p>\n","protected":false},"author":244,"featured_media":10605,"comment_status":"open","ping_status":"closed","sticky":false,"template":"","format":"standard","meta":{"_sage_video":false,"post_featured_image_hide":false,"footnotes":""},"categories":[3,6],"tags":[181,43,202],"business_type":[10,11,8],"lilypad":[],"context":[],"industry":[],"persona":[],"imagine_tag":[280,287,265,285,286,266,268,260,284],"coauthors":[413],"class_list":["post-10666","post","type-post","status-publish","format-standard","has-post-thumbnail","hentry","category-estrategia-gestion","category-legal","tag-impuestos","tag-irpf","tag-novedades-legales","business_type-pequena-empresa","business_type-mediana-empresa","business_type-asesorias-despachos-profesionales"],"sage_meta":{"region":"es-es","author_name":"Carlos Roberto Cabello","featured_image":"https:\/\/www.sage.com\/es-es\/blog\/wp-content\/uploads\/sites\/8\/2018\/03\/GettyImages-929108916_super-2.jpg","imagine_tags":{"280":"Asesor\u00edas y despachos","287":"Aut\u00f3nomos","265":"Contabilidad","285":"Emprendedores","286":"Enterprise","266":"Facturaci\u00f3n","268":"Impuestos","260":"Legal","284":"Pymes"}},"distributor_meta":false,"distributor_terms":false,"distributor_media":false,"distributor_original_site_name":"Sage Advice Espa\u00f1a","distributor_original_site_url":"https:\/\/www.sage.com\/es-es\/blog","push-errors":false,"_links":{"self":[{"href":"https:\/\/www.sage.com\/es-es\/blog\/api\/wp\/v2\/posts\/10666","targetHints":{"allow":["GET"]}}],"collection":[{"href":"https:\/\/www.sage.com\/es-es\/blog\/api\/wp\/v2\/posts"}],"about":[{"href":"https:\/\/www.sage.com\/es-es\/blog\/api\/wp\/v2\/types\/post"}],"author":[{"embeddable":true,"href":"https:\/\/www.sage.com\/es-es\/blog\/api\/wp\/v2\/users\/244"}],"replies":[{"embeddable":true,"href":"https:\/\/www.sage.com\/es-es\/blog\/api\/wp\/v2\/comments?post=10666"}],"version-history":[{"count":0,"href":"https:\/\/www.sage.com\/es-es\/blog\/api\/wp\/v2\/posts\/10666\/revisions"}],"wp:featuredmedia":[{"embeddable":true,"href":"https:\/\/www.sage.com\/es-es\/blog\/api\/wp\/v2\/media\/10605"}],"wp:attachment":[{"href":"https:\/\/www.sage.com\/es-es\/blog\/api\/wp\/v2\/media?parent=10666"}],"wp:term":[{"taxonomy":"category","embeddable":true,"href":"https:\/\/www.sage.com\/es-es\/blog\/api\/wp\/v2\/categories?post=10666"},{"taxonomy":"post_tag","embeddable":true,"href":"https:\/\/www.sage.com\/es-es\/blog\/api\/wp\/v2\/tags?post=10666"},{"taxonomy":"business_type","embeddable":true,"href":"https:\/\/www.sage.com\/es-es\/blog\/api\/wp\/v2\/business_type?post=10666"},{"taxonomy":"lilypad","embeddable":true,"href":"https:\/\/www.sage.com\/es-es\/blog\/api\/wp\/v2\/lilypad?post=10666"},{"taxonomy":"context","embeddable":true,"href":"https:\/\/www.sage.com\/es-es\/blog\/api\/wp\/v2\/context?post=10666"},{"taxonomy":"industry","embeddable":true,"href":"https:\/\/www.sage.com\/es-es\/blog\/api\/wp\/v2\/industry?post=10666"},{"taxonomy":"persona","embeddable":true,"href":"https:\/\/www.sage.com\/es-es\/blog\/api\/wp\/v2\/persona?post=10666"},{"taxonomy":"imagine_tag","embeddable":true,"href":"https:\/\/www.sage.com\/es-es\/blog\/api\/wp\/v2\/imagine_tag?post=10666"},{"taxonomy":"author","embeddable":true,"href":"https:\/\/www.sage.com\/es-es\/blog\/api\/wp\/v2\/coauthors?post=10666"}],"curies":[{"name":"wp","href":"https:\/\/api.w.org\/{rel}","templated":true}]}}