{"id":10717,"date":"2018-04-03T11:18:29","date_gmt":"2018-04-03T11:18:29","guid":{"rendered":"https:\/\/www.sage.com\/es-es\/blog\/?p=10717"},"modified":"2026-03-13T14:22:38","modified_gmt":"2026-03-13T13:22:38","slug":"sii-2018-modificacion-del-reglamento-del-iva","status":"publish","type":"post","link":"https:\/\/www.sage.com\/es-es\/blog\/sii-2018-modificacion-del-reglamento-del-iva\/","title":{"rendered":"SII (2018) \u2013 Modificaci\u00f3n del Reglamento del IVA (Bizkaia)"},"content":{"rendered":"<header class=\"entry-header has-dark-background-color entry-header--has-illustration entry-header--has-illustration--generic\">\n\t<div class=\"container\">\n\t\t<div class=\"entry-header__row row align-center\">\n\t\t\t<div class=\"col col-lg-7 col-xlg-6 entry-header__content\">\n\t\t\t\t\t\t\t<div class=\"component component-single-header\">\n\t\t\t\t\t\t\t\t\t\t<div class=\"entry-header__misc text--subtitle text--uppercase text--small\">\n\t\t\t\t\t\t\t<a href=\"https:\/\/www.sage.com\/es-es\/blog\/categoria\/legal\/\" class=\"entry-header__link\">Legal<\/a>\t\t\t\t\t\t<\/div>\n\t\t\t\t\n\t\t\t\t<div class=\"entry-title-wrapper\">\n\t\t\t\t\t<h1 class=\"entry-title\">\n\t\t\t\t\t\tSII (2018) \u2013 Modificaci\u00f3n del Reglamento del IVA (Bizkaia)\t\t\t\t\t<\/h1>\n\t\t\t\t<\/div>\n\n\t\t\t\t\t\t\t\t\t<p class=\"entry-header__description\">\n\t\t\t\t\t\t\t\t\t\t\t<\/p>\n\t\t\t\t\n\t\t\t\t\n\t\t\t\t\n\t\t\t<\/div>\n\n\t\t\t\t\t<\/div>\n\t\t\t\t\t<\/div>\n\t<\/div>\n\t<div class=\"single-post-details container\">\n\t\t<div class=\"col\">\n\t\t\t<span class=\"posted-on \"><time class=\"entry-date published\" datetime=\"2018-04-03T11:18:29+02:00\">3 April, 2018<\/time><\/span><span class=\"reading-time\"> minutos de lectura<\/span>\n\t\t<button\n\t\t\ttype=\"button\"\n\t\t\tclass=\"social-share-button button button--icon button--secondary js-social-share-button\"\n\t\t\tdata-share-title=\"SII (2018) \u2013 Modificaci\u00f3n del Reglamento del IVA (Bizkaia)\"\n\t\t\tdata-share-url=\"https:\/\/www.sage.com\/es-es\/blog\/sii-2018-modificacion-del-reglamento-del-iva\/\"\n\t\t\tdata-share-text=\"Please read this interesting article\"\n\t\t>\n\t\t\t<span class=\"social-share-button__share-label\">Compartir<\/span>\n\t\t\t<span class=\"social-share-button__copy-label\" hidden>Copiar enlace<\/span>\n\t\t\t<span class=\"social-share-button__copy-tooltip\" aria-hidden=\"true\" hidden>Copiado<\/span>\n\t\t<\/button>\n\n\t\t\t\t<\/div>\n\t<\/div>\n<\/header>\n\n\n\n<div class=\"wp-block-post-author has-dark-background-color alignfull\">\n\t<div class=\"container\">\n\t\t<div class=\"col\">\n\t\t\t\t\t\t\t<div class=\"co-authors\">\n\t\t\t\t\t\n\t\t<div class=\"entry-author-wrapper\">\n\t\t\t<a class=\"entry-author\" href=\"https:\/\/www.sage.com\/es-es\/blog\/author\/ronald-lozano\/\">\n\t\t\t\t<img loading=\"lazy\" decoding=\"async\" width=\"40\" height=\"40\" src=\"https:\/\/www.sage.com\/es-es\/blog\/wp-content\/uploads\/sites\/8\/2025\/02\/Ronald-Lozano-350x350.jpg\" class=\"entry-author__image\" alt=\"Sage\" srcset=\"https:\/\/www.sage.com\/es-es\/blog\/wp-content\/uploads\/sites\/8\/2025\/02\/Ronald-Lozano-350x350.jpg 350w, https:\/\/www.sage.com\/es-es\/blog\/wp-content\/uploads\/sites\/8\/2025\/02\/Ronald-Lozano.jpg 600w\" sizes=\"auto, (max-width: 40px) 100vw, 40px\" \/>\t\t\t\t<span class=\"entry-author__name\">Ronald Lozano<\/span>\n\t\t\t<\/a>\n\n\t\t\t\t\t<\/div>\n\n\t\t\t\t\t\t<\/div>\n\t\t\t\t\t<\/div>\n\t<\/div>\n<\/div>\n\n\n\n<p><strong>\u00bfA qu\u00e9 afecta?<\/strong><\/p>\n\n\n\n<p>A la modificaci\u00f3n del Reglamento del IVA del <a href=\"https:\/\/www.sage.com\/es-es\/blog\/122-dias-despues-del-suministro-inmediato-informacion-sii\/\">Suministro Inmediato de Informaci\u00f3n (SII).<\/a><\/p>\n\n\n\n<p><strong>\u00bfA qui\u00e9n afecta?<\/strong><\/p>\n\n\n\n<p>A los sujetos pasivos del IVA y a aquellos que est\u00e9n obligados al SII o que opten por llevar los libros a trav\u00e9s de la Sede electr\u00f3nica de la AEAT.<\/p>\n\n\n\n<p><strong>\u00bfC\u00f3mo afecta?<\/strong><\/p>\n\n\n\n<p>Se puntualizan plazos para la remisi\u00f3n electr\u00f3nica de:<\/p>\n\n\n\n<ul class=\"wp-block-list\">\n<li>Facturas rectificativas:\n<ul class=\"wp-block-list\">\n<li>Plazo de 4 d\u00edas desde fecha de expedici\u00f3n \/ registro contable<\/li>\n\n\n\n<li>Si supone un aumento de cuotas inicialmente deducidas: se aplica el mismo plazo que para las facturas recibidas, 4 d\u00edas desde <a href=\"https:\/\/www.sage.com\/es-es\/blog\/diccionario-empresarial\/libros-contables\/\">registro contable<\/a> con un m\u00e1ximo de hasta el d\u00eda 1 del mes siguiente del per\u00edodo en que se hayan deducido<\/li>\n<\/ul>\n<\/li>\n\n\n\n<li>El plazo para presentar los cobros\/pagos de operaciones que se vean afectadas por el <a href=\"https:\/\/www.sage.com\/es-es\/blog\/cinco-claves-sobre-el-nuevo-regimen-de-criterio-de-caja-de-iva\/\">R\u00e9gimen especial del criterio de caja<\/a>, se har\u00e1 en el plazo de 4 d\u00edas a contar desde que se produce el cobro \/ pago, sin perjuicio que las facturas expedidas\/recibidas en RECC se presenten en el mismo caso que si no se hubiera aplicado el RECC.<\/li>\n\n\n\n<li>Para las rectificaciones registrales, las mismas se realizar\u00e1n antes del d\u00eda 16 del mes siguiente al final del per\u00edodo en que se tenga constancia del error en el que se ha incurrido.<\/li>\n<\/ul>\n\n\n\n<p><strong>\u00bfCu\u00e1ndo afecta?<\/strong><\/p>\n\n\n\n<p>Entrada en vigor el 04\/04\/2018, con efectos desde 01\/01\/2018.<\/p>\n\n\n\n<h4 class=\"wp-block-heading\" id=\"h-decreto-foral-de-la-diputacion-foral-de-bizkaia-38-2018-de-20-de-marzo-por-el-que-se-modifica-el-reglamento-por-el-que-se-regulan-las-obligaciones-tributarias-formales-del-territorio-historico-de-bizkaia-y-el-reglamento-por-el-que-se-regulan-las-obligaciones-de-facturacion\">DECRETO FORAL de la Diputaci\u00f3n Foral de Bizkaia 38\/2018, de 20 de marzo, por el que se modifica el Reglamento por el que se regulan las obligaciones tributarias formales del Territorio Hist\u00f3rico de Bizkaia y el Reglamento por el que se regulan las obligaciones de facturaci\u00f3n.<\/h4>\n\n\n\n<h4 class=\"wp-block-heading\" id=\"h-http-www-bizkaia-eus-lehendakaritza-bao-bob-2018-04-03-i-328-cas-pdf-hash-31fd5356fa36594e3ac451795a7f11f5\"><a href=\"http:\/\/www.bizkaia.eus\/lehendakaritza\/Bao_bob\/2018\/04\/03\/I-328_cas.pdf?hash=31fd5356fa36594e3ac451795a7f11f5\" target=\"_blank\" rel=\"noopener noreferrer\">http:\/\/www.bizkaia.eus\/lehendakaritza\/Bao_bob\/2018\/04\/03\/I-328_cas.pdf?hash=31fd5356fa36594e3ac451795a7f11f5<\/a><\/h4>\n\n\n<div class=\"single-cta\">\n\t<div class=\"single-cta__positioner\">\n\t\t<div class=\"single-cta__wrapper has-dark-background-color\">\n\t\t\t<div class=\"single-cta__content\">\n\t\t\t\t\t\t\t\t<h2 class=\"single-cta__title h3\">Subscr\u00edbete a la newsletter de Sage Advice<\/h2>\n\n\t\t\t\t\t\t\t\t\t<div class=\"single-cta__description\">\n\t\t\t\t\t\t<p>Recibe nuestros consejos m\u00e1s recientes directamente en la bandeja de entrada de tu correo electr\u00f3nico.<\/p>\n\t\t\t\t\t<\/div>\n\t\t\t\t\n\t\t\t\t\t\t\t\t\t\t\t\t\t\t<a\n\t\t\t\t\t\thref=\"#gate-263a5c00-99e4-4e71-8421-469deda8e674\"\n\t\t\t\t\t\tclass=\"single-cta__button button button--primary\"\n\t\t\t\t\t\t\t\t\t\t\t\t\t\t\t\t\t>Suscr\u00edbete<\/a>\n\t\t\t\t\t\t\t<\/div>\n\n\t\t\t\t\t<\/div>\n\n\t\t\t\t\t<img decoding=\"async\" width=\"1440\" height=\"810\" src=\"https:\/\/www.sage.com\/es-es\/blog\/wp-content\/uploads\/sites\/8\/2022\/04\/GettyImages-1171960556-1440x810.jpg\" class=\"single-cta__image\" alt=\"Sage\" loading=\"lazy\" srcset=\"https:\/\/www.sage.com\/es-es\/blog\/wp-content\/uploads\/sites\/8\/2022\/04\/GettyImages-1171960556-1440x810.jpg 1440w\" sizes=\"auto, (min-width: 48em) 33vw, 100vw\" \/>\t\t\t<\/div>\n<\/div>\n","protected":false},"excerpt":{"rendered":"<p>\u00bfA qu\u00e9 afecta? A la modificaci\u00f3n del Reglamento del IVA del Suministro Inmediato de Informaci\u00f3n (SII). \u00bfA qui\u00e9n afecta? A los sujetos pasivos del IVA y a aquellos que est\u00e9n obligados al SII o que opten por llevar los libros a trav\u00e9s de la Sede electr\u00f3nica de la AEAT. \u00bfC\u00f3mo afecta? Se puntualizan plazos para [&hellip;]<\/p>\n","protected":false},"author":248,"featured_media":10160,"comment_status":"open","ping_status":"closed","sticky":false,"template":"","format":"standard","meta":{"_sage_video":false,"post_featured_image_hide":false,"footnotes":""},"categories":[6],"tags":[201],"business_type":[10,11,8],"lilypad":[],"context":[],"industry":[],"persona":[],"imagine_tag":[280,260],"coauthors":[670],"class_list":["post-10717","post","type-post","status-publish","format-standard","has-post-thumbnail","hentry","category-legal","tag-normativa-legal","business_type-pequena-empresa","business_type-mediana-empresa","business_type-asesorias-despachos-profesionales"],"sage_meta":{"region":"es-es","author_name":"Ronald Lozano","featured_image":"https:\/\/www.sage.com\/es-es\/blog\/wp-content\/uploads\/sites\/8\/2018\/02\/legal-image-chevron_Azul.png","imagine_tags":{"280":"Asesor\u00edas y despachos","260":"Legal"}},"distributor_meta":false,"distributor_terms":false,"distributor_media":false,"distributor_original_site_name":"Sage Advice Espa\u00f1a","distributor_original_site_url":"https:\/\/www.sage.com\/es-es\/blog","push-errors":false,"_links":{"self":[{"href":"https:\/\/www.sage.com\/es-es\/blog\/api\/wp\/v2\/posts\/10717","targetHints":{"allow":["GET"]}}],"collection":[{"href":"https:\/\/www.sage.com\/es-es\/blog\/api\/wp\/v2\/posts"}],"about":[{"href":"https:\/\/www.sage.com\/es-es\/blog\/api\/wp\/v2\/types\/post"}],"author":[{"embeddable":true,"href":"https:\/\/www.sage.com\/es-es\/blog\/api\/wp\/v2\/users\/248"}],"replies":[{"embeddable":true,"href":"https:\/\/www.sage.com\/es-es\/blog\/api\/wp\/v2\/comments?post=10717"}],"version-history":[{"count":0,"href":"https:\/\/www.sage.com\/es-es\/blog\/api\/wp\/v2\/posts\/10717\/revisions"}],"wp:featuredmedia":[{"embeddable":true,"href":"https:\/\/www.sage.com\/es-es\/blog\/api\/wp\/v2\/media\/10160"}],"wp:attachment":[{"href":"https:\/\/www.sage.com\/es-es\/blog\/api\/wp\/v2\/media?parent=10717"}],"wp:term":[{"taxonomy":"category","embeddable":true,"href":"https:\/\/www.sage.com\/es-es\/blog\/api\/wp\/v2\/categories?post=10717"},{"taxonomy":"post_tag","embeddable":true,"href":"https:\/\/www.sage.com\/es-es\/blog\/api\/wp\/v2\/tags?post=10717"},{"taxonomy":"business_type","embeddable":true,"href":"https:\/\/www.sage.com\/es-es\/blog\/api\/wp\/v2\/business_type?post=10717"},{"taxonomy":"lilypad","embeddable":true,"href":"https:\/\/www.sage.com\/es-es\/blog\/api\/wp\/v2\/lilypad?post=10717"},{"taxonomy":"context","embeddable":true,"href":"https:\/\/www.sage.com\/es-es\/blog\/api\/wp\/v2\/context?post=10717"},{"taxonomy":"industry","embeddable":true,"href":"https:\/\/www.sage.com\/es-es\/blog\/api\/wp\/v2\/industry?post=10717"},{"taxonomy":"persona","embeddable":true,"href":"https:\/\/www.sage.com\/es-es\/blog\/api\/wp\/v2\/persona?post=10717"},{"taxonomy":"imagine_tag","embeddable":true,"href":"https:\/\/www.sage.com\/es-es\/blog\/api\/wp\/v2\/imagine_tag?post=10717"},{"taxonomy":"author","embeddable":true,"href":"https:\/\/www.sage.com\/es-es\/blog\/api\/wp\/v2\/coauthors?post=10717"}],"curies":[{"name":"wp","href":"https:\/\/api.w.org\/{rel}","templated":true}]}}