{"id":11086,"date":"2024-04-08T17:29:01","date_gmt":"2024-04-08T15:29:01","guid":{"rendered":"https:\/\/www.sage.com\/es-es\/blog\/?p=11086"},"modified":"2025-05-07T15:44:21","modified_gmt":"2025-05-07T13:44:21","slug":"asi-es-el-nuevo-circuito-de-la-factura-electronica-infografia","status":"publish","type":"post","link":"https:\/\/www.sage.com\/es-es\/blog\/asi-es-el-nuevo-circuito-de-la-factura-electronica-infografia\/","title":{"rendered":"As\u00ed es el nuevo circuito de la factura electr\u00f3nica en el sector p\u00fablico"},"content":{"rendered":"<header class=\"entry-header has-dark-background-color entry-header--has-illustration entry-header--has-illustration--generic\">\n\t<div class=\"container\">\n\t\t<div class=\"entry-header__row row align-center\">\n\t\t\t<div class=\"col col-lg-7 col-xlg-6 entry-header__content\">\n\t\t\t\t\t\t\t<div class=\"component component-single-header\">\n\t\t\t\t\t\t\t\t\t\t<div class=\"entry-header__misc text--subtitle text--uppercase text--small\">\n\t\t\t\t\t\t\t<a href=\"https:\/\/www.sage.com\/es-es\/blog\/categoria\/finanzas\/\" class=\"entry-header__link\">Finanzas<\/a>\t\t\t\t\t\t<\/div>\n\t\t\t\t\n\t\t\t\t<div class=\"entry-title-wrapper\">\n\t\t\t\t\t<h1 class=\"entry-title\">\n\t\t\t\t\t\tAs\u00ed es el nuevo circuito de la factura electr\u00f3nica en el sector p\u00fablico\t\t\t\t\t<\/h1>\n\t\t\t\t<\/div>\n\n\t\t\t\t\t\t\t\t\t<p class=\"entry-header__description\">\n\t\t\t\t\t\t\t\t\t\t\t<\/p>\n\t\t\t\t\n\t\t\t\t\n\t\t\t\t\n\t\t\t<\/div>\n\n\t\t\t\t\t<\/div>\n\t\t\t\t\t<\/div>\n\t<\/div>\n\t\t<div class=\"single-post-details container\">\n\t\t<div class=\"col\">\n\t\t\t<span class=\"posted-on \">Publicado el <time class=\"entry-date published\" datetime=\"2024-04-08T17:29:01+02:00\">8 abril, 2024<\/time><\/span><span class=\"reading-time\"> minutos de lectura<\/span>\n\t\t<button\n\t\t\ttype=\"button\"\n\t\t\tclass=\"social-share-button button button--icon button--secondary js-social-share-button\"\n\t\t\tdata-share-title=\"As\u00ed es el nuevo circuito de la factura electr\u00f3nica en el sector p\u00fablico\"\n\t\t\tdata-share-url=\"https:\/\/www.sage.com\/es-es\/blog\/asi-es-el-nuevo-circuito-de-la-factura-electronica-infografia\/\"\n\t\t\tdata-share-text=\"Please read this interesting article\"\n\t\t>\n\t\t\t<span class=\"social-share-button__share-label\">Compartir<\/span>\n\t\t\t<span class=\"social-share-button__copy-label\" hidden>Copy Link<\/span>\n\t\t\t<span class=\"social-share-button__copy-tooltip\" aria-hidden=\"true\" hidden>Copied<\/span>\n\t\t<\/button>\n\n\t\t\t\t<\/div>\n\t<\/div>\n\t<\/header>\n\n\n<div class=\"wp-block-post-author has-dark-background-color alignfull\">\n\t<div class=\"container\">\n\t\t<div class=\"col\">\n\t\t\t\t\t\t\t<div class=\"co-authors\">\n\t\t\t\t\t\n\t\t<div class=\"entry-author-wrapper\">\n\t\t\t<a class=\"entry-author\" href=\"https:\/\/www.sage.com\/es-es\/blog\/author\/gonzalo-garcia-abad\/\">\n\t\t\t\t<img loading=\"lazy\" decoding=\"async\" width=\"40\" height=\"40\" src=\"https:\/\/www.sage.com\/es-es\/blog\/wp-content\/uploads\/sites\/8\/2024\/02\/Gonzalo-Garcia_2024_600x600-350x350.jpg\" class=\"entry-author__image\" alt=\"\" srcset=\"https:\/\/www.sage.com\/es-es\/blog\/wp-content\/uploads\/sites\/8\/2024\/02\/Gonzalo-Garcia_2024_600x600-350x350.jpg 350w, https:\/\/www.sage.com\/es-es\/blog\/wp-content\/uploads\/sites\/8\/2024\/02\/Gonzalo-Garcia_2024_600x600.jpg 600w\" sizes=\"auto, (max-width: 40px) 100vw, 40px\" \/>\t\t\t\t<span class=\"entry-author__name\">Gonzalo Garc\u00eda Abad<\/span>\n\t\t\t<\/a>\n\n\t\t\t\t\t<\/div>\n\n\t\t\t\t\t\t<\/div>\n\t\t\t\t\t<\/div>\n\t<\/div>\n<\/div>\n\n\n\n<h4 class=\"wp-block-heading\" id=\"h-en-este-articulo-con-contenido-actualizado-descubriras-cual-es-el-recorrido-que-sigue-la-facturacion-electronica-en-el-sector-publico\">En este art\u00edculo con contenido actualizado descubrir\u00e1s cu\u00e1l es el recorrido que sigue la facturaci\u00f3n electr\u00f3nica en el sector p\u00fablico.<\/h4>\n\n\n\n<ul class=\"wp-block-list\">\n<li>Las obligaciones no solo alcanzan a los contratistas, sino tambi\u00e9n a los subcontratistas.<\/li>\n\n\n\n<li>M\u00e1s all\u00e1 de las obligaciones de facturaci\u00f3n electr\u00f3nica, es conveniente una actitud proactiva.<\/li>\n<\/ul>\n\n\n\n<p class=\"wp-block-paragraph\">Te vamos a explicar los principales pasos y organismos que participan en la <strong>facturaci\u00f3n electr\u00f3nica<\/strong> del sector p\u00fablico. Descubrir\u00e1s c\u00f3mo es el recorrido desde que parte del emisor y por d\u00f3nde tiene que pasar.<\/p>\n\n\n\n<p class=\"wp-block-paragraph\">En la <a href=\"https:\/\/www.sage.com\/es-es\/blog\/contratacion-publica-todo-lo-que-necesitas-saber-para-trabajar-con-la-administracion\/\"><strong>contrataci\u00f3n p\u00fablica<\/strong><\/a>, la <a href=\"https:\/\/www.sage.com\/es-es\/software-contabilidad\/factura-electronica\/\"><strong>facturaci\u00f3n electr\u00f3nica<\/strong><\/a> viene siendo habitual desde hace a\u00f1os. Eso ha permitido consolidar un recorrido de este documento, pero tambi\u00e9n de los empresarios y profesionales afectados.<\/p>\n\n\n\n<p class=\"wp-block-paragraph\">As\u00ed, los afectados se han situado en una <strong>posici\u00f3n ventajosa<\/strong> para adaptarse a las sucesivas obligaciones de facturaci\u00f3n electr\u00f3nica. En los pr\u00f3ximos a\u00f1os, <a href=\"https:\/\/www.sage.com\/es-es\/blog\/obligado-a-hacer-factura-electronica-que-dice-nueva-ley-crea-y-crece\/\">llegan tambi\u00e9n a las relaciones privadas B2B<\/a> y seguro que seguir\u00e1n apareciendo otras situaciones con el tiempo. Por ello, es muy interesante comprender cu\u00e1l es el camino (jur\u00eddico, procedimental y tecnol\u00f3gico) que ha venido siguiendo la facturaci\u00f3n electr\u00f3nica en el sector p\u00fablico.<\/p>\n\n\n<?xml encoding=\"utf-8\" ?><div class=\"wp-block-yoast-seo-table-of-contents yoast-table-of-contents\"><ul><li><a href=\"#que-es-el-punto-general-de-entrada-de-facturas-electronicas\" data-level=\"2\">&iquest;Qu&eacute; es el punto general de entrada de facturas electr&oacute;nicas?<\/a><ul><li><a href=\"#que-es-face\" data-level=\"3\">&iquest;Qu&eacute; es FACe?<\/a><\/li><\/ul><\/li><li><a href=\"#que-es-el-registro-electronico-unico-de-la-facturacion-electronica\" data-level=\"2\">&iquest;Qu&eacute; es el Registro Electr&oacute;nico &Uacute;nico de la facturaci&oacute;n electr&oacute;nica?<\/a><\/li><li><a href=\"#las-ventajas-de-la-facturacion-electronica-en-el-sector-publico\" data-level=\"2\">Las ventajas de la facturaci&oacute;n electr&oacute;nica en el sector p&uacute;blico<\/a><\/li><li><a href=\"#la-importancia-de-la-proactividad\" data-level=\"2\">La importancia de la proactividad<\/a><\/li><\/ul><\/div>\n\n\n\n<figure data-wp-context=\"{&quot;imageId&quot;:&quot;6a9514a37e9b6&quot;}\" data-wp-interactive=\"core\/image\" data-wp-key=\"6a9514a37e9b6\" class=\"wp-block-image size-full wp-lightbox-container\"><img loading=\"lazy\" decoding=\"async\" width=\"1200\" height=\"688\" data-wp-class--hide=\"state.isContentHidden\" data-wp-class--show=\"state.isContentVisible\" data-wp-init=\"callbacks.setButtonStyles\" data-wp-on--click=\"actions.showLightbox\" data-wp-on--load=\"callbacks.setButtonStyles\" data-wp-on--pointerdown=\"actions.preloadImage\" data-wp-on--pointerenter=\"actions.preloadImageWithDelay\" data-wp-on--pointerleave=\"actions.cancelPreload\" data-wp-on-window--resize=\"callbacks.setButtonStyles\" src=\"https:\/\/www.sage.com\/es-es\/blog\/wp-content\/uploads\/sites\/8\/2024\/04\/SAGE_IMG_Como-facturar-electronicamente-al-sector-publico_01.jpg\" alt=\"Sage\" class=\"wp-image-26137\" srcset=\"https:\/\/www.sage.com\/es-es\/blog\/wp-content\/uploads\/sites\/8\/2024\/04\/SAGE_IMG_Como-facturar-electronicamente-al-sector-publico_01.jpg 1200w, https:\/\/www.sage.com\/es-es\/blog\/wp-content\/uploads\/sites\/8\/2024\/04\/SAGE_IMG_Como-facturar-electronicamente-al-sector-publico_01-768x440.jpg 768w\" sizes=\"auto, (max-width: 1200px) 100vw, 1200px\" \/><button\n\t\t\tclass=\"lightbox-trigger\"\n\t\t\ttype=\"button\"\n\t\t\taria-haspopup=\"dialog\"\n\t\t\tdata-wp-bind--aria-label=\"state.thisImage.triggerButtonAriaLabel\"\n\t\t\tdata-wp-init=\"callbacks.initTriggerButton\"\n\t\t\tdata-wp-on--click=\"actions.showLightbox\"\n\t\t\tdata-wp-style--right=\"state.thisImage.buttonRight\"\n\t\t\tdata-wp-style--top=\"state.thisImage.buttonTop\"\n\t\t>\n\t\t\t<svg xmlns=\"http:\/\/www.w3.org\/2000\/svg\" width=\"12\" height=\"12\" fill=\"none\" viewBox=\"0 0 12 12\">\n\t\t\t\t<path fill=\"#fff\" d=\"M2 0a2 2 0 0 0-2 2v2h1.5V2a.5.5 0 0 1 .5-.5h2V0H2Zm2 10.5H2a.5.5 0 0 1-.5-.5V8H0v2a2 2 0 0 0 2 2h2v-1.5ZM8 12v-1.5h2a.5.5 0 0 0 .5-.5V8H12v2a2 2 0 0 1-2 2H8Zm2-12a2 2 0 0 1 2 2v2h-1.5V2a.5.5 0 0 0-.5-.5H8V0h2Z\" \/>\n\t\t\t<\/svg>\n\t\t<\/button><\/figure>\n\n\n\n<h2 class=\"wp-block-heading\" id=\"que-es-el-punto-general-de-entrada-de-facturas-electronicas\">\u00bfQu\u00e9 es el punto general de entrada de facturas electr\u00f3nicas?<\/h2>\n\n\n\n<p class=\"wp-block-paragraph\">En principio, <strong>no todas las facturas en contratos p\u00fablicos han de ser electr\u00f3nicas<\/strong>. Sin embargo, es habitual en muchos casos, como, entre otros, el de sociedades limitadas o an\u00f3nimas cuando el importe supera los 5&nbsp;000 euros.&nbsp;<\/p>\n\n\n\n<p class=\"wp-block-paragraph\">En esos y otros casos, incluidos aquellos en los que el proveedor desea voluntariamente enviar la factura electr\u00f3nica, es necesario generar un intermediario, que es el <strong>punto general de entrada<\/strong>. Gracias a \u00e9l, la factura electr\u00f3nica pasa por diversas fases:<\/p>\n\n\n\n<ul class=\"wp-block-list\">\n<li>En principio, al proveedor le sirve para poder realizar electr\u00f3nicamente la remisi\u00f3n de la factura.<\/li>\n\n\n\n<li>All\u00ed, la factura ser\u00e1 admitida si cumple los requisitos, y, a continuaci\u00f3n, registrada. Ya queda constancia de que has enviado la factura y la Administraci\u00f3n proceder\u00e1 a remitirte el acuse de recibo para que sepas que la ha recibido.<\/li>\n\n\n\n<li>A partir de ese momento, la Administraci\u00f3n dispone de la factura para seguir con la tramitaci\u00f3n. Hay que tener en cuenta que en el \u00e1mbito p\u00fablico todo tiene que quedar muy bien documentado para garantizar la trazabilidad de toda la operaci\u00f3n. Adem\u00e1s, existen normas muy r\u00edgidas sobre c\u00f3mo deben efectuarse los pagos y la intervenci\u00f3n correspondiente tambi\u00e9n puede realizar comprobaciones posteriores.<\/li>\n\n\n\n<li>Por tanto, lo que para el proveedor es \u2018solo\u2019 una factura, para la Administraci\u00f3n es una pieza importante de un engranaje complicado de procedimientos. Para cuadrar ambas perspectivas, el punto general de entrada sirve como conexi\u00f3n.<\/li>\n<\/ul>\n\n\n\n<blockquote class=\"wp-block-quote is-layout-flow wp-block-quote-is-layout-flow\">\n<p class=\"wp-block-paragraph\">El punto general de entrada act\u00faa como intermediario entre el emisor de la factura y las oficinas contables de la Administraci\u00f3n.<\/p>\n<\/blockquote>\n\n\n\n<h3 class=\"wp-block-heading\" id=\"que-es-face\">\u00bfQu\u00e9 es FACe?<\/h3>\n\n\n\n<p class=\"wp-block-paragraph\">En principio, todas las administraciones deben tener un punto general de entrada. <a href=\"https:\/\/www.sage.com\/es-es\/blog\/condiciones-del-uso-de-la-plataforma-fac-e\/\"><strong>FACe<\/strong><\/a><strong> es la denominaci\u00f3n coloquial de la plataforma del desarrollado por el Estado.<\/strong><\/p>\n\n\n\n<p class=\"wp-block-paragraph\">Adem\u00e1s, la ley permite que las <strong>administraciones auton\u00f3micas y locales<\/strong> se adhieran a FACe. De esta forma, un proveedor puede <a href=\"https:\/\/www.sage.com\/es-es\/blog\/facturacion-electronica-como-remitir-una-factura-face\/\">enviar su factura a FACe<\/a> y este la tramitar\u00eda con la comunidad aut\u00f3noma o la entidad local correspondiente.<\/p>\n\n\n\n<p class=\"wp-block-paragraph\">En la pr\u00e1ctica, <strong>la mayor\u00eda de las comunidades se han adherido a FACe<\/strong>. De todos modos, si, aun as\u00ed, tienen su propio punto general de entrada, las entidades locales del territorio de la comunidad pueden adherirse al punto general de acceso de la comunidad.<\/p>\n\n\n\n<h2 class=\"wp-block-heading\" id=\"que-es-el-registro-electronico-unico-de-la-facturacion-electronica\">\u00bfQu\u00e9 es el Registro Electr\u00f3nico \u00danico de la facturaci\u00f3n electr\u00f3nica?<\/h2>\n\n\n\n<p class=\"wp-block-paragraph\">Se trata de las innovaciones que trajo la vigente ley de contratos p\u00fablicos y entr\u00f3 en funcionamiento unos meses despu\u00e9s de la aprobaci\u00f3n de la norma, ya en 2018. Como principal funcionalidad, supuso la puesta en marcha de <strong>FACeB2B.<\/strong>&nbsp;<\/p>\n\n\n\n<p class=\"wp-block-paragraph\">Entre las <strong>funciones <\/strong>de FACeB2B destacan dos:<\/p>\n\n\n\n<ul class=\"wp-block-list\">\n<li>Servir de herramienta de conexi\u00f3n entre contratista y <a href=\"https:\/\/www.sage.com\/es-es\/blog\/factura-e-2018-obligacion-de-factura-electronica-del-subcontratista-en-relacion-con-el-contratista-principal\/\">subcontratista<\/a>.<\/li>\n\n\n\n<li>Acreditar la fecha de la presentaci\u00f3n de las facturas.<\/li>\n<\/ul>\n\n\n\n<p class=\"wp-block-paragraph\">En cualquier caso, <strong>el recorrido es autom\u00e1tico<\/strong>. Cuando la <a href=\"https:\/\/www.sage.com\/es-es\/blog\/como-hacer-una-factura-electronica-por-primera-vez-ebook\/\">factura electr\u00f3nica<\/a>&nbsp; accede a un punto general de entrada se produce su registro electr\u00f3nico.<\/p>\n\n\n\n<figure data-wp-context=\"{&quot;imageId&quot;:&quot;6a9514a382b91&quot;}\" data-wp-interactive=\"core\/image\" data-wp-key=\"6a9514a382b91\" class=\"wp-block-image size-large wp-lightbox-container\"><img loading=\"lazy\" decoding=\"async\" width=\"1063\" height=\"810\" data-wp-class--hide=\"state.isContentHidden\" data-wp-class--show=\"state.isContentVisible\" data-wp-init=\"callbacks.setButtonStyles\" data-wp-on--click=\"actions.showLightbox\" data-wp-on--load=\"callbacks.setButtonStyles\" data-wp-on--pointerdown=\"actions.preloadImage\" data-wp-on--pointerenter=\"actions.preloadImageWithDelay\" data-wp-on--pointerleave=\"actions.cancelPreload\" data-wp-on-window--resize=\"callbacks.setButtonStyles\" src=\"https:\/\/www.sage.com\/es-es\/blog\/wp-content\/uploads\/sites\/8\/2024\/04\/SAGE_IMG_Como-facturar-electronicamente-al-sector-publico_02-1063x810.jpg\" alt=\"Sage\" class=\"wp-image-26138\" srcset=\"https:\/\/www.sage.com\/es-es\/blog\/wp-content\/uploads\/sites\/8\/2024\/04\/SAGE_IMG_Como-facturar-electronicamente-al-sector-publico_02-1063x810.jpg 1063w, https:\/\/www.sage.com\/es-es\/blog\/wp-content\/uploads\/sites\/8\/2024\/04\/SAGE_IMG_Como-facturar-electronicamente-al-sector-publico_02-768x585.jpg 768w, https:\/\/www.sage.com\/es-es\/blog\/wp-content\/uploads\/sites\/8\/2024\/04\/SAGE_IMG_Como-facturar-electronicamente-al-sector-publico_02.jpg 1200w\" sizes=\"auto, (max-width: 1063px) 100vw, 1063px\" \/><button\n\t\t\tclass=\"lightbox-trigger\"\n\t\t\ttype=\"button\"\n\t\t\taria-haspopup=\"dialog\"\n\t\t\tdata-wp-bind--aria-label=\"state.thisImage.triggerButtonAriaLabel\"\n\t\t\tdata-wp-init=\"callbacks.initTriggerButton\"\n\t\t\tdata-wp-on--click=\"actions.showLightbox\"\n\t\t\tdata-wp-style--right=\"state.thisImage.buttonRight\"\n\t\t\tdata-wp-style--top=\"state.thisImage.buttonTop\"\n\t\t>\n\t\t\t<svg xmlns=\"http:\/\/www.w3.org\/2000\/svg\" width=\"12\" height=\"12\" fill=\"none\" viewBox=\"0 0 12 12\">\n\t\t\t\t<path fill=\"#fff\" d=\"M2 0a2 2 0 0 0-2 2v2h1.5V2a.5.5 0 0 1 .5-.5h2V0H2Zm2 10.5H2a.5.5 0 0 1-.5-.5V8H0v2a2 2 0 0 0 2 2h2v-1.5ZM8 12v-1.5h2a.5.5 0 0 0 .5-.5V8H12v2a2 2 0 0 1-2 2H8Zm2-12a2 2 0 0 1 2 2v2h-1.5V2a.5.5 0 0 0-.5-.5H8V0h2Z\" \/>\n\t\t\t<\/svg>\n\t\t<\/button><\/figure>\n\n\n\n<h2 class=\"wp-block-heading\" id=\"las-ventajas-de-la-facturacion-electronica-en-el-sector-publico\">Las ventajas de la facturaci\u00f3n electr\u00f3nica en el sector p\u00fablico<\/h2>\n\n\n\n<p class=\"wp-block-paragraph\">La factura electr\u00f3nica es una <strong>pr\u00e1ctica habitual en los contratos p\u00fablicos<\/strong>. No obstante, existen excepciones y puede surgir la tentaci\u00f3n eludir la <a href=\"https:\/\/www.sage.com\/es-es\/software-contabilidad\/factura-electronica\/\">factura electr\u00f3nica<\/a>. Sin embargo, es muy probable que esa opci\u00f3n no sea la m\u00e1s interesante.<\/p>\n\n\n\n<p class=\"wp-block-paragraph\">Por un lado, la factura electr\u00f3nica aporta<strong> muchas ventajas<\/strong> <a href=\"https:\/\/www.sage.com\/es-es\/blog\/infografia-factura-tradicional-vs-factura-electronica-estas-son-las-principales-diferencias\/\">frente a la factura tradicional<\/a>:<\/p>\n\n\n\n<ul class=\"wp-block-list\">\n<li>Constituye un paso hacia una contabilidad sin papeles.<\/li>\n\n\n\n<li>Tiene una <a href=\"https:\/\/www.sage.com\/es-es\/blog\/efactura-en-la-empresa-es-muy-facil-implantarla\/\">implantaci\u00f3n sencilla<\/a>.<\/li>\n\n\n\n<li>Se confeccionan con mayor rapidez.<\/li>\n\n\n\n<li>Ahorras materiales y <a href=\"https:\/\/www.sage.com\/es-es\/blog\/como-podras-dejar-perder-tiempo-con-la-facturacion\/\">de tiempo<\/a>.<\/li>\n\n\n\n<li>Es m\u00e1s sostenible ambientalmente.<\/li>\n\n\n\n<li>Hay <a href=\"https:\/\/eur-lex.europa.eu\/legal-content\/ES\/TXT\/?uri=CELEX%3A32014L0055\">una directiva comunitaria<\/a> que marca directrices comunes en la Uni\u00f3n Europea en la facturaci\u00f3n electr\u00f3nica al sector p\u00fablico.<\/li>\n\n\n\n<li>Facilita la comunicaci\u00f3n en tiempo real.<\/li>\n\n\n\n<li>Permite una mayor trazabilidad.<\/li>\n\n\n\n<li>Es f\u00e1cil de almacenar y consultar.<\/li>\n\n\n\n<li>Es sencillo personalizar su formato autom\u00e1ticamente.<\/li>\n\n\n\n<li>La seguridad inform\u00e1tica, en muchas situaciones, supera a la f\u00edsica.<\/li>\n\n\n\n<li>Reduce las opciones de error humano en tareas repetitivas de facturaci\u00f3n.<\/li>\n\n\n\n<li>Transmite imagen de actualizaci\u00f3n tecnol\u00f3gica.<\/li>\n\n\n\n<li>Es complicada de falsificar.<\/li>\n\n\n\n<li>Se evitan extrav\u00edos.<\/li>\n\n\n\n<li>Ofrece mayor comodidad al contratista principal.<\/li>\n\n\n\n<li>Genera una mejora <a href=\"https:\/\/www.sage.com\/es-es\/blog\/ventajas-de-la-factura-electronica-desde-el-punto-de-vista-organizativo\/\">organizativa<\/a>.<\/li>\n<\/ul>\n\n\n\n<p class=\"wp-block-paragraph\">Adem\u00e1s, ahora hay un incentivo especial, ya que la factura electr\u00f3nica tambi\u00e9n <a href=\"https:\/\/www.sage.com\/es-es\/blog\/factura-electronica-guia-basica-con-lo-que-necesitas-saber\/\"><strong>va a ser norma en el sector privado en las relaciones B2B<\/strong><\/a>. Aunque la contrataci\u00f3n p\u00fablica tiene sus peculiaridades, lo que se aprende en un \u00e1mbito sirve de lecci\u00f3n para el otro.<\/p>\n\n\n\n<figure class=\"wp-block-image size-large\"><img loading=\"lazy\" decoding=\"async\" width=\"803\" height=\"810\" src=\"https:\/\/www.sage.com\/es-es\/blog\/wp-content\/uploads\/sites\/8\/2024\/04\/SAGE_IMG_Como-facturar-electronicamente-al-sector-publico_03-803x810.jpg\" alt=\"Sage\" class=\"wp-image-26136\" srcset=\"https:\/\/www.sage.com\/es-es\/blog\/wp-content\/uploads\/sites\/8\/2024\/04\/SAGE_IMG_Como-facturar-electronicamente-al-sector-publico_03-803x810.jpg 803w, https:\/\/www.sage.com\/es-es\/blog\/wp-content\/uploads\/sites\/8\/2024\/04\/SAGE_IMG_Como-facturar-electronicamente-al-sector-publico_03-761x768.jpg 761w, https:\/\/www.sage.com\/es-es\/blog\/wp-content\/uploads\/sites\/8\/2024\/04\/SAGE_IMG_Como-facturar-electronicamente-al-sector-publico_03-768x775.jpg 768w, https:\/\/www.sage.com\/es-es\/blog\/wp-content\/uploads\/sites\/8\/2024\/04\/SAGE_IMG_Como-facturar-electronicamente-al-sector-publico_03.jpg 1200w\" sizes=\"auto, (max-width: 803px) 100vw, 803px\" \/><\/figure>\n\n\n\n<h2 class=\"wp-block-heading\" id=\"la-importancia-de-la-proactividad\">La importancia de la proactividad<\/h2>\n\n\n\n<p class=\"wp-block-paragraph\">Muchos subcontratistas son <strong>pymes<\/strong>. La ley de contratos p\u00fablicos tiene, precisamente, entre sus objetivos <a href=\"https:\/\/www.sage.com\/es-es\/blog\/ley-contratos-del-sector-publico-que-pueden-esperar-las-pymes-espanolas\/\">facilitar el acceso de las pymes a la contrataci\u00f3n p\u00fablica<\/a>, no solamente como subcontratistas, sino tambi\u00e9n como contratistas principales.<\/p>\n\n\n\n<p class=\"wp-block-paragraph\">En ese contexto, <strong>las pymes deben apostar claramente por la modernizaci\u00f3n de sus procesos administrativos<\/strong>. No solamente se trata de cumplir con cada nuevo requisito normativo, sino de actualizarse tecnol\u00f3gica y organizativamente.<\/p>\n\n\n\n<p class=\"wp-block-paragraph\">Han de ir m\u00e1s all\u00e1 de las normas en sus propios procesos de <a href=\"https:\/\/www.sage.com\/es-es\/blog\/estos-son-los-obstaculos-de-las-pymes-para-abordar-la-digitalizacion\/\">transformaci\u00f3n digital<\/a>. Es la manera no solamente de sobrevivir, sino de <strong>tener oportunidades<\/strong> de crecimiento, de <a href=\"https:\/\/www.sage.com\/es-es\/blog\/la-internacionalizacion-de-la-empresa-pasado-presente-y-futuro-mucho-futuro\/\">internacionalizaci\u00f3n<\/a>, diversificaci\u00f3n, apertura de estructuras organizativas m\u00e1s especializadas, incrementos de productividad y <a href=\"https:\/\/www.sage.com\/es-es\/blog\/mejora-el-empleo-pero-no-suben-los-salarios\/\">salarios<\/a>, etc.<\/p>\n\n\n\n<p class=\"wp-block-paragraph\">La facturaci\u00f3n electr\u00f3nica en la contrataci\u00f3n p\u00fablica solo es un paso en un camino m\u00e1s largo, el de la modernizaci\u00f3n. Con la actitud adecuada no ser\u00e1 dif\u00edcil llegar al destino buscado. <\/p>\n\n\n\n<p class=\"wp-block-paragraph\"><em><strong>Nota del editor: <\/strong>Este art\u00edculo fue publicado con anterioridad y actualizado a 2024 por su relevancia.<\/em><\/p>\n \n<div class=\"single-cta gated-content\">\n\t<div class=\"single-cta__positioner on-scroll-highlight__target\">\n\t\t<div class=\"single-cta__wrapper has-dark-background-color\">\n\t\t\t<div class=\"single-cta__content\">\n\t\t\t\t\t\t\t\t<h2 class=\"single-cta__title h3\">Factura electr\u00f3nica<\/h2>\n\n\t\t\t\t\t\t\t\t\t<div class=\"single-cta__description\">\n\t\t\t\t\t\t<p><!-- wp:paragraph --><\/p>\n<p>DESCARGA TU GU\u00cdA GRATUITA<\/p>\n<p><!-- \/wp:paragraph --><\/p>\n<p><!-- wp:paragraph --><\/p>\n<p>Si tienes que hacer una factura electr\u00f3nica electr\u00f3nica por primera vez, esta gu\u00eda es para ti.<\/p>\n<p><!-- \/wp:paragraph --><\/p>\n<p><!-- wp:list --><\/p>\n<ul class=\"wp-block-list\"><!-- wp:list-item --><\/p>\n<li>Qu\u00e9 es la factura electr\u00f3nica.<\/li>\n<p><!-- \/wp:list-item --><\/p>\n<p><!-- wp:list-item --><\/p>\n<li>Cu\u00e1l es el formato correcto.<\/li>\n<p><!-- \/wp:list-item --><\/p>\n<p><!-- wp:list-item --><\/p>\n<li>Diferencias versus la factura tradicional.<\/li>\n<p><!-- \/wp:list-item --><\/ul>\n<p><!-- \/wp:list --><\/p>\n\t\t\t\t\t<\/div>\n\t\t\t\t\n\t\t\t\t\t\t\t\t\t\t\t\t\t\t<a\n\t\t\t\t\t\thref=\"#gate-ed6a16f1-e973-493a-8fc7-7fc79df348dc\"\n\t\t\t\t\t\tclass=\"single-cta__button button button--primary\"\n\t\t\t\t\t\t\t\t\t\t\t\t\t\t\t\t\t>\u00a1Quiero mi gu\u00eda GRATIS!<\/a>\n\t\t\t\t\t\t\t<\/div>\n\n\t\t\t\t\t<\/div>\n\n\t\t\t\t\t<img decoding=\"async\" width=\"1252\" height=\"810\" src=\"https:\/\/www.sage.com\/es-es\/blog\/wp-content\/uploads\/sites\/8\/2024\/05\/SGE_Mockup_Banner_Fondo-Verde_Factura-electronica_como-sobrevivir-a-tu-primera-vez-1252x810.jpg\" class=\"single-cta__image\" alt=\"Sage\" loading=\"lazy\" srcset=\"https:\/\/www.sage.com\/es-es\/blog\/wp-content\/uploads\/sites\/8\/2024\/05\/SGE_Mockup_Banner_Fondo-Verde_Factura-electronica_como-sobrevivir-a-tu-primera-vez-1252x810.jpg 1252w\" sizes=\"auto, (min-width: 48em) 33vw, 100vw\" \/>\t\t\t<\/div>\n<\/div>\n\n<section class=\"more-topics alignfull has-grey-light-background-color wp-block-sage-post-topics\">\n\t<div class=\"container\">\n\t\t<div class=\"row\">\n\t\t\t<div class=\"col col-12 col-lg-4\">\n\t\t\t\t<h3 class=\"more-topics__title h2\">Encuentra m\u00e1s art\u00edculos sobre estas tem\u00e1ticas<\/h3>\n\t\t\t<\/div>\n\t\t\t<div class=\"col col-12 col-lg-8\">\n\t\t\t\t<ul class=\"post-tags__list\">\n\t\t\t\t\t\t\t\t\t\t\t<li class=\"post-tags__item\">\n\t\t\t\t\t\t\t<a href=\"https:\/\/www.sage.com\/es-es\/blog\/tag\/factura-electronica\/\" class=\"post-tags__link button button--secondary\">\n\t\t\t\t\t\t\t\tFactura electr\u00f3nica\t\t\t\t\t\t\t<\/a>\n\t\t\t\t\t\t<\/li>\n\t\t\t\t\t\t\t\t\t\t\t<li class=\"post-tags__item\">\n\t\t\t\t\t\t\t<a href=\"https:\/\/www.sage.com\/es-es\/blog\/tag\/facturas\/\" class=\"post-tags__link button button--secondary\">\n\t\t\t\t\t\t\t\tFacturas\t\t\t\t\t\t\t<\/a>\n\t\t\t\t\t\t<\/li>\n\t\t\t\t\t\t\t\t\t<\/ul>\n\t\t\t<\/div>\n\t\t<\/div>\n\t<\/div>\n<\/section>\n\n<div class=\"alignfull wp-block-sage-related-posts\">\n\t<section class=\"related-posts card-grid has-dark-background-color\">\n\t<div class=\"container\">\n\t\t\t\t\t<div class=\"row\">\n\t\t\t\t<div class=\"col\">\n\t\t\t\t\t<h2 class=\"related-posts__heading related-posts__heading--featured h1\">Encuentra m\u00e1s consejos<\/h2>\n\t\t\t\t<\/div>\n\t\t\t<\/div>\n\n\t\t\t<div class=\"row related-posts__featured\">\n\t\t\t\t<div class=\"col card-grid__item\">\n\t\t\t\t\t<article\n\t\tclass=\"card-post related-post related-post-0 post-31836 post type-post status-publish format-standard has-post-thumbnail hentry category-asesorias-despachos-profesionales category-estrategia-gestion tag-asesorias-y-despachos-profesionales tag-factura-electronica tag-antifraude business_type-pequena-empresa business_type-mediana-empresa business_type-asesorias-despachos-profesionales card-post--is-clickable\"\n>\n\t<div class=\"card-post__media-wrapper\">\n\t\t<figure class=\"card-post__media\">\n\t\t\t\t\t\t\t<img decoding=\"async\" width=\"1440\" height=\"810\" src=\"https:\/\/www.sage.com\/es-es\/blog\/wp-content\/uploads\/sites\/8\/2022\/04\/GettyImages-1327494174-1440x810.jpg\" class=\"card-post__image\" alt=\"Chica haciendo una presentaci\u00f3n\" loading=\"lazy\" srcset=\"https:\/\/www.sage.com\/es-es\/blog\/wp-content\/uploads\/sites\/8\/2022\/04\/GettyImages-1327494174-684x384.jpg 684w, https:\/\/www.sage.com\/es-es\/blog\/wp-content\/uploads\/sites\/8\/2022\/04\/GettyImages-1327494174-768x432.jpg 768w, https:\/\/www.sage.com\/es-es\/blog\/wp-content\/uploads\/sites\/8\/2022\/04\/GettyImages-1327494174-1440x810.jpg 1440w\" sizes=\"auto, (min-width: 48em) 250px, (min-width: 30em) 100vw, 100vw\" \/>\t\t\t\n\t\t\t\n\t\t\t\t\t<\/figure>\n\t<\/div>\n\n\t<div class=\"card-post__content\">\n\t\t\t\t\t<div class=\"card-post__label\">Recomendado<\/div>\n\t\t\n\t\t\t\t\t<div class=\"card-post__meta\">\n\t\t\t\t\t\t\t\t\t\t\t\t\t\t\t\t\t\t\t<span class=\"card-post__meta-text\"><span class=\"posted-on \"><time class=\"entry-date published\" datetime=\"2026-08-28T10:47:27+02:00\">28 agosto, 2026<\/time><\/span><\/span>\n\t\t\t\t\t\t\t\t\t\t\t<span class=\"card-post__meta-text\"><span class=\"reading-time\">10 minutos de lectura<\/span><\/span>\n\t\t\t\t\t\t\t\t\t\t\t\t<\/div>\n\t\t\n\t\t<p class=\"card-post__title h3\">\n\t\t\t\t\t\t\t<a\n\t\t\t\t\tclass=\"card-post__title-link\"\n\t\t\t\t\thref=\"https:\/\/www.sage.com\/es-es\/blog\/entrada-en-vigor-por-que-usar-software-verifactu-ready\/\"\n\t\t\t\t>\n\t\t\t\n\t\t\tSoftware VERI*FACTU Ready: por qu\u00e9 conviene prepararse antes de 2027\n\t\t\t\t\t\t\t<\/a>\n\t\t\t\t\t<\/p>\n\n\t\t\n\t\t\t\t\t<p class=\"card-post__description\">\n\t\t\t\tPreparar con antelaci\u00f3n la adaptaci\u00f3n a VERI*FACTU permite revisar el software, las integraciones y los procesos internos antes de los plazos obligatorios de 2027.\t\t\t<\/p>\n\t\t\n\t\t\t<\/div>\n\n\t<\/article>\n\t\t\t\t<\/div>\n\t\t\t<\/div>\n\t\t\n\t\t\t\t\t<div class=\"row related-posts__non-featured\">\n\t\t\t\t<div class=\"col col-12\">\n\t\t\t\t\t<h2 class=\"related-posts__heading related-posts__heading--more h4\">M\u00e1s sobre esta tem\u00e1tica<\/h2>\n\t\t\t\t<\/div>\n\n\t\t\t\t\n\t\t\t\t\t<div class=\"col col-6 col-lg-3 card-grid__item\">\n\t\t\t\t\t\t<article\n\t\tclass=\"card-post related-post related-post-1 post-39114 post type-post status-publish format-standard has-post-thumbnail hentry category-estrategia-gestion tag-autonomos tag-factura-electronica tag-facturacion business_type-pequena-empresa\"\n>\n\t\t\t<a\n\t\t\tclass=\"card-post__link\"\n\t\t\thref=\"https:\/\/www.sage.com\/es-es\/blog\/programa-facturacion-autonomos\/\"\n\t\t\t\t\t>\n\t\t\t<figure class=\"card-post__media\">\n\t\t\t\t\t\t\t<img decoding=\"async\" width=\"684\" height=\"384\" src=\"https:\/\/www.sage.com\/es-es\/blog\/wp-content\/uploads\/sites\/8\/2022\/04\/GettyImages-1032862016-684x384.jpg\" class=\"card-post__image\" alt=\"Chica en su negocio al tel\u00e9fono revisando las cuentas\" loading=\"lazy\" srcset=\"https:\/\/www.sage.com\/es-es\/blog\/wp-content\/uploads\/sites\/8\/2022\/04\/GettyImages-1032862016-684x384.jpg 684w, https:\/\/www.sage.com\/es-es\/blog\/wp-content\/uploads\/sites\/8\/2022\/04\/GettyImages-1032862016-768x432.jpg 768w, https:\/\/www.sage.com\/es-es\/blog\/wp-content\/uploads\/sites\/8\/2022\/04\/GettyImages-1032862016-1440x810.jpg 1440w\" sizes=\"auto, (min-width: 48em) 250px, (min-width: 30em) 100vw, 100vw\" \/>\t\t\t\n\t\t\t\n\t\t\t\t\t<\/figure>\n\n\t\t\n\t\t\t\t\t<div class=\"card-post__meta\">\n\t\t\t\t\t\t\t\t\t\t\t\t\t\t\t\t\t\t\t\t\t\t\t\t\t\t<span class=\"card-post__meta-text\"><span class=\"posted-on \"><time class=\"entry-date published\" datetime=\"2026-07-28T12:42:35+02:00\">28 julio, 2026<\/time><\/span><\/span>\n\t\t\t\t\t\t\t\t\t\t\t\t\t\t\t\t\t\t\t\t\t\t\t\t<span class=\"card-post__meta-text\"><span class=\"reading-time\">8 minutos de lectura<\/span><\/span>\n\t\t\t\t\t\t\t\t\t\t\t\t\t\t\t\t\t\t<\/div>\n\t\t\n\t\t<p class=\"card-post__title h5\">\n\t\t\tPrograma de facturaci\u00f3n para aut\u00f3nomos: c\u00f3mo elegir la opci\u00f3n adecuada\t\t<\/p>\n\n\t\t\t<\/a>\n\t\n\t\n\t\t\n\t\n\t<\/article>\n\t\t\t\t\t<\/div>\n\t\t\t\t\n\t\t\t\t\t<div class=\"col col-6 col-lg-3 card-grid__item\">\n\t\t\t\t\t\t<article\n\t\tclass=\"card-post related-post related-post-2 post-26066 post type-post status-publish format-standard has-post-thumbnail hentry category-finanzas tag-factura-electronica tag-facturacion tag-facturas business_type-pequena-empresa business_type-mediana-empresa business_type-asesorias-despachos-profesionales\"\n>\n\t\t\t<a\n\t\t\tclass=\"card-post__link\"\n\t\t\thref=\"https:\/\/www.sage.com\/es-es\/blog\/factura-electronica-obligatoria-este-es-el-calendario-de-implementacion\/\"\n\t\t\t\t\t>\n\t\t\t<figure class=\"card-post__media\">\n\t\t\t\t\t\t\t<img decoding=\"async\" width=\"684\" height=\"384\" src=\"https:\/\/www.sage.com\/es-es\/blog\/wp-content\/uploads\/sites\/8\/2023\/09\/GettyImages-1086590348-684x384.jpg\" class=\"card-post__image\" alt=\"Trabajadoras revisando sus cuentas con un software.\" loading=\"lazy\" srcset=\"https:\/\/www.sage.com\/es-es\/blog\/wp-content\/uploads\/sites\/8\/2023\/09\/GettyImages-1086590348-684x384.jpg 684w, https:\/\/www.sage.com\/es-es\/blog\/wp-content\/uploads\/sites\/8\/2023\/09\/GettyImages-1086590348-768x512.jpg 768w, https:\/\/www.sage.com\/es-es\/blog\/wp-content\/uploads\/sites\/8\/2023\/09\/GettyImages-1086590348-1215x810.jpg 1215w\" sizes=\"auto, (min-width: 48em) 250px, (min-width: 30em) 100vw, 100vw\" \/>\t\t\t\n\t\t\t\n\t\t\t\t\t<\/figure>\n\n\t\t\n\t\t\t\t\t<div class=\"card-post__meta\">\n\t\t\t\t\t\t\t\t\t\t\t\t\t\t\t\t\t\t\t\t\t\t\t\t\t\t<span class=\"card-post__meta-text\"><span class=\"posted-on \"><time class=\"entry-date published\" datetime=\"2026-07-24T15:12:30+02:00\">24 julio, 2026<\/time><\/span><\/span>\n\t\t\t\t\t\t\t\t\t\t\t\t\t\t\t\t\t\t\t\t\t\t\t\t<span class=\"card-post__meta-text\"><span class=\"reading-time\">20 minutos de lectura<\/span><\/span>\n\t\t\t\t\t\t\t\t\t\t\t\t\t\t\t\t\t\t<\/div>\n\t\t\n\t\t<p class=\"card-post__title h5\">\n\t\t\tFactura electr\u00f3nica obligatoria: calendario actualizado y c\u00f3mo preparar tu software\t\t<\/p>\n\n\t\t\t<\/a>\n\t\n\t\n\t\t\n\t\n\t<\/article>\n\t\t\t\t\t<\/div>\n\t\t\t\t\n\t\t\t\t\t<div class=\"col col-6 col-lg-3 card-grid__item\">\n\t\t\t\t\t\t<article\n\t\tclass=\"card-post related-post related-post-3 post-26570 post type-post status-publish format-standard has-post-thumbnail hentry category-estrategia-gestion tag-factura-electronica tag-facturacion tag-facturas business_type-pequena-empresa business_type-mediana-empresa business_type-asesorias-despachos-profesionales\"\n>\n\t\t\t<a\n\t\t\tclass=\"card-post__link\"\n\t\t\thref=\"https:\/\/www.sage.com\/es-es\/blog\/mifacturae-soluciones-privadas-de-facturacion-electronica\/\"\n\t\t\t\t\t>\n\t\t\t<figure class=\"card-post__media\">\n\t\t\t\t\t\t\t<img decoding=\"async\" width=\"684\" height=\"384\" src=\"https:\/\/www.sage.com\/es-es\/blog\/wp-content\/uploads\/sites\/8\/2022\/04\/GettyImages-1159610631-684x384.jpg\" class=\"card-post__image\" alt=\"Colegas de trabajo delante de un ordenador\" loading=\"lazy\" srcset=\"https:\/\/www.sage.com\/es-es\/blog\/wp-content\/uploads\/sites\/8\/2022\/04\/GettyImages-1159610631-684x384.jpg 684w, https:\/\/www.sage.com\/es-es\/blog\/wp-content\/uploads\/sites\/8\/2022\/04\/GettyImages-1159610631-768x432.jpg 768w, https:\/\/www.sage.com\/es-es\/blog\/wp-content\/uploads\/sites\/8\/2022\/04\/GettyImages-1159610631-1440x810.jpg 1440w\" sizes=\"auto, (min-width: 48em) 250px, (min-width: 30em) 100vw, 100vw\" \/>\t\t\t\n\t\t\t\n\t\t\t\t\t<\/figure>\n\n\t\t\n\t\t\t\t\t<div class=\"card-post__meta\">\n\t\t\t\t\t\t\t\t\t\t\t\t\t\t\t\t\t\t\t\t\t\t\t\t\t\t<span class=\"card-post__meta-text\"><span class=\"posted-on \"><time class=\"entry-date published\" datetime=\"2026-07-24T12:23:44+02:00\">24 julio, 2026<\/time><\/span><\/span>\n\t\t\t\t\t\t\t\t\t\t\t\t\t\t\t\t\t\t\t\t\t\t\t\t<span class=\"card-post__meta-text\"><span class=\"reading-time\">18 minutos de lectura<\/span><\/span>\n\t\t\t\t\t\t\t\t\t\t\t\t\t\t\t\t\t\t<\/div>\n\t\t\n\t\t<p class=\"card-post__title h5\">\n\t\t\tMiFacturae y FacturaE: c\u00f3mo elegir software para facturar a la Administraci\u00f3n\t\t<\/p>\n\n\t\t\t<\/a>\n\t\n\t\n\t\t\n\t\n\t<\/article>\n\t\t\t\t\t<\/div>\n\t\t\t\t\n\t\t\t\t\t<div class=\"col col-6 col-lg-3 card-grid__item\">\n\t\t\t\t\t\t<article\n\t\tclass=\"card-post related-post related-post-4 post-39107 post type-post status-publish format-standard has-post-thumbnail hentry category-asesorias-despachos-profesionales tag-asesorias-y-despachos-profesionales tag-factura-electronica tag-facturacion tag-facturas tag-antifraude business_type-pequena-empresa business_type-mediana-empresa business_type-asesorias-despachos-profesionales\"\n>\n\t\t\t<a\n\t\t\tclass=\"card-post__link\"\n\t\t\thref=\"https:\/\/www.sage.com\/es-es\/blog\/mejores-programas-facturacion-verifactu\/\"\n\t\t\t\t\t>\n\t\t\t<figure class=\"card-post__media\">\n\t\t\t\t\t\t\t<img decoding=\"async\" width=\"684\" height=\"384\" src=\"https:\/\/www.sage.com\/es-es\/blog\/wp-content\/uploads\/sites\/8\/2024\/10\/BrandShoot-LND_June2024_Financial-Services_0417-684x384.jpg\" class=\"card-post__image\" alt=\"Dos personas conversando en la oficina\" loading=\"lazy\" srcset=\"https:\/\/www.sage.com\/es-es\/blog\/wp-content\/uploads\/sites\/8\/2024\/10\/BrandShoot-LND_June2024_Financial-Services_0417-684x384.jpg 684w, https:\/\/www.sage.com\/es-es\/blog\/wp-content\/uploads\/sites\/8\/2024\/10\/BrandShoot-LND_June2024_Financial-Services_0417-768x512.jpg 768w, https:\/\/www.sage.com\/es-es\/blog\/wp-content\/uploads\/sites\/8\/2024\/10\/BrandShoot-LND_June2024_Financial-Services_0417-1214x810.jpg 1214w\" sizes=\"auto, (min-width: 48em) 250px, (min-width: 30em) 100vw, 100vw\" \/>\t\t\t\n\t\t\t\n\t\t\t\t\t<\/figure>\n\n\t\t\n\t\t\t\t\t<div class=\"card-post__meta\">\n\t\t\t\t\t\t\t\t\t\t\t\t\t\t\t\t\t\t\t\t\t\t\t\t\t\t<span class=\"card-post__meta-text\"><span class=\"posted-on \"><time class=\"entry-date published\" datetime=\"2026-07-24T12:01:40+02:00\">24 julio, 2026<\/time><\/span><\/span>\n\t\t\t\t\t\t\t\t\t\t\t\t\t\t\t\t\t\t\t\t\t\t\t\t<span class=\"card-post__meta-text\"><span class=\"reading-time\">8 minutos de lectura<\/span><\/span>\n\t\t\t\t\t\t\t\t\t\t\t\t\t\t\t\t\t\t<\/div>\n\t\t\n\t\t<p class=\"card-post__title h5\">\n\t\t\tMejores programas de facturaci\u00f3n para cumplir con Verifactu\t\t<\/p>\n\n\t\t\t<\/a>\n\t\n\t\n\t\t\n\t\n\t<\/article>\n\t\t\t\t\t<\/div>\n\t\t\t\t\t\t\t<\/div>\n\t\t\t<\/div>\n<\/section>\n<\/div>\n","protected":false},"excerpt":{"rendered":"<p>En este art\u00edculo te describimos c\u00f3mo es el recorrido por el que pasa la facturaci\u00f3n electr\u00f3nica en el sector p\u00fablico. <\/p>\n","protected":false},"author":240,"featured_media":23545,"comment_status":"open","ping_status":"closed","sticky":false,"template":"","format":"standard","meta":{"_yoast_wpseo_is_cornerstone":"","_yoast_wpseo_meta-robots-noindex":"","_yoast_wpseo_meta-robots-nofollow":"","_yoast_wpseo_opengraph-title":"","_yoast_wpseo_opengraph-description":"","_yoast_wpseo_opengraph-image":"","_yoast_wpseo_opengraph-image-id":"","_yoast_wpseo_twitter-title":"","_yoast_wpseo_twitter-description":"","_yoast_wpseo_twitter-image":"","_yoast_wpseo_twitter-image-id":"","_yoast_wpseo_schema_page_type":"","_yoast_wpseo_schema_article_type":"","_sage_video":false,"_yoast_wpseo_focuskeywords":"[]","_yoast_wpseo_keywordsynonyms":"[\"\"]","_yoast_wpseo_primary_category":"2","post_featured_image_hide":false,"sage_hide_published_date":false,"sage_hide_read_time":false,"sage_hide_share_buttons":false,"_pwl_sage_podcast_buzzsprout_src":"","footnotes":""},"categories":[2],"tags":[28,30],"business_type":[10,11,8],"lilypad":[],"context":[],"industry":[],"persona":[],"imagine_tag":[287,285,266,260],"coauthors":[412],"class_list":["post-11086","post","type-post","status-publish","format-standard","has-post-thumbnail","hentry","category-finanzas","tag-factura-electronica","tag-facturas","business_type-pequena-empresa","business_type-mediana-empresa","business_type-asesorias-despachos-profesionales"],"sage_meta":{"region":"es-es","author_name":"Gonzalo Garc\u00eda Abad","featured_image":"https:\/\/www.sage.com\/es-es\/blog\/wp-content\/uploads\/sites\/8\/2023\/09\/GettyImages-1406088800.jpg","imagine_tags":{"287":"Aut\u00f3nomos","285":"Emprendedores","266":"Facturaci\u00f3n","260":"Legal"}},"distributor_meta":false,"distributor_terms":false,"distributor_media":false,"distributor_original_site_name":"Sage Advice Espa\u00f1a","distributor_original_site_url":"https:\/\/www.sage.com\/es-es\/blog","push-errors":false,"_links":{"self":[{"href":"https:\/\/www.sage.com\/es-es\/blog\/api\/wp\/v2\/posts\/11086","targetHints":{"allow":["GET"]}}],"collection":[{"href":"https:\/\/www.sage.com\/es-es\/blog\/api\/wp\/v2\/posts"}],"about":[{"href":"https:\/\/www.sage.com\/es-es\/blog\/api\/wp\/v2\/types\/post"}],"author":[{"embeddable":true,"href":"https:\/\/www.sage.com\/es-es\/blog\/api\/wp\/v2\/users\/240"}],"replies":[{"embeddable":true,"href":"https:\/\/www.sage.com\/es-es\/blog\/api\/wp\/v2\/comments?post=11086"}],"version-history":[{"count":0,"href":"https:\/\/www.sage.com\/es-es\/blog\/api\/wp\/v2\/posts\/11086\/revisions"}],"wp:featuredmedia":[{"embeddable":true,"href":"https:\/\/www.sage.com\/es-es\/blog\/api\/wp\/v2\/media\/23545"}],"wp:attachment":[{"href":"https:\/\/www.sage.com\/es-es\/blog\/api\/wp\/v2\/media?parent=11086"}],"wp:term":[{"taxonomy":"category","embeddable":true,"href":"https:\/\/www.sage.com\/es-es\/blog\/api\/wp\/v2\/categories?post=11086"},{"taxonomy":"post_tag","embeddable":true,"href":"https:\/\/www.sage.com\/es-es\/blog\/api\/wp\/v2\/tags?post=11086"},{"taxonomy":"business_type","embeddable":true,"href":"https:\/\/www.sage.com\/es-es\/blog\/api\/wp\/v2\/business_type?post=11086"},{"taxonomy":"lilypad","embeddable":true,"href":"https:\/\/www.sage.com\/es-es\/blog\/api\/wp\/v2\/lilypad?post=11086"},{"taxonomy":"context","embeddable":true,"href":"https:\/\/www.sage.com\/es-es\/blog\/api\/wp\/v2\/context?post=11086"},{"taxonomy":"industry","embeddable":true,"href":"https:\/\/www.sage.com\/es-es\/blog\/api\/wp\/v2\/industry?post=11086"},{"taxonomy":"persona","embeddable":true,"href":"https:\/\/www.sage.com\/es-es\/blog\/api\/wp\/v2\/persona?post=11086"},{"taxonomy":"imagine_tag","embeddable":true,"href":"https:\/\/www.sage.com\/es-es\/blog\/api\/wp\/v2\/imagine_tag?post=11086"},{"taxonomy":"author","embeddable":true,"href":"https:\/\/www.sage.com\/es-es\/blog\/api\/wp\/v2\/coauthors?post=11086"}],"curies":[{"name":"wp","href":"https:\/\/api.w.org\/{rel}","templated":true}]}}