{"id":11316,"date":"2018-08-14T00:00:57","date_gmt":"2018-08-13T22:00:57","guid":{"rendered":"https:\/\/www.sage.com\/es-es\/blog\/?p=11316"},"modified":"2026-02-04T18:43:36","modified_gmt":"2026-02-04T17:43:36","slug":"impuesto-de-sociedades-asi-afectaran-a-las-empresas-las-reformas-en-curso","status":"publish","type":"post","link":"https:\/\/www.sage.com\/es-es\/blog\/impuesto-de-sociedades-asi-afectaran-a-las-empresas-las-reformas-en-curso\/","title":{"rendered":"Impuesto de Sociedades, as\u00ed afectar\u00e1n a las empresas las reformas en curso"},"content":{"rendered":"<header class=\"entry-header has-dark-background-color entry-header--has-illustration entry-header--has-illustration--generic\">\n\t<div class=\"container\">\n\t\t<div class=\"entry-header__row row align-center\">\n\t\t\t<div class=\"col col-lg-7 col-xlg-6 entry-header__content\">\n\t\t\t\t\t\t\t<div class=\"component component-single-header\">\n\t\t\t\t\t\t\t\t\t\t<div class=\"entry-header__misc text--subtitle text--uppercase text--small\">\n\t\t\t\t\t\t\t<a href=\"https:\/\/www.sage.com\/es-es\/blog\/categoria\/legal\/\" class=\"entry-header__link\">Legal<\/a>\t\t\t\t\t\t<\/div>\n\t\t\t\t\n\t\t\t\t<div class=\"entry-title-wrapper\">\n\t\t\t\t\t<h1 class=\"entry-title\">\n\t\t\t\t\t\tImpuesto de Sociedades, as\u00ed afectar\u00e1n a las empresas las reformas en curso\t\t\t\t\t<\/h1>\n\t\t\t\t<\/div>\n\n\t\t\t\t\t\t\t\t\t<p class=\"entry-header__description\">\n\t\t\t\t\t\t\t\t\t\t\t<\/p>\n\t\t\t\t\n\t\t\t\t\n\t\t\t\t\n\t\t\t<\/div>\n\n\t\t\t\t\t<\/div>\n\t\t\t\t\t<\/div>\n\t<\/div>\n\t<div class=\"single-post-details container\">\n\t\t<div class=\"col\">\n\t\t\t<span class=\"posted-on \"><time class=\"entry-date published\" datetime=\"2018-08-14T00:00:57+02:00\">14 August, 2018<\/time><\/span><span class=\"reading-time\"> minutos de lectura<\/span>\n\t\t<button\n\t\t\ttype=\"button\"\n\t\t\tclass=\"social-share-button button button--icon button--secondary js-social-share-button\"\n\t\t\tdata-share-title=\"Impuesto de Sociedades, as\u00ed afectar\u00e1n a las empresas las reformas en curso\"\n\t\t\tdata-share-url=\"https:\/\/www.sage.com\/es-es\/blog\/impuesto-de-sociedades-asi-afectaran-a-las-empresas-las-reformas-en-curso\/\"\n\t\t\tdata-share-text=\"Please read this interesting article\"\n\t\t>\n\t\t\t<span class=\"social-share-button__share-label\">Compartir<\/span>\n\t\t\t<span class=\"social-share-button__copy-label\" hidden>Copiar enlace<\/span>\n\t\t\t<span class=\"social-share-button__copy-tooltip\" aria-hidden=\"true\" hidden>Copiado<\/span>\n\t\t<\/button>\n\n\t\t\t\t<\/div>\n\t<\/div>\n<\/header>\n\n\n\n<div class=\"wp-block-post-author has-dark-background-color alignfull\">\n\t<div class=\"container\">\n\t\t<div class=\"col\">\n\t\t\t\t\t\t\t<div class=\"co-authors\">\n\t\t\t\t\t\n\t\t<div class=\"entry-author-wrapper\">\n\t\t\t<a class=\"entry-author\" href=\"https:\/\/www.sage.com\/es-es\/blog\/author\/carlos-roberto-cabelllo\/\">\n\t\t\t\t<img loading=\"lazy\" decoding=\"async\" width=\"40\" height=\"40\" src=\"https:\/\/www.sage.com\/es-es\/blog\/wp-content\/uploads\/sites\/8\/2017\/10\/Carlos-Roberto-Cabello.jpg\" class=\"entry-author__image\" alt=\"Carlos Roberto Cabello\" \/>\t\t\t\t<span class=\"entry-author__name\">Carlos Roberto Cabello<\/span>\n\t\t\t<\/a>\n\n\t\t\t\t\t<\/div>\n\n\t\t\t\t\t\t<\/div>\n\t\t\t\t\t<\/div>\n\t<\/div>\n<\/div>\n<div class=\"sage-block-classic-wrapper\">\n\n<blockquote><p>Dentro del impulso legislativo del nuevo ejecutivo hay una serie de medidas que afectan al Impuesto de Sociedades y que afectan tanto a las grandes empresas como a las pymes, aunque de diferente manera.<\/p><\/blockquote>\n<ul>\n<li>Las grandes empresas pagar\u00e1n una tasa m\u00ednima del 15% quedando sin efecto otras bonificaciones que pudieran tener acumuladas y que den como resultado un porcentaje inferior.<\/li>\n<li>Las pymes volver\u00e1n a deducir por reinversi\u00f3n de beneficios. Esta medida se encuentra todav\u00eda en tr\u00e1mite parlamentario.<\/li>\n<\/ul>\n<p><!--more--><\/p>\n<p>El<strong> Impuesto de Sociedades es uno de los que m\u00e1s reformas legislativas ha sufrido<\/strong> en los \u00faltimos tiempos. El tipo efectivo que pagan las grandes empresas ha estado en el debate pol\u00edtico desde hace tiempo. Por parte de muchos de los grupos se consideraba injusto que una gran empresa acabe pagando un tipo efectivo mucho menor que una <a href=\"https:\/\/www.sage.com\/es-es\/perfil\/pequena-empresa\/\">pyme<\/a>. Por eso, se quiere limitar la cantidad de bonificaciones a las que tienen acceso estas empresas.<\/p>\n<p><mark class=\"highlight-and-share\">\u00a1Tuitea el dato! Subir el tipo de Sociedades al 15% supondr\u00eda, al menos, aumentar la recaudaci\u00f3n en 6.000 millones.<\/mark><\/p>\n<p>Por otro lado, se encuentran las pymes, que no tienen grandes <a href=\"https:\/\/www.sage.com\/es-es\/blog\/ebook-claves-para-responsable-financiero\/\">departamentos financieros y fiscales<\/a> para poder sumar deducciones y rebajar su tipo. Para tratar de<strong> beneficiar a aquellas que reinvierten los beneficios en la empresa<\/strong> hay una propuesta en tr\u00e1mite para recuperar una deducci\u00f3n vigente hasta la \u00faltima reforma fiscal.<\/p>\n<h2><strong>Tipo m\u00ednimo para las grandes empresas<\/strong><\/h2>\n<p>La principal reforma afecta a las grandes empresas, aquellas que seg\u00fan la ministra de Hacienda tienen m\u00e1s recursos para optimizar el <a href=\"https:\/\/www.sage.com\/es-es\/blog\/conoce-el-impuesto-de-sociedades-con-el-ebook-gratuito-de-sage\/\">tipo impositivo del impuesto que se sit\u00faa en el 20%<\/a> pero que, tras aplicar diferentes ventajas fiscales, se sit\u00faa alrededor del 12%. La reforma del impuesto impedir\u00eda que <strong>ninguna gran empresa pueda tener un tipo inferior al 15%<\/strong>.<\/p>\n<p>La reforma se plantea para que est\u00e9 vigente ya en 2019. Lo cierto es que existe cierta controversia en este aspecto, puesto que seg\u00fan la CEOE el tipo de <a href=\"https:\/\/www.sage.com\/es-es\/blog\/conoce-el-impuesto-de-sociedades-con-el-ebook-gratuito-de-sage\/\">Sociedades<\/a> de las grandes empresas es del 19,8% sobre la base imponible. No as\u00ed sobre resultado consolidado, donde<strong> el tipo se sit\u00faa en el 7,8%<\/strong>. Subirlo al 15% supondr\u00eda, al menos, aumentar la recaudaci\u00f3n en 6.000 millones.<\/p>\n<p>Tambi\u00e9n se quieren revisar y eliminar algunas deducciones vigentes como las de <strong>plusval\u00edas y dividendos por ventas empresariales<\/strong>. Lo cierto es que aumentar la recaudaci\u00f3n por la v\u00eda del impuesto sobre sociedades parece una de las formas de equilibrar el presupuesto para aumentar el gasto en otras partidas.<\/p>\n<p>Pero puede no ser la \u00fanica medida. En la Uni\u00f3n Europea, se presiona para lograr una <strong>mejor armonizaci\u00f3n fiscal<\/strong> y ya existen pa\u00edses que, para mejorar la recaudaci\u00f3n de dicho <a href=\"https:\/\/www.sage.com\/es-es\/blog\/diccionario-empresarial\/impuesto\/\">impuesto<\/a>, est\u00e1n reduciendo la exenci\u00f3n de dividendos y plusval\u00edas de fuente extranjera de manera que tribute el 5% de los ingresos en concepto de gastos no deducibles. En Espa\u00f1a, por el momento, la exenci\u00f3n es completa. Y esto afecta, sobre todo, a las grandes corporaciones que son los que tienen m\u00e1s diversificadas sus estructuras.<\/p>\n<h2><strong>Deducciones por reinversi\u00f3n de beneficios para las pymes<\/strong><\/h2>\n<p>Para las pymes, se busca volver a recuperar las <strong>deducciones por reinversi\u00f3n de beneficios empresariales<\/strong>. No es una propuesta del grupo socialista, sino del PDeCAT, por lo que necesitar\u00e1 los apoyos del resto de grupos para salir adelante, aunque parece bastante probable. En todo caso, nunca se puede saber dado el fraccionamiento parlamentario existente y la posibilidad de elecciones anticipadas en el horizonte.<\/p>\n<p>Esta <a href=\"https:\/\/www.sage.com\/es-es\/blog\/como-puedes-beneficiarte-del-regimen-especial-de-empresas-de-reducida-dimension\/\">deducci\u00f3n ya estaba vigente<\/a> en la \u00faltima reforma fiscal donde se cambi\u00f3 la deducci\u00f3n para premiar el ahorro. Ahora que el ciclo econ\u00f3mico es m\u00e1s favorable, parece l\u00f3gico que se <strong>premie a aquellas pymes que quieren invertir<\/strong> para fortalecer su competitividad.<\/p>\n<p>Pero es que, adem\u00e1s, la deducci\u00f3n por reinversi\u00f3n viene con premio, ya que pasar\u00eda del 10% al 15%. A cambio, quedar\u00edan fuera las inversiones inmobiliarias. De salir adelante, tambi\u00e9n entrar\u00eda en vigor el 1 de enero de 2019 y afectar\u00eda a todas las empresas que tengan un beneficio neto inferior a los 10 millones de euros.<\/p>\n<p>A todo esto, hay que recordar otras <strong>medidas tributarias que pueden afectar en mayor o menor medida a las empresas<\/strong>, como el impuesto a la banca, la subida de la fiscalidad del di\u00e9sel o la tasa Google. Un panorama que parece <a href=\"https:\/\/www.sage.com\/es-es\/blog\/asi-afecta-la-presion-fiscal-a-las-empresas\/\">m\u00e1s exigente con las empresas en su tributaci\u00f3n<\/a> y que pretende mejorar la recaudaci\u00f3n del Estado en esta materia.<\/p>\n<p>En todo caso, parece que <strong>el foco est\u00e1 puesto en las grandes empresas<\/strong>, m\u00e1s que en la peque\u00f1a, dado que los tipos efectivos que pagan \u00e9stas \u00faltimas son bastante m\u00e1s elevados de lo que aporta las de mayor tama\u00f1o.<\/p>\n\n<div class=\"single-cta gated-content\">\n\t<div class=\"single-cta__positioner\">\n\t\t<div class=\"single-cta__wrapper has-dark-background-color\">\n\t\t\t<div class=\"single-cta__content\">\n\t\t\t\t\t\t\t\t<h2 class=\"single-cta__title h3\">Todo lo que necesitas saber sobre el Impuesto de Sociedades <\/h2>\n\n\t\t\t\t\t\t\t\t\t<div class=\"single-cta__description\">\n\t\t\t\t\t\t<p><!-- wp:paragraph --><\/p>\n<p>DESCARGA TU GU\u00cdA GRATUITA Y CONOCE:<\/p>\n<p><!-- \/wp:paragraph --><\/p>\n<p><!-- wp:list --><\/p>\n<ul class=\"wp-block-list\"><!-- wp:list-item --><\/p>\n<li>Los aspectos m\u00e1s b\u00e1sicos del IS.<\/li>\n<p><!-- \/wp:list-item --><\/p>\n<p><!-- wp:list-item --><\/p>\n<li>Las novedades m\u00e1s relevantes en 2025.<\/li>\n<p><!-- \/wp:list-item --><\/ul>\n<p><!-- \/wp:list --><\/p>\n\t\t\t\t\t<\/div>\n\t\t\t\t\n\t\t\t\t\t\t\t\t\t\t\t\t\t\t<a\n\t\t\t\t\t\thref=\"#gate-4819d50f-2d5f-4450-8eb8-006a62cb2bf0\"\n\t\t\t\t\t\tclass=\"single-cta__button button button--primary\"\n\t\t\t\t\t\t\t\t\t\t\t\t\t\t\t\t\t>\u00a1Quiero mi gu\u00eda GRATIS!<\/a>\n\t\t\t\t\t\t\t<\/div>\n\n\t\t\t\t\t<\/div>\n\n\t\t\t\t\t<img decoding=\"async\" width=\"1252\" height=\"810\" src=\"https:\/\/www.sage.com\/es-es\/blog\/wp-content\/uploads\/sites\/8\/2018\/02\/SGE_MKP-BANNER_Mejor-guia-dominar-Impuesto-sobre-Sociedades_green-1252x810.jpg\" class=\"single-cta__image\" alt=\"Sage\" loading=\"lazy\" srcset=\"https:\/\/www.sage.com\/es-es\/blog\/wp-content\/uploads\/sites\/8\/2018\/02\/SGE_MKP-BANNER_Mejor-guia-dominar-Impuesto-sobre-Sociedades_green-1252x810.jpg 1252w\" sizes=\"auto, (min-width: 48em) 33vw, 100vw\" \/>\t\t\t<\/div>\n<\/div>\n<\/div>","protected":false},"excerpt":{"rendered":"<p>Dentro del impulso legislativo del nuevo ejecutivo hay una serie de medidas que afectan al Impuesto de Sociedades y que afectan tanto a las grandes empresas como a las pymes, aunque de diferente manera. Las grandes empresas pagar\u00e1n una tasa m\u00ednima del 15% quedando sin efecto otras bonificaciones que pudieran tener acumuladas y que den [&hellip;]<\/p>\n","protected":false},"author":244,"featured_media":11260,"comment_status":"open","ping_status":"closed","sticky":false,"template":"","format":"standard","meta":{"_sage_video":false,"post_featured_image_hide":false,"footnotes":""},"categories":[3,6],"tags":[180,39,181],"business_type":[10,11,8],"lilypad":[],"context":[],"industry":[],"persona":[],"imagine_tag":[287,285,286,260,284],"coauthors":[413],"class_list":["post-11316","post","type-post","status-publish","format-standard","has-post-thumbnail","hentry","category-estrategia-gestion","category-legal","tag-fiscalidad","tag-impuesto-de-sociedades","tag-impuestos","business_type-pequena-empresa","business_type-mediana-empresa","business_type-asesorias-despachos-profesionales"],"sage_meta":{"region":"es-es","author_name":"Carlos Roberto Cabello","featured_image":"https:\/\/www.sage.com\/es-es\/blog\/wp-content\/uploads\/sites\/8\/2018\/08\/77C7541-Edit_All-Uses.jpg","imagine_tags":{"287":"Aut\u00f3nomos","285":"Emprendedores","286":"Enterprise","260":"Legal","284":"Pymes"}},"distributor_meta":false,"distributor_terms":false,"distributor_media":false,"distributor_original_site_name":"Sage Advice Espa\u00f1a","distributor_original_site_url":"https:\/\/www.sage.com\/es-es\/blog","push-errors":false,"_links":{"self":[{"href":"https:\/\/www.sage.com\/es-es\/blog\/api\/wp\/v2\/posts\/11316","targetHints":{"allow":["GET"]}}],"collection":[{"href":"https:\/\/www.sage.com\/es-es\/blog\/api\/wp\/v2\/posts"}],"about":[{"href":"https:\/\/www.sage.com\/es-es\/blog\/api\/wp\/v2\/types\/post"}],"author":[{"embeddable":true,"href":"https:\/\/www.sage.com\/es-es\/blog\/api\/wp\/v2\/users\/244"}],"replies":[{"embeddable":true,"href":"https:\/\/www.sage.com\/es-es\/blog\/api\/wp\/v2\/comments?post=11316"}],"version-history":[{"count":0,"href":"https:\/\/www.sage.com\/es-es\/blog\/api\/wp\/v2\/posts\/11316\/revisions"}],"wp:featuredmedia":[{"embeddable":true,"href":"https:\/\/www.sage.com\/es-es\/blog\/api\/wp\/v2\/media\/11260"}],"wp:attachment":[{"href":"https:\/\/www.sage.com\/es-es\/blog\/api\/wp\/v2\/media?parent=11316"}],"wp:term":[{"taxonomy":"category","embeddable":true,"href":"https:\/\/www.sage.com\/es-es\/blog\/api\/wp\/v2\/categories?post=11316"},{"taxonomy":"post_tag","embeddable":true,"href":"https:\/\/www.sage.com\/es-es\/blog\/api\/wp\/v2\/tags?post=11316"},{"taxonomy":"business_type","embeddable":true,"href":"https:\/\/www.sage.com\/es-es\/blog\/api\/wp\/v2\/business_type?post=11316"},{"taxonomy":"lilypad","embeddable":true,"href":"https:\/\/www.sage.com\/es-es\/blog\/api\/wp\/v2\/lilypad?post=11316"},{"taxonomy":"context","embeddable":true,"href":"https:\/\/www.sage.com\/es-es\/blog\/api\/wp\/v2\/context?post=11316"},{"taxonomy":"industry","embeddable":true,"href":"https:\/\/www.sage.com\/es-es\/blog\/api\/wp\/v2\/industry?post=11316"},{"taxonomy":"persona","embeddable":true,"href":"https:\/\/www.sage.com\/es-es\/blog\/api\/wp\/v2\/persona?post=11316"},{"taxonomy":"imagine_tag","embeddable":true,"href":"https:\/\/www.sage.com\/es-es\/blog\/api\/wp\/v2\/imagine_tag?post=11316"},{"taxonomy":"author","embeddable":true,"href":"https:\/\/www.sage.com\/es-es\/blog\/api\/wp\/v2\/coauthors?post=11316"}],"curies":[{"name":"wp","href":"https:\/\/api.w.org\/{rel}","templated":true}]}}