{"id":11432,"date":"2023-09-11T00:00:52","date_gmt":"2023-09-10T22:00:52","guid":{"rendered":"https:\/\/www.sage.com\/es-es\/blog\/?p=11432"},"modified":"2023-11-17T11:52:22","modified_gmt":"2023-11-17T10:52:22","slug":"por-que-septiembre-es-un-buen-mes-para-empezar-con-los-presupuestos-anuales","status":"publish","type":"post","link":"https:\/\/www.sage.com\/es-es\/blog\/por-que-septiembre-es-un-buen-mes-para-empezar-con-los-presupuestos-anuales\/","title":{"rendered":"\u00bfPor qu\u00e9 septiembre es un buen mes para empezar con los presupuestos anuales?"},"content":{"rendered":"<header class=\"entry-header has-dark-background-color entry-header--has-illustration entry-header--has-illustration--generic\">\n\t<div class=\"container\">\n\t\t<div class=\"entry-header__row row align-center\">\n\t\t\t<div class=\"col col-lg-7 col-xlg-6 entry-header__content\">\n\t\t\t\t\t\t\t<div class=\"component component-single-header\">\n\t\t\t\t\t\t\t\t\t\t<div class=\"entry-header__misc text--subtitle text--uppercase text--small\">\n\t\t\t\t\t\t\t<a href=\"https:\/\/www.sage.com\/es-es\/blog\/categoria\/estrategia-gestion\/\" class=\"entry-header__link\">Estrategia y Gesti\u00f3n<\/a>\t\t\t\t\t\t<\/div>\n\t\t\t\t\n\t\t\t\t<div class=\"entry-title-wrapper\">\n\t\t\t\t\t<h1 class=\"entry-title\">\n\t\t\t\t\t\t\u00bfPor qu\u00e9 septiembre es un buen mes para empezar con los presupuestos anuales?\t\t\t\t\t<\/h1>\n\t\t\t\t<\/div>\n\n\t\t\t\t\t\t\t\t\t<p class=\"entry-header__description\">\n\t\t\t\t\t\t\t\t\t\t\t<\/p>\n\t\t\t\t\n\t\t\t\t\n\t\t\t\t\n\t\t\t<\/div>\n\n\t\t\t\t\t<\/div>\n\t\t\t\t\t<\/div>\n\t<\/div>\n\t\t<div class=\"single-post-details container\">\n\t\t<div class=\"col\">\n\t\t\t<span class=\"posted-on \">Publicado el <time class=\"entry-date published\" datetime=\"2023-09-11T00:00:52+02:00\">11 septiembre, 2023<\/time><\/span><span class=\"reading-time\"> minutos de lectura<\/span>\n\t\t<button\n\t\t\ttype=\"button\"\n\t\t\tclass=\"social-share-button button button--icon button--secondary js-social-share-button\"\n\t\t\tdata-share-title=\"\u00bfPor qu\u00e9 septiembre es un buen mes para empezar con los presupuestos anuales?\"\n\t\t\tdata-share-url=\"https:\/\/www.sage.com\/es-es\/blog\/por-que-septiembre-es-un-buen-mes-para-empezar-con-los-presupuestos-anuales\/\"\n\t\t\tdata-share-text=\"Please read this interesting article\"\n\t\t>\n\t\t\t<span class=\"social-share-button__share-label\">Compartir<\/span>\n\t\t\t<span class=\"social-share-button__copy-label\" hidden>Copy Link<\/span>\n\t\t\t<span class=\"social-share-button__copy-tooltip\" aria-hidden=\"true\" hidden>Copied<\/span>\n\t\t<\/button>\n\n\t\t\t\t<\/div>\n\t<\/div>\n\t<\/header>\n\n\n<div class=\"wp-block-post-author has-dark-background-color alignfull\">\n\t<div class=\"container\">\n\t\t<div class=\"col\">\n\t\t\t\t\t\t\t<div class=\"co-authors\">\n\t\t\t\t\t\n\t\t<div class=\"entry-author-wrapper\">\n\t\t\t<a class=\"entry-author\" href=\"https:\/\/www.sage.com\/es-es\/blog\/author\/jose-ramon-fernandez-de-la-cigona\/\">\n\t\t\t\t<img loading=\"lazy\" decoding=\"async\" width=\"40\" height=\"40\" src=\"https:\/\/www.sage.com\/es-es\/blog\/wp-content\/uploads\/sites\/8\/2024\/02\/foto_jose-ramon_400x400-350x350.jpg\" class=\"entry-author__image\" alt=\"Sage\" srcset=\"https:\/\/www.sage.com\/es-es\/blog\/wp-content\/uploads\/sites\/8\/2024\/02\/foto_jose-ramon_400x400-350x350.jpg 350w, https:\/\/www.sage.com\/es-es\/blog\/wp-content\/uploads\/sites\/8\/2024\/02\/foto_jose-ramon_400x400.jpg 585w\" sizes=\"auto, (max-width: 40px) 100vw, 40px\" \/>\t\t\t\t<span class=\"entry-author__name\">Jose Ram\u00f3n Fern\u00e1ndez de la Cigo\u00f1a<\/span>\n\t\t\t<\/a>\n\n\t\t\t\t\t<\/div>\n\n\t\t\t\t\t\t<\/div>\n\t\t\t\t\t<\/div>\n\t<\/div>\n<\/div>\n\n\n\n<h4 class=\"wp-block-heading\" style=\"font-style:normal;font-weight:100\">Los presupuestos anuales son esenciales para administrar una empresa. Para evitar preocupaciones de \u00faltima hora a fin de a\u00f1o, es importante comenzar a trabajar en ellos en septiembre y no dejarlos para despu\u00e9s.<\/h4>\n\n\n\n<ul class=\"wp-block-list\">\n<li>Conoce los pasos clave para crear tus presupuestos y por qu\u00e9 es importante comenzar en septiembre.<\/li>\n\n\n\n<li>Estos son los motivos para ponerte manos a la obra con los presupuestos de tu empresa en septiembre.<\/li>\n<\/ul>\n\n\n\n<p class=\"wp-block-paragraph\">Con la llegada de septiembre, muchos <a href=\"https:\/\/www.sage.com\/es-es\/blog\/como-pueden-los-directores-financieros-aprovechar-el-poder-de-los-datos\/\">profesionales de la contabilidad<\/a> y la administraci\u00f3n vuelven al trabajo despu\u00e9s de las vacaciones. Lo primero que deben hacer es ponerse al d\u00eda y abordar el trabajo atrasado con energ\u00eda renovada gracias al descanso veraniego.<\/p>\n\n\n\n<p class=\"wp-block-paragraph\">Luego, es crucial empezar a trabajar en los <a href=\"https:\/\/www.sage.com\/es-es\/blog\/siete-propositos-para-tu-empresa-a-la-vuelta-de-vacaciones\/\">presupuestos anuales<\/a> de tu empresa. Esto te ayudar\u00e1 a evitar sorpresas desagradables cuando llegue el momento de cerrar el a\u00f1o fiscal.<\/p>\n\n\n\n<p class=\"wp-block-paragraph\">Los presupuestos anuales son una herramienta esencial para aquellos encargados de gestionar las finanzas de la empresa. No basta con crearlos, tambi\u00e9n es necesario darles seguimiento, identificar desviaciones y <strong>tomar decisiones<\/strong> para mantener el rumbo de la empresa en caso de ser necesario.<\/p>\n\n\n<p><mark class=\"highlight-and-share\"><strong>\u00a1TUITEALO!<\/strong> \u00bfSab\u00edas que septiembre es el mes perfecto para comenzar con los presupuestos anuales de tu empresa? Te contamos las 7 razones que lo demuestran.<\/mark><\/p>\n\n\n\n<h2 class=\"wp-block-heading\">Cinco pasos para elaborar con \u00e9xito los presupuestos anuales de tu empresa<\/h2>\n\n\n\n<p class=\"wp-block-paragraph\">Para elaborar el presupuesto de tu empresa debes dar, por lo menos, los siguientes cinco pasos:<\/p>\n\n\n\n<ol class=\"wp-block-list\">\n<li><strong>Reflexionar<\/strong>. Hay que reflexionar para definir qu\u00e9 quieres conseguir, tanto a nivel de ventas como de resultados. Esta reflexi\u00f3n tiene que ser realista y fundamentada, ya que \u201c<strong>el papel lo aguanta todo<\/strong>\u201d. No podemos, por ejemplo, presupuestar que se duplica la facturaci\u00f3n, si la estructura de la empresa no puede soportar ese crecimiento y no se asignan los recursos necesarios.<\/li>\n\n\n\n<li><strong>Planificar<\/strong>. Se deben planificar las operaciones que se van a realizar durante el pr\u00f3ximo ejercicio y los objetivos que se desean alcanzar.<\/li>\n\n\n\n<li><strong>Asignar<\/strong>. Una vez definido qu\u00e9 operaciones queremos realizar, tendremos que asignar los recursos necesarios para su realizaci\u00f3n.<\/li>\n\n\n\n<li><strong>Cuantificar<\/strong>. Debemos de cuantificar en t\u00e9rminos monetarios el importe de los recursos que utilizaremos para conseguir los objetivos estrat\u00e9gicos definidos en el presupuesto.<\/li>\n\n\n\n<li><strong>Analizar<\/strong>. Los presupuestos de una empresa nos permitir\u00e1n responder las siguientes cuestiones, entre otras cosas:<\/li>\n<\/ol>\n\n\n\n<ul class=\"wp-block-list\">\n<li>\u00bfSe cumplen las previsiones de ventas?<\/li>\n\n\n\n<li>\u00bfLos gastos de estructura son soportados por estas?<\/li>\n\n\n\n<li>\u00bfLos costes financieros se comen los beneficios?<\/li>\n\n\n\n<li>O, bajando m\u00e1s al detalle, \u00bfun vendedor es o no rentable para la organizaci\u00f3n?<\/li>\n<\/ul>\n\n\n\n<blockquote class=\"wp-block-quote is-layout-flow wp-block-quote-is-layout-flow\">\n<p class=\"wp-block-paragraph\">Adem\u00e1s de la&nbsp;contabilidad financiera, para la elaboraci\u00f3n y seguimiento de los presupuestos, se puede utilizar la&nbsp;contabilidad anal\u00edtica, con la que podemos llegar a un grado de detalle y an\u00e1lisis al que no llega la contabilidad financiera.<\/p>\n<\/blockquote>\n\n\n\n<h2 class=\"wp-block-heading\">Siete razones para empezar los presupuestos anuales en septiembre<\/h2>\n\n\n\n<p class=\"wp-block-paragraph\">Septiembre puede ser un buen mes para la realizaci\u00f3n de los presupuestos anuales, principalmente, por los siguientes motivos:<\/p>\n\n\n\n<h3 class=\"wp-block-heading\">1. Cuenta atr\u00e1s para el cierre del ejercicio contable<\/h3>\n\n\n\n<p class=\"wp-block-paragraph\">Desde enero hasta julio todav\u00eda se mantienen obligaciones del ejercicio anterior. Agosto es un mes en el que los responsables de la contabilidad suelen cogerse vacaciones y, una vez empezado septiembre, comienza la&nbsp;cuenta atr\u00e1s para el&nbsp;<a href=\"https:\/\/www.sage.com\/es-es\/blog\/cerrar-ejercicio-reduciendo-impuestos\/\">cierre del ejercicio contable<\/a>.<\/p>\n\n\n\n<h3 class=\"wp-block-heading\">2. Que no nos \u201cpille el toro\u201d<\/h3>\n\n\n\n<p class=\"wp-block-paragraph\">La elaboraci\u00f3n de los presupuestos deber\u00eda estar&nbsp;finalizada antes de acabar noviembre. De este modo, se puede utilizar el mes de diciembre para su revisi\u00f3n y presentaci\u00f3n a las partes implicadas en su cumplimiento. Por lo tanto, cuanto antes nos pongamos con ellos, menos apurados de tiempo estaremos en noviembre.<\/p>\n\n\n\n<h3 class=\"wp-block-heading\">3. Datos suficientes<\/h3>\n\n\n\n<p class=\"wp-block-paragraph\">La base de un presupuesto se puede fundamentar, entre otras cosas, en los datos hist\u00f3ricos registrados en la contabilidad, los cuales ser\u00e1n el punto de partida para la elaboraci\u00f3n del presupuesto. Entrados en septiembre se tienen ya los&nbsp;datos de m\u00e1s de la mitad del ejercicio&nbsp;en curso y el cierre contable del ejercicio anterior.<\/p>\n\n\n\n<h3 class=\"wp-block-heading\">4. Anticiparse a periodos con m\u00e1s trabajo<\/h3>\n\n\n\n<p class=\"wp-block-paragraph\">Una vez finalizado septiembre, solo quedar\u00e1n tres meses para finalizar el periodo de cierre contable. <a href=\"https:\/\/www.sage.com\/es-es\/blog\/como-un-contable-puede-afrontar-la-dura-carga-trabajo-de-la-cuesta-enero\/\">Diciembre y enero son los meses de m\u00e1s carga de trabajo<\/a>. Esto se debe a las obligaciones fiscales y los ajustes contables de cierre de ejercicio. Es por ello por lo que, si no hemos terminado los presupuestos a principios de diciembre, este mes puede ser muy complicado.<\/p>\n\n\n\n<h3 class=\"wp-block-heading\">5. Mente despejada y pilas cargadas<\/h3>\n\n\n\n<p class=\"wp-block-paragraph\">Los presupuestos requieren reflexi\u00f3n y trabajo. Al&nbsp;<a href=\"https:\/\/www.sage.com\/es-es\/blog\/siete-cosas-que-puede-hacer-un-contable-despues-de-las-vacaciones\/\">volver de vacaciones<\/a>,&nbsp;con&nbsp;la mente despejada y el cuerpo descansado, puede ser un buen momento para afrontar una tarea que requerir\u00e1 mucha energ\u00eda y concentraci\u00f3n.<\/p>\n\n\n\n<h3 class=\"wp-block-heading\">6. Todos en la oficina<\/h3>\n\n\n\n<p class=\"wp-block-paragraph\">La elaboraci\u00f3n de los presupuestos requiere de la&nbsp;<a href=\"https:\/\/www.sage.com\/es-es\/blog\/como-ayuda-la-tecnologia-a-generar-colaboracion-interdepartamental\/\">colaboraci\u00f3n de diferentes departamentos<\/a>&nbsp;y directivos de distintas a\u00e9reas. Por lo que es conveniente que se encuentren en la oficina todos los participantes en su redacci\u00f3n.<\/p>\n\n\n\n<h3 class=\"wp-block-heading\">7. Reflexiones e ideas del periodo vacacional<\/h3>\n\n\n\n<p class=\"wp-block-paragraph\">Mientras muchas personas se desconectan por completo durante las vacaciones, algunos l\u00edderes empresariales aprovechan ese tiempo para reflexionar, a menudo mientras disfrutan de la playa, sobre nuevos objetivos para cuando regresen al trabajo.<\/p>\n\n\n\n<p class=\"wp-block-paragraph\">As\u00ed que, septiembre resulta ser un buen momento para<strong> empezar a trabajar en los presupuestos del pr\u00f3ximo a\u00f1o.<\/strong> Estos presupuestos son como un mapa que ayudar\u00e1 a la empresa a planificar su futuro y los recursos necesarios para alcanzar sus metas. Comienza ahora mismo a seguir los cinco pasos necesarios para crear tus presupuestos anuales.<\/p>\n\n\n\n<p class=\"wp-block-paragraph\"><em>Nota del editor: Este art\u00edculo fue publicado con anterioridad y actualizado a 2023 por su relevancia.<\/em><\/p>\n\n\n<div class=\"single-cta\">\n\t<div class=\"single-cta__positioner on-scroll-highlight__target\">\n\t\t<div class=\"single-cta__wrapper has-dark-background-color\">\n\t\t\t<div class=\"single-cta__content\">\n\t\t\t\t\t\t\t\t<h2 class=\"single-cta__title h3\">Subscr\u00edbete a la newsletter de Sage Advice<\/h2>\n\n\t\t\t\t\t\t\t\t\t<div class=\"single-cta__description\">\n\t\t\t\t\t\t<p>Recibe nuestros consejos m\u00e1s recientes directamente en la bandeja de entrada de tu correo electr\u00f3nico.<\/p>\n\t\t\t\t\t<\/div>\n\t\t\t\t\n\t\t\t\t\t\t\t\t\t\t\t\t\t\t<a\n\t\t\t\t\t\thref=\"#gate-263a5c00-99e4-4e71-8421-469deda8e674\"\n\t\t\t\t\t\tclass=\"single-cta__button button button--primary\"\n\t\t\t\t\t\t\t\t\t\t\t\t\t\t\t\t\t>Suscr\u00edbete<\/a>\n\t\t\t\t\t\t\t<\/div>\n\n\t\t\t\t\t<\/div>\n\n\t\t\t\t\t<img decoding=\"async\" width=\"1440\" height=\"810\" src=\"https:\/\/www.sage.com\/es-es\/blog\/wp-content\/uploads\/sites\/8\/2022\/04\/GettyImages-1171960556-1440x810.jpg\" class=\"single-cta__image\" alt=\"Sage\" loading=\"lazy\" srcset=\"https:\/\/www.sage.com\/es-es\/blog\/wp-content\/uploads\/sites\/8\/2022\/04\/GettyImages-1171960556-1440x810.jpg 1440w\" sizes=\"auto, (min-width: 48em) 33vw, 100vw\" \/>\t\t\t<\/div>\n<\/div>\n\n<section class=\"more-topics alignfull has-grey-light-background-color wp-block-sage-post-topics\">\n\t<div class=\"container\">\n\t\t<div class=\"row\">\n\t\t\t<div class=\"col col-12 col-lg-4\">\n\t\t\t\t<h3 class=\"more-topics__title h2\">Encuentra m\u00e1s art\u00edculos sobre estas tem\u00e1ticas<\/h3>\n\t\t\t<\/div>\n\t\t\t<div class=\"col col-12 col-lg-8\">\n\t\t\t\t<ul class=\"post-tags__list\">\n\t\t\t\t\t\t\t\t\t\t\t<li class=\"post-tags__item\">\n\t\t\t\t\t\t\t<a href=\"https:\/\/www.sage.com\/es-es\/blog\/tag\/contabilidad\/\" class=\"post-tags__link button button--secondary\">\n\t\t\t\t\t\t\t\tContabilidad\t\t\t\t\t\t\t<\/a>\n\t\t\t\t\t\t<\/li>\n\t\t\t\t\t\t\t\t\t\t\t<li class=\"post-tags__item\">\n\t\t\t\t\t\t\t<a href=\"https:\/\/www.sage.com\/es-es\/blog\/tag\/presupuestos\/\" class=\"post-tags__link button button--secondary\">\n\t\t\t\t\t\t\t\tPresupuestos\t\t\t\t\t\t\t<\/a>\n\t\t\t\t\t\t<\/li>\n\t\t\t\t\t\t\t\t\t<\/ul>\n\t\t\t<\/div>\n\t\t<\/div>\n\t<\/div>\n<\/section>\n\n<div class=\"alignfull wp-block-sage-related-posts\">\n\t<section class=\"related-posts card-grid has-dark-background-color\">\n\t<div class=\"container\">\n\t\t\t\t\t<div class=\"row\">\n\t\t\t\t<div class=\"col\">\n\t\t\t\t\t<h2 class=\"related-posts__heading related-posts__heading--featured h1\">Encuentra m\u00e1s consejos<\/h2>\n\t\t\t\t<\/div>\n\t\t\t<\/div>\n\n\t\t\t<div class=\"row related-posts__featured\">\n\t\t\t\t<div class=\"col card-grid__item\">\n\t\t\t\t\t<article\n\t\tclass=\"card-post related-post related-post-0 post-15409 post type-post status-publish format-standard has-post-thumbnail hentry category-finanzas tag-asesorias-y-despachos-profesionales tag-contabilidad tag-flujo-de-caja tag-tesoreria business_type-pequena-empresa card-post--is-clickable\"\n>\n\t<div class=\"card-post__media-wrapper\">\n\t\t<figure class=\"card-post__media\">\n\t\t\t\t\t\t\t<img decoding=\"async\" width=\"1440\" height=\"810\" src=\"https:\/\/www.sage.com\/es-es\/blog\/wp-content\/uploads\/sites\/8\/2022\/04\/GettyImages-667613797-1440x810.jpg\" class=\"card-post__image\" alt=\"Sage\" loading=\"lazy\" srcset=\"https:\/\/www.sage.com\/es-es\/blog\/wp-content\/uploads\/sites\/8\/2022\/04\/GettyImages-667613797-684x384.jpg 684w, https:\/\/www.sage.com\/es-es\/blog\/wp-content\/uploads\/sites\/8\/2022\/04\/GettyImages-667613797-768x432.jpg 768w, https:\/\/www.sage.com\/es-es\/blog\/wp-content\/uploads\/sites\/8\/2022\/04\/GettyImages-667613797-1440x810.jpg 1440w\" sizes=\"auto, (min-width: 48em) 250px, (min-width: 30em) 100vw, 100vw\" \/>\t\t\t\n\t\t\t\n\t\t\t\t\t<\/figure>\n\t<\/div>\n\n\t<div class=\"card-post__content\">\n\t\t\t\t\t<div class=\"card-post__label\">Recomendado<\/div>\n\t\t\n\t\t\t\t\t<div class=\"card-post__meta\">\n\t\t\t\t\t\t\t\t\t\t\t\t\t\t\t\t\t\t\t<span class=\"card-post__meta-text\"><span class=\"posted-on \"><time class=\"entry-date published\" datetime=\"2026-08-18T09:08:13+02:00\">18 agosto, 2026<\/time><\/span><\/span>\n\t\t\t\t\t\t\t\t\t\t\t<span class=\"card-post__meta-text\"><span class=\"reading-time\">11 minutos de lectura<\/span><\/span>\n\t\t\t\t\t\t\t\t\t\t\t\t<\/div>\n\t\t\n\t\t<p class=\"card-post__title h3\">\n\t\t\t\t\t\t\t<a\n\t\t\t\t\tclass=\"card-post__title-link\"\n\t\t\t\t\thref=\"https:\/\/www.sage.com\/es-es\/blog\/9-pasos-a-seguir-para-poner-la-contabilidad-al-dia-a-la-vuelta-de-vacaciones\/\"\n\t\t\t\t>\n\t\t\t\n\t\t\tC\u00f3mo poner la contabilidad al d\u00eda despu\u00e9s de las vacaciones: 9 pasos\n\t\t\t\t\t\t\t<\/a>\n\t\t\t\t\t<\/p>\n\n\t\t\n\t\t\t\t\t<p class=\"card-post__description\">\n\t\t\t\tFacturas pendientes, movimientos bancarios y documentaci\u00f3n acumulada pueden dificultar la vuelta de vacaciones. Sigue estos nueve pasos para poner la contabilidad al d\u00eda y recuperar una visi\u00f3n financiera fiable de tu empresa.\t\t\t<\/p>\n\t\t\n\t\t\t<\/div>\n\n\t<\/article>\n\t\t\t\t<\/div>\n\t\t\t<\/div>\n\t\t\n\t\t\t\t\t<div class=\"row related-posts__non-featured\">\n\t\t\t\t<div class=\"col col-12\">\n\t\t\t\t\t<h2 class=\"related-posts__heading related-posts__heading--more h4\">M\u00e1s sobre esta tem\u00e1tica<\/h2>\n\t\t\t\t<\/div>\n\n\t\t\t\t\n\t\t\t\t\t<div class=\"col col-6 col-lg-3 card-grid__item\">\n\t\t\t\t\t\t<article\n\t\tclass=\"card-post related-post related-post-1 post-39253 post type-post status-publish format-standard has-post-thumbnail hentry category-finanzas tag-contabilidad tag-gestion-financiera tag-mejora-de-procesos tag-pymes business_type-pequena-empresa\"\n>\n\t\t\t<a\n\t\t\tclass=\"card-post__link\"\n\t\t\thref=\"https:\/\/www.sage.com\/es-es\/blog\/cierre-contable-continuo\/\"\n\t\t\t\t\t>\n\t\t\t<figure class=\"card-post__media\">\n\t\t\t\t\t\t\t<img decoding=\"async\" width=\"684\" height=\"384\" src=\"https:\/\/www.sage.com\/es-es\/blog\/wp-content\/uploads\/sites\/8\/2025\/06\/BrandShoot-US_Mar2025_Construction-Commerical_0683_low-684x384.jpg\" class=\"card-post__image\" alt=\"Persona trabajando frente a un ordenador en un entorno industrial o log\u00edstico, mientras otra persona con chaleco de alta visibilidad camina al fondo. La escena muestra la combinaci\u00f3n de trabajo administrativo y operaciones sobre el terreno en un espacio amplio y bien iluminado.\" loading=\"lazy\" srcset=\"https:\/\/www.sage.com\/es-es\/blog\/wp-content\/uploads\/sites\/8\/2025\/06\/BrandShoot-US_Mar2025_Construction-Commerical_0683_low-684x384.jpg 684w, https:\/\/www.sage.com\/es-es\/blog\/wp-content\/uploads\/sites\/8\/2025\/06\/BrandShoot-US_Mar2025_Construction-Commerical_0683_low-768x512.jpg 768w, https:\/\/www.sage.com\/es-es\/blog\/wp-content\/uploads\/sites\/8\/2025\/06\/BrandShoot-US_Mar2025_Construction-Commerical_0683_low-1215x810.jpg 1215w\" sizes=\"auto, (min-width: 48em) 250px, (min-width: 30em) 100vw, 100vw\" \/>\t\t\t\n\t\t\t\n\t\t\t\t\t<\/figure>\n\n\t\t\n\t\t\t\t\t<div class=\"card-post__meta\">\n\t\t\t\t\t\t\t\t\t\t\t\t\t\t\t\t\t\t\t\t\t\t\t\t\t\t<span class=\"card-post__meta-text\"><span class=\"posted-on \"><time class=\"entry-date published\" datetime=\"2026-08-06T11:07:20+02:00\">6 agosto, 2026<\/time><\/span><\/span>\n\t\t\t\t\t\t\t\t\t\t\t\t\t\t\t\t\t\t\t\t\t\t\t\t<span class=\"card-post__meta-text\"><span class=\"reading-time\">9 minutos de lectura<\/span><\/span>\n\t\t\t\t\t\t\t\t\t\t\t\t\t\t\t\t\t\t<\/div>\n\t\t\n\t\t<p class=\"card-post__title h5\">\n\t\t\tCierre contable continuo: c\u00f3mo evitar errores y trabajar con datos actualizados\t\t<\/p>\n\n\t\t\t<\/a>\n\t\n\t\n\t\t\n\t\n\t<\/article>\n\t\t\t\t\t<\/div>\n\t\t\t\t\n\t\t\t\t\t<div class=\"col col-6 col-lg-3 card-grid__item\">\n\t\t\t\t\t\t<article\n\t\tclass=\"card-post related-post related-post-2 post-38110 post type-post status-publish format-standard has-post-thumbnail hentry category-finanzas tag-comercio-electronico tag-contabilidad tag-ventas business_type-pequena-empresa\"\n>\n\t\t\t<a\n\t\t\tclass=\"card-post__link\"\n\t\t\thref=\"https:\/\/www.sage.com\/es-es\/blog\/software-tpv-comercio\/\"\n\t\t\t\t\t>\n\t\t\t<figure class=\"card-post__media\">\n\t\t\t\t\t\t\t<img decoding=\"async\" width=\"684\" height=\"384\" src=\"https:\/\/www.sage.com\/es-es\/blog\/wp-content\/uploads\/sites\/8\/2022\/04\/GettyImages-557715883-684x384.jpg\" class=\"card-post__image\" alt=\"Chica trabajando en una cafeter\u00eda\" loading=\"lazy\" srcset=\"https:\/\/www.sage.com\/es-es\/blog\/wp-content\/uploads\/sites\/8\/2022\/04\/GettyImages-557715883-684x384.jpg 684w, https:\/\/www.sage.com\/es-es\/blog\/wp-content\/uploads\/sites\/8\/2022\/04\/GettyImages-557715883-768x432.jpg 768w, https:\/\/www.sage.com\/es-es\/blog\/wp-content\/uploads\/sites\/8\/2022\/04\/GettyImages-557715883-1440x810.jpg 1440w\" sizes=\"auto, (min-width: 48em) 250px, (min-width: 30em) 100vw, 100vw\" \/>\t\t\t\n\t\t\t\n\t\t\t\t\t<\/figure>\n\n\t\t\n\t\t\t\t\t<div class=\"card-post__meta\">\n\t\t\t\t\t\t\t\t\t\t\t\t\t\t\t\t\t\t\t\t\t\t\t\t\t\t<span class=\"card-post__meta-text\"><span class=\"posted-on \"><time class=\"entry-date published\" datetime=\"2026-07-03T09:47:04+02:00\">3 julio, 2026<\/time><\/span><\/span>\n\t\t\t\t\t\t\t\t\t\t\t\t\t\t\t\t\t\t\t\t\t\t\t\t<span class=\"card-post__meta-text\"><span class=\"reading-time\">10 minutos de lectura<\/span><\/span>\n\t\t\t\t\t\t\t\t\t\t\t\t\t\t\t\t\t\t<\/div>\n\t\t\n\t\t<p class=\"card-post__title h5\">\n\t\t\tTPV para tienda: Funciones clave de un software TPV para comercio\t\t<\/p>\n\n\t\t\t<\/a>\n\t\n\t\n\t\t\n\t\n\t<\/article>\n\t\t\t\t\t<\/div>\n\t\t\t\t\n\t\t\t\t\t<div class=\"col col-6 col-lg-3 card-grid__item\">\n\t\t\t\t\t\t<article\n\t\tclass=\"card-post related-post related-post-3 post-13868 post type-post status-publish format-standard has-post-thumbnail hentry category-finanzas tag-autonomos tag-contabilidad business_type-pequena-empresa\"\n>\n\t\t\t<a\n\t\t\tclass=\"card-post__link\"\n\t\t\thref=\"https:\/\/www.sage.com\/es-es\/blog\/formula-para-calcular-el-margen-de-beneficio\/\"\n\t\t\t\t\t>\n\t\t\t<figure class=\"card-post__media\">\n\t\t\t\t\t\t\t<img decoding=\"async\" width=\"684\" height=\"384\" src=\"https:\/\/www.sage.com\/es-es\/blog\/wp-content\/uploads\/sites\/8\/2023\/05\/BrandShootSF_Oct2021_FinancialServices_10465-original_LOW-684x384.jpg\" class=\"card-post__image\" alt=\"Chica trabajando en su escritorio.\" loading=\"lazy\" srcset=\"https:\/\/www.sage.com\/es-es\/blog\/wp-content\/uploads\/sites\/8\/2023\/05\/BrandShootSF_Oct2021_FinancialServices_10465-original_LOW-684x384.jpg 684w, https:\/\/www.sage.com\/es-es\/blog\/wp-content\/uploads\/sites\/8\/2023\/05\/BrandShootSF_Oct2021_FinancialServices_10465-original_LOW-768x512.jpg 768w, https:\/\/www.sage.com\/es-es\/blog\/wp-content\/uploads\/sites\/8\/2023\/05\/BrandShootSF_Oct2021_FinancialServices_10465-original_LOW-1215x810.jpg 1215w\" sizes=\"auto, (min-width: 48em) 250px, (min-width: 30em) 100vw, 100vw\" \/>\t\t\t\n\t\t\t\n\t\t\t\t\t<\/figure>\n\n\t\t\n\t\t\t\t\t<div class=\"card-post__meta\">\n\t\t\t\t\t\t\t\t\t\t\t\t\t\t\t\t\t\t\t\t\t\t\t\t\t\t<span class=\"card-post__meta-text\"><span class=\"posted-on \"><time class=\"entry-date published\" datetime=\"2026-06-26T09:01:47+02:00\">26 junio, 2026<\/time><\/span><\/span>\n\t\t\t\t\t\t\t\t\t\t\t\t\t\t\t\t\t\t\t\t\t\t\t\t<span class=\"card-post__meta-text\"><span class=\"reading-time\">19 minutos de lectura<\/span><\/span>\n\t\t\t\t\t\t\t\t\t\t\t\t\t\t\t\t\t\t<\/div>\n\t\t\n\t\t<p class=\"card-post__title h5\">\n\t\t\tC\u00f3mo calcular el margen de beneficio y usarlo para mejorar la rentabilidad de tu empresa\t\t<\/p>\n\n\t\t\t<\/a>\n\t\n\t\n\t\t\n\t\n\t<\/article>\n\t\t\t\t\t<\/div>\n\t\t\t\t\n\t\t\t\t\t<div class=\"col col-6 col-lg-3 card-grid__item\">\n\t\t\t\t\t\t<article\n\t\tclass=\"card-post related-post related-post-4 post-19528 post type-post status-publish format-standard has-post-thumbnail hentry category-finanzas tag-contabilidad tag-gestion-financiera business_type-pequena-empresa\"\n>\n\t\t\t<a\n\t\t\tclass=\"card-post__link\"\n\t\t\thref=\"https:\/\/www.sage.com\/es-es\/blog\/que-tipos-de-asientos-contables-existen-y-algunos-ejemplos\/\"\n\t\t\t\t\t>\n\t\t\t<figure class=\"card-post__media\">\n\t\t\t\t\t\t\t<img decoding=\"async\" width=\"684\" height=\"384\" src=\"https:\/\/www.sage.com\/es-es\/blog\/wp-content\/uploads\/sites\/8\/2023\/09\/GettyImages-658436108-684x384.jpg\" class=\"card-post__image\" alt=\"Sage\" loading=\"lazy\" srcset=\"https:\/\/www.sage.com\/es-es\/blog\/wp-content\/uploads\/sites\/8\/2023\/09\/GettyImages-658436108-684x384.jpg 684w, https:\/\/www.sage.com\/es-es\/blog\/wp-content\/uploads\/sites\/8\/2023\/09\/GettyImages-658436108-768x512.jpg 768w, https:\/\/www.sage.com\/es-es\/blog\/wp-content\/uploads\/sites\/8\/2023\/09\/GettyImages-658436108-1215x810.jpg 1215w\" sizes=\"auto, (min-width: 48em) 250px, (min-width: 30em) 100vw, 100vw\" \/>\t\t\t\n\t\t\t\n\t\t\t\t\t<\/figure>\n\n\t\t\n\t\t\t\t\t<div class=\"card-post__meta\">\n\t\t\t\t\t\t\t\t\t\t\t\t\t\t\t\t\t\t\t\t\t\t\t\t\t\t<span class=\"card-post__meta-text\"><span class=\"posted-on \"><time class=\"entry-date published\" datetime=\"2026-04-23T16:42:30+02:00\">23 abril, 2026<\/time><\/span><\/span>\n\t\t\t\t\t\t\t\t\t\t\t\t\t\t\t\t\t\t\t\t\t\t\t\t<span class=\"card-post__meta-text\"><span class=\"reading-time\">12 minutos de lectura<\/span><\/span>\n\t\t\t\t\t\t\t\t\t\t\t\t\t\t\t\t\t\t<\/div>\n\t\t\n\t\t<p class=\"card-post__title h5\">\n\t\t\tTipos de asientos contables: Cu\u00e1les existen y ejemplos\t\t<\/p>\n\n\t\t\t<\/a>\n\t\n\t\n\t\t\n\t\n\t<\/article>\n\t\t\t\t\t<\/div>\n\t\t\t\t\t\t\t<\/div>\n\t\t\t<\/div>\n<\/section>\n<\/div>\n","protected":false},"excerpt":{"rendered":"<p>Despu\u00e9s de poner la contabilidad al d\u00eda a la vuelta de vacaciones, septiembre es un buen mes para comenzar con los presupuestos anuales.<\/p>\n","protected":false},"author":238,"featured_media":20253,"comment_status":"open","ping_status":"open","sticky":false,"template":"","format":"standard","meta":{"_yoast_wpseo_is_cornerstone":"","_yoast_wpseo_meta-robots-noindex":"","_yoast_wpseo_meta-robots-nofollow":"","_yoast_wpseo_opengraph-title":"","_yoast_wpseo_opengraph-description":"","_yoast_wpseo_opengraph-image":"","_yoast_wpseo_opengraph-image-id":"","_yoast_wpseo_twitter-title":"","_yoast_wpseo_twitter-description":"","_yoast_wpseo_twitter-image":"","_yoast_wpseo_twitter-image-id":"","_yoast_wpseo_schema_page_type":"","_yoast_wpseo_schema_article_type":"","_sage_video":false,"_yoast_wpseo_focuskeywords":"","_yoast_wpseo_keywordsynonyms":"","_yoast_wpseo_primary_category":"3","post_featured_image_hide":false,"sage_hide_published_date":false,"sage_hide_read_time":false,"sage_hide_share_buttons":false,"_pwl_sage_podcast_buzzsprout_src":"","footnotes":""},"categories":[3,2],"tags":[23,55],"business_type":[10],"lilypad":[],"context":[],"industry":[],"persona":[],"imagine_tag":[265,261],"coauthors":[396],"class_list":["post-11432","post","type-post","status-publish","format-standard","has-post-thumbnail","hentry","category-estrategia-gestion","category-finanzas","tag-contabilidad","tag-presupuestos","business_type-pequena-empresa"],"sage_meta":{"region":"es-es","author_name":"Jose Ram\u00f3n Fern\u00e1ndez de la Cigo\u00f1a","featured_image":"https:\/\/www.sage.com\/es-es\/blog\/wp-content\/uploads\/sites\/8\/2022\/05\/BrandShootSF_Oct2021_FinancialServices_9887-OK.jpg","imagine_tags":{"265":"Contabilidad","261":"Gesti\u00f3n financiera"}},"distributor_meta":false,"distributor_terms":false,"distributor_media":false,"distributor_original_site_name":"Sage Advice Espa\u00f1a","distributor_original_site_url":"https:\/\/www.sage.com\/es-es\/blog","push-errors":false,"_links":{"self":[{"href":"https:\/\/www.sage.com\/es-es\/blog\/api\/wp\/v2\/posts\/11432","targetHints":{"allow":["GET"]}}],"collection":[{"href":"https:\/\/www.sage.com\/es-es\/blog\/api\/wp\/v2\/posts"}],"about":[{"href":"https:\/\/www.sage.com\/es-es\/blog\/api\/wp\/v2\/types\/post"}],"author":[{"embeddable":true,"href":"https:\/\/www.sage.com\/es-es\/blog\/api\/wp\/v2\/users\/238"}],"replies":[{"embeddable":true,"href":"https:\/\/www.sage.com\/es-es\/blog\/api\/wp\/v2\/comments?post=11432"}],"version-history":[{"count":0,"href":"https:\/\/www.sage.com\/es-es\/blog\/api\/wp\/v2\/posts\/11432\/revisions"}],"wp:featuredmedia":[{"embeddable":true,"href":"https:\/\/www.sage.com\/es-es\/blog\/api\/wp\/v2\/media\/20253"}],"wp:attachment":[{"href":"https:\/\/www.sage.com\/es-es\/blog\/api\/wp\/v2\/media?parent=11432"}],"wp:term":[{"taxonomy":"category","embeddable":true,"href":"https:\/\/www.sage.com\/es-es\/blog\/api\/wp\/v2\/categories?post=11432"},{"taxonomy":"post_tag","embeddable":true,"href":"https:\/\/www.sage.com\/es-es\/blog\/api\/wp\/v2\/tags?post=11432"},{"taxonomy":"business_type","embeddable":true,"href":"https:\/\/www.sage.com\/es-es\/blog\/api\/wp\/v2\/business_type?post=11432"},{"taxonomy":"lilypad","embeddable":true,"href":"https:\/\/www.sage.com\/es-es\/blog\/api\/wp\/v2\/lilypad?post=11432"},{"taxonomy":"context","embeddable":true,"href":"https:\/\/www.sage.com\/es-es\/blog\/api\/wp\/v2\/context?post=11432"},{"taxonomy":"industry","embeddable":true,"href":"https:\/\/www.sage.com\/es-es\/blog\/api\/wp\/v2\/industry?post=11432"},{"taxonomy":"persona","embeddable":true,"href":"https:\/\/www.sage.com\/es-es\/blog\/api\/wp\/v2\/persona?post=11432"},{"taxonomy":"imagine_tag","embeddable":true,"href":"https:\/\/www.sage.com\/es-es\/blog\/api\/wp\/v2\/imagine_tag?post=11432"},{"taxonomy":"author","embeddable":true,"href":"https:\/\/www.sage.com\/es-es\/blog\/api\/wp\/v2\/coauthors?post=11432"}],"curies":[{"name":"wp","href":"https:\/\/api.w.org\/{rel}","templated":true}]}}