{"id":13862,"date":"2018-10-15T00:00:30","date_gmt":"2018-10-14T22:00:30","guid":{"rendered":"https:\/\/sage.prag\/es-es\/blog\/?p=13862"},"modified":"2026-02-04T18:36:40","modified_gmt":"2026-02-04T17:36:40","slug":"soy-autonomo-puedo-deducir-una-multa-de-trafico","status":"publish","type":"post","link":"https:\/\/www.sage.com\/es-es\/blog\/soy-autonomo-puedo-deducir-una-multa-de-trafico\/","title":{"rendered":"Soy aut\u00f3nomo, \u00bfme puedo deducir una multa de tr\u00e1fico?"},"content":{"rendered":"<header class=\"entry-header has-dark-background-color entry-header--has-illustration entry-header--has-illustration--generic\">\n\t<div class=\"container\">\n\t\t<div class=\"entry-header__row row align-center\">\n\t\t\t<div class=\"col col-lg-7 col-xlg-6 entry-header__content\">\n\t\t\t\t\t\t\t<div class=\"component component-single-header\">\n\t\t\t\t\t\t\t\t\t\t<div class=\"entry-header__misc text--subtitle text--uppercase text--small\">\n\t\t\t\t\t\t\t<a href=\"https:\/\/www.sage.com\/es-es\/blog\/categoria\/legal\/\" class=\"entry-header__link\">Legal<\/a>\t\t\t\t\t\t<\/div>\n\t\t\t\t\n\t\t\t\t<div class=\"entry-title-wrapper\">\n\t\t\t\t\t<h1 class=\"entry-title\">\n\t\t\t\t\t\tSoy aut\u00f3nomo, \u00bfme puedo deducir una multa de tr\u00e1fico?\t\t\t\t\t<\/h1>\n\t\t\t\t<\/div>\n\n\t\t\t\t\t\t\t\t\t<p class=\"entry-header__description\">\n\t\t\t\t\t\t\t\t\t\t\t<\/p>\n\t\t\t\t\n\t\t\t\t\n\t\t\t\t\n\t\t\t<\/div>\n\n\t\t\t\t\t<\/div>\n\t\t\t\t\t<\/div>\n\t<\/div>\n\t<div class=\"single-post-details container\">\n\t\t<div class=\"col\">\n\t\t\t<span class=\"posted-on \"><time class=\"entry-date published\" datetime=\"2018-10-15T00:00:30+02:00\">15 October, 2018<\/time><\/span><span class=\"reading-time\"> minutos de lectura<\/span>\n\t\t<button\n\t\t\ttype=\"button\"\n\t\t\tclass=\"social-share-button button button--icon button--secondary js-social-share-button\"\n\t\t\tdata-share-title=\"Soy aut\u00f3nomo, \u00bfme puedo deducir una multa de tr\u00e1fico?\"\n\t\t\tdata-share-url=\"https:\/\/www.sage.com\/es-es\/blog\/soy-autonomo-puedo-deducir-una-multa-de-trafico\/\"\n\t\t\tdata-share-text=\"Please read this interesting article\"\n\t\t>\n\t\t\t<span class=\"social-share-button__share-label\">Compartir<\/span>\n\t\t\t<span class=\"social-share-button__copy-label\" hidden>Copiar enlace<\/span>\n\t\t\t<span class=\"social-share-button__copy-tooltip\" aria-hidden=\"true\" hidden>Copiado<\/span>\n\t\t<\/button>\n\n\t\t\t\t<\/div>\n\t<\/div>\n<\/header>\n\n\n\n<div class=\"wp-block-post-author has-dark-background-color alignfull\">\n\t<div class=\"container\">\n\t\t<div class=\"col\">\n\t\t\t\t\t\t\t<div class=\"co-authors\">\n\t\t\t\t\t\n\t\t<div class=\"entry-author-wrapper\">\n\t\t\t<a class=\"entry-author\" href=\"https:\/\/www.sage.com\/es-es\/blog\/author\/pilarfernandez\/\">\n\t\t\t\t<img loading=\"lazy\" decoding=\"async\" width=\"40\" height=\"40\" src=\"https:\/\/www.sage.com\/es-es\/blog\/wp-content\/uploads\/sites\/8\/2019\/03\/Pilar-Fernandez-2-350x350.jpg\" class=\"entry-author__image\" alt=\"Sage\" srcset=\"https:\/\/www.sage.com\/es-es\/blog\/wp-content\/uploads\/sites\/8\/2019\/03\/Pilar-Fernandez-2-350x350.jpg 350w, https:\/\/www.sage.com\/es-es\/blog\/wp-content\/uploads\/sites\/8\/2019\/03\/Pilar-Fernandez-2.jpg 370w\" sizes=\"auto, (max-width: 40px) 100vw, 40px\" \/>\t\t\t\t<span class=\"entry-author__name\">Pilar Fern\u00e1ndez<\/span>\n\t\t\t<\/a>\n\n\t\t\t\t\t<\/div>\n\n\t\t\t\t\t\t<\/div>\n\t\t\t\t\t<\/div>\n\t<\/div>\n<\/div>\n<div class=\"sage-block-classic-wrapper\">\n\n<blockquote><p>Es bastante habitual que entre los <strong>profesionales aut\u00f3nomos<\/strong> surjan muchas dudas relacionadas con aquellos <strong>conceptos que son deducibles en su actividad<\/strong> desde el punto de vista fiscal.<\/p><\/blockquote>\n<p>Esto es algo que ocurre no s\u00f3lo porque algunos de esos conceptos, a veces, no est\u00e1n claros sino porque, en los \u00faltimos tiempos, no dejan de producirse constantes cambios que afectan a este colectivo profesional.<!--more--><\/p>\n<p>Las <a href=\"https:\/\/www.sage.com\/es-es\/blog\/tomatelo-personalmente-5-trucos-optimizar-declaracion-la-renta-autonomo\/\">deducciones<\/a> no s\u00f3lo pueden aplicarse a los ingresos sino tambi\u00e9n a los gastos pero\u2026 \u00bfEs una <strong>multa de tr\u00e1fico un gasto deducible<\/strong> para el aut\u00f3nomo a la hora de pagar los impuestos?<\/p>\n<p>Para responder a esta cuesti\u00f3n hemos de saber que el \u00a0aut\u00f3nomo debe pagar el Impuesto sobre la Renta de las Personas F\u00edsicas (IRPF) que est\u00e1 relacionado con las rentas empresariales que obtiene por su actividad. Aunque tambi\u00e9n puede desarrollar su negocio a trav\u00e9s de una <a href=\"https:\/\/www.sage.com\/es-es\/blog\/la-relacion-entre-las-sociedades-mercantiles-y-sus-socios\/\">sociedad mercantil<\/a> y, en este caso, debe tributar a trav\u00e9s del Impuesto de Sociedades.<\/p>\n<blockquote><p><em>Pues bien, en ninguno de los dos supuestos es posible deducirse el gasto que supone una multa de tr\u00e1fico.<\/em><\/p><\/blockquote>\n<p>Realmente la ley no es tan espec\u00edfica a la hora de referirse a este tipo de sanciones. Si nos fijamos en el art\u00edculo 15 de <strong>la Ley del Impuesto de Sociedades <\/strong>(antes art\u00edculo 14), se hace referencia a esta cuesti\u00f3n y se habla de \u201cmultas y sanciones penales y administrativas, los recargos del per\u00edodo ejecutivo y el recargo por declaraci\u00f3n extempor\u00e1nea sin requerimiento previo\u201d.<\/p>\n<p>La normativa es bastante generalista pero existe un denominador com\u00fan que tiene que ver con los efectos sancionadores que se reflejan en ambos art\u00edculos, de \u00a0ah\u00ed que sea imposible la desgravaci\u00f3n fiscal.<\/p>\n<p>Efectivamente, se ha incumplido una norma,\u00a0 hay una sanci\u00f3n y eso es algo que no puede tener ning\u00fan tipo de <a href=\"https:\/\/www.sage.com\/es-es\/blog\/incentivos-fiscales-y-bonificaciones-en-el-impuesto-de-sociedades-por-idi\/\">ventaja fiscal ni para aut\u00f3nomos<\/a> ni para empresas ni tampoco para particulares.<\/p>\n<p>Por cierto, las multas de tr\u00e1fico (o multas en general) no son las \u00fanicas incluidas dentro del cap\u00edtulo de gastos \u2018no deducibles\u2019 por lo que, ante la duda, te sugerimos consultar <strong>con tu asesor\u00eda o despacho profesional.<\/strong><\/p>\n<\/div>\n<div class=\"single-cta\">\n\t<div class=\"single-cta__positioner\">\n\t\t<div class=\"single-cta__wrapper has-dark-background-color\">\n\t\t\t<div class=\"single-cta__content\">\n\t\t\t\t\t\t\t\t<h2 class=\"single-cta__title h3\">Subscr\u00edbete a la newsletter de Sage Advice<\/h2>\n\n\t\t\t\t\t\t\t\t\t<div class=\"single-cta__description\">\n\t\t\t\t\t\t<p>Recibe nuestros consejos m\u00e1s recientes directamente en la bandeja de entrada de tu correo electr\u00f3nico.<\/p>\n\t\t\t\t\t<\/div>\n\t\t\t\t\n\t\t\t\t\t\t\t\t\t\t\t\t\t\t<a\n\t\t\t\t\t\thref=\"#gate-263a5c00-99e4-4e71-8421-469deda8e674\"\n\t\t\t\t\t\tclass=\"single-cta__button button button--primary\"\n\t\t\t\t\t\t\t\t\t\t\t\t\t\t\t\t\t>Suscr\u00edbete<\/a>\n\t\t\t\t\t\t\t<\/div>\n\n\t\t\t\t\t<\/div>\n\n\t\t\t\t\t<img decoding=\"async\" width=\"1440\" height=\"810\" src=\"https:\/\/www.sage.com\/es-es\/blog\/wp-content\/uploads\/sites\/8\/2022\/04\/GettyImages-1171960556-1440x810.jpg\" class=\"single-cta__image\" alt=\"Sage\" loading=\"lazy\" srcset=\"https:\/\/www.sage.com\/es-es\/blog\/wp-content\/uploads\/sites\/8\/2022\/04\/GettyImages-1171960556-1440x810.jpg 1440w\" sizes=\"auto, (min-width: 48em) 33vw, 100vw\" \/>\t\t\t<\/div>\n<\/div>\n","protected":false},"excerpt":{"rendered":"<p>Es bastante habitual que entre los profesionales aut\u00f3nomos surjan muchas dudas relacionadas con aquellos conceptos [&hellip;]<\/p>\n","protected":false},"author":691,"featured_media":18031,"comment_status":"open","ping_status":"closed","sticky":false,"template":"","format":"standard","meta":{"_sage_video":false,"post_featured_image_hide":false,"footnotes":""},"categories":[6],"tags":[16,78,180],"business_type":[10],"lilypad":[],"context":[],"industry":[],"persona":[],"imagine_tag":[287],"coauthors":[758],"class_list":["post-13862","post","type-post","status-publish","format-standard","has-post-thumbnail","hentry","category-legal","tag-autonomos","tag-deducciones","tag-fiscalidad","business_type-pequena-empresa"],"sage_meta":{"region":"es-es","author_name":"Pilar Fern\u00e1ndez","featured_image":"https:\/\/www.sage.com\/es-es\/blog\/wp-content\/uploads\/sites\/8\/2021\/04\/GettyImages-670543392-2-1.jpg","imagine_tags":{"287":"Aut\u00f3nomos"}},"distributor_meta":false,"distributor_terms":false,"distributor_media":false,"distributor_original_site_name":"Sage Advice Espa\u00f1a","distributor_original_site_url":"https:\/\/www.sage.com\/es-es\/blog","push-errors":false,"_links":{"self":[{"href":"https:\/\/www.sage.com\/es-es\/blog\/api\/wp\/v2\/posts\/13862","targetHints":{"allow":["GET"]}}],"collection":[{"href":"https:\/\/www.sage.com\/es-es\/blog\/api\/wp\/v2\/posts"}],"about":[{"href":"https:\/\/www.sage.com\/es-es\/blog\/api\/wp\/v2\/types\/post"}],"author":[{"embeddable":true,"href":"https:\/\/www.sage.com\/es-es\/blog\/api\/wp\/v2\/users\/691"}],"replies":[{"embeddable":true,"href":"https:\/\/www.sage.com\/es-es\/blog\/api\/wp\/v2\/comments?post=13862"}],"version-history":[{"count":0,"href":"https:\/\/www.sage.com\/es-es\/blog\/api\/wp\/v2\/posts\/13862\/revisions"}],"wp:featuredmedia":[{"embeddable":true,"href":"https:\/\/www.sage.com\/es-es\/blog\/api\/wp\/v2\/media\/18031"}],"wp:attachment":[{"href":"https:\/\/www.sage.com\/es-es\/blog\/api\/wp\/v2\/media?parent=13862"}],"wp:term":[{"taxonomy":"category","embeddable":true,"href":"https:\/\/www.sage.com\/es-es\/blog\/api\/wp\/v2\/categories?post=13862"},{"taxonomy":"post_tag","embeddable":true,"href":"https:\/\/www.sage.com\/es-es\/blog\/api\/wp\/v2\/tags?post=13862"},{"taxonomy":"business_type","embeddable":true,"href":"https:\/\/www.sage.com\/es-es\/blog\/api\/wp\/v2\/business_type?post=13862"},{"taxonomy":"lilypad","embeddable":true,"href":"https:\/\/www.sage.com\/es-es\/blog\/api\/wp\/v2\/lilypad?post=13862"},{"taxonomy":"context","embeddable":true,"href":"https:\/\/www.sage.com\/es-es\/blog\/api\/wp\/v2\/context?post=13862"},{"taxonomy":"industry","embeddable":true,"href":"https:\/\/www.sage.com\/es-es\/blog\/api\/wp\/v2\/industry?post=13862"},{"taxonomy":"persona","embeddable":true,"href":"https:\/\/www.sage.com\/es-es\/blog\/api\/wp\/v2\/persona?post=13862"},{"taxonomy":"imagine_tag","embeddable":true,"href":"https:\/\/www.sage.com\/es-es\/blog\/api\/wp\/v2\/imagine_tag?post=13862"},{"taxonomy":"author","embeddable":true,"href":"https:\/\/www.sage.com\/es-es\/blog\/api\/wp\/v2\/coauthors?post=13862"}],"curies":[{"name":"wp","href":"https:\/\/api.w.org\/{rel}","templated":true}]}}