{"id":13877,"date":"2018-10-22T00:00:29","date_gmt":"2018-10-21T22:00:29","guid":{"rendered":"https:\/\/sage.prag\/es-es\/blog\/?p=13877"},"modified":"2026-02-04T18:34:05","modified_gmt":"2026-02-04T17:34:05","slug":"modificaciones-en-el-modelo-390-de-resumen-anual-de-iva","status":"publish","type":"post","link":"https:\/\/www.sage.com\/es-es\/blog\/modificaciones-en-el-modelo-390-de-resumen-anual-de-iva\/","title":{"rendered":"Conoce un poco m\u00e1s sobre el modelo 390 de resumen anual de IVA"},"content":{"rendered":"<header class=\"entry-header has-dark-background-color entry-header--has-illustration entry-header--has-illustration--generic\">\n\t<div class=\"container\">\n\t\t<div class=\"entry-header__row row align-center\">\n\t\t\t<div class=\"col col-lg-7 col-xlg-6 entry-header__content\">\n\t\t\t\t\t\t\t<div class=\"component component-single-header\">\n\t\t\t\t\t\t\t\t\t\t<div class=\"entry-header__misc text--subtitle text--uppercase text--small\">\n\t\t\t\t\t\t\t<a href=\"https:\/\/www.sage.com\/es-es\/blog\/categoria\/finanzas\/\" class=\"entry-header__link\">Finanzas<\/a>\t\t\t\t\t\t<\/div>\n\t\t\t\t\n\t\t\t\t<div class=\"entry-title-wrapper\">\n\t\t\t\t\t<h1 class=\"entry-title\">\n\t\t\t\t\t\tConoce un poco m\u00e1s sobre el modelo 390 de resumen anual de IVA\t\t\t\t\t<\/h1>\n\t\t\t\t<\/div>\n\n\t\t\t\t\t\t\t\t\t<p class=\"entry-header__description\">\n\t\t\t\t\t\t\t\t\t\t\t<\/p>\n\t\t\t\t\n\t\t\t\t\n\t\t\t\t\n\t\t\t<\/div>\n\n\t\t\t\t\t<\/div>\n\t\t\t\t\t<\/div>\n\t<\/div>\n\t<div class=\"single-post-details container\">\n\t\t<div class=\"col\">\n\t\t\t<span class=\"posted-on \"><time class=\"entry-date published\" datetime=\"2018-10-22T00:00:29+02:00\">22 October, 2018<\/time><\/span><span class=\"reading-time\"> minutos de lectura<\/span>\n\t\t<button\n\t\t\ttype=\"button\"\n\t\t\tclass=\"social-share-button button button--icon button--secondary js-social-share-button\"\n\t\t\tdata-share-title=\"Conoce un poco m\u00e1s sobre el modelo 390 de resumen anual de IVA\"\n\t\t\tdata-share-url=\"https:\/\/www.sage.com\/es-es\/blog\/modificaciones-en-el-modelo-390-de-resumen-anual-de-iva\/\"\n\t\t\tdata-share-text=\"Please read this interesting article\"\n\t\t>\n\t\t\t<span class=\"social-share-button__share-label\">Compartir<\/span>\n\t\t\t<span class=\"social-share-button__copy-label\" hidden>Copiar enlace<\/span>\n\t\t\t<span class=\"social-share-button__copy-tooltip\" aria-hidden=\"true\" hidden>Copiado<\/span>\n\t\t<\/button>\n\n\t\t\t\t<\/div>\n\t<\/div>\n<\/header>\n\n\n\n<div class=\"wp-block-post-author has-dark-background-color alignfull\">\n\t<div class=\"container\">\n\t\t<div class=\"col\">\n\t\t\t\t\t\t\t<div class=\"co-authors\">\n\t\t\t\t\t\n\t\t<div class=\"entry-author-wrapper\">\n\t\t\t<a class=\"entry-author\" href=\"https:\/\/www.sage.com\/es-es\/blog\/author\/juanandujar\/\">\n\t\t\t\t<img loading=\"lazy\" decoding=\"async\" width=\"40\" height=\"40\" src=\"https:\/\/www.sage.com\/es-es\/blog\/wp-content\/uploads\/sites\/8\/2018\/11\/Juan-Andujar.jpg\" class=\"entry-author__image\" alt=\"Sage\" \/>\t\t\t\t<span class=\"entry-author__name\">Juan A. And\u00fajar<\/span>\n\t\t\t<\/a>\n\n\t\t\t\t\t<\/div>\n\n\t\t\t\t\t\t<\/div>\n\t\t\t\t\t<\/div>\n\t<\/div>\n<\/div>\n<div class=\"sage-block-classic-wrapper\">\n\n<p>Hacemos un repaso al modelo 390<strong>, la declaraci\u00f3n resumen anual<\/strong> que, por regla general, deben presentar todos los profesionales aut\u00f3nomos cada mes de enero, bas\u00e1ndose en su actividad durante el a\u00f1o anterior.<!--more--><\/p>\n<p>Adem\u00e1s, no olvidemos que en los \u00faltimos a\u00f1os ha habido novedades a tener en cuenta:<\/p>\n<ol class=\"ordered-list-standard\">\n<li><strong>Apartado de identificaci\u00f3n<\/strong>: se incluyeron tres campos nuevos para indicar si el declarante ha sido declarado en concurso durante el ejercicio, si ha optado o no por la aplicaci\u00f3n del <a href=\"https:\/\/www.sage.com\/es-es\/blog\/diccionario-empresarial\/criterio-de-caja-en-el-iva\/\">R\u00e9gimen especial del Criterio de Caja<\/a> o si ha tenido o no la condici\u00f3n de destinatario de operaciones a las que se aplique este r\u00e9gimen especial.<\/li>\n<li><strong>Apartado de IVA Devengado<\/strong>: se incorpor\u00f3 el detalle de las operaciones en r\u00e9gimen especial del criterio de caja y casillas adicionales para identificar las modificaciones de bases y cuotas de operaciones intragrupo.<\/li>\n<li><strong>Apartado de IVA Deducible<\/strong>: se a\u00f1adieron nuevas casillas para identificar las rectificaciones de deducciones por operaciones intragrupo.<\/li>\n<li><strong>Apartado de Volumen de Operaciones<\/strong>: en relaci\u00f3n al r\u00e9gimen especial del Criterio de Caja, se deben incluir los importes correspondientes a las operaciones en este r\u00e9gimen.<\/li>\n<li><strong>Apartado de Operaciones Espec\u00edficas<\/strong>: se a\u00f1adieron casillas a cumplimentar por los que se hayan acogido al R\u00e9gimen especial Criterio de Caja en 2014, que deber\u00e1n consignar los importes de las bases y cuotas correspondientes a las operaciones de entregas de bienes y prestaciones de servicios a las que resulte de aplicaci\u00f3n el <a href=\"https:\/\/www.sage.com\/es-es\/blog\/la-gestion-de-la-doble-contabilidad-por-el-iva-de-caja\/\">IVA de caja<\/a> que se hubieran devengado, y casillas adicionales para que tanto los que han optado por el r\u00e9gimen especial del criterio de caja, como aquellos que han sido destinatarios de operaciones afectadas por el mismo, informen de los importes de las bases y cuotas correspondientes a las operaciones de adquisici\u00f3n de bienes y servicios a las que sea de aplicaci\u00f3n o afecte el IVA de caja como si a las mismas no les hubiera resultado de aplicaci\u00f3n el mismo.<\/li>\n<li><strong>Apartado de Devengo<\/strong>: se a\u00f1adi\u00f3 una casilla para identificar, en caso de presentar declaraci\u00f3n sustitutiva, si se trata de una declaraci\u00f3n sustitutiva motivada exclusivamente por la rectificaci\u00f3n de cuotas deducidas en autoliquidaciones del periodo objeto de declaraci\u00f3n por haber sido declarado en concurso mediante auto judicial.<\/li>\n<\/ol>\n<p>Cabe destacar que otra modificaci\u00f3n que afecta a este modelo es la <strong>exoneraci\u00f3n de la obligaci\u00f3n de presentar <\/strong><a href=\"https:\/\/www.sage.com\/es-es\/blog\/nueve-cosas-que-revisar-antes-de-presentar-la-liquidacion-de-iva-y-el-resumen-anual\/\">esta declaraci\u00f3n resumen anual a determinados sujetos<\/a> de los que la Administraci\u00f3n Tributaria posee informaci\u00f3n suficiente. Se trata, concretamente, de sujetos pasivos que realicen <strong>actividades en r\u00e9gimen simplificado del Impuesto sobre el Valor A\u00f1adido y\/o cuya actividad consista en operaciones de arrendamiento<\/strong> de bienes inmuebles de naturaleza urbana.<\/p>\n<p>En caso de quedar exonerado de presentar el modelo 390, se tendr\u00e1n que <strong>rellenar casillas adicionales en la \u00faltima declaraci\u00f3n trimestral del ejercicio, en el modelo 303<\/strong>, que tambi\u00e9n ha sido modificado a tal efecto.<\/p>\n<\/div>\n<div class=\"single-cta\">\n\t<div class=\"single-cta__positioner\">\n\t\t<div class=\"single-cta__wrapper has-dark-background-color\">\n\t\t\t<div class=\"single-cta__content\">\n\t\t\t\t\t\t\t\t<h2 class=\"single-cta__title h3\">Subscr\u00edbete a la newsletter de Sage Advice<\/h2>\n\n\t\t\t\t\t\t\t\t\t<div class=\"single-cta__description\">\n\t\t\t\t\t\t<p>Recibe nuestros consejos m\u00e1s recientes directamente en la bandeja de entrada de tu correo electr\u00f3nico.<\/p>\n\t\t\t\t\t<\/div>\n\t\t\t\t\n\t\t\t\t\t\t\t\t\t\t\t\t\t\t<a\n\t\t\t\t\t\thref=\"#gate-263a5c00-99e4-4e71-8421-469deda8e674\"\n\t\t\t\t\t\tclass=\"single-cta__button button button--primary\"\n\t\t\t\t\t\t\t\t\t\t\t\t\t\t\t\t\t>Suscr\u00edbete<\/a>\n\t\t\t\t\t\t\t<\/div>\n\n\t\t\t\t\t<\/div>\n\n\t\t\t\t\t<img decoding=\"async\" width=\"1440\" height=\"810\" src=\"https:\/\/www.sage.com\/es-es\/blog\/wp-content\/uploads\/sites\/8\/2022\/04\/GettyImages-1171960556-1440x810.jpg\" class=\"single-cta__image\" alt=\"Sage\" loading=\"lazy\" srcset=\"https:\/\/www.sage.com\/es-es\/blog\/wp-content\/uploads\/sites\/8\/2022\/04\/GettyImages-1171960556-1440x810.jpg 1440w\" sizes=\"auto, (min-width: 48em) 33vw, 100vw\" \/>\t\t\t<\/div>\n<\/div>\n","protected":false},"excerpt":{"rendered":"<p>Como consecuencia de las distintas medidas y cambios normativos que ha lanzado el Gobierno durante [&hellip;]<\/p>\n","protected":false},"author":690,"featured_media":8632,"comment_status":"open","ping_status":"closed","sticky":false,"template":"","format":"standard","meta":{"_sage_video":false,"post_featured_image_hide":false,"footnotes":""},"categories":[2],"tags":[16],"business_type":[10],"lilypad":[],"context":[],"industry":[],"persona":[],"imagine_tag":[287],"coauthors":[721],"class_list":["post-13877","post","type-post","status-publish","format-standard","has-post-thumbnail","hentry","category-finanzas","tag-autonomos","business_type-pequena-empresa"],"sage_meta":{"region":"es-es","author_name":"Juan A. And\u00fajar","featured_image":"https:\/\/www.sage.com\/es-es\/blog\/wp-content\/uploads\/sites\/8\/2017\/12\/ThinkstockPhotos-594460706.jpg","imagine_tags":{"287":"Aut\u00f3nomos"}},"distributor_meta":false,"distributor_terms":false,"distributor_media":false,"distributor_original_site_name":"Sage Advice Espa\u00f1a","distributor_original_site_url":"https:\/\/www.sage.com\/es-es\/blog","push-errors":false,"_links":{"self":[{"href":"https:\/\/www.sage.com\/es-es\/blog\/api\/wp\/v2\/posts\/13877","targetHints":{"allow":["GET"]}}],"collection":[{"href":"https:\/\/www.sage.com\/es-es\/blog\/api\/wp\/v2\/posts"}],"about":[{"href":"https:\/\/www.sage.com\/es-es\/blog\/api\/wp\/v2\/types\/post"}],"author":[{"embeddable":true,"href":"https:\/\/www.sage.com\/es-es\/blog\/api\/wp\/v2\/users\/690"}],"replies":[{"embeddable":true,"href":"https:\/\/www.sage.com\/es-es\/blog\/api\/wp\/v2\/comments?post=13877"}],"version-history":[{"count":0,"href":"https:\/\/www.sage.com\/es-es\/blog\/api\/wp\/v2\/posts\/13877\/revisions"}],"wp:featuredmedia":[{"embeddable":true,"href":"https:\/\/www.sage.com\/es-es\/blog\/api\/wp\/v2\/media\/8632"}],"wp:attachment":[{"href":"https:\/\/www.sage.com\/es-es\/blog\/api\/wp\/v2\/media?parent=13877"}],"wp:term":[{"taxonomy":"category","embeddable":true,"href":"https:\/\/www.sage.com\/es-es\/blog\/api\/wp\/v2\/categories?post=13877"},{"taxonomy":"post_tag","embeddable":true,"href":"https:\/\/www.sage.com\/es-es\/blog\/api\/wp\/v2\/tags?post=13877"},{"taxonomy":"business_type","embeddable":true,"href":"https:\/\/www.sage.com\/es-es\/blog\/api\/wp\/v2\/business_type?post=13877"},{"taxonomy":"lilypad","embeddable":true,"href":"https:\/\/www.sage.com\/es-es\/blog\/api\/wp\/v2\/lilypad?post=13877"},{"taxonomy":"context","embeddable":true,"href":"https:\/\/www.sage.com\/es-es\/blog\/api\/wp\/v2\/context?post=13877"},{"taxonomy":"industry","embeddable":true,"href":"https:\/\/www.sage.com\/es-es\/blog\/api\/wp\/v2\/industry?post=13877"},{"taxonomy":"persona","embeddable":true,"href":"https:\/\/www.sage.com\/es-es\/blog\/api\/wp\/v2\/persona?post=13877"},{"taxonomy":"imagine_tag","embeddable":true,"href":"https:\/\/www.sage.com\/es-es\/blog\/api\/wp\/v2\/imagine_tag?post=13877"},{"taxonomy":"author","embeddable":true,"href":"https:\/\/www.sage.com\/es-es\/blog\/api\/wp\/v2\/coauthors?post=13877"}],"curies":[{"name":"wp","href":"https:\/\/api.w.org\/{rel}","templated":true}]}}