{"id":13933,"date":"2018-11-04T00:00:39","date_gmt":"2018-11-03T22:00:39","guid":{"rendered":"https:\/\/sage.prag\/es-es\/blog\/?p=13933"},"modified":"2026-02-04T18:30:19","modified_gmt":"2026-02-04T17:30:19","slug":"facturar-con-recargo-de-equivalencia","status":"publish","type":"post","link":"https:\/\/www.sage.com\/es-es\/blog\/facturar-con-recargo-de-equivalencia\/","title":{"rendered":"C\u00f3mo facturar con recargo de equivalencia"},"content":{"rendered":"<header class=\"entry-header has-dark-background-color entry-header--has-illustration entry-header--has-illustration--generic\">\n\t<div class=\"container\">\n\t\t<div class=\"entry-header__row row align-center\">\n\t\t\t<div class=\"col col-lg-7 col-xlg-6 entry-header__content\">\n\t\t\t\t\t\t\t<div class=\"component component-single-header\">\n\t\t\t\t\t\t\t\t\t\t<div class=\"entry-header__misc text--subtitle text--uppercase text--small\">\n\t\t\t\t\t\t\t<a href=\"https:\/\/www.sage.com\/es-es\/blog\/categoria\/estrategia-gestion\/\" class=\"entry-header__link\">Estrategia y Gesti\u00f3n<\/a>\t\t\t\t\t\t<\/div>\n\t\t\t\t\n\t\t\t\t<div class=\"entry-title-wrapper\">\n\t\t\t\t\t<h1 class=\"entry-title\">\n\t\t\t\t\t\tC\u00f3mo facturar con recargo de equivalencia\t\t\t\t\t<\/h1>\n\t\t\t\t<\/div>\n\n\t\t\t\t\t\t\t\t\t<p class=\"entry-header__description\">\n\t\t\t\t\t\t\t\t\t\t\t<\/p>\n\t\t\t\t\n\t\t\t\t\n\t\t\t\t\n\t\t\t<\/div>\n\n\t\t\t\t\t<\/div>\n\t\t\t\t\t<\/div>\n\t<\/div>\n\t<div class=\"single-post-details container\">\n\t\t<div class=\"col\">\n\t\t\t<span class=\"posted-on \"><time class=\"entry-date published\" datetime=\"2018-11-04T00:00:39+01:00\">4 November, 2018<\/time><\/span><span class=\"reading-time\"> minutos de lectura<\/span>\n\t\t<button\n\t\t\ttype=\"button\"\n\t\t\tclass=\"social-share-button button button--icon button--secondary js-social-share-button\"\n\t\t\tdata-share-title=\"C\u00f3mo facturar con recargo de equivalencia\"\n\t\t\tdata-share-url=\"https:\/\/www.sage.com\/es-es\/blog\/facturar-con-recargo-de-equivalencia\/\"\n\t\t\tdata-share-text=\"Please read this interesting article\"\n\t\t>\n\t\t\t<span class=\"social-share-button__share-label\">Compartir<\/span>\n\t\t\t<span class=\"social-share-button__copy-label\" hidden>Copiar enlace<\/span>\n\t\t\t<span class=\"social-share-button__copy-tooltip\" aria-hidden=\"true\" hidden>Copiado<\/span>\n\t\t<\/button>\n\n\t\t\t\t<\/div>\n\t<\/div>\n<\/header>\n\n\n\n<div class=\"wp-block-post-author has-dark-background-color alignfull\">\n\t<div class=\"container\">\n\t\t<div class=\"col\">\n\t\t\t\t\t\t\t<div class=\"co-authors\">\n\t\t\t\t\t\n\t\t<div class=\"entry-author-wrapper\">\n\t\t\t<a class=\"entry-author\" href=\"https:\/\/www.sage.com\/es-es\/blog\/author\/juanandujar\/\">\n\t\t\t\t<img loading=\"lazy\" decoding=\"async\" width=\"40\" height=\"40\" src=\"https:\/\/www.sage.com\/es-es\/blog\/wp-content\/uploads\/sites\/8\/2018\/11\/Juan-Andujar.jpg\" class=\"entry-author__image\" alt=\"Sage\" \/>\t\t\t\t<span class=\"entry-author__name\">Juan A. And\u00fajar<\/span>\n\t\t\t<\/a>\n\n\t\t\t\t\t<\/div>\n\n\t\t\t\t\t\t<\/div>\n\t\t\t\t\t<\/div>\n\t<\/div>\n<\/div>\n<div class=\"sage-block-classic-wrapper\">\n\n<ul>\n<li>Una de las obligaciones m\u00e1s importantes que tendr\u00e1s como aut\u00f3nomo es pagar impuestos como el IRPF o el IVA.<\/li>\n<li>En el IVA existen varias modalidades entre las que destaca el recargo de equivalencia. Te contamos a qui\u00e9n se aplica y c\u00f3mo funciona.<\/li>\n<\/ul>\n<p>Cuando <a href=\"https:\/\/www.sage.com\/es-es\/blog\/como-crear-un-negocio-en-un-fin-de-semana-con-tan-solo-una-idea-y-un-telefono-movil\/\">abres un negocio como aut\u00f3nomo<\/a> surgen muchas dudas en cuanto a impuestos a pagar y es fundamental tenerlo claro para evitar errores y sanciones de Hacienda.<!--more--><\/p>\n<p>En este post nos vamos a centrar en el<a href=\"https:\/\/www.sage.com\/es-es\/blog\/que-es-el-recargo-de-equivalencia-y-como-funciona\/\"> recargo de equivalencia<\/a>, para que sepas si te corresponde tributar por ese r\u00e9gimen y las ventajas e inconvenientes que tiene.<\/p>\n<h2><strong>\u00bfA qui\u00e9n se aplica el recargo de equivalencia?<\/strong><\/h2>\n<p>El r\u00e9gimen especial del IVA del recargo de equivalencia se aplica a <strong>comerciantes minoristas, personas f\u00edsicas o comunidades de bienes<\/strong>, salvo si comercializan alguno de los siguientes productos:<\/p>\n<ul>\n<li>Veh\u00edculos.<\/li>\n<li>Aviones, avionetas, veleros.<\/li>\n<li>Accesorios y piezas de los dos anteriores.<\/li>\n<li>Joyas y piedras preciosas.<\/li>\n<li>Pieles de car\u00e1cter suntuario, salvo bolsos.<\/li>\n<li>Objetos de arte originales o antig\u00fcedades.<\/li>\n<li>Bienes que hayan sido utilizados por el sujeto pasivo o por terceros antes de la transmisi\u00f3n.<\/li>\n<li>Aparatos para la avicultura o apicultura.<\/li>\n<li>Productos petrol\u00edferos.<\/li>\n<li>Maquinaria industrial.<\/li>\n<li>Materiales para la construcci\u00f3n de edificaciones.<\/li>\n<li>Minerales, salvo el carb\u00f3n.<\/li>\n<li>Hierro y acero.<\/li>\n<li><\/li>\n<\/ul>\n<p>La Agencia Tributaria entiende que <strong>son comerciantes minoristas los que venden bienes muebles o semimovientes <\/strong>sin haberlos fabricado, elaborado o manufacturado.<\/p>\n<p>En el caso en que m\u00e1s del 20% de tu <a href=\"https:\/\/www.sage.com\/es-es\/blog\/programa-de-facturacion-como-saber-cual-elegir\/\">facturaci\u00f3n<\/a> la realices a aut\u00f3nomos o empresas, no es necesario que est\u00e9s dado de alta en este r\u00e9gimen.<\/p>\n<h2><strong>\u00bfEn qu\u00e9 consiste el recargo de equivalencia?<\/strong><\/h2>\n<p>SI tributas por el recargo de equivalencia tendr\u00e1s que pagar un IVA un poco m\u00e1s alto, pero, a cambio, no tendr\u00e1s obligaci\u00f3n de presentar las declaraciones de IVA.<\/p>\n<p>El <strong>recargo<\/strong> a aplicar ser\u00e1 el siguiente:<\/p>\n<ul>\n<li>En el caso de art\u00edculos a los que se aplica un tipo general de IVA del 21% el recargo es del 5,2%.<\/li>\n<li>En el caso del tipo reducido del 10%, el recargo es del 1,4%.<\/li>\n<li>Para el tipo superreducido del 4%, el recargo es del 0,9%.<\/li>\n<\/ul>\n<h2><strong>\u00bfQu\u00e9 obligaciones debes cumplir y cu\u00e1les no si tributas por este r\u00e9gimen?<\/strong><\/h2>\n<p>Las obligaciones que deber\u00e1s cumplir y las que no, si tributas por el recargo de equivalencia son las siguientes:<\/p>\n<ul>\n<li>Deber\u00e1s <strong>acreditar ante tus proveedores<\/strong> o ante la aduana (si realizas adquisiciones intracomunitarias) que est\u00e1s sometido a este r\u00e9gimen.<\/li>\n<li><strong>No debes llevar libros<\/strong>, salvo que hagas actividades en otros reg\u00edmenes distintos. En este supuesto deber\u00e1s llevar un libro registro de facturas recibidas con separaci\u00f3n de las que se aplique el recargo de equivalencia.<\/li>\n<li><strong>No deber\u00e1s presentar declaraciones de IVA<\/strong>, salvo que realices adquisiciones intracomunitarias, operaciones en las que se produzca la inversi\u00f3n del sujeto pasivo o entregas de inmuebles sujetas y no exentas de IVA. En estos casos tendr\u00e1s que presentar el modelo 309 \u201cdeclaraci\u00f3n no peri\u00f3dica\u201d.<\/li>\n<li>En el caso en que realices entregas de bienes a viajeros con <strong>derecho a devoluci\u00f3n del IVA,<\/strong> deber\u00e1s presentar el modelo 308 de \u201csolicitud de devoluci\u00f3n de recargo de equivalencia\u201d.<\/li>\n<\/ul>\n<h2><strong>\u00bfC\u00f3mo se factura con el r\u00e9gimen del recargo de equivalencia?<\/strong><\/h2>\n<p>En cuanto a las <a href=\"https:\/\/www.sage.com\/es-es\/blog\/diferencias-entre-presupuestos-albaranes-y-facturas\/\">facturas<\/a>, la obligaci\u00f3n de incluir el recargo la tendr\u00e1, por un lado, el proveedor que te facture. Deber\u00e1s acreditar, tal y como hemos visto antes, que est\u00e1s sujeto a este r\u00e9gimen especial. Por otro lado, si eres t\u00fa quien factura deber\u00e1s a\u00f1adir el recargo de equivalencia en funci\u00f3n del tipo de IVA, tal y como hemos detallado antes.<\/p>\n<p>Para poder aplicarlo de forma autom\u00e1tica puedes contar con un <a href=\"https:\/\/www.sage.com\/es-es\/software-facturacion\/\"><strong>programa de facturaci\u00f3n online <\/strong><\/a>que te permite aplicarlo cuando factures a comerciantes minoristas aut\u00f3nomos.<\/p>\n<p>B\u00e1sicamente los datos de la factura ser\u00e1n los siguientes:<\/p>\n<ul>\n<li>Fecha de la factura.<\/li>\n<li>Datos de la persona a la que facturas (nombre completo, NIF y direcci\u00f3n).<\/li>\n<li>Datos del aut\u00f3nomo o comunidad de bienes (nombre completo, NIF y direcci\u00f3n).<\/li>\n<li>Concepto de la factura.<\/li>\n<li>Base imponible.<\/li>\n<li>Porcentaje de IVA aplicable.<\/li>\n<li>Recargo de equivalencia que corresponde a ese porcentaje de IVA.<\/li>\n<li>Total de la factura.<\/li>\n<li>Forma de pago (transferencia, efectivo, cheque etc.). Si se paga mediante transferencia, se deber\u00e1 incluir el n\u00famero de cuenta con el IBAN.<\/li>\n<li>Plazo de pago.<\/li>\n<\/ul>\n<h2><strong>Ventajas y desventajas del recargo de equivalencia<\/strong><\/h2>\n<p>Este r\u00e9gimen tiene una serie de <strong>ventajas y desventaja<\/strong>s que te describimos a continuaci\u00f3n:<\/p>\n<p><strong>Ventajas<\/strong>:<\/p>\n<ul>\n<li>No deber\u00e1s presentar <a href=\"https:\/\/www.sage.com\/es-es\/blog\/declaraciones-trimestrales-mejor-momento-revisar-crecimiento-empresa\/\">declaraciones de IVA<\/a>, ni trimestrales ni anuales.<\/li>\n<li>No tendr\u00e1s que llevar los libros de IVA, salvo la excepci\u00f3n que hemos visto.<\/li>\n<\/ul>\n<p><strong>Desventajas<\/strong>:<\/p>\n<ul>\n<li>Al no hacer declaraciones de IVA, el IVA que corresponda a los <a href=\"https:\/\/www.sage.com\/es-es\/blog\/gastos-del-autonomo-guia-definitiva-para-reducirlos-y-ahorrar\/\">gastos de tu negocio<\/a>, no te lo puedes deducir.<\/li>\n<li>Si eres aut\u00f3nomo y abres un negocio, no podr\u00e1s deducirte lo que inviertas en la adquisici\u00f3n de inmovilizado, por lo que tendr\u00e1s que estudiar la situaci\u00f3n con tu asesor fiscal para valorar si es mejor crear una sociedad limitada.<\/li>\n<\/ul>\n<p>Tal y como has visto, debes tener muy claro si tributas o no por el r\u00e9gimen de recargo de equivalencia y cu\u00e1les son sus ventajas e inconvenientes. Adem\u00e1s, para evitar errores, puedes utilizar un <a href=\"https:\/\/www.sage.com\/es-es\/software-facturacion\/\">software de facturaci\u00f3n online<\/a> que lo aplique autom\u00e1ticamente.<\/p>\n<\/div>\n<div class=\"single-cta\">\n\t<div class=\"single-cta__positioner\">\n\t\t<div class=\"single-cta__wrapper has-dark-background-color\">\n\t\t\t<div class=\"single-cta__content\">\n\t\t\t\t\t\t\t\t<h2 class=\"single-cta__title h3\">Subscr\u00edbete a la newsletter de Sage Advice<\/h2>\n\n\t\t\t\t\t\t\t\t\t<div class=\"single-cta__description\">\n\t\t\t\t\t\t<p>Recibe nuestros consejos m\u00e1s recientes directamente en la bandeja de entrada de tu correo electr\u00f3nico.<\/p>\n\t\t\t\t\t<\/div>\n\t\t\t\t\n\t\t\t\t\t\t\t\t\t\t\t\t\t\t<a\n\t\t\t\t\t\thref=\"#gate-263a5c00-99e4-4e71-8421-469deda8e674\"\n\t\t\t\t\t\tclass=\"single-cta__button button button--primary\"\n\t\t\t\t\t\t\t\t\t\t\t\t\t\t\t\t\t>Suscr\u00edbete<\/a>\n\t\t\t\t\t\t\t<\/div>\n\n\t\t\t\t\t<\/div>\n\n\t\t\t\t\t<img decoding=\"async\" width=\"1440\" height=\"810\" src=\"https:\/\/www.sage.com\/es-es\/blog\/wp-content\/uploads\/sites\/8\/2022\/04\/GettyImages-1171960556-1440x810.jpg\" class=\"single-cta__image\" alt=\"Sage\" loading=\"lazy\" srcset=\"https:\/\/www.sage.com\/es-es\/blog\/wp-content\/uploads\/sites\/8\/2022\/04\/GettyImages-1171960556-1440x810.jpg 1440w\" sizes=\"auto, (min-width: 48em) 33vw, 100vw\" \/>\t\t\t<\/div>\n<\/div>\n","protected":false},"excerpt":{"rendered":"<p>Si eres proveedor de un comerciante minorista, es muy probable que tengas que incluir en [&hellip;]<\/p>\n","protected":false},"author":690,"featured_media":14196,"comment_status":"open","ping_status":"closed","sticky":false,"template":"","format":"standard","meta":{"_sage_video":false,"post_featured_image_hide":false,"footnotes":""},"categories":[3],"tags":[16],"business_type":[10],"lilypad":[],"context":[],"industry":[],"persona":[],"imagine_tag":[287],"coauthors":[721],"class_list":["post-13933","post","type-post","status-publish","format-standard","has-post-thumbnail","hentry","category-estrategia-gestion","tag-autonomos","business_type-pequena-empresa"],"sage_meta":{"region":"es-es","author_name":"Juan A. And\u00fajar","featured_image":"https:\/\/www.sage.com\/es-es\/blog\/wp-content\/uploads\/sites\/8\/2018\/12\/1675x1225-1.jpg","imagine_tags":{"287":"Aut\u00f3nomos"}},"distributor_meta":false,"distributor_terms":false,"distributor_media":false,"distributor_original_site_name":"Sage Advice Espa\u00f1a","distributor_original_site_url":"https:\/\/www.sage.com\/es-es\/blog","push-errors":false,"_links":{"self":[{"href":"https:\/\/www.sage.com\/es-es\/blog\/api\/wp\/v2\/posts\/13933","targetHints":{"allow":["GET"]}}],"collection":[{"href":"https:\/\/www.sage.com\/es-es\/blog\/api\/wp\/v2\/posts"}],"about":[{"href":"https:\/\/www.sage.com\/es-es\/blog\/api\/wp\/v2\/types\/post"}],"author":[{"embeddable":true,"href":"https:\/\/www.sage.com\/es-es\/blog\/api\/wp\/v2\/users\/690"}],"replies":[{"embeddable":true,"href":"https:\/\/www.sage.com\/es-es\/blog\/api\/wp\/v2\/comments?post=13933"}],"version-history":[{"count":0,"href":"https:\/\/www.sage.com\/es-es\/blog\/api\/wp\/v2\/posts\/13933\/revisions"}],"wp:featuredmedia":[{"embeddable":true,"href":"https:\/\/www.sage.com\/es-es\/blog\/api\/wp\/v2\/media\/14196"}],"wp:attachment":[{"href":"https:\/\/www.sage.com\/es-es\/blog\/api\/wp\/v2\/media?parent=13933"}],"wp:term":[{"taxonomy":"category","embeddable":true,"href":"https:\/\/www.sage.com\/es-es\/blog\/api\/wp\/v2\/categories?post=13933"},{"taxonomy":"post_tag","embeddable":true,"href":"https:\/\/www.sage.com\/es-es\/blog\/api\/wp\/v2\/tags?post=13933"},{"taxonomy":"business_type","embeddable":true,"href":"https:\/\/www.sage.com\/es-es\/blog\/api\/wp\/v2\/business_type?post=13933"},{"taxonomy":"lilypad","embeddable":true,"href":"https:\/\/www.sage.com\/es-es\/blog\/api\/wp\/v2\/lilypad?post=13933"},{"taxonomy":"context","embeddable":true,"href":"https:\/\/www.sage.com\/es-es\/blog\/api\/wp\/v2\/context?post=13933"},{"taxonomy":"industry","embeddable":true,"href":"https:\/\/www.sage.com\/es-es\/blog\/api\/wp\/v2\/industry?post=13933"},{"taxonomy":"persona","embeddable":true,"href":"https:\/\/www.sage.com\/es-es\/blog\/api\/wp\/v2\/persona?post=13933"},{"taxonomy":"imagine_tag","embeddable":true,"href":"https:\/\/www.sage.com\/es-es\/blog\/api\/wp\/v2\/imagine_tag?post=13933"},{"taxonomy":"author","embeddable":true,"href":"https:\/\/www.sage.com\/es-es\/blog\/api\/wp\/v2\/coauthors?post=13933"}],"curies":[{"name":"wp","href":"https:\/\/api.w.org\/{rel}","templated":true}]}}