{"id":13935,"date":"2018-12-27T00:00:59","date_gmt":"2018-12-26T22:00:59","guid":{"rendered":"https:\/\/sage.prag\/es-es\/blog\/?p=13935"},"modified":"2026-02-04T18:22:03","modified_gmt":"2026-02-04T17:22:03","slug":"regimen-de-estimacion-directa-en-el-irpf","status":"publish","type":"post","link":"https:\/\/www.sage.com\/es-es\/blog\/regimen-de-estimacion-directa-en-el-irpf\/","title":{"rendered":"Qu\u00e9 es el R\u00e9gimen de Estimaci\u00f3n Directa en el IRPF"},"content":{"rendered":"<header class=\"entry-header has-dark-background-color entry-header--has-illustration entry-header--has-illustration--generic\">\n\t<div class=\"container\">\n\t\t<div class=\"entry-header__row row align-center\">\n\t\t\t<div class=\"col col-lg-7 col-xlg-6 entry-header__content\">\n\t\t\t\t\t\t\t<div class=\"component component-single-header\">\n\t\t\t\t\t\t\t\t\t\t<div class=\"entry-header__misc text--subtitle text--uppercase text--small\">\n\t\t\t\t\t\t\t<a href=\"https:\/\/www.sage.com\/es-es\/blog\/categoria\/estrategia-gestion\/\" class=\"entry-header__link\">Estrategia y Gesti\u00f3n<\/a>\t\t\t\t\t\t<\/div>\n\t\t\t\t\n\t\t\t\t<div class=\"entry-title-wrapper\">\n\t\t\t\t\t<h1 class=\"entry-title\">\n\t\t\t\t\t\tQu\u00e9 es el R\u00e9gimen de Estimaci\u00f3n Directa en el IRPF\t\t\t\t\t<\/h1>\n\t\t\t\t<\/div>\n\n\t\t\t\t\t\t\t\t\t<p class=\"entry-header__description\">\n\t\t\t\t\t\t\t\t\t\t\t<\/p>\n\t\t\t\t\n\t\t\t\t\n\t\t\t\t\n\t\t\t<\/div>\n\n\t\t\t\t\t<\/div>\n\t\t\t\t\t<\/div>\n\t<\/div>\n\t<div class=\"single-post-details container\">\n\t\t<div class=\"col\">\n\t\t\t<span class=\"posted-on \"><time class=\"entry-date published\" datetime=\"2018-12-27T00:00:59+01:00\">27 December, 2018<\/time><\/span><span class=\"reading-time\"> minutos de lectura<\/span>\n\t\t<button\n\t\t\ttype=\"button\"\n\t\t\tclass=\"social-share-button button button--icon button--secondary js-social-share-button\"\n\t\t\tdata-share-title=\"Qu\u00e9 es el R\u00e9gimen de Estimaci\u00f3n Directa en el IRPF\"\n\t\t\tdata-share-url=\"https:\/\/www.sage.com\/es-es\/blog\/regimen-de-estimacion-directa-en-el-irpf\/\"\n\t\t\tdata-share-text=\"Please read this interesting article\"\n\t\t>\n\t\t\t<span class=\"social-share-button__share-label\">Compartir<\/span>\n\t\t\t<span class=\"social-share-button__copy-label\" hidden>Copiar enlace<\/span>\n\t\t\t<span class=\"social-share-button__copy-tooltip\" aria-hidden=\"true\" hidden>Copiado<\/span>\n\t\t<\/button>\n\n\t\t\t\t<\/div>\n\t<\/div>\n<\/header>\n\n\n\n<div class=\"wp-block-post-author has-dark-background-color alignfull\">\n\t<div class=\"container\">\n\t\t<div class=\"col\">\n\t\t\t\t\t\t\t<div class=\"co-authors\">\n\t\t\t\t\t\n\t\t<div class=\"entry-author-wrapper\">\n\t\t\t<a class=\"entry-author\" href=\"https:\/\/www.sage.com\/es-es\/blog\/author\/juanandujar\/\">\n\t\t\t\t<img loading=\"lazy\" decoding=\"async\" width=\"40\" height=\"40\" src=\"https:\/\/www.sage.com\/es-es\/blog\/wp-content\/uploads\/sites\/8\/2018\/11\/Juan-Andujar.jpg\" class=\"entry-author__image\" alt=\"Sage\" \/>\t\t\t\t<span class=\"entry-author__name\">Juan A. And\u00fajar<\/span>\n\t\t\t<\/a>\n\n\t\t\t\t\t<\/div>\n\n\t\t\t\t\t\t<\/div>\n\t\t\t\t\t<\/div>\n\t<\/div>\n<\/div>\n<div class=\"sage-block-classic-wrapper\">\n\n<p>El sistema de <strong>estimaci\u00f3n directa <\/strong>es una forma de declarar el<strong> IRPF<\/strong> tomando en consideraci\u00f3n los ingresos anuales reales, es decir, la diferencia entre tus gastos y tus ventas. Y deben utilizar este sistema los <strong>aut\u00f3nomos<\/strong> que no est\u00e9n tributando en el sistema de m\u00f3dulos.<\/p>\n<blockquote><p><!--more--><\/p><\/blockquote>\n<p>Dentro de la <a href=\"https:\/\/www.sage.com\/es-es\/blog\/calcula-como-te-afecta-la-estimacion-directa-simplificada\/\">estimaci\u00f3n directa<\/a>, hay dos modalidades: <strong>normal y simplificada<\/strong>. Se podr\u00e1n acoger al m\u00e9todo de estimaci\u00f3n directa simplificada aquellos que facturen <strong>menos de 600.000<\/strong> euros al a\u00f1o, y esto evita bastantes tr\u00e1mites con Hacienda.<\/p>\n<p>El m\u00e9todo de estimaci\u00f3n directa simplificada del IRPF es el que utilizan la mayor\u00eda de los aut\u00f3nomos en Espa\u00f1a. No obstante, un aut\u00f3nomo puede renunciar a dicho r\u00e9gimen y acogerse al normal, aun cuando est\u00e9 por debajo de la facturaci\u00f3n mencionada.<\/p>\n<p>La cuota a pagar resulta de aplicar el 20% al <strong>rendimiento neto<\/strong> de la actividad. En general, el rendimiento neto se calcula por diferencia entre los ingresos computables y los gastos deducibles, aplicando, con algunas matizaciones, la normativa del Impuesto sobre Sociedades.<\/p>\n<p>En estimaci\u00f3n directa normal son de aplicaci\u00f3n los incentivos y est\u00edmulos a la inversi\u00f3n del <a href=\"https:\/\/www.sage.com\/es-es\/blog\/como-afecta-a-las-asociaciones-la-nueva-ley-del-impuesto-sobre-sociedades-y-deducciones-por-donacion\/\">Impuesto sobre Sociedades.<\/a><\/p>\n<p>En el caso de la estimaci\u00f3n directa simplificada, al c\u00e1lculo del rendimiento neto del m\u00e9todo normal, se le aplican las siguientes salvedades:<\/p>\n<ul class=\"custom-list\">\n<li>Las<strong> amortizaciones<\/strong> del inmovilizado material se practican de forma lineal, en funci\u00f3n de la tabla de amortizaci\u00f3n simplificada, especial para esta modalidad que se encuentra en la web de Hacienda.<\/li>\n<li>Las <strong>provisiones deducibles<\/strong> y los gastos de dif\u00edcil justificaci\u00f3n se cuantifican exclusivamente aplicando un 5 por 100 del rendimiento neto positivo, excluido este concepto. No obstante, no se aplicar\u00e1n cuando el contribuyente opte por aplicar la reducci\u00f3n por el ejercicio de actividades econ\u00f3micas.<\/li>\n<li>El <strong>rendimiento<\/strong> ser\u00e1 reducido en caso de irregularidad y si se cumplen los requisitos previstos ser\u00e1 minorado por la reducci\u00f3n prevista en el ejercicio de determinadas actividades econ\u00f3micas.<\/li>\n<\/ul>\n<p>La declaraci\u00f3n del IRPF seg\u00fan estimaci\u00f3n directa tendr\u00e1 que hacerse <strong>trimestralmente<\/strong> a trav\u00e9s del modelo 130, excepto los aut\u00f3nomos que hayan facturado m\u00e1s de un 70% con retenci\u00f3n, y as\u00ed lo hayan comunicado a la Agencia Tributaria con el modelo 036 o 037. El resumen anual de la declaraci\u00f3n se hace a trav\u00e9s del modelo 100 (La declaraci\u00f3n de la Renta) y est\u00e1n obligados a presentarla todos los aut\u00f3nomos, hayan tenido que presentar declaraci\u00f3n trimestral o no.<\/p>\n\n<div class=\"single-cta\">\n\t<div class=\"single-cta__positioner\">\n\t\t<div class=\"single-cta__wrapper has-dark-background-color\">\n\t\t\t<div class=\"single-cta__content\">\n\t\t\t\t\t\t\t\t<h2 class=\"single-cta__title h3\">Prueba Sage Contabilidad y Facturaci\u00f3n <\/h2>\n\n\t\t\t\t\t\t\t\t\t<div class=\"single-cta__description\">\n\t\t\t\t\t\t<p><strong>\u00a1ADAPTADO A FACTURA ELECTR\u00d3NICA !<\/strong><\/p>\n<ul>\n<li>Descubre c\u00f3mo tener tus facturas bajo control con el programa de facturaci\u00f3n adecuado:\n<ul>\n<li>Cobrar\u00e1s m\u00e1s r\u00e1pido tus facturas<\/li>\n<li>Reducir\u00e1s los errores en su elaboraci\u00f3n<\/li>\n<\/ul>\n<\/li>\n<\/ul>\n\t\t\t\t\t<\/div>\n\t\t\t\t\n\t\t\t\t\t\t\t\t\t\t\t\t\t\t<a\n\t\t\t\t\t\thref=\"https:\/\/www.sage.com\/es-es\/software-facturacion\/\"\n\t\t\t\t\t\tclass=\"single-cta__button button button--primary\"\n\t\t\t\t\t\t\t\t\t\t\t\t\tid=\"cta-id-14072\"\n\t\t\t\t\t\t\t\t\t\t\t\t\t\t\t\t\t\t\tdata-button-location=\"cta_box\"\n\t\t\t\t\t\t\t\t\t\t\t>M\u00e1s informaci\u00f3n<\/a>\n\t\t\t\t\t\t\t<\/div>\n\n\t\t\t\t\t<\/div>\n\n\t\t\t\t\t<img decoding=\"async\" width=\"1215\" height=\"810\" src=\"https:\/\/www.sage.com\/es-es\/blog\/wp-content\/uploads\/sites\/8\/2018\/11\/BrandShootUK_Dec2022_SmallAccounting_0416-original_low-1215x810.jpg\" class=\"single-cta__image\" alt=\"Sage\" loading=\"lazy\" srcset=\"https:\/\/www.sage.com\/es-es\/blog\/wp-content\/uploads\/sites\/8\/2018\/11\/BrandShootUK_Dec2022_SmallAccounting_0416-original_low-1215x810.jpg 1215w\" sizes=\"auto, (min-width: 48em) 33vw, 100vw\" \/>\t\t\t<\/div>\n<\/div>\n<\/div>","protected":false},"excerpt":{"rendered":"<p>El sistema de estimaci\u00f3n directa es una forma de declarar el IRPF tomando en consideraci\u00f3n [&hellip;]<\/p>\n","protected":false},"author":690,"featured_media":8632,"comment_status":"open","ping_status":"closed","sticky":false,"template":"","format":"standard","meta":{"_sage_video":false,"post_featured_image_hide":false,"footnotes":""},"categories":[3],"tags":[102,181,43],"business_type":[10,11],"lilypad":[],"context":[],"industry":[],"persona":[],"imagine_tag":[268],"coauthors":[721],"class_list":["post-13935","post","type-post","status-publish","format-standard","has-post-thumbnail","hentry","category-estrategia-gestion","tag-hacienda","tag-impuestos","tag-irpf","business_type-pequena-empresa","business_type-mediana-empresa"],"sage_meta":{"region":"es-es","author_name":"Juan A. And\u00fajar","featured_image":"https:\/\/www.sage.com\/es-es\/blog\/wp-content\/uploads\/sites\/8\/2017\/12\/ThinkstockPhotos-594460706.jpg","imagine_tags":{"268":"Impuestos"}},"distributor_meta":false,"distributor_terms":false,"distributor_media":false,"distributor_original_site_name":"Sage Advice Espa\u00f1a","distributor_original_site_url":"https:\/\/www.sage.com\/es-es\/blog","push-errors":false,"_links":{"self":[{"href":"https:\/\/www.sage.com\/es-es\/blog\/api\/wp\/v2\/posts\/13935","targetHints":{"allow":["GET"]}}],"collection":[{"href":"https:\/\/www.sage.com\/es-es\/blog\/api\/wp\/v2\/posts"}],"about":[{"href":"https:\/\/www.sage.com\/es-es\/blog\/api\/wp\/v2\/types\/post"}],"author":[{"embeddable":true,"href":"https:\/\/www.sage.com\/es-es\/blog\/api\/wp\/v2\/users\/690"}],"replies":[{"embeddable":true,"href":"https:\/\/www.sage.com\/es-es\/blog\/api\/wp\/v2\/comments?post=13935"}],"version-history":[{"count":0,"href":"https:\/\/www.sage.com\/es-es\/blog\/api\/wp\/v2\/posts\/13935\/revisions"}],"wp:featuredmedia":[{"embeddable":true,"href":"https:\/\/www.sage.com\/es-es\/blog\/api\/wp\/v2\/media\/8632"}],"wp:attachment":[{"href":"https:\/\/www.sage.com\/es-es\/blog\/api\/wp\/v2\/media?parent=13935"}],"wp:term":[{"taxonomy":"category","embeddable":true,"href":"https:\/\/www.sage.com\/es-es\/blog\/api\/wp\/v2\/categories?post=13935"},{"taxonomy":"post_tag","embeddable":true,"href":"https:\/\/www.sage.com\/es-es\/blog\/api\/wp\/v2\/tags?post=13935"},{"taxonomy":"business_type","embeddable":true,"href":"https:\/\/www.sage.com\/es-es\/blog\/api\/wp\/v2\/business_type?post=13935"},{"taxonomy":"lilypad","embeddable":true,"href":"https:\/\/www.sage.com\/es-es\/blog\/api\/wp\/v2\/lilypad?post=13935"},{"taxonomy":"context","embeddable":true,"href":"https:\/\/www.sage.com\/es-es\/blog\/api\/wp\/v2\/context?post=13935"},{"taxonomy":"industry","embeddable":true,"href":"https:\/\/www.sage.com\/es-es\/blog\/api\/wp\/v2\/industry?post=13935"},{"taxonomy":"persona","embeddable":true,"href":"https:\/\/www.sage.com\/es-es\/blog\/api\/wp\/v2\/persona?post=13935"},{"taxonomy":"imagine_tag","embeddable":true,"href":"https:\/\/www.sage.com\/es-es\/blog\/api\/wp\/v2\/imagine_tag?post=13935"},{"taxonomy":"author","embeddable":true,"href":"https:\/\/www.sage.com\/es-es\/blog\/api\/wp\/v2\/coauthors?post=13935"}],"curies":[{"name":"wp","href":"https:\/\/api.w.org\/{rel}","templated":true}]}}