{"id":13946,"date":"2018-12-30T00:00:34","date_gmt":"2018-12-29T22:00:34","guid":{"rendered":"https:\/\/sage.prag\/es-es\/blog\/?p=13946"},"modified":"2026-02-04T18:21:47","modified_gmt":"2026-02-04T17:21:47","slug":"para-que-sirve-el-modelo-303-obligacion-de-presentarlo","status":"publish","type":"post","link":"https:\/\/www.sage.com\/es-es\/blog\/para-que-sirve-el-modelo-303-obligacion-de-presentarlo\/","title":{"rendered":"Para qu\u00e9 sirve el Modelo 303. Obligaci\u00f3n de presentarlo"},"content":{"rendered":"<header class=\"entry-header has-dark-background-color entry-header--has-illustration entry-header--has-illustration--generic\">\n\t<div class=\"container\">\n\t\t<div class=\"entry-header__row row align-center\">\n\t\t\t<div class=\"col col-lg-7 col-xlg-6 entry-header__content\">\n\t\t\t\t\t\t\t<div class=\"component component-single-header\">\n\t\t\t\t\t\t\t\t\t\t<div class=\"entry-header__misc text--subtitle text--uppercase text--small\">\n\t\t\t\t\t\t\t<a href=\"https:\/\/www.sage.com\/es-es\/blog\/categoria\/estrategia-gestion\/\" class=\"entry-header__link\">Estrategia y Gesti\u00f3n<\/a>\t\t\t\t\t\t<\/div>\n\t\t\t\t\n\t\t\t\t<div class=\"entry-title-wrapper\">\n\t\t\t\t\t<h1 class=\"entry-title\">\n\t\t\t\t\t\tPara qu\u00e9 sirve el Modelo 303. Obligaci\u00f3n de presentarlo\t\t\t\t\t<\/h1>\n\t\t\t\t<\/div>\n\n\t\t\t\t\t\t\t\t\t<p class=\"entry-header__description\">\n\t\t\t\t\t\t\t\t\t\t\t<\/p>\n\t\t\t\t\n\t\t\t\t\n\t\t\t\t\n\t\t\t<\/div>\n\n\t\t\t\t\t<\/div>\n\t\t\t\t\t<\/div>\n\t<\/div>\n\t<div class=\"single-post-details container\">\n\t\t<div class=\"col\">\n\t\t\t<span class=\"posted-on \"><time class=\"entry-date published\" datetime=\"2018-12-30T00:00:34+01:00\">30 December, 2018<\/time><\/span><span class=\"reading-time\"> minutos de lectura<\/span>\n\t\t<button\n\t\t\ttype=\"button\"\n\t\t\tclass=\"social-share-button button button--icon button--secondary js-social-share-button\"\n\t\t\tdata-share-title=\"Para qu\u00e9 sirve el Modelo 303. Obligaci\u00f3n de presentarlo\"\n\t\t\tdata-share-url=\"https:\/\/www.sage.com\/es-es\/blog\/para-que-sirve-el-modelo-303-obligacion-de-presentarlo\/\"\n\t\t\tdata-share-text=\"Please read this interesting article\"\n\t\t>\n\t\t\t<span class=\"social-share-button__share-label\">Compartir<\/span>\n\t\t\t<span class=\"social-share-button__copy-label\" hidden>Copiar enlace<\/span>\n\t\t\t<span class=\"social-share-button__copy-tooltip\" aria-hidden=\"true\" hidden>Copiado<\/span>\n\t\t<\/button>\n\n\t\t\t\t<\/div>\n\t<\/div>\n<\/header>\n\n\n\n<div class=\"wp-block-post-author has-dark-background-color alignfull\">\n\t<div class=\"container\">\n\t\t<div class=\"col\">\n\t\t\t\t\t\t\t<div class=\"co-authors\">\n\t\t\t\t\t\n\t\t<div class=\"entry-author-wrapper\">\n\t\t\t<a class=\"entry-author\" href=\"https:\/\/www.sage.com\/es-es\/blog\/author\/pilarfernandez\/\">\n\t\t\t\t<img loading=\"lazy\" decoding=\"async\" width=\"40\" height=\"40\" src=\"https:\/\/www.sage.com\/es-es\/blog\/wp-content\/uploads\/sites\/8\/2019\/03\/Pilar-Fernandez-2-350x350.jpg\" class=\"entry-author__image\" alt=\"Sage\" srcset=\"https:\/\/www.sage.com\/es-es\/blog\/wp-content\/uploads\/sites\/8\/2019\/03\/Pilar-Fernandez-2-350x350.jpg 350w, https:\/\/www.sage.com\/es-es\/blog\/wp-content\/uploads\/sites\/8\/2019\/03\/Pilar-Fernandez-2.jpg 370w\" sizes=\"auto, (max-width: 40px) 100vw, 40px\" \/>\t\t\t\t<span class=\"entry-author__name\">Pilar Fern\u00e1ndez<\/span>\n\t\t\t<\/a>\n\n\t\t\t\t\t<\/div>\n\n\t\t\t\t\t\t<\/div>\n\t\t\t\t\t<\/div>\n\t<\/div>\n<\/div>\n<div class=\"sage-block-classic-wrapper\">\n\n<blockquote><p>El Modelo 303 es el que utilizan<strong> aut\u00f3nomos y empresas <\/strong>para pagar a Hacienda el <strong>IVA recaudado <\/strong>a trav\u00e9s de las facturas que han emitido<strong>.<\/strong> Se presenta en declaraciones trimestrales y al t\u00e9rmino del ejercicio, junto con el cuarto trimestre, se acompa\u00f1a de un resumen anual (<strong>Modelo 390<\/strong>).<\/p><\/blockquote>\n<p>El empresario o aut\u00f3nomo act\u00faa con este modelo como un mero<strong> recaudador,<\/strong> que cobra el impuesto al consumidor final para entregarlo a Hacienda. S\u00ed puede <strong>deducir<\/strong> de esa cantidad el<strong> IVA <\/strong>que a su vez ya ha <strong>pagado<\/strong> a otras empresas por la prestaci\u00f3n de bienes o servicios fiscalmente deducibles.<\/p>\n<p><!--more--><\/p>\n<p>La labor de simplificaci\u00f3n que est\u00e1 llevando a cabo la <strong>Agencia Tributaria ha eliminado otros modelos<\/strong> similares, los 310, 311, 370 y 371<strong>,<\/strong> y su espacio ha quedado cubierto por el <strong>Modelo 303<\/strong>.<\/p>\n<p>Es importante, por tanto, <strong>identificar <\/strong>bien tu situaci\u00f3n como<strong> contribuyente,<\/strong> es decir, indica claramente junto a tus datos si est\u00e1s en alguno de estos supuestos:<\/p>\n<ul class=\"unordered-list-standard padded-list\">\n<li>Inscrito en el registro de devoluci\u00f3n mensual.<\/li>\n<li>R\u00e9gimen simplificado.<\/li>\n<li>Autoliquidaci\u00f3n conjunta.<\/li>\n<li>Concurso de acreedores.<\/li>\n<li>R\u00e9gimen de IVA de caja.<\/li>\n<\/ul>\n<p>El resultado de esta declaraci\u00f3n puede ser:<\/p>\n<ul class=\"unordered-list-standard padded-list\">\n<li><strong>Positivo.<\/strong> Se paga al entregar el modelo.<\/li>\n<li><strong>Negativo a devolver.<\/strong> Si el contribuyente quiere recuperar la cantidad que ha pagado de m\u00e1s.<\/li>\n<li><strong>Negativo a compensar.<\/strong> Si el contribuyente decide dejar esa cantidad a cuenta para restarla de lo que tenga que pagar en los pr\u00f3ximos trimestres.<\/li>\n<li>Resultado cero. Cuando el resultado de la liquidaci\u00f3n sea cero.<\/li>\n<li>Sin actividad. Cuando no se hayan emitido ni soportado facturas en el periodo declarado.<\/li>\n<\/ul>\n<p>Seg\u00fan el supuesto de compensaci\u00f3n, <strong>si la declaraci\u00f3n es positiva y tienes cantidades a tu favor <\/strong>de trimestres anteriores, podr\u00e1s restarla y as\u00ed pagar menos o incluso seguir teniendo un saldo a tu favor.<\/p>\n<p>Si trabajas con un software de facturaci\u00f3n, tu gestor\u00eda puede hacer tu declaraci\u00f3n del<strong> IVA online <\/strong>a partir de los datos que vas consignando en el<strong> programa a lo largo del trimestre.<\/strong> Eso te ahorrar\u00e1 quebraderos de cabeza y las fuertes multas que te pueden llegar si te retrasas en la presentaci\u00f3n de tu <strong>Modelo 303<\/strong>.<\/p>\n<p>Si tu actividad profesional tiene obligaci\u00f3n de tributar con <strong>IVA,<\/strong> no olvides presentar tu <strong>Modelo 303<\/strong> al final de cada trimestre y su resumen anual al final del ejercicio, podr\u00e1s hacerlo con nuestra soluci\u00f3n de contabilidad y facturaci\u00f3n.<\/p>\n\n<div class=\"single-cta\">\n\t<div class=\"single-cta__positioner\">\n\t\t<div class=\"single-cta__wrapper has-dark-background-color\">\n\t\t\t<div class=\"single-cta__content\">\n\t\t\t\t\t\t\t\t<h2 class=\"single-cta__title h3\">Prueba Sage Contabilidad y Facturaci\u00f3n <\/h2>\n\n\t\t\t\t\t\t\t\t\t<div class=\"single-cta__description\">\n\t\t\t\t\t\t<p><strong>\u00a1ADAPTADO A FACTURA ELECTR\u00d3NICA !<\/strong><\/p>\n<ul>\n<li>Descubre c\u00f3mo tener tus facturas bajo control con el programa de facturaci\u00f3n adecuado:\n<ul>\n<li>Cobrar\u00e1s m\u00e1s r\u00e1pido tus facturas<\/li>\n<li>Reducir\u00e1s los errores en su elaboraci\u00f3n<\/li>\n<\/ul>\n<\/li>\n<\/ul>\n\t\t\t\t\t<\/div>\n\t\t\t\t\n\t\t\t\t\t\t\t\t\t\t\t\t\t\t<a\n\t\t\t\t\t\thref=\"https:\/\/www.sage.com\/es-es\/software-facturacion\/\"\n\t\t\t\t\t\tclass=\"single-cta__button button button--primary\"\n\t\t\t\t\t\t\t\t\t\t\t\t\tid=\"cta-id-14072\"\n\t\t\t\t\t\t\t\t\t\t\t\t\t\t\t\t\t\t\tdata-button-location=\"cta_box\"\n\t\t\t\t\t\t\t\t\t\t\t>M\u00e1s informaci\u00f3n<\/a>\n\t\t\t\t\t\t\t<\/div>\n\n\t\t\t\t\t<\/div>\n\n\t\t\t\t\t<img decoding=\"async\" width=\"1215\" height=\"810\" src=\"https:\/\/www.sage.com\/es-es\/blog\/wp-content\/uploads\/sites\/8\/2018\/11\/BrandShootUK_Dec2022_SmallAccounting_0416-original_low-1215x810.jpg\" class=\"single-cta__image\" alt=\"Sage\" loading=\"lazy\" srcset=\"https:\/\/www.sage.com\/es-es\/blog\/wp-content\/uploads\/sites\/8\/2018\/11\/BrandShootUK_Dec2022_SmallAccounting_0416-original_low-1215x810.jpg 1215w\" sizes=\"auto, (min-width: 48em) 33vw, 100vw\" \/>\t\t\t<\/div>\n<\/div>\n<\/div>","protected":false},"excerpt":{"rendered":"<p>El modelo 303 es el que utilizan aut\u00f3nomos y empresas para pagar a Hacienda el [&hellip;]<\/p>\n","protected":false},"author":691,"featured_media":6964,"comment_status":"open","ping_status":"closed","sticky":false,"template":"","format":"standard","meta":{"_sage_video":false,"post_featured_image_hide":false,"footnotes":""},"categories":[3],"tags":[102,181,195],"business_type":[10,11],"lilypad":[],"context":[],"industry":[],"persona":[],"imagine_tag":[268],"coauthors":[758],"class_list":["post-13946","post","type-post","status-publish","format-standard","has-post-thumbnail","hentry","category-estrategia-gestion","tag-hacienda","tag-impuestos","tag-modelo-303","business_type-pequena-empresa","business_type-mediana-empresa"],"sage_meta":{"region":"es-es","author_name":"Pilar Fern\u00e1ndez","featured_image":"https:\/\/www.sage.com\/es-es\/blog\/wp-content\/uploads\/sites\/8\/2017\/11\/1-noviembre-BusinessVoice-1675x1118.jpg","imagine_tags":{"268":"Impuestos"}},"distributor_meta":false,"distributor_terms":false,"distributor_media":false,"distributor_original_site_name":"Sage Advice Espa\u00f1a","distributor_original_site_url":"https:\/\/www.sage.com\/es-es\/blog","push-errors":false,"_links":{"self":[{"href":"https:\/\/www.sage.com\/es-es\/blog\/api\/wp\/v2\/posts\/13946","targetHints":{"allow":["GET"]}}],"collection":[{"href":"https:\/\/www.sage.com\/es-es\/blog\/api\/wp\/v2\/posts"}],"about":[{"href":"https:\/\/www.sage.com\/es-es\/blog\/api\/wp\/v2\/types\/post"}],"author":[{"embeddable":true,"href":"https:\/\/www.sage.com\/es-es\/blog\/api\/wp\/v2\/users\/691"}],"replies":[{"embeddable":true,"href":"https:\/\/www.sage.com\/es-es\/blog\/api\/wp\/v2\/comments?post=13946"}],"version-history":[{"count":0,"href":"https:\/\/www.sage.com\/es-es\/blog\/api\/wp\/v2\/posts\/13946\/revisions"}],"wp:featuredmedia":[{"embeddable":true,"href":"https:\/\/www.sage.com\/es-es\/blog\/api\/wp\/v2\/media\/6964"}],"wp:attachment":[{"href":"https:\/\/www.sage.com\/es-es\/blog\/api\/wp\/v2\/media?parent=13946"}],"wp:term":[{"taxonomy":"category","embeddable":true,"href":"https:\/\/www.sage.com\/es-es\/blog\/api\/wp\/v2\/categories?post=13946"},{"taxonomy":"post_tag","embeddable":true,"href":"https:\/\/www.sage.com\/es-es\/blog\/api\/wp\/v2\/tags?post=13946"},{"taxonomy":"business_type","embeddable":true,"href":"https:\/\/www.sage.com\/es-es\/blog\/api\/wp\/v2\/business_type?post=13946"},{"taxonomy":"lilypad","embeddable":true,"href":"https:\/\/www.sage.com\/es-es\/blog\/api\/wp\/v2\/lilypad?post=13946"},{"taxonomy":"context","embeddable":true,"href":"https:\/\/www.sage.com\/es-es\/blog\/api\/wp\/v2\/context?post=13946"},{"taxonomy":"industry","embeddable":true,"href":"https:\/\/www.sage.com\/es-es\/blog\/api\/wp\/v2\/industry?post=13946"},{"taxonomy":"persona","embeddable":true,"href":"https:\/\/www.sage.com\/es-es\/blog\/api\/wp\/v2\/persona?post=13946"},{"taxonomy":"imagine_tag","embeddable":true,"href":"https:\/\/www.sage.com\/es-es\/blog\/api\/wp\/v2\/imagine_tag?post=13946"},{"taxonomy":"author","embeddable":true,"href":"https:\/\/www.sage.com\/es-es\/blog\/api\/wp\/v2\/coauthors?post=13946"}],"curies":[{"name":"wp","href":"https:\/\/api.w.org\/{rel}","templated":true}]}}