{"id":14161,"date":"2018-12-11T14:21:24","date_gmt":"2018-12-11T12:21:24","guid":{"rendered":"https:\/\/www.sage.com\/es-es\/blog\/?p=14161"},"modified":"2026-03-13T13:34:01","modified_gmt":"2026-03-13T12:34:01","slug":"ley-organica-3-2018-de-5-de-diciembre-de-proteccion-de-datos-personales-y-garantia-de-los-derechos-digitales-lopdgdd","status":"publish","type":"post","link":"https:\/\/www.sage.com\/es-es\/blog\/ley-organica-3-2018-de-5-de-diciembre-de-proteccion-de-datos-personales-y-garantia-de-los-derechos-digitales-lopdgdd\/","title":{"rendered":"Ley Org\u00e1nica 3\/2018, de 5 de diciembre, de Protecci\u00f3n de Datos Personales y Garant\u00eda de los Derechos Digitales (LOPDGDD)"},"content":{"rendered":"<header class=\"entry-header has-dark-background-color entry-header--standard entry-header--has-illustration entry-header--has-illustration--standard\">\n\t<div class=\"container\">\n\t\t<div class=\"entry-header__row row align-center\">\n\t\t\t<div class=\"col col-lg-7 col-xlg-6 entry-header__content\">\n\t\t\t\t\t\t\t<div class=\"component component-single-header\">\n\t\t\t\t\t\t\t\t\t\t<div class=\"entry-header__misc text--subtitle text--uppercase text--small\">\n\t\t\t\t\t\t\t<a href=\"https:\/\/www.sage.com\/es-es\/blog\/categoria\/legal\/\" class=\"entry-header__link\">Legal<\/a>\t\t\t\t\t\t<\/div>\n\t\t\t\t\n\t\t\t\t<div class=\"entry-title-wrapper\">\n\t\t\t\t\t<h1 class=\"entry-title\">\n\t\t\t\t\t\tLey Org\u00e1nica 3\/2018, de 5 de diciembre, de Protecci\u00f3n de Datos Personales y Garant\u00eda de los Derechos Digitales (LOPDGDD)\t\t\t\t\t<\/h1>\n\t\t\t\t<\/div>\n\n\t\t\t\t\t\t\t\t\t<p class=\"entry-header__description\">\n\t\t\t\t\t\t\t\t\t\t\t<\/p>\n\t\t\t\t\n\t\t\t\t\n\t\t\t\t\n\t\t\t<\/div>\n\n\t\t\t\t\t<\/div>\n\t\t\t\t\t<\/div>\n\t<\/div>\n\t<div class=\"single-post-details container\">\n\t\t<div class=\"col\">\n\t\t\t<span class=\"posted-on \"><time class=\"entry-date published\" datetime=\"2018-12-11T14:21:24+01:00\">11 December, 2018<\/time><\/span><span class=\"reading-time\"> minutos de lectura<\/span>\n\t\t<button\n\t\t\ttype=\"button\"\n\t\t\tclass=\"social-share-button button button--icon button--secondary js-social-share-button\"\n\t\t\tdata-share-title=\"Ley Org\u00e1nica 3\/2018, de 5 de diciembre, de Protecci\u00f3n de Datos Personales y Garant\u00eda de los Derechos Digitales (LOPDGDD)\"\n\t\t\tdata-share-url=\"https:\/\/www.sage.com\/es-es\/blog\/ley-organica-3-2018-de-5-de-diciembre-de-proteccion-de-datos-personales-y-garantia-de-los-derechos-digitales-lopdgdd\/\"\n\t\t\tdata-share-text=\"Please read this interesting article\"\n\t\t>\n\t\t\t<span class=\"social-share-button__share-label\">Compartir<\/span>\n\t\t\t<span class=\"social-share-button__copy-label\" hidden>Copiar enlace<\/span>\n\t\t\t<span class=\"social-share-button__copy-tooltip\" aria-hidden=\"true\" hidden>Copiado<\/span>\n\t\t<\/button>\n\n\t\t\t\t<\/div>\n\t<\/div>\n<\/header>\n\n\n\n<div class=\"wp-block-post-author has-dark-background-color alignfull\">\n\t<div class=\"container\">\n\t\t<div class=\"col\">\n\t\t\t\t\t\t\t<div class=\"co-authors\">\n\t\t\t\t\t\n\t\t<div class=\"entry-author-wrapper\">\n\t\t\t<a class=\"entry-author\" href=\"https:\/\/www.sage.com\/es-es\/blog\/author\/pilar-villanueva\/\">\n\t\t\t\t<img loading=\"lazy\" decoding=\"async\" width=\"40\" height=\"40\" src=\"https:\/\/www.sage.com\/es-es\/blog\/wp-content\/uploads\/sites\/8\/2021\/11\/Pilar-Villanueva-Miniatura-350x350.jpeg\" class=\"entry-author__image\" alt=\"Sage\" \/>\t\t\t\t<span class=\"entry-author__name\">Pilar Villanueva<\/span>\n\t\t\t<\/a>\n\n\t\t\t\t\t<\/div>\n\n\t\t\t\t\t\t<\/div>\n\t\t\t\t\t<\/div>\n\t<\/div>\n<\/div>\n\n\n\n<p><strong>\u00bfA qu\u00e9 afecta?<\/strong><\/p>\n\n\n\n<p>A cualquier tratamiento total o parcialmente automatizado de datos personales y a los tratamientos no automatizado de datos personales contenidos o destinados a ser incluidos en un fichero.<\/p>\n\n\n\n<p><strong>\u00bfA qui\u00e9n afecta?<\/strong><\/p>\n\n\n\n<p>A todas las personas f\u00edsicas y jur\u00eddicas establecidas o no en territorio de la U.E. que traten datos personales de personas f\u00edsicas que se encuentren en la U.E.<\/p>\n\n\n\n<p><strong>\u00bfC\u00f3mo afecta?<\/strong><\/p>\n\n\n\n<p>Novedades incorporadas en LOPDGDD respecto al RGPD:<\/p>\n\n\n\n<h3 class=\"wp-block-heading\" id=\"h-titulo-1-testamento-digital\">T\u00cdTULO 1 &#8211; Testamento digital<\/h3>\n\n\n\n<ul class=\"wp-block-list\">\n<li>Se autoriza el derecho de acceso, rectificaci\u00f3n y supresi\u00f3n de los datos de personas fallecidas a familiares y herederos, personas o instituciones designadas por el fallecido.<\/li>\n\n\n\n<li>En caso de menores y personas con discapacidad se ampl\u00edan estas facultades a los representantes legales, Ministerio Fiscal y personas designadas para funciones de apoyo.<\/li>\n\n\n\n<li>Mediante real decreto se establecer\u00e1n los requisitos y condiciones que acrediten la validez y vigencia de estos derechos e instrucciones de la persona fallecida sobre el ejercicio de estos derechos.<\/li>\n<\/ul>\n\n\n\n<h3 class=\"wp-block-heading\" id=\"h-titulo-2-menores-de-edad\">T\u00cdTULO 2 &#8211; Menores de edad<\/h3>\n\n\n\n<ul class=\"wp-block-list\">\n<li>En relaci\u00f3n a los menores de edad se fija en 14 a\u00f1os la edad en la que las personas otorgan su consentimiento.<\/li>\n<\/ul>\n\n\n\n<h3 class=\"wp-block-heading\" id=\"h-titulo-3-tratamiento-de-datos-de-naturaleza-penal\">T\u00cdTULO 3 &#8211; Tratamiento de datos de naturaleza penal<\/h3>\n\n\n\n<ul class=\"wp-block-list\">\n<li>Fuera de los supuestos del RGPD, estos tratamientos de datos solo ser\u00e1n posibles cuando sean llevados a cabo por abogados y procuradores y tengan por objeto recoger informaci\u00f3n facilitada por sus clientes para el ejercicio de sus funciones.<\/li>\n<\/ul>\n\n\n\n<h3 class=\"wp-block-heading\" id=\"h-titulo-4-licitud-de-determinados-tratamientos\">T\u00cdTULO 4 &#8211; Licitud de determinados tratamientos<\/h3>\n\n\n\n<h4 class=\"wp-block-heading\" id=\"h-4-1-datos-de-contacto-de-funcion-o-puesto\">4.1. DATOS DE CONTACTO, DE FUNCI\u00d3N O PUESTO<\/h4>\n\n\n\n<ul class=\"wp-block-list\">\n<li>\n<ul class=\"wp-block-list\">\n<li>El tratamiento de los datos de contacto y los relativos a la funci\u00f3n o puesto desempe\u00f1ado de las personas f\u00edsicas que presten servicios en una persona jur\u00eddica y los datos de empresarios individuales y profesionales liberales, son l\u00edcitos en base al inter\u00e9s leg\u00edtimo del responsable del tratamiento o de un tercero cuando el tratamiento se refiera a datos necesarios para su localizaci\u00f3n profesional o la finalidad sea \u00fanicamente mantener relaciones de cualquier \u00edndole con la persona jur\u00eddica en la que la persona presta sus servicios.<\/li>\n\n\n\n<li>Los tratamientos anteriores son tambi\u00e9n leg\u00edtimos en base a una obligaci\u00f3n legal del responsable o encargado de tratamiento cuando \u00e9stos son un \u00f3rgano constitucional o con relevancia constitucional, instituci\u00f3n de las comunidades aut\u00f3nomas an\u00e1logas a los mismos, \u00f3rganos jurisdiccionales, AGE, ACCAA y entidades que integran la Administraci\u00f3n Local, organismos p\u00fablicos y entidades de Derecho p\u00fablico vinculadas o dependientes de las Administraciones P\u00fablicas, autoridades administrativas independientes, Banco de Espa\u00f1a, corporaciones de Derecho p\u00fablico cuando las finalidades del tratamiento se relacionen con el ejercicio de potestades de derecho p\u00fablico, fundaciones del sector p\u00fablico, Universidades P\u00fablicas, consorcios, grupos parlamentarios de las Cortes Generales y las Asambleas Legislativas auton\u00f3micas, as\u00ed como los grupos pol\u00edticos de las Corporaciones Locales.<\/li>\n<\/ul>\n<\/li>\n<\/ul>\n\n\n\n<h4 class=\"wp-block-heading\" id=\"h-4-2-sistemas-de-informacion-crediticia\">4.2. SISTEMAS DE INFORMACI\u00d3N CREDITICIA<\/h4>\n\n\n\n<ul class=\"wp-block-list\">\n<li>Se reducen a 5 a\u00f1os el per\u00edodo m\u00e1ximo de inclusi\u00f3n de las deudas<\/li>\n\n\n\n<li>Se excluye los importes inferiores a 50 euros sin embargo este importe puede actualizarse mediante real decreto.<\/li>\n\n\n\n<li>Solo quienes mantengan una relaci\u00f3n contractual con el deudor o \u00e9ste hubiera solicitado la celebraci\u00f3n de un contrato que implique financiaci\u00f3n, pago aplazado o facturaci\u00f3n peri\u00f3dica podr\u00e1n consultar los datos del deudor.<\/li>\n<\/ul>\n\n\n\n<h4 class=\"wp-block-heading\" id=\"h-4-3-operacion-de-modificacion-estructural-de-sociedades-o-aportacion-o-transmision-de-negocio-o-rama-de-actividad\">4.3. OPERACI\u00d3N DE MODIFICACI\u00d3N ESTRUCTURAL DE SOCIEDADES O APORTACI\u00d3N O TRANSMISI\u00d3N DE NEGOCIO O RAMA DE ACTIVIDAD<\/h4>\n\n\n\n<ul class=\"wp-block-list\">\n<li>Son l\u00edcitos los tratamientos de datos que se deriven de cualquier operaci\u00f3n de modificaci\u00f3n estructural de sociedades o aportaci\u00f3n o transmisi\u00f3n de negocio o rama de actividad empresarial cuando los tratamientos sean necesarios para el buen fin de la operaci\u00f3n y garanticen cuando sea el caso, la continuidad en la prestaci\u00f3n de servicios.<\/li>\n\n\n\n<li>La entidad cesionaria ha de suprimir los datos con car\u00e1cter inmediato sin aplicar la obligaci\u00f3n de bloqueo cuando la operaci\u00f3n no llegue a concluirse.<\/li>\n<\/ul>\n\n\n\n<h4 class=\"wp-block-heading\" id=\"h-4-4-captacion-de-imagenes\">4.4. CAPTACI\u00d3N DE IM\u00c1GENES<\/h4>\n\n\n\n<ul class=\"wp-block-list\">\n<li>Se permite la captaci\u00f3n de im\u00e1genes de la v\u00eda p\u00fablica a trav\u00e9s de c\u00e1maras o videoc\u00e1maras con la finalidad de preservar la seguridad de las personas, bienes e instalaciones cuando resulte imprescindible para esta finalidad.<\/li>\n\n\n\n<li>Esta captaci\u00f3n puede ampliarse a una extensi\u00f3n superior con el l\u00edmite de las im\u00e1genes del interior de un domicilio privado cuando fuese necesario para garantizar la seguridad de los bienes o instalaciones estrat\u00e9gicos o infraestructuras vinculadas al transporte.<\/li>\n\n\n\n<li>Estos datos han de ser suprimidos sin obligaci\u00f3n de bloqueo en el plazo de un mes desde su captaci\u00f3n excepto que estos datos hayan de ser conservados para acreditar la comisi\u00f3n de actos que atenten contra la integridad de las personas, bienes o instalaciones.<\/li>\n\n\n\n<li>En caso de obligaci\u00f3n de conservaci\u00f3n de los datos, en el plazo m\u00e1ximo de 72 horas desde que se tenga conocimiento de la existencia de la grabaci\u00f3n, han de ponerse a disposici\u00f3n de la autoridad competente.<\/li>\n<\/ul>\n\n\n\n<h4 class=\"wp-block-heading\" id=\"h-4-5-sistemas-de-informacion-generales-o-sectoriales\">4.5. SISTEMAS DE INFORMACI\u00d3N GENERALES O SECTORIALES<\/h4>\n\n\n\n<ul class=\"wp-block-list\">\n<li>Podr\u00e1n crearse sistemas de informaci\u00f3n generales o sectoriales que incluyan solo datos imprescindibles de personas f\u00edsicas que hayan manifestado su negativa u oposici\u00f3n a recibir comunicaciones comerciales.<\/li>\n\n\n\n<li>Obligaciones para los responsables:\n<ul class=\"wp-block-list\">\n<li>Informar a estas personas de los sistemas de exclusi\u00f3n publicitaria que existan.<\/li>\n\n\n\n<li>Consultar previamente los sistemas de exclusi\u00f3n publicitaria que puedan afectar a su actuaci\u00f3n cuando pretendan realizar comunicaciones de mercadotecnia directa excepto cuando el interesado hubiera prestado su consentimiento.<\/li>\n<\/ul>\n<\/li>\n<\/ul>\n\n\n\n<h4 class=\"wp-block-heading\" id=\"h-4-6-regulacion-de-un-mecanismo-de-denuncias-internas-anonimas-o-no\">4.6. REGULACI\u00d3N DE UN MECANISMO DE DENUNCIAS INTERNAS AN\u00d3NIMAS O NO<\/h4>\n\n\n\n<ul class=\"wp-block-list\">\n<li>Regulaci\u00f3n de un mecanismo de denuncias internas an\u00f3nimas o no que permite a las empresas poner en conocimiento de una entidad privada la comisi\u00f3n de actos o conductas que pudieran resultar contrarios a la normativa.<\/li>\n\n\n\n<li>El acceso a estos datos solo podr\u00e1 realizarse por quienes realicen funciones de control interno y de cumplimiento sin embargo cuando resulte necesario para la adopci\u00f3n de medidas disciplinarias o para la tramitaci\u00f3n de procedimientos judiciales tambi\u00e9n es l\u00edcito el acceso por parte de otras personas o incluso su comunicaci\u00f3n a terceros.<\/li>\n\n\n\n<li>Es obligaci\u00f3n de los responsables:\n<ul class=\"wp-block-list\">\n<li>Adoptar las medidas necesarias para preservar la identidad y confidencialidad de los datos de las personas afectadas y especialmente de la persona denunciante.<\/li>\n\n\n\n<li>Conservar los datos durante el tiempo imprescindible para la toma de decisiones.<\/li>\n\n\n\n<li>Suprimir los datos del sistema de denuncias a los tres meses desde la introducci\u00f3n de los datos excepto en caso que la finalidad de la conservaci\u00f3n sea dejar evidencia del funcionamiento del modelo de prevenci\u00f3n.<\/li>\n\n\n\n<li>Registrar de forma an\u00f3nima las denuncias que no se hayan dado curso.<\/li>\n\n\n\n<li>Suprimir los datos del sistema de denuncias sin obligaci\u00f3n de bloqueo cuando dichas denuncias no hayan sido cursadas.<\/li>\n<\/ul>\n<\/li>\n<\/ul>\n\n\n\n<h3 class=\"wp-block-heading\" id=\"h-titulo-5-registro-de-actividades-de-tratamiento\">T\u00cdTULO 5 &#8211; Registro de actividades de tratamiento<\/h3>\n\n\n\n<p>Obligaci\u00f3n del responsable o encargado:<\/p>\n\n\n\n<ul class=\"wp-block-list\">\n<li>Comunicar al D.P.D. (Delegado de Protecci\u00f3n de Datos) cualquier adici\u00f3n, modificaci\u00f3n o eliminaci\u00f3n en el contenido del registro.<\/li>\n\n\n\n<li>Los sujetos enumerados en el art\u00edculo 77.1 han de hacer p\u00fablico un inventario de sus actividades de tratamiento. Dicho registro ha de ser accesible por medios electr\u00f3nicos.<\/li>\n<\/ul>\n\n\n\n<h3 class=\"wp-block-heading\" id=\"h-titulo-6-bloqueo-de-datos\">T\u00cdTULO 6 &#8211; Bloqueo de datos<\/h3>\n\n\n\n<p>Obligaciones del responsable:<\/p>\n\n\n\n<ul class=\"wp-block-list\">\n<li>Bloquear los datos cuando \u00e9stos vayan a ser rectificados o suprimidos.<\/li>\n\n\n\n<li>Copiado seguro de los datos, la fecha de bloqueo y estar en disposici\u00f3n de acreditar la no manipulaci\u00f3n de los datos durante el per\u00edodo de bloqueo cuando la configuraci\u00f3n de los sistemas no lo permita o se requiera una adaptaci\u00f3n que implique un esfuerzo desproporcionado.<\/li>\n<\/ul>\n\n\n\n<p>La AEPD y las autoridades auton\u00f3micas de protecci\u00f3n de datos podr\u00e1n fijar excepciones a la obligaci\u00f3n de bloqueo en determinados supuestos.<\/p>\n\n\n\n<h3 class=\"wp-block-heading\" id=\"h-titulo-7-delegado-de-proteccion-de-datos-d-p-d\">T\u00cdTULO 7 &#8211; Delegado de Protecci\u00f3n de Datos (D.P.D.)<\/h3>\n\n\n\n<ul class=\"wp-block-list\">\n<li>Obligaci\u00f3n de responsables y encargados de tratamiento:\n<ul class=\"wp-block-list\">\n<li>Designar obligatoriamente un DPD en los supuestos del art\u00edculo 37.1 del PD y en todo caso cuando se trate de las entidades relacionadas en el art\u00edculo 34.1 de esta ley org\u00e1nica. En el resto de supuestos la designaci\u00f3n es voluntaria.<\/li>\n\n\n\n<li>Comunicar las designaciones, nombramientos y ceses de DPD en el plazo de 10 d\u00edas a la AEPD o autoridades auton\u00f3micas.<\/li>\n<\/ul>\n<\/li>\n\n\n\n<li>No podr\u00e1 ser removido ni sancionado por el responsable o el encargado por desempe\u00f1ar sus funciones salvo que incurra en dolo o negligencia grave en su ejercicio.<\/li>\n\n\n\n<li>Tendr\u00e1 acceso, en el ejercicio de sus funciones, a datos personales y procesos de tratamientos.<\/li>\n\n\n\n<li>Documentar\u00e1 y comunicar\u00e1 inmediatamente a los \u00f3rganos de la administraci\u00f3n y direcci\u00f3n del responsable o encargado cualquier vulneraci\u00f3n relevante en materia de protecci\u00f3n.<\/li>\n<\/ul>\n\n\n\n<h3 class=\"wp-block-heading\" id=\"h-titulo-8-codigos-de-conducta\">T\u00cdTULO 8 &#8211; C\u00f3digos de conducta<\/h3>\n\n\n\n<p>Su contenido, registro y especialidades de procedimiento de aprobaci\u00f3n de c\u00f3digos de conducta se establecer\u00e1 mediante real decreto.<\/p>\n\n\n\n<h3 class=\"wp-block-heading\" id=\"h-titulo-9-regimen-sancionador\">T\u00cdTULO 9 &#8211; R\u00e9gimen sancionador<\/h3>\n\n\n\n<p>En cuanto al r\u00e9gimen sancionador, la norma incorpora:<\/p>\n\n\n\n<ul class=\"wp-block-list\">\n<li>Sujetos responsables adem\u00e1s de los responsables y encargados de tratamientos, representantes de \u00e9stos no establecidos en territorio de la U.E.:\n<ul class=\"wp-block-list\">\n<li>Las entidades de certificaci\u00f3n.<\/li>\n\n\n\n<li>Las entidades acreditadas de supervisi\u00f3n de c\u00f3digos de conducta.<\/li>\n<\/ul>\n<\/li>\n<\/ul>\n\n\n\n<p>Excluye al D.P.D. de la aplicaci\u00f3n del r\u00e9gimen sancionador sino siempre los anteriores sujetos.<\/p>\n\n\n\n<ul class=\"wp-block-list\">\n<li>Infracciones:\n<ul class=\"wp-block-list\">\n<li>Definici\u00f3n y ejemplos de sanciones.<\/li>\n\n\n\n<li>Clasificaci\u00f3n:\n<ul class=\"wp-block-list\">\n<li>Muy graves. Prescriben a los 3 a\u00f1os.<\/li>\n\n\n\n<li>Graves. Prescriben a los 2 a\u00f1os.<\/li>\n\n\n\n<li>Leves. Prescriben al a\u00f1o.<\/li>\n<\/ul>\n<\/li>\n<\/ul>\n<\/li>\n<\/ul>\n\n\n\n<h3 class=\"wp-block-heading\" id=\"h-titulo-10-garantia-de-derechos-digitales\">T\u00cdTULO 10 &#8211; Garant\u00eda de derechos digitales<\/h3>\n\n\n\n<p>Un nuevo t\u00edtulo, X, que recoge los derechos aplicables a Internet, o derechos digitales:<\/p>\n\n\n\n<ul class=\"wp-block-list\">\n<li><br><h5>Derecho a la neutralidad de Internet.<\/h5><br><\/li>\n\n\n\n<li><br><h5>Derecho de acceso universal a Internet.<\/h5><br><\/li>\n\n\n\n<li><br><h5>Derecho a la seguridad digital.<\/h5><br><\/li>\n\n\n\n<li><br><h5>Derecho a la educaci\u00f3n digital.<\/h5><br><\/li>\n\n\n\n<li><br><h5>Protecci\u00f3n de los menores en Internet y protecci\u00f3n de datos de los menores en internet. En el plazo de un a\u00f1o desde el 7\/12\/18, se prev\u00e9 un proyecto de ley dirigido a garantizar los derechos de los menores ante el impacto de Internet.<\/h5><br><\/li>\n\n\n\n<li><br><h5>Derecho de rectificaci\u00f3n.<\/h5><br><\/li>\n\n\n\n<li><br><h5>Derecho a la actualizaci\u00f3n de informaciones en medio de comunicaci\u00f3n digitales.<\/h5><br><\/li>\n\n\n\n<li><h5>En el \u00e1mbito laboral:<\/h5>\n<ul class=\"wp-block-list\">\n<li><em><strong>Derecho a la intimidad y uso de dispositivos digitales.<\/strong><\/em>\n<ul class=\"wp-block-list\">\n<li>Limita al empleador el acceso a los contenidos por parte de los empleados en dos supuestos:\n<ul class=\"wp-block-list\">\n<li>Para controlar el cumplimiento de las obligaciones laborales.<\/li>\n\n\n\n<li>Para garantizar la integridad de los dispositivos que le facilita.<\/li>\n<\/ul>\n<\/li>\n\n\n\n<li>Es obligaci\u00f3n del empleador establecer criterios de uso de dispositivos digitales y obliga a los representantes los trabajadores a participar en su elaboraci\u00f3n.<\/li>\n<\/ul>\n<\/li>\n\n\n\n<li><em><strong>Derecho a la desconexi\u00f3n digital.<\/strong><\/em>\n<ul class=\"wp-block-list\">\n<li>Derecho de los trabajadores a la desconexi\u00f3n digital para garantizar su tiempo de descanso, su intimidad personal y familiar teniendo en cuenta la naturaleza y objeto de la relaci\u00f3n laboral y lo establecido en la negociaci\u00f3n colectiva o el acuerdo entre la empresa y los representantes de los trabajadores.<\/li>\n\n\n\n<li>Es un derecho sin precedente en la normativa espa\u00f1ola que obliga a la empresa:\n<ul class=\"wp-block-list\">\n<li>A definir las modalidades de ejercicio de este derecho<\/li>\n\n\n\n<li>Realizar acciones de formaci\u00f3n y sensibilizaci\u00f3n del personal sobre el uso de herramientas tecnol\u00f3gicas.<\/li>\n\n\n\n<li>Preservar este derecho en supuestos de teletrabajo total o parcial y en el domicilio del empleado.<\/li>\n<\/ul>\n<\/li>\n<\/ul>\n<\/li>\n\n\n\n<li><strong><em>Derecho a intimidad frente al uso de dispositivos de videovigilancia y grabaci\u00f3n de sonidos y utilizaci\u00f3n de sistemas de geolocalizaci\u00f3n.<\/em><\/strong>\n<ul class=\"wp-block-list\">\n<li>Los empleadores, con el fin de ejercer funciones de control de los trabajadores pueden tratar im\u00e1genes obtenidas a trav\u00e9s de c\u00e1maras y videoc\u00e1maras con los l\u00edmites inherentes al marco legal siempre que con car\u00e1cter previo cumplan con el deber de informar a los trabajadores acerca de esta medida.<\/li>\n\n\n\n<li>El deber de informar se except\u00faa cuando se haya captado la comisi\u00f3n flagrante de un acto il\u00edcito y existe al menos un dispositivo informativo.<\/li>\n\n\n\n<li>El uso de sistemas similares para la grabaci\u00f3n de sonidos en el lugar de trabajo solo se admitir\u00e1n cuando resulten relevantes los riesgos para la seguridad de las instalaciones, bienes y personas.<\/li>\n<\/ul>\n<\/li>\n\n\n\n<li><em><strong>Derechos digitales en la negociaci\u00f3n colectiva.<\/strong> <\/em>\n<ul class=\"wp-block-list\">\n<li>Se establece la conveniencia de establecer garant\u00edas adicionales de derechos y libertades relacionados con el tratamiento de datos personales de los trabajadores y la salvaguarda de derechos digitales por parte de los convenios colectivos.<\/li>\n<\/ul>\n<\/li>\n<\/ul>\n<\/li>\n\n\n\n<li><br><h5>Derecho al olvido y portabilidad.<\/h5><br><\/li>\n\n\n\n<li><br><h5>Derecho al testamento digital.<\/h5><br><\/li>\n\n\n\n<li><h5>C\u00f3mputo de plazos:<\/h5>\n<ul class=\"wp-block-list\">\n<li>Cuando los plazos se se\u00f1alen por d\u00edas, \u00e9stos son h\u00e1biles (se excluyen, s\u00e1bados, domingos y festivos).<\/li>\n\n\n\n<li>Si el plazo se fija en semanas, a\u00f1os o meses, concluir\u00e1 el mismo d\u00eda de la semana, a\u00f1o o mes que produjo el hecho. Si en el mes de vencimiento no hubiera d\u00eda equivalente se entender\u00e1 que el plazo expira el \u00faltimo d\u00eda del mes.<\/li>\n\n\n\n<li>Cuando el \u00faltimo d\u00eda del plazo sea inh\u00e1bil, el plazo es el primer d\u00eda h\u00e1bil siguiente.<\/li>\n<\/ul>\n<\/li>\n<\/ul>\n\n\n\n<p><strong>\u00bfCu\u00e1ndo afecta?<\/strong><\/p>\n\n\n\n<p>Desde el 7 de diciembre de 2018.<\/p>\n\n\n\n<h4 class=\"wp-block-heading\" id=\"h-contenido-al-completo-https-www-boe-es-boe-dias-2018-12-06-pdfs-boe-a-2018-16673-pdf\">CONTENIDO AL COMPLETO: <a href=\"https:\/\/www.boe.es\/boe\/dias\/2018\/12\/06\/pdfs\/BOE-A-2018-16673.pdf\" target=\"_blank\" rel=\"noopener noreferrer\">https:\/\/www.boe.es\/boe\/dias\/2018\/12\/06\/pdfs\/BOE-A-2018-16673.pdf<\/a><\/h4>\n","protected":false},"excerpt":{"rendered":"<p>\u00bfA qu\u00e9 afecta? A cualquier tratamiento total o parcialmente automatizado de datos personales y a los tratamientos no automatizado de datos personales contenidos o destinados a ser incluidos en un fichero. \u00bfA qui\u00e9n afecta? A todas las personas f\u00edsicas y jur\u00eddicas establecidas o no en territorio de la U.E. que traten datos personales de personas [&hellip;]<\/p>\n","protected":false},"author":316,"featured_media":10161,"comment_status":"open","ping_status":"closed","sticky":false,"template":"","format":"standard","meta":{"_sage_video":false,"post_featured_image_hide":false,"footnotes":""},"categories":[6],"tags":[201],"business_type":[10,11,8],"lilypad":[],"context":[],"industry":[],"persona":[],"imagine_tag":[287,285,286,260,284],"coauthors":[397],"class_list":["post-14161","post","type-post","status-publish","format-standard","has-post-thumbnail","hentry","category-legal","tag-normativa-legal","business_type-pequena-empresa","business_type-mediana-empresa","business_type-asesorias-despachos-profesionales"],"sage_meta":{"region":"es-es","author_name":"Pilar Villanueva","featured_image":"https:\/\/www.sage.com\/es-es\/blog\/wp-content\/uploads\/sites\/8\/2018\/02\/legal-image-chevron_Fuchsia.png","imagine_tags":{"287":"Aut\u00f3nomos","285":"Emprendedores","286":"Enterprise","260":"Legal","284":"Pymes"}},"distributor_meta":false,"distributor_terms":false,"distributor_media":false,"distributor_original_site_name":"Sage Advice Espa\u00f1a","distributor_original_site_url":"https:\/\/www.sage.com\/es-es\/blog","push-errors":false,"_links":{"self":[{"href":"https:\/\/www.sage.com\/es-es\/blog\/api\/wp\/v2\/posts\/14161","targetHints":{"allow":["GET"]}}],"collection":[{"href":"https:\/\/www.sage.com\/es-es\/blog\/api\/wp\/v2\/posts"}],"about":[{"href":"https:\/\/www.sage.com\/es-es\/blog\/api\/wp\/v2\/types\/post"}],"author":[{"embeddable":true,"href":"https:\/\/www.sage.com\/es-es\/blog\/api\/wp\/v2\/users\/316"}],"replies":[{"embeddable":true,"href":"https:\/\/www.sage.com\/es-es\/blog\/api\/wp\/v2\/comments?post=14161"}],"version-history":[{"count":1,"href":"https:\/\/www.sage.com\/es-es\/blog\/api\/wp\/v2\/posts\/14161\/revisions"}],"predecessor-version":[{"id":37302,"href":"https:\/\/www.sage.com\/es-es\/blog\/api\/wp\/v2\/posts\/14161\/revisions\/37302"}],"wp:featuredmedia":[{"embeddable":true,"href":"https:\/\/www.sage.com\/es-es\/blog\/api\/wp\/v2\/media\/10161"}],"wp:attachment":[{"href":"https:\/\/www.sage.com\/es-es\/blog\/api\/wp\/v2\/media?parent=14161"}],"wp:term":[{"taxonomy":"category","embeddable":true,"href":"https:\/\/www.sage.com\/es-es\/blog\/api\/wp\/v2\/categories?post=14161"},{"taxonomy":"post_tag","embeddable":true,"href":"https:\/\/www.sage.com\/es-es\/blog\/api\/wp\/v2\/tags?post=14161"},{"taxonomy":"business_type","embeddable":true,"href":"https:\/\/www.sage.com\/es-es\/blog\/api\/wp\/v2\/business_type?post=14161"},{"taxonomy":"lilypad","embeddable":true,"href":"https:\/\/www.sage.com\/es-es\/blog\/api\/wp\/v2\/lilypad?post=14161"},{"taxonomy":"context","embeddable":true,"href":"https:\/\/www.sage.com\/es-es\/blog\/api\/wp\/v2\/context?post=14161"},{"taxonomy":"industry","embeddable":true,"href":"https:\/\/www.sage.com\/es-es\/blog\/api\/wp\/v2\/industry?post=14161"},{"taxonomy":"persona","embeddable":true,"href":"https:\/\/www.sage.com\/es-es\/blog\/api\/wp\/v2\/persona?post=14161"},{"taxonomy":"imagine_tag","embeddable":true,"href":"https:\/\/www.sage.com\/es-es\/blog\/api\/wp\/v2\/imagine_tag?post=14161"},{"taxonomy":"author","embeddable":true,"href":"https:\/\/www.sage.com\/es-es\/blog\/api\/wp\/v2\/coauthors?post=14161"}],"curies":[{"name":"wp","href":"https:\/\/api.w.org\/{rel}","templated":true}]}}