{"id":14224,"date":"2018-12-27T00:00:25","date_gmt":"2018-12-26T22:00:25","guid":{"rendered":"https:\/\/www.sage.com\/es-es\/blog\/?p=14224"},"modified":"2026-02-04T18:22:10","modified_gmt":"2026-02-04T17:22:10","slug":"cloud-computing-quieres-subierte-a-la-nube-infografia","status":"publish","type":"post","link":"https:\/\/www.sage.com\/es-es\/blog\/cloud-computing-quieres-subierte-a-la-nube-infografia\/","title":{"rendered":"Cloud computing: \u00bfquieres subirte a la &#8220;nube&#8221; en 2019? (infograf\u00eda)"},"content":{"rendered":"<header class=\"entry-header has-dark-background-color entry-header--has-illustration entry-header--has-illustration--generic\">\n\t<div class=\"container\">\n\t\t<div class=\"entry-header__row row align-center\">\n\t\t\t<div class=\"col col-lg-7 col-xlg-6 entry-header__content\">\n\t\t\t\t\t\t\t<div class=\"component component-single-header\">\n\t\t\t\t\t\t\t\t\t\t<div class=\"entry-header__misc text--subtitle text--uppercase text--small\">\n\t\t\t\t\t\t\t<a href=\"https:\/\/www.sage.com\/es-es\/blog\/categoria\/tecnologia-innovacion\/\" class=\"entry-header__link\">Tecnolog\u00eda e Innovaci\u00f3n<\/a>\t\t\t\t\t\t<\/div>\n\t\t\t\t\n\t\t\t\t<div class=\"entry-title-wrapper\">\n\t\t\t\t\t<h1 class=\"entry-title\">\n\t\t\t\t\t\tCloud computing: \u00bfquieres subirte a la &#8220;nube&#8221; en 2019? (infograf\u00eda)\t\t\t\t\t<\/h1>\n\t\t\t\t<\/div>\n\n\t\t\t\t\t\t\t\t\t<p class=\"entry-header__description\">\n\t\t\t\t\t\t\t\t\t\t\t<\/p>\n\t\t\t\t\n\t\t\t\t\n\t\t\t\t\n\t\t\t<\/div>\n\n\t\t\t\t\t<\/div>\n\t\t\t\t\t<\/div>\n\t<\/div>\n\t<div class=\"single-post-details container\">\n\t\t<div class=\"col\">\n\t\t\t<span class=\"posted-on \"><time class=\"entry-date published\" datetime=\"2018-12-27T00:00:25+01:00\">27 December, 2018<\/time><\/span><span class=\"reading-time\"> minutos de lectura<\/span>\n\t\t<button\n\t\t\ttype=\"button\"\n\t\t\tclass=\"social-share-button button button--icon button--secondary js-social-share-button\"\n\t\t\tdata-share-title=\"Cloud computing: \u00bfquieres subirte a la &#8220;nube&#8221; en 2019? (infograf\u00eda)\"\n\t\t\tdata-share-url=\"https:\/\/www.sage.com\/es-es\/blog\/cloud-computing-quieres-subierte-a-la-nube-infografia\/\"\n\t\t\tdata-share-text=\"Please read this interesting article\"\n\t\t>\n\t\t\t<span class=\"social-share-button__share-label\">Compartir<\/span>\n\t\t\t<span class=\"social-share-button__copy-label\" hidden>Copiar enlace<\/span>\n\t\t\t<span class=\"social-share-button__copy-tooltip\" aria-hidden=\"true\" hidden>Copiado<\/span>\n\t\t<\/button>\n\n\t\t\t\t<\/div>\n\t<\/div>\n<\/header>\n\n\n\n<div class=\"wp-block-post-author has-dark-background-color alignfull\">\n\t<div class=\"container\">\n\t\t<div class=\"col\">\n\t\t\t\t\t\t\t<div class=\"co-authors\">\n\t\t\t\t\t\n\t\t<div class=\"entry-author-wrapper\">\n\t\t\t<a class=\"entry-author\" href=\"https:\/\/www.sage.com\/es-es\/blog\/author\/gonzalo-garcia-abad\/\">\n\t\t\t\t<img loading=\"lazy\" decoding=\"async\" width=\"40\" height=\"40\" src=\"https:\/\/www.sage.com\/es-es\/blog\/wp-content\/uploads\/sites\/8\/2024\/02\/Gonzalo-Garcia_2024_600x600-350x350.jpg\" class=\"entry-author__image\" alt=\"\" srcset=\"https:\/\/www.sage.com\/es-es\/blog\/wp-content\/uploads\/sites\/8\/2024\/02\/Gonzalo-Garcia_2024_600x600-350x350.jpg 350w, https:\/\/www.sage.com\/es-es\/blog\/wp-content\/uploads\/sites\/8\/2024\/02\/Gonzalo-Garcia_2024_600x600.jpg 600w\" sizes=\"auto, (max-width: 40px) 100vw, 40px\" \/>\t\t\t\t<span class=\"entry-author__name\">Gonzalo Garc\u00eda Abad<\/span>\n\t\t\t<\/a>\n\n\t\t\t\t\t<\/div>\n\n\t\t\t\t\t\t<\/div>\n\t\t\t\t\t<\/div>\n\t<\/div>\n<\/div>\n<div class=\"sage-block-classic-wrapper\">\n\n<p>Explicamos, a trav\u00e9s de una infograf\u00eda, c\u00f3mo aprovechar las oportunidades que ofrecer\u00e1 la nube en 2019, que ser\u00e1 su gran a\u00f1o, seg\u00fan los expertos de Quint Wellington Redwood.<\/p>\n<ul>\n<li>La nube nos acerca al cumplimiento de algunos de los objetivos m\u00e1s importantes de 2019<\/li>\n<li>Las pymes ser\u00e1n especialmente beneficiadas por la accesibilidad que da la nube a infraestructuras y servicios<\/li>\n<\/ul>\n<p>El mundo empresarial camina a paso firme por las nubes. Va introduci\u00e9ndose de forma progresiva, pero firme, en las <strong>aplicaciones del <em>cloud computing<\/em><\/strong> y, al mismo tiempo, va generando un nuevo entorno de trabajo m\u00e1s seguro, c\u00f3modo, pr\u00e1ctico y productivo.<!--more--><\/p>\n<p>Para aprovechar al m\u00e1ximo el salto que va a dar <a href=\"https:\/\/www.sage.com\/es-es\/blog\/diccionario-empresarial\/nube\/\">la nube<\/a> en 2019, Sage nos ha elaborado la <strong>infograf\u00eda <\/strong>adjunta, que recoge toda la informaci\u00f3n necesaria para comprender en qu\u00e9 situaci\u00f3n nos encontramos.<\/p>\n<h2>\u00bfQu\u00e9 tendr\u00e1 2019 de especial para la aplicaci\u00f3n empresarial de la nube?<\/h2>\n<p>Se conjuntan dos procesos. Por un lado, el <strong>avance natural <\/strong>en inversiones en servidores, mejora del conocimiento de los usuarios acerca de las posibilidades de la nube, mejora de las conexiones a trav\u00e9s de internet en v\u00edsperas de la llegada de la tecnolog\u00eda 5G, etc.<\/p>\n<p>Pero quiz\u00e1 la caracter\u00edstica m\u00e1s destacable, particularmente en el mundo empresarial, es el <strong>cambio de perfil de servicios<\/strong> que cobran relevancia en 2019. Seg\u00fan <a href=\"https:\/\/www.quintgroup.com\/es-es\/insights\/informe-cloud-computing-espana-2018\/\" target=\"_blank\" rel=\"noopener noreferrer\">el informe de Quint Wellington Redwood<\/a>, el 76% de los directivos consultados conceden una gran relevancia a los servicios de inteligencia de negocio, frente al 37% del <a href=\"https:\/\/www.sage.com\/es-es\/blog\/el-nuevo-negocio-mira-a-la-nube-infografia\/\">a\u00f1o anterior<\/a>.<\/p>\n<p>Nos encontramos, por tanto, en un cambio importante en la penetraci\u00f3n de la nube. Al comienzo, pesaba mucho el <strong>correo<\/strong>, las <strong>aplicaciones de productividad<\/strong> e incluso los servicios relacionados con el <strong>ocio <\/strong>y la vida personal, como los relacionados con diferentes tipos de contenidos digitales.<\/p>\n<p>Ahora, se va abriendo<strong> otra etapa <\/strong>en la que, adem\u00e1s de todo eso y de muchas otras aplicaciones, la nube se convierte en el gran aliado para <a href=\"https:\/\/www.sage.com\/es-es\/sage-business-cloud\/sage-x3\/\">mejorar la toma de decisiones empresariales bas\u00e1ndose en los datos<\/a>.<\/p>\n<p>Este fen\u00f3meno es muy importante para todo tipo de empresas, pero de forma muy especial para las <strong>pymes<\/strong>. No olvidemos que una importante fuente de dificultades que se han encontrado muchas de ellas ha sido la falta de un enfoque estrat\u00e9gico fundamentado en realidades objetivas.<\/p>\n<h2>\u00bfQu\u00e9 se le debe pedir a un servicio en la nube en 2019?<\/h2>\n<p>La <strong>calidad <\/strong>es cada vez m\u00e1s importante. Dado que la tendencia es que la nube penetre en aspectos cada vez m\u00e1s estrat\u00e9gicos, una mala elecci\u00f3n puede ser peligrosa y mucho m\u00e1s teniendo en cuenta que no estamos solos y que, seguramente, alg\u00fan competidor ocupe nuestro lugar.<\/p>\n<p>Si no concedemos la importancia de que tiene a la <strong>elecci\u00f3n de proveedores de servicios en la nube<\/strong>, seguramente nos encontremos con que, mientras nuestros <a href=\"https:\/\/www.sage.com\/es-es\/blog\/la-posicion-de-tu-empresa-con-respecto-a-la-competencia\/\">competidores<\/a> avanzan con mayor productividad y capacidad de llevar fluidamente muchas tareas a la vez y con una mejora en la toma de decisiones, nosotros nos hemos quedado estancados. Nuestros costes lo notar\u00e1n y, seguramente, no podamos ofrecer la calidad y precio que reclaman nuestros clientes.<\/p>\n<p>Pero el <strong>precio <\/strong>tambi\u00e9n es muy importante. Precisamente, una de las ventajas que debe tener la nube para los emprendedores es ofrecer acceso a servicios muy especializados a costes muy ajustados.<\/p>\n<p>Por otro lado, debe ser una <strong>palanca <\/strong>de <a href=\"https:\/\/www.sage.com\/es-es\/blog\/ocho-factores-claves-para-examinar-la-flexibilidad-de-tu-empresa\/\">flexibilidad<\/a>. No solamente el servicio debe serlo, sino que debe facilitar que nuestra empresa lo sea cada vez m\u00e1s. En un mundo en el que los requerimientos son cambiantes no nos interesa un \u201ccors\u00e9\u201d que no se adapte en todo momento a nuestras necesidades.<\/p>\n<p>Por ejemplo, resulta muy importante que el proveedor preste toda clase de <strong>facilidades <\/strong>ante cualquier requerimiento nuestro, que nos d\u00e9 un <strong>servicio completo<\/strong>, en el que no debamos preocuparnos por nada.<\/p>\n<h2>La nube y los objetivos empresariales de 2019<\/h2>\n<p><strong>La nube <\/strong><a href=\"https:\/\/www.sage.com\/es-es\/blog\/estas-listo-para-la-nube-el-ebook-con-todas-las-razones-para-apostar-por-la-nube\/\">se adapta perfectamente a los objetivos de la empresa de hoy<\/a>. Por ejemplo, facilita el crecimiento, ya que no dependemos de una infraestructura propia que, en el corto plazo, no pueda cambiar. No hay que hacer grandes obras, ni planificar transformaciones importantes ni realizar grandes desembolsos para afrontar el reto del mayor volumen.<\/p>\n<p>Otro aspecto muy trascendente en un <a href=\"https:\/\/www.sage.com\/es-es\/blog\/el-entorno-de-la-empresa-y-sus-efectos\/\">entorno<\/a> <strong>cambiante<\/strong> es el incremento de la capacidad de respuesta. No solamente podemos adaptarnos m\u00e1s r\u00e1pido, sino tambi\u00e9n m\u00e1s acertadamente. La nube provee servicios, como los de inteligencia empresarial, que hacen que nos equivoquemos menos.<\/p>\n<p>La aplicaci\u00f3n de la nube supone, tambi\u00e9n, un impulso al <a href=\"https:\/\/www.sage.com\/es-es\/blog\/factor-cultural-principal-obstaculo-para-la-digitalizacion-de-las-empresas\/\">cambio cultural<\/a> en la empresa. Sirve herramientas para la colaboraci\u00f3n, la <a href=\"https:\/\/www.sage.com\/es-es\/blog\/conectividad-la-pieza-clave-para-mejorar-los-procesos-productivos-de-nuestra-empresa\/\">conectividad<\/a>, la creatividad y la innovaci\u00f3n. Y, al mismo tiempo, favorece el avance de otras herramientas digitales.<\/p>\n<p>Un ejemplo muy claro de c\u00f3mo la nube cataliza el avance de otras tecnolog\u00edas digitales es el relacionado con los <strong>datos<\/strong>. Por ejemplo, est\u00e1 permitiendo la generalizaci\u00f3n de la inteligencia empresarial. Igualmente, sin la nube ser\u00eda impensable que las pymes pudiesen aspirar, ya no a tratar o servirse de ellos, sino a almacenar o disponer de una gran cantidad de datos propios y de terceros.<\/p>\n<p>Lo mismo se podr\u00eda decir de la <a href=\"https:\/\/www.sage.com\/es-es\/blog\/5g-que-supondra-su-llegada-a-las-empresas\/\">tecnolog\u00eda 5G<\/a>. Sin la nube, algunas de sus ventajas como, por ejemplo, la mayor velocidad en la transmisi\u00f3n de datos ser\u00edan importantes para las grandes organizaciones, pero no para las pymes, ya que no podr\u00edan disponer de soluciones y servidores a la altura de lo que necesitan para obtener el m\u00e1ximo rendimiento.<\/p>\n<p>Por otro lado, el trabajo en la nube puede ser <strong>una de las grandes transformaciones laborales<\/strong>. Permite desarrollar labores conjuntas a personas que pueden no coincidir ni en horario, ni en localizaci\u00f3n y ni tan siquiera es necesario que trabajen para <a href=\"https:\/\/www.sage.com\/es-es\/blog\/como-ayuda-la-tecnologia-a-generar-colaboracion-interdepartamental\/\">el mismo departamento<\/a> e, incluso, la misma empresa.<\/p>\n<p>Y, adem\u00e1s, <strong>los beneficios van a llegar hasta el cliente<\/strong> y no solamente digital. Pensemos, por ejemplo, en que la atenci\u00f3n f\u00edsica puede reclamar informaci\u00f3n o servicios que est\u00e1n en la nube y que hacen que podamos ajustarnos permanentemente a las necesidades del cliente.<\/p>\n<p>Est\u00e1 claro que 2019 va a ser el gran a\u00f1o de una tecnolog\u00eda, como la nube, que va a ser protagonista de importantes transformaciones empresariales en los pr\u00f3ximos a\u00f1os. Y si queremos conocerla mejor, podemos <strong>consultar la infograf\u00eda de este post.<\/strong><\/p>\n\n<div class=\"single-cta\">\n\t<div class=\"single-cta__positioner\">\n\t\t<div class=\"single-cta__wrapper has-dark-background-color\">\n\t\t\t<div class=\"single-cta__content\">\n\t\t\t\t\t\t\t\t<h2 class=\"single-cta__title h3\">S\u00fabete a la nube <\/h2>\n\n\t\t\t\t\t\t\t\t\t<div class=\"single-cta__description\">\n\t\t\t\t\t\t<p><img loading=\"lazy\" decoding=\"async\" class=\" wp-image-16103 alignleft\" src=\"https:\/\/www.sage.com\/es-es\/blog\/wp-content\/uploads\/sites\/8\/2020\/01\/Icon-page.png\" alt=\"Sage\" width=\"58\" height=\"58\" \/><\/p>\n<p>- Descarga tu copia gratuita<br \/>\nde la infograf\u00eda<\/p>\n<p>- Descubre todo lo que tienes<br \/>\nque saber sobre la nube<\/p>\n\t\t\t\t\t<\/div>\n\t\t\t\t\n\t\t\t\t\t\t\t\t\t\t\t\t\t\t<a\n\t\t\t\t\t\thref=\"https:\/\/www.sage.com\/es-es\/blog\/wp-content\/uploads\/sites\/8\/2021\/05\/INF_LANUBE2019-003-scaled.jpg\"\n\t\t\t\t\t\tclass=\"single-cta__button button button--primary\"\n\t\t\t\t\t\t\t\t\t\t\t\t\tid=\"cta-id-18406\"\n\t\t\t\t\t\t\t\t\t\t\t\t\t\t\t\t\t\t\tdata-button-location=\"cta_box\"\n\t\t\t\t\t\t\t\t\t\t\t>Descarga la infograf\u00eda<\/a>\n\t\t\t\t\t\t\t<\/div>\n\n\t\t\t\t\t<\/div>\n\n\t\t\t\t\t<img decoding=\"async\" width=\"1440\" height=\"810\" src=\"https:\/\/www.sage.com\/es-es\/blog\/wp-content\/uploads\/sites\/8\/2021\/05\/GettyImages-1194430837-11-1440x810.jpg\" class=\"single-cta__image\" alt=\"Sage\" loading=\"lazy\" srcset=\"https:\/\/www.sage.com\/es-es\/blog\/wp-content\/uploads\/sites\/8\/2021\/05\/GettyImages-1194430837-11-1440x810.jpg 1440w\" sizes=\"auto, (min-width: 48em) 33vw, 100vw\" \/>\t\t\t<\/div>\n<\/div>\n\n<p>&nbsp;<\/p><\/div>","protected":false},"excerpt":{"rendered":"<p>Explicamos, a trav\u00e9s de una infograf\u00eda, c\u00f3mo aprovechar las oportunidades que ofrecer\u00e1 la nube en 2019, que ser\u00e1 su gran a\u00f1o, seg\u00fan los expertos de Quint Wellington Redwood. La nube nos acerca al cumplimiento de algunos de los objetivos m\u00e1s importantes de 2019 Las pymes ser\u00e1n especialmente beneficiadas por la accesibilidad que da la nube [&hellip;]<\/p>\n","protected":false},"author":240,"featured_media":8620,"comment_status":"open","ping_status":"closed","sticky":false,"template":"","format":"standard","meta":{"_sage_video":false,"post_featured_image_hide":false,"footnotes":""},"categories":[5],"tags":[160,59,176],"business_type":[10,11,8],"lilypad":[],"context":[],"industry":[],"persona":[],"imagine_tag":[286,284,263],"coauthors":[412],"class_list":["post-14224","post","type-post","status-publish","format-standard","has-post-thumbnail","hentry","category-tecnologia-innovacion","tag-cloud-computing","tag-infografia","tag-software-en-la-nube","business_type-pequena-empresa","business_type-mediana-empresa","business_type-asesorias-despachos-profesionales"],"sage_meta":{"region":"es-es","author_name":"Gonzalo Garc\u00eda Abad","featured_image":"https:\/\/www.sage.com\/es-es\/blog\/wp-content\/uploads\/sites\/8\/2017\/12\/ThinkstockPhotos-524149458.jpg","imagine_tags":{"286":"Enterprise","284":"Pymes","263":"Tecnolog\u00eda"}},"distributor_meta":false,"distributor_terms":false,"distributor_media":false,"distributor_original_site_name":"Sage Advice Espa\u00f1a","distributor_original_site_url":"https:\/\/www.sage.com\/es-es\/blog","push-errors":false,"_links":{"self":[{"href":"https:\/\/www.sage.com\/es-es\/blog\/api\/wp\/v2\/posts\/14224","targetHints":{"allow":["GET"]}}],"collection":[{"href":"https:\/\/www.sage.com\/es-es\/blog\/api\/wp\/v2\/posts"}],"about":[{"href":"https:\/\/www.sage.com\/es-es\/blog\/api\/wp\/v2\/types\/post"}],"author":[{"embeddable":true,"href":"https:\/\/www.sage.com\/es-es\/blog\/api\/wp\/v2\/users\/240"}],"replies":[{"embeddable":true,"href":"https:\/\/www.sage.com\/es-es\/blog\/api\/wp\/v2\/comments?post=14224"}],"version-history":[{"count":0,"href":"https:\/\/www.sage.com\/es-es\/blog\/api\/wp\/v2\/posts\/14224\/revisions"}],"wp:featuredmedia":[{"embeddable":true,"href":"https:\/\/www.sage.com\/es-es\/blog\/api\/wp\/v2\/media\/8620"}],"wp:attachment":[{"href":"https:\/\/www.sage.com\/es-es\/blog\/api\/wp\/v2\/media?parent=14224"}],"wp:term":[{"taxonomy":"category","embeddable":true,"href":"https:\/\/www.sage.com\/es-es\/blog\/api\/wp\/v2\/categories?post=14224"},{"taxonomy":"post_tag","embeddable":true,"href":"https:\/\/www.sage.com\/es-es\/blog\/api\/wp\/v2\/tags?post=14224"},{"taxonomy":"business_type","embeddable":true,"href":"https:\/\/www.sage.com\/es-es\/blog\/api\/wp\/v2\/business_type?post=14224"},{"taxonomy":"lilypad","embeddable":true,"href":"https:\/\/www.sage.com\/es-es\/blog\/api\/wp\/v2\/lilypad?post=14224"},{"taxonomy":"context","embeddable":true,"href":"https:\/\/www.sage.com\/es-es\/blog\/api\/wp\/v2\/context?post=14224"},{"taxonomy":"industry","embeddable":true,"href":"https:\/\/www.sage.com\/es-es\/blog\/api\/wp\/v2\/industry?post=14224"},{"taxonomy":"persona","embeddable":true,"href":"https:\/\/www.sage.com\/es-es\/blog\/api\/wp\/v2\/persona?post=14224"},{"taxonomy":"imagine_tag","embeddable":true,"href":"https:\/\/www.sage.com\/es-es\/blog\/api\/wp\/v2\/imagine_tag?post=14224"},{"taxonomy":"author","embeddable":true,"href":"https:\/\/www.sage.com\/es-es\/blog\/api\/wp\/v2\/coauthors?post=14224"}],"curies":[{"name":"wp","href":"https:\/\/api.w.org\/{rel}","templated":true}]}}