{"id":14667,"date":"2019-02-04T11:44:26","date_gmt":"2019-02-04T09:44:26","guid":{"rendered":"https:\/\/www.sage.com\/es-es\/blog\/?p=14667"},"modified":"2026-02-04T18:18:41","modified_gmt":"2026-02-04T17:18:41","slug":"modelo-233-un-alivio-para-madres-y-padres-un-pequeno-esfuerzo-para-los-centros","status":"publish","type":"post","link":"https:\/\/www.sage.com\/es-es\/blog\/modelo-233-un-alivio-para-madres-y-padres-un-pequeno-esfuerzo-para-los-centros\/","title":{"rendered":"Modelo 233: Un alivio para madres y padres, un peque\u00f1o esfuerzo para los centros"},"content":{"rendered":"<header class=\"entry-header has-dark-background-color entry-header--has-illustration entry-header--has-illustration--generic\">\n\t<div class=\"container\">\n\t\t<div class=\"entry-header__row row align-center\">\n\t\t\t<div class=\"col col-lg-7 col-xlg-6 entry-header__content\">\n\t\t\t\t\t\t\t<div class=\"component component-single-header\">\n\t\t\t\t\t\t\t\t\t\t<div class=\"entry-header__misc text--subtitle text--uppercase text--small\">\n\t\t\t\t\t\t\t<a href=\"https:\/\/www.sage.com\/es-es\/blog\/categoria\/legal\/\" class=\"entry-header__link\">Legal<\/a>\t\t\t\t\t\t<\/div>\n\t\t\t\t\n\t\t\t\t<div class=\"entry-title-wrapper\">\n\t\t\t\t\t<h1 class=\"entry-title\">\n\t\t\t\t\t\tModelo 233: Un alivio para madres y padres, un peque\u00f1o esfuerzo para los centros\t\t\t\t\t<\/h1>\n\t\t\t\t<\/div>\n\n\t\t\t\t\t\t\t\t\t<p class=\"entry-header__description\">\n\t\t\t\t\t\t\t\t\t\t\t<\/p>\n\t\t\t\t\n\t\t\t\t\n\t\t\t\t\n\t\t\t<\/div>\n\n\t\t\t\t\t<\/div>\n\t\t\t\t\t<\/div>\n\t<\/div>\n\t<div class=\"single-post-details container\">\n\t\t<div class=\"col\">\n\t\t\t<span class=\"posted-on \"><time class=\"entry-date published\" datetime=\"2019-02-04T11:44:26+01:00\">4 February, 2019<\/time><\/span><span class=\"reading-time\"> minutos de lectura<\/span>\n\t\t<button\n\t\t\ttype=\"button\"\n\t\t\tclass=\"social-share-button button button--icon button--secondary js-social-share-button\"\n\t\t\tdata-share-title=\"Modelo 233: Un alivio para madres y padres, un peque\u00f1o esfuerzo para los centros\"\n\t\t\tdata-share-url=\"https:\/\/www.sage.com\/es-es\/blog\/modelo-233-un-alivio-para-madres-y-padres-un-pequeno-esfuerzo-para-los-centros\/\"\n\t\t\tdata-share-text=\"Please read this interesting article\"\n\t\t>\n\t\t\t<span class=\"social-share-button__share-label\">Compartir<\/span>\n\t\t\t<span class=\"social-share-button__copy-label\" hidden>Copiar enlace<\/span>\n\t\t\t<span class=\"social-share-button__copy-tooltip\" aria-hidden=\"true\" hidden>Copiado<\/span>\n\t\t<\/button>\n\n\t\t\t\t<\/div>\n\t<\/div>\n<\/header>\n\n\n\n<div class=\"wp-block-post-author has-dark-background-color alignfull\">\n\t<div class=\"container\">\n\t\t<div class=\"col\">\n\t\t\t\t\t\t\t<div class=\"co-authors\">\n\t\t\t\t\t\n\t\t<div class=\"entry-author-wrapper\">\n\t\t\t<a class=\"entry-author\" href=\"https:\/\/www.sage.com\/es-es\/blog\/author\/gonzalo-garcia-abad\/\">\n\t\t\t\t<img loading=\"lazy\" decoding=\"async\" width=\"40\" height=\"40\" src=\"https:\/\/www.sage.com\/es-es\/blog\/wp-content\/uploads\/sites\/8\/2024\/02\/Gonzalo-Garcia_2024_600x600-350x350.jpg\" class=\"entry-author__image\" alt=\"\" srcset=\"https:\/\/www.sage.com\/es-es\/blog\/wp-content\/uploads\/sites\/8\/2024\/02\/Gonzalo-Garcia_2024_600x600-350x350.jpg 350w, https:\/\/www.sage.com\/es-es\/blog\/wp-content\/uploads\/sites\/8\/2024\/02\/Gonzalo-Garcia_2024_600x600.jpg 600w\" sizes=\"auto, (max-width: 40px) 100vw, 40px\" \/>\t\t\t\t<span class=\"entry-author__name\">Gonzalo Garc\u00eda Abad<\/span>\n\t\t\t<\/a>\n\n\t\t\t\t\t<\/div>\n\n\t\t\t\t\t\t<\/div>\n\t\t\t\t\t<\/div>\n\t<\/div>\n<\/div>\n<div class=\"sage-block-classic-wrapper\">\n\n<blockquote><p>Explicamos todos los detalles del nuevo modelo 233, que deber\u00e1n presentar las guarder\u00edas y los centros de educaci\u00f3n infantil una vez al a\u00f1o.<\/p><\/blockquote>\n<ul>\n<li>El modelo 233 es una pieza clave para la deducci\u00f3n por maternidad<\/li>\n<li>Gracias a este modelo, se facilitar\u00e1 el acceso de las madres de ni\u00f1os menores de tres a\u00f1os a 1.000 euros anuales adicionales de deducci\u00f3n<\/li>\n<\/ul>\n<p>Este mes de febrero, concretamente el d\u00eda 15, vence el plazo para presentar el <strong>nuevo modelo 233<\/strong>. Se trata de la <strong>declaraci\u00f3n informativa por gastos en guarder\u00edas o centros de educaci\u00f3n infantil autorizados<\/strong>.<!--more--><\/p>\n<p>El modelo 233 ejemplifica bastante bien la trascendencia de las <strong>declaraciones informativas<\/strong>. En este caso, el n\u00famero de obligados es relativamente reducido en comparaci\u00f3n a las personas que saldr\u00e1n beneficiadas de los datos que suministra.<\/p>\n<h2>\u00bfPor qu\u00e9 se ha aprobado el modelo 233?<\/h2>\n<p>En julio del pasado a\u00f1o, la Ley 6\/2018, de Presupuestos Generales del Estado para el a\u00f1o 2018 modific\u00f3 la del <a href=\"https:\/\/www.sage.com\/es-es\/blog\/tag\/irpf\/\">IRPF<\/a>. Estableci\u00f3 una <strong>deducci\u00f3n adicional<\/strong> para las madres <a href=\"https:\/\/www.sage.com\/es-es\/blog\/juego-de-las-diferencias-que-distingue-a-un-autonomo-de-un-asalariado\/\">asalariadas o aut\u00f3nomas<\/a> con hijos menores de tres a\u00f1os (o, excepcionalmente, para sus padres o tutores, en caso de que la madre hubiese fallecido o la guardia y custodia la tuviese exclusivamente el padre) que satisficieran gastos de custodia de su hijo en guarder\u00edas o centros de educaci\u00f3n infantil autorizados.<\/p>\n<p>Adem\u00e1s, desde entonces, la ley del IRPF define qu\u00e9 se puede entender como <strong>gastos de custodia<\/strong>. Se refiere a las cantidades satisfechas por meses completos a guarder\u00edas y centros de educaci\u00f3n infantil por:<\/p>\n<ul>\n<li>Preinscripci\u00f3n y matr\u00edcula de los hijos menores de tres a\u00f1os.<\/li>\n<li>Asistencia, en horario general y ampliado.<\/li>\n<li>Alimentaci\u00f3n.<\/li>\n<\/ul>\n<p>No obstante, quedan expresamente excluidas las cantidades que hubieran tenido la consideraci\u00f3n de <a href=\"https:\/\/www.sage.com\/es-es\/blog\/claves-legales-sobre-el-salario-en-especie\/\">rendimientos del trabajo en especie<\/a> exentos, como es el caso de:<\/p>\n<ul>\n<li>La utilizaci\u00f3n de espacios y locales, debidamente homologados por la Administraci\u00f3n p\u00fablica competente, destinados por las empresas o empleadores a prestar el servicio de primer ciclo de educaci\u00f3n infantil a los hijos de sus trabajadores.<\/li>\n<li>La prestaci\u00f3n del servicio de educaci\u00f3n preescolar o infantil por centros educativos autorizados, a los hijos de sus empleados, con car\u00e1cter gratuito o por precio inferior al normal de mercado.<\/li>\n<\/ul>\n<p>Por lo tanto, la Administraci\u00f3n, necesita disponer de la informaci\u00f3n necesaria para conocer qui\u00e9n cumple los requisitos para disfrutar de esta deducci\u00f3n adicional.<\/p>\n<h2>\u00bfQui\u00e9n debe presentar el modelo 233?<\/h2>\n<p>Las <strong>guarder\u00edas <\/strong>o <strong>centros de educaci\u00f3n infantil autorizados<\/strong>. De este modo, las madres (o, en su caso, los padres o tutores de los ni\u00f1os) no tienen que presentar informaci\u00f3n para disfrutar de este importe adicional de la deducci\u00f3n por maternidad.<\/p>\n<h2>\u00bfCu\u00e1l es el contenido del modelo 233?<\/h2>\n<p>En esta declaraci\u00f3n informativa figurar\u00e1n, en primer lugar, los <strong>datos del centro<\/strong>, tanto identificativos como los correspondientes a la autorizaci\u00f3n del centro expedida por la administraci\u00f3n educativa competente.<\/p>\n<p>A continuaci\u00f3n, se consignar\u00e1 <strong>un registro por cada menor de tres a\u00f1os <\/strong>que est\u00e9 inscrito en el centro, as\u00ed como en relaci\u00f3n con el menor que cumpla tres a\u00f1os en el ejercicio, en cuyo caso la informaci\u00f3n se ampliar\u00e1 a los meses posteriores al cumplimiento de dicha edad hasta el mes anterior a aquel en el que pueda comenzar el segundo ciclo de educaci\u00f3n infantil. En cada registro se informar\u00e1 sobre:<\/p>\n<ul>\n<li>Nombre, apellidos y fecha de nacimiento del menor y, en su caso, n\u00famero de identificaci\u00f3n fiscal del menor.<\/li>\n<li>Nombre, apellidos y n\u00famero de identificaci\u00f3n fiscal de los progenitores, tutor, guardadores con fines de adopci\u00f3n o persona que tiene al menor en acogimiento.<\/li>\n<li>Meses en los que el menor haya estado inscrito en la guarder\u00eda o centro educativo por mes completo.<\/li>\n<li>Gastos anuales pagados a la guarder\u00eda o centro de educaci\u00f3n infantil autorizado en relaci\u00f3n con el menor.<\/li>\n<li>Importes subvencionados que se abonen directamente a la guarder\u00eda o centro de educaci\u00f3n infantil autorizado correspondientes a los gastos referidos al menor.<\/li>\n<\/ul>\n<h2>\u00bfY si ha habido un cambio de guardia y custodia del ni\u00f1o durante el a\u00f1o?<\/h2>\n<p>En ese caso, consignaremos tantos registros como personas hayan tenido la guarda y custodia del menor.<\/p>\n<h2>\u00bfC\u00f3mo se consignan los importes?<\/h2>\n<p>Se considerar\u00e1 <strong>tanto el importe pagado por la madre como el satisfecho por el otro progenitor, adoptante, tutor o acogedor.<\/strong> Sin embargo, no se tendr\u00e1n en cuenta las cantidades satisfechas por la empresa o empleador de la madre, padre, adoptante, tutor o acogedor del menor.<\/p>\n<p>Por su parte, las cantidades subvencionadas que hayan sido satisfechas a la guarder\u00eda o centro de educaci\u00f3n infantil en el ejercicio deber\u00e1n consignarse en el campo \u00abimporte subvencionado\u00bb.<\/p>\n<h2>\u00bfCu\u00e1ndo se presenta el modelo 233?<\/h2>\n<p>De forma <strong>excepcional<\/strong>, este primer a\u00f1o el plazo se cierra el d\u00eda <strong>15 de febrero<\/strong>. En los sucesivos, el modelo 233 se presentar\u00e1 una vez al a\u00f1o, <strong>a lo largo del mes de enero<\/strong>.<\/p>\n<h2>\u00bfC\u00f3mo podemos presentar el modelo 233?<\/h2>\n<p>Lo podemos presentar a trav\u00e9s de la <a href=\"https:\/\/www.sage.com\/es-es\/blog\/diccionario-empresarial\/sede-electronica\/\">sede electr\u00f3nica de la AEAT<\/a> y podr\u00e1 emplearse tanto certificado electr\u00f3nico o DNIe como con Cl@ve PIN, si el obligado tributario es una persona f\u00edsica.<\/p>\n<h2>\u00bfQu\u00e9 pasa si hay alg\u00fan error?<\/h2>\n<p>Si la declaraci\u00f3n contuviera <strong>errores<\/strong>, solamente se aceptar\u00e1n los registros para los que no exista motivo de rechazo. El mensaje inform\u00e1tico de respuesta contendr\u00e1 las relaciones de registros rechazados junto con la expresi\u00f3n del motivo por el que no hayan sido aceptados.<\/p>\n<p>En caso de rechazo, deberemos <strong>realizar las correcciones necesarias<\/strong> y proceder a una <strong>nueva presentaci\u00f3n<\/strong> en la que incluir\u00e1n los registros que en su momento fueron rechazados. Si alguno de los registros resulta aceptado, el mensaje inform\u00e1tico de respuesta incorporar\u00e1 un c\u00f3digo seguro de verificaci\u00f3n de 16 caracteres, adem\u00e1s de la fecha y hora.<\/p>\n<p>El modelo 233 supone un peque\u00f1o esfuerzo para los centros, pero posibilita que las madres de los ni\u00f1os atendidos en ellos puedan disfrutar de forma sencilla de un importe adicional en la deducci\u00f3n por maternidad.<\/p>\n<\/div>\n<div class=\"single-cta\">\n\t<div class=\"single-cta__positioner\">\n\t\t<div class=\"single-cta__wrapper has-dark-background-color\">\n\t\t\t<div class=\"single-cta__content\">\n\t\t\t\t\t\t\t\t<h2 class=\"single-cta__title h3\">Subscr\u00edbete a la newsletter de Sage Advice<\/h2>\n\n\t\t\t\t\t\t\t\t\t<div class=\"single-cta__description\">\n\t\t\t\t\t\t<p>Recibe nuestros consejos m\u00e1s recientes directamente en la bandeja de entrada de tu correo electr\u00f3nico.<\/p>\n\t\t\t\t\t<\/div>\n\t\t\t\t\n\t\t\t\t\t\t\t\t\t\t\t\t\t\t<a\n\t\t\t\t\t\thref=\"#gate-263a5c00-99e4-4e71-8421-469deda8e674\"\n\t\t\t\t\t\tclass=\"single-cta__button button button--primary\"\n\t\t\t\t\t\t\t\t\t\t\t\t\t\t\t\t\t>Suscr\u00edbete<\/a>\n\t\t\t\t\t\t\t<\/div>\n\n\t\t\t\t\t<\/div>\n\n\t\t\t\t\t<img decoding=\"async\" width=\"1440\" height=\"810\" src=\"https:\/\/www.sage.com\/es-es\/blog\/wp-content\/uploads\/sites\/8\/2022\/04\/GettyImages-1171960556-1440x810.jpg\" class=\"single-cta__image\" alt=\"Sage\" loading=\"lazy\" srcset=\"https:\/\/www.sage.com\/es-es\/blog\/wp-content\/uploads\/sites\/8\/2022\/04\/GettyImages-1171960556-1440x810.jpg 1440w\" sizes=\"auto, (min-width: 48em) 33vw, 100vw\" \/>\t\t\t<\/div>\n<\/div>\n","protected":false},"excerpt":{"rendered":"<p>Explicamos todos los detalles del nuevo modelo 233, que deber\u00e1n presentar las guarder\u00edas y los centros de educaci\u00f3n infantil una vez al a\u00f1o. El modelo 233 es una pieza clave para la deducci\u00f3n por maternidad Gracias a este modelo, se facilitar\u00e1 el acceso de las madres de ni\u00f1os menores de tres a\u00f1os a 1.000 euros [&hellip;]<\/p>\n","protected":false},"author":240,"featured_media":14521,"comment_status":"open","ping_status":"closed","sticky":false,"template":"","format":"standard","meta":{"_sage_video":false,"post_featured_image_hide":false,"footnotes":""},"categories":[6],"tags":[180,181,202],"business_type":[10,11,8],"lilypad":[],"context":[],"industry":[],"persona":[],"imagine_tag":[280,268,260,284],"coauthors":[412],"class_list":["post-14667","post","type-post","status-publish","format-standard","has-post-thumbnail","hentry","category-legal","tag-fiscalidad","tag-impuestos","tag-novedades-legales","business_type-pequena-empresa","business_type-mediana-empresa","business_type-asesorias-despachos-profesionales"],"sage_meta":{"region":"es-es","author_name":"Gonzalo Garc\u00eda Abad","featured_image":"https:\/\/www.sage.com\/es-es\/blog\/wp-content\/uploads\/sites\/8\/2019\/01\/GettyImages-594383123.jpg","imagine_tags":{"280":"Asesor\u00edas y despachos","268":"Impuestos","260":"Legal","284":"Pymes"}},"distributor_meta":false,"distributor_terms":false,"distributor_media":false,"distributor_original_site_name":"Sage Advice Espa\u00f1a","distributor_original_site_url":"https:\/\/www.sage.com\/es-es\/blog","push-errors":false,"_links":{"self":[{"href":"https:\/\/www.sage.com\/es-es\/blog\/api\/wp\/v2\/posts\/14667","targetHints":{"allow":["GET"]}}],"collection":[{"href":"https:\/\/www.sage.com\/es-es\/blog\/api\/wp\/v2\/posts"}],"about":[{"href":"https:\/\/www.sage.com\/es-es\/blog\/api\/wp\/v2\/types\/post"}],"author":[{"embeddable":true,"href":"https:\/\/www.sage.com\/es-es\/blog\/api\/wp\/v2\/users\/240"}],"replies":[{"embeddable":true,"href":"https:\/\/www.sage.com\/es-es\/blog\/api\/wp\/v2\/comments?post=14667"}],"version-history":[{"count":0,"href":"https:\/\/www.sage.com\/es-es\/blog\/api\/wp\/v2\/posts\/14667\/revisions"}],"wp:featuredmedia":[{"embeddable":true,"href":"https:\/\/www.sage.com\/es-es\/blog\/api\/wp\/v2\/media\/14521"}],"wp:attachment":[{"href":"https:\/\/www.sage.com\/es-es\/blog\/api\/wp\/v2\/media?parent=14667"}],"wp:term":[{"taxonomy":"category","embeddable":true,"href":"https:\/\/www.sage.com\/es-es\/blog\/api\/wp\/v2\/categories?post=14667"},{"taxonomy":"post_tag","embeddable":true,"href":"https:\/\/www.sage.com\/es-es\/blog\/api\/wp\/v2\/tags?post=14667"},{"taxonomy":"business_type","embeddable":true,"href":"https:\/\/www.sage.com\/es-es\/blog\/api\/wp\/v2\/business_type?post=14667"},{"taxonomy":"lilypad","embeddable":true,"href":"https:\/\/www.sage.com\/es-es\/blog\/api\/wp\/v2\/lilypad?post=14667"},{"taxonomy":"context","embeddable":true,"href":"https:\/\/www.sage.com\/es-es\/blog\/api\/wp\/v2\/context?post=14667"},{"taxonomy":"industry","embeddable":true,"href":"https:\/\/www.sage.com\/es-es\/blog\/api\/wp\/v2\/industry?post=14667"},{"taxonomy":"persona","embeddable":true,"href":"https:\/\/www.sage.com\/es-es\/blog\/api\/wp\/v2\/persona?post=14667"},{"taxonomy":"imagine_tag","embeddable":true,"href":"https:\/\/www.sage.com\/es-es\/blog\/api\/wp\/v2\/imagine_tag?post=14667"},{"taxonomy":"author","embeddable":true,"href":"https:\/\/www.sage.com\/es-es\/blog\/api\/wp\/v2\/coauthors?post=14667"}],"curies":[{"name":"wp","href":"https:\/\/api.w.org\/{rel}","templated":true}]}}