{"id":14866,"date":"2019-03-11T15:27:46","date_gmt":"2019-03-11T14:27:46","guid":{"rendered":"https:\/\/www.sage.com\/es-es\/blog\/?p=14866"},"modified":"2026-03-13T14:22:17","modified_gmt":"2026-03-13T13:22:17","slug":"medidas-ante-el-no-acuerdo-por-brexit","status":"publish","type":"post","link":"https:\/\/www.sage.com\/es-es\/blog\/medidas-ante-el-no-acuerdo-por-brexit\/","title":{"rendered":"Medidas ante el no acuerdo por Brexit"},"content":{"rendered":"<header class=\"entry-header has-dark-background-color entry-header--has-illustration entry-header--has-illustration--generic\">\n\t<div class=\"container\">\n\t\t<div class=\"entry-header__row row align-center\">\n\t\t\t<div class=\"col col-lg-7 col-xlg-6 entry-header__content\">\n\t\t\t\t\t\t\t<div class=\"component component-single-header\">\n\t\t\t\t\t\t\t\t\t\t<div class=\"entry-header__misc text--subtitle text--uppercase text--small\">\n\t\t\t\t\t\t\t<a href=\"https:\/\/www.sage.com\/es-es\/blog\/categoria\/legal\/\" class=\"entry-header__link\">Legal<\/a>\t\t\t\t\t\t<\/div>\n\t\t\t\t\n\t\t\t\t<div class=\"entry-title-wrapper\">\n\t\t\t\t\t<h1 class=\"entry-title\">\n\t\t\t\t\t\tMedidas ante el no acuerdo por Brexit\t\t\t\t\t<\/h1>\n\t\t\t\t<\/div>\n\n\t\t\t\t\t\t\t\t\t<p class=\"entry-header__description\">\n\t\t\t\t\t\t\t\t\t\t\t<\/p>\n\t\t\t\t\n\t\t\t\t\n\t\t\t\t\n\t\t\t<\/div>\n\n\t\t\t\t\t<\/div>\n\t\t\t\t\t<\/div>\n\t<\/div>\n\t<div class=\"single-post-details container\">\n\t\t<div class=\"col\">\n\t\t\t<span class=\"posted-on \"><time class=\"entry-date published\" datetime=\"2019-03-11T15:27:46+01:00\">11 March, 2019<\/time><\/span><span class=\"reading-time\"> minutos de lectura<\/span>\n\t\t<button\n\t\t\ttype=\"button\"\n\t\t\tclass=\"social-share-button button button--icon button--secondary js-social-share-button\"\n\t\t\tdata-share-title=\"Medidas ante el no acuerdo por Brexit\"\n\t\t\tdata-share-url=\"https:\/\/www.sage.com\/es-es\/blog\/medidas-ante-el-no-acuerdo-por-brexit\/\"\n\t\t\tdata-share-text=\"Please read this interesting article\"\n\t\t>\n\t\t\t<span class=\"social-share-button__share-label\">Compartir<\/span>\n\t\t\t<span class=\"social-share-button__copy-label\" hidden>Copiar enlace<\/span>\n\t\t\t<span class=\"social-share-button__copy-tooltip\" aria-hidden=\"true\" hidden>Copiado<\/span>\n\t\t<\/button>\n\n\t\t\t\t<\/div>\n\t<\/div>\n<\/header>\n\n\n\n<div class=\"wp-block-post-author has-dark-background-color alignfull\">\n\t<div class=\"container\">\n\t\t<div class=\"col\">\n\t\t\t\t\t\t\t<div class=\"co-authors\">\n\t\t\t\t\t\n\t\t<div class=\"entry-author-wrapper\">\n\t\t\t<a class=\"entry-author\" href=\"https:\/\/www.sage.com\/es-es\/blog\/author\/ronald-lozano\/\">\n\t\t\t\t<img loading=\"lazy\" decoding=\"async\" width=\"40\" height=\"40\" src=\"https:\/\/www.sage.com\/es-es\/blog\/wp-content\/uploads\/sites\/8\/2025\/02\/Ronald-Lozano-350x350.jpg\" class=\"entry-author__image\" alt=\"Sage\" srcset=\"https:\/\/www.sage.com\/es-es\/blog\/wp-content\/uploads\/sites\/8\/2025\/02\/Ronald-Lozano-350x350.jpg 350w, https:\/\/www.sage.com\/es-es\/blog\/wp-content\/uploads\/sites\/8\/2025\/02\/Ronald-Lozano.jpg 600w\" sizes=\"auto, (max-width: 40px) 100vw, 40px\" \/>\t\t\t\t<span class=\"entry-author__name\">Ronald Lozano<\/span>\n\t\t\t<\/a>\n\n\t\t\t\t\t<\/div>\n\n\t\t\t\t\t\t<\/div>\n\t\t\t\t\t<\/div>\n\t<\/div>\n<\/div>\n\n\n\n<p><strong><span data-contrast=\"auto\">\u00bfA qu\u00e9 afecta?<\/span><\/strong><span data-ccp-props=\"{&quot;201341983&quot;:0,&quot;335559739&quot;:160,&quot;335559740&quot;:259}\">&nbsp;<\/span><\/p>\n\n\n\n<p><span data-contrast=\"none\">Al r\u00e9gimen jur\u00eddico <\/span><span data-contrast=\"none\">de <\/span><span data-contrast=\"none\">los nacionales del Reino Unid<\/span><span data-contrast=\"none\">o, tanto personas f\u00edsicas <\/span><span data-contrast=\"none\">como jur\u00eddicas ante <\/span><span data-contrast=\"none\">la retirada del Reino Unido de Gran Breta\u00f1a e Irlanda del Norte de la Uni\u00f3n Europea <\/span><span data-contrast=\"none\">sin acuerdo.<\/span><span data-ccp-props=\"{&quot;201341983&quot;:0,&quot;335559739&quot;:160,&quot;335559740&quot;:259}\">&nbsp;<\/span><\/p>\n\n\n\n<p><strong><span data-contrast=\"auto\">\u00bfA qui\u00e9n afecta?<\/span><\/strong><span data-ccp-props=\"{&quot;201341983&quot;:0,&quot;335559739&quot;:160,&quot;335559740&quot;:259}\">&nbsp;<\/span><\/p>\n\n\n\n<p><span data-contrast=\"none\">A empresas <\/span><span data-contrast=\"none\">que comercien con empresas del Reino Unido y empresas <\/span><span data-contrast=\"none\">con contratos realizados con nacionales brit\u00e1nicos.<\/span><span data-ccp-props=\"{&quot;201341983&quot;:0,&quot;335559739&quot;:160,&quot;335559740&quot;:259}\">&nbsp;<\/span><\/p>\n\n\n\n<p><strong><span data-contrast=\"auto\">\u00bfC\u00f3mo afecta?<\/span><\/strong><span data-ccp-props=\"{&quot;201341983&quot;:0,&quot;335559739&quot;:160,&quot;335559740&quot;:259}\">&nbsp;<\/span><\/p>\n\n\n\n<h3 class=\"wp-block-heading\" id=\"h-trabajadores-fronterizos\">Trabajadores fronterizos<\/h3>\n\n\n\n<ul class=\"wp-block-list\">\n<li><span data-contrast=\"none\">Nacionales de<\/span><span data-contrast=\"none\">l Reino Unido,<\/span><span data-contrast=\"none\"> residentes fuera de Espa\u00f1a, que, en la fecha de retirada tuviesen la condici\u00f3n <\/span><span data-contrast=\"none\">de trabajadores transfronterizos en Espa\u00f1a:<\/span>\n<ul class=\"wp-block-list\">\n<li><span data-contrast=\"none\">Cuenta ajena<\/span><span data-contrast=\"none\">. <\/span><span data-contrast=\"none\">Deben solicitar la documentaci\u00f3n que acredite dicha su autorizaci\u00f3n para trabajar. La solicitud y tramitaci\u00f3n de la documentaci\u00f3n no ser\u00e1 obst\u00e1culo para el desarrollo de su actividad siempre que el tratamiento sea rec\u00edproco a los mismos en Reino Unido<\/span><span data-contrast=\"none\">.<\/span><\/li>\n\n\n\n<li><span data-contrast=\"none\">Cuenta propia<\/span><span data-contrast=\"none\">.<\/span><span data-contrast=\"none\"> Igual <\/span><span data-contrast=\"none\">que en el caso de trabajador por cuenta ajena.<\/span><span data-ccp-props=\"{&quot;134233279&quot;:true,&quot;201341983&quot;:0,&quot;335551550&quot;:6,&quot;335551620&quot;:6,&quot;335559685&quot;:1080,&quot;335559739&quot;:160,&quot;335559740&quot;:259}\"><br><br><\/span><\/li>\n<\/ul>\n<\/li>\n<\/ul>\n\n\n\n<h3 class=\"wp-block-heading\" id=\"h-profesiones-y-funcion-publica\">Profesiones y funci\u00f3n p\u00fablica<\/h3>\n\n\n\n<ul class=\"wp-block-list\">\n<li><span data-contrast=\"none\">Los nacionales del Reino Unido<\/span><span data-contrast=\"none\"> que en el <\/span><span data-contrast=\"none\">momento en que se produzca la retirada efectiva del Reino Unido est\u00e9n ejerciendo de forma permanente una profesi\u00f3n o actividad<\/span><span data-contrast=\"none\">para la cual obtuvieron el <\/span><span data-contrast=\"none\">reconocimiento <\/span><span data-contrast=\"none\">de sus cualificaciones<\/span><span data-contrast=\"none\"> profesionales<\/span><span data-contrast=\"none\">o para cuyo acceso y ejercicio se exigi<\/span><span data-contrast=\"none\">\u00f3<\/span><span data-contrast=\"none\"> ser nacional de un Estado miembro:<\/span><span data-ccp-props=\"{&quot;134233279&quot;:true,&quot;201341983&quot;:0,&quot;335551550&quot;:6,&quot;335551620&quot;:6,&quot;335559685&quot;:360,&quot;335559739&quot;:160,&quot;335559740&quot;:259}\">\u00a0<\/span>\n<ul class=\"wp-block-list\">\n<li><span data-contrast=\"none\">Podr\u00e1n continuar ejerciendo<\/span><span data-contrast=\"none\"> en los mismos t\u00e9rminos en que lo tengan reconocido si cumplen el resto de <\/span><span data-contrast=\"none\">condiciones<\/span><span data-contrast=\"none\"> a las que se encuentre sometido <\/span><span data-contrast=\"none\">su ejercicio.<\/span><\/li>\n<\/ul>\n<\/li>\n\n\n\n<li><span data-contrast=\"none\">Para nacionales espa\u00f1oles o de cualquier otro Estado miembro de la U.E o nacionales de pa\u00edses terceros a los que el derecho de la Uni\u00f3n o el derecho nacional les reconozca un trato equivalente, si est\u00e1n ejerciendo de forma permanente en Espa\u00f1a una profesi\u00f3n o actividad profesional para la cual hayan obtenido el reconocimiento de sus cualificaciones profesionales adquiridas en el Reino Unido o en Gibraltar:<\/span><span data-ccp-props=\"{&quot;134233279&quot;:true,&quot;201341983&quot;:0,&quot;335551550&quot;:6,&quot;335551620&quot;:6,&quot;335559685&quot;:360,&quot;335559739&quot;:160,&quot;335559740&quot;:259}\">\u00a0<\/span>\n<ul class=\"wp-block-list\">\n<li><span data-contrast=\"none\">Podr\u00e1n continuar ejerciendo en los mismos t\u00e9rminos en que lo tengan reconocido si cumplen el resto de <\/span><span data-contrast=\"none\">condiciones<\/span><span data-contrast=\"none\"> a las que se encuentre sometido su ejercicio.<\/span><\/li>\n<\/ul>\n<\/li>\n\n\n\n<li><span data-contrast=\"none\">Los nacionales del Reino Unido establecidos en el Reino Unido, en Gibraltar o en un Estado Miembro de la Uni\u00f3n Europea, nacionales de un Estado miembro de la Uni\u00f3n europea establecidos en el Reino unido o en Gibraltar que ejerzan en Espa\u00f1a una profesi\u00f3n o actividad profesional de manera temporal u ocasional:<\/span><span data-ccp-props=\"{&quot;134233279&quot;:true,&quot;201341983&quot;:0,&quot;335551550&quot;:6,&quot;335551620&quot;:6,&quot;335559685&quot;:360,&quot;335559739&quot;:160,&quot;335559740&quot;:259}\">\u00a0<\/span>\n<ul class=\"wp-block-list\">\n<li><span data-contrast=\"none\">Podr\u00e1n continuar ejerci\u00e9ndola con la exclusiva finalidad de cumplir los contratos vigentes a la fecha de retirada del Reino Unido de la U.E.<\/span> <span data-contrast=\"none\">o durante la validez de la declaraci\u00f3n en caso de haber <\/span><span data-contrast=\"none\">efectuado una declaraci\u00f3n previa en Espa\u00f1a.<\/span><span data-ccp-props=\"{&quot;134233279&quot;:true,&quot;201341983&quot;:0,&quot;335551550&quot;:6,&quot;335551620&quot;:6,&quot;335559685&quot;:1080,&quot;335559739&quot;:160,&quot;335559740&quot;:259}\"><br><br><\/span><\/li>\n<\/ul>\n<\/li>\n\n\n\n<li><span data-contrast=\"none\">Sociedades profesionales <\/span><span data-contrast=\"none\">(sociedades mercantiles cuyo objeto social se corresponda con el ejercicio en com\u00fan de una actividad profesional)<\/span><span data-contrast=\"none\">constituidas conforme legislaci\u00f3n<\/span><span data-contrast=\"none\"> del R<\/span><span data-contrast=\"none\">eino Unido <\/span><span data-contrast=\"none\">o Gibraltar, <\/span><span data-contrast=\"none\">con domicilio y administraci\u00f3n central o centro de actividad principal se encuentre en R<\/span><span data-contrast=\"none\">eino <\/span><span data-contrast=\"none\">U<\/span><span data-contrast=\"none\">nido<\/span><span data-contrast=\"none\"> o <\/span><span data-contrast=\"none\">Gibraltar:<\/span><span data-ccp-props=\"{&quot;134233279&quot;:true,&quot;201341983&quot;:0,&quot;335551550&quot;:6,&quot;335551620&quot;:6,&quot;335559685&quot;:360,&quot;335559739&quot;:160,&quot;335559740&quot;:259}\">\u00a0<\/span>\n<ul class=\"wp-block-list\">\n<li><span data-contrast=\"none\">Si viniesen operando habitualmente en Espa\u00f1a antes de la retirada:<\/span><span data-ccp-props=\"{&quot;134233279&quot;:true,&quot;201341983&quot;:0,&quot;335551550&quot;:6,&quot;335551620&quot;:6,&quot;335559685&quot;:1080,&quot;335559739&quot;:160,&quot;335559740&quot;:259}\">\u00a0<\/span>\n<ul class=\"wp-block-list\">\n<li><span data-contrast=\"none\">Durante el a\u00f1o siguiente a la fecha de retirada del Reino Unido de la Uni\u00f3n Europea, podr\u00e1n continuar ejerciendo en Espa\u00f1a la actividad que constituya su objeto social.<\/span><span data-ccp-props=\"{&quot;134233279&quot;:true,&quot;201341983&quot;:0,&quot;335551550&quot;:6,&quot;335551620&quot;:6,&quot;335559739&quot;:160,&quot;335559740&quot;:259}\">\u00a0<\/span><\/li>\n\n\n\n<li><span data-contrast=\"none\">El ejercicio del objeto social debe realizarse por personas que est\u00e9n colegiadas en Espa\u00f1a<\/span><span data-contrast=\"none\">.<\/span><\/li>\n<\/ul>\n<\/li>\n<\/ul>\n<\/li>\n\n\n\n<li><span data-contrast=\"none\">Auditores de cuentas y sociedades de auditor\u00eda inscritos en el Registro Oficial de Auditor\u00eda de Cuentas.<\/span><span data-ccp-props=\"{&quot;134233279&quot;:true,&quot;201341983&quot;:0,&quot;335551550&quot;:6,&quot;335551620&quot;:6,&quot;335559685&quot;:360,&quot;335559739&quot;:160,&quot;335559740&quot;:259}\">\u00a0<\/span>\n<ul class=\"wp-block-list\">\n<li><span data-contrast=\"none\">Durante el a\u00f1o siguiente a la fecha de retirada no<\/span><span data-contrast=\"none\"> quedar\u00e1n afectados <\/span><span data-contrast=\"none\">por <\/span><span data-contrast=\"none\">los <\/span><span data-contrast=\"none\">art\u00edculos 10 y 11 de la Ley 22\/2015, de 20 de julio, de Auditor\u00eda de Cuentas <\/span><span data-contrast=\"none\">si \u00e9ste pasa a ser considerado un tercer p<\/span><span data-contrast=\"none\">a\u00eds<\/span><span data-contrast=\"none\">.<\/span><span data-ccp-props=\"{&quot;134233279&quot;:true,&quot;201341983&quot;:0,&quot;335551550&quot;:6,&quot;335551620&quot;:6,&quot;335559685&quot;:1080,&quot;335559739&quot;:160,&quot;335559740&quot;:259}\">\u00a0<\/span><\/li>\n\n\n\n<li><span data-contrast=\"none\">A partir de ese momento, el Reino Unido pasar\u00e1 a tener la consideraci\u00f3n de tercer pa\u00eds a los referidos efectos<\/span><span data-contrast=\"none\">.<\/span><span data-ccp-props=\"{&quot;134233279&quot;:true,&quot;201341983&quot;:0,&quot;335551550&quot;:6,&quot;335551620&quot;:6,&quot;335559685&quot;:1080,&quot;335559739&quot;:160,&quot;335559740&quot;:259}\"><br><br><\/span><\/li>\n<\/ul>\n<\/li>\n<\/ul>\n\n\n\n<h3 class=\"wp-block-heading\" id=\"h-relaciones-laborales\">Relaciones laborales<\/h3>\n\n\n\n<ul class=\"wp-block-list\">\n<li><span data-contrast=\"none\">R\u00e9gimen transitorio aplicable en relaci\u00f3n con los trabajadores desplazados temporalmente en el marco de una prestaci\u00f3n de servicios.<\/span><span data-ccp-props=\"{&quot;134233279&quot;:true,&quot;201341983&quot;:0,&quot;335551550&quot;:6,&quot;335551620&quot;:6,&quot;335559685&quot;:360,&quot;335559739&quot;:160,&quot;335559740&quot;:259}\">\u00a0<\/span><\/li>\n\n\n\n<li><span data-contrast=\"none\">Deben <\/span><span data-contrast=\"none\">seguir aplicando la legislaci\u00f3n del Reino Unido de transposici\u00f3n de Directiva 96\/71\/CE durante el periodo de desplazamiento de <\/span><span data-contrast=\"none\">los mismos<\/span><span data-contrast=\"none\"> si se reconoce por parte de RU un tratamiento rec\u00edproco.<\/span><span data-ccp-props=\"{&quot;134233279&quot;:true,&quot;201341983&quot;:0,&quot;335551550&quot;:6,&quot;335551620&quot;:6,&quot;335559685&quot;:1080,&quot;335559739&quot;:160,&quot;335559740&quot;:259}\"><br><br><\/span><\/li>\n<\/ul>\n\n\n\n<h3 class=\"wp-block-heading\" id=\"h-seguridad-social-de-nacionales-del-reino-unido\">Seguridad Social de nacionales del Reino Unido<\/h3>\n\n\n\n<p><span data-contrast=\"none\">Reglas a aplicar<\/span><span data-contrast=\"none\"> durante un plazo de 21 meses desde la retirada de Reino Unido de la Uni\u00f3n Europea sin acuerdo, salvo que con anterioridad se adopte un instrumento internacional, bilateral o multilateral.<\/span><span data-ccp-props=\"{&quot;201341983&quot;:0,&quot;335559739&quot;:160,&quot;335559740&quot;:259}\">&nbsp;<\/span><\/p>\n\n\n\n<ul class=\"wp-block-list\">\n<li><span data-contrast=\"none\">Nacionales del Reino Unido <\/span><span data-contrast=\"none\">que tras la fecha de retirada<\/span><span data-contrast=\"none\"> residan y trabajen legalmente en Espa\u00f1a<\/span><span data-contrast=\"none\">, sujetos a la legislaci\u00f3n espa\u00f1ola de Seguridad Social:<\/span><span data-ccp-props=\"{&quot;134233279&quot;:true,&quot;201341983&quot;:0,&quot;335551550&quot;:6,&quot;335551620&quot;:6,&quot;335559685&quot;:360,&quot;335559739&quot;:160,&quot;335559740&quot;:259}\">\u00a0<\/span>\n<ul class=\"wp-block-list\">\n<li><span data-contrast=\"none\">Disfrute <\/span><span data-contrast=\"none\">de iguales<\/span><span data-contrast=\"none\"> derechos y obligaciones que los nacionales espa\u00f1oles<\/span><span data-ccp-props=\"{&quot;134233279&quot;:true,&quot;201341983&quot;:0,&quot;335551550&quot;:6,&quot;335551620&quot;:6,&quot;335559685&quot;:1080,&quot;335559739&quot;:160,&quot;335559740&quot;:259}\">\u00a0<\/span><\/li>\n\n\n\n<li><span data-contrast=\"none\">Si <\/span><span data-contrast=\"none\">adem\u00e1s <\/span><span data-contrast=\"none\">permanec<\/span><span data-contrast=\"none\">en <\/span><span data-contrast=\"none\">sujetos a la legislaci\u00f3n brit\u00e1nica de seguridad social por aplicaci\u00f3n de lo dispuesto en el T\u00edtulo II del Reglamento (CE) <\/span><span data-contrast=\"none\">N\u00ba<\/span><span data-contrast=\"none\"> 883\/2004, de 29 de abril<\/span><span data-contrast=\"none\">:<\/span><span data-ccp-props=\"{&quot;134233279&quot;:true,&quot;201341983&quot;:0,&quot;335551550&quot;:6,&quot;335551620&quot;:6,&quot;335559685&quot;:1080,&quot;335559739&quot;:160,&quot;335559740&quot;:259}\">\u00a0<\/span>\n<ul class=\"wp-block-list\">\n<li><span data-contrast=\"none\">Opci\u00f3n de mantener<\/span><span data-contrast=\"none\"> dicha situaci\u00f3n hasta finalizar el per\u00edodo previsto<\/span> <span data-contrast=\"none\">en el Reglamento<\/span><span data-contrast=\"none\">.\u00a0<\/span><span data-ccp-props=\"{&quot;134233279&quot;:true,&quot;201341983&quot;:0,&quot;335551550&quot;:6,&quot;335551620&quot;:6,&quot;335559739&quot;:160,&quot;335559740&quot;:259}\">\u00a0<\/span><\/li>\n\n\n\n<li><span data-contrast=\"none\">Transcurrido el plazo del reglamento, <\/span><span data-contrast=\"none\">pasar\u00e1n a estar sujetos a la legislaci\u00f3n espa\u00f1ola de seguridad soci<\/span><span data-contrast=\"none\">al<\/span> <span data-contrast=\"none\">previo a realizar <\/span><span data-contrast=\"none\">los <\/span><span data-contrast=\"none\">co<\/span><span data-contrast=\"none\">rrespondientes tr\u00e1mites de afiliaci\u00f3n y alta en el r\u00e9gimen de seguridad social que corresponda ante la Tesorer\u00eda General de la Seguridad Social<\/span><span data-contrast=\"none\">. Lo anterior siempre y cuando se <\/span><span data-contrast=\"none\">recono<\/span><span data-contrast=\"none\">zca <\/span><span data-contrast=\"none\">un tratamiento rec\u00edproco a los trabajadores espa\u00f1oles <\/span><span data-contrast=\"none\">que residan y trabajen legalmente en<\/span><span data-contrast=\"none\"> R<\/span><span data-contrast=\"none\">eino Unido <\/span><span data-contrast=\"none\">o Gibraltar.<\/span><span data-ccp-props=\"{&quot;134233279&quot;:true,&quot;201341983&quot;:0,&quot;335551550&quot;:6,&quot;335551620&quot;:6,&quot;335559739&quot;:160,&quot;335559740&quot;:259}\"><br><br><\/span><\/li>\n<\/ul>\n<\/li>\n<\/ul>\n<\/li>\n<\/ul>\n\n\n\n<h3 class=\"wp-block-heading\" id=\"h-actividades-economicas\">Actividades econ\u00f3micas<\/h3>\n\n\n\n<ul class=\"wp-block-list\">\n<li><span data-contrast=\"none\">Servicios financieros<\/span><span data-ccp-props=\"{&quot;134233279&quot;:true,&quot;201341983&quot;:0,&quot;335551550&quot;:6,&quot;335551620&quot;:6,&quot;335559685&quot;:360,&quot;335559739&quot;:160,&quot;335559740&quot;:259}\">\u00a0<\/span>\n<ul class=\"wp-block-list\">\n<li><span data-contrast=\"none\">Continuidad de los contratos<\/span><span data-contrast=\"none\"> de servicios financieros prestados en Espa\u00f1a por entidades financieras establecidas en R<\/span><span data-contrast=\"none\">eino Unido <\/span><span data-contrast=\"none\">o Gibraltar.<\/span><span data-ccp-props=\"{&quot;134233279&quot;:true,&quot;201341983&quot;:0,&quot;335551550&quot;:6,&quot;335551620&quot;:6,&quot;335559685&quot;:1080,&quot;335559739&quot;:160,&quot;335559740&quot;:259}\">\u00a0<\/span><\/li>\n\n\n\n<li><span data-contrast=\"none\">Adaptaci\u00f3n al r\u00e9gimen de terceros pa\u00edses para seguir prestando servicios en Espa\u00f1a<\/span> <span data-contrast=\"none\">cuando el vencimiento es posterior a la fecha de retirada.<\/span><span data-ccp-props=\"{&quot;134233279&quot;:true,&quot;201341983&quot;:0,&quot;335551550&quot;:6,&quot;335551620&quot;:6,&quot;335559685&quot;:1080,&quot;335559739&quot;:160,&quot;335559740&quot;:259}\">\u00a0<\/span><\/li>\n\n\n\n<li><span data-contrast=\"none\">L<\/span><span data-contrast=\"none\">a vigencia de los contratos no se ve afectada por la retirada del Reino Unido<\/span><span data-contrast=\"none\">.<\/span><span data-ccp-props=\"{&quot;134233279&quot;:true,&quot;201341983&quot;:0,&quot;335551550&quot;:6,&quot;335551620&quot;:6,&quot;335559685&quot;:1080,&quot;335559739&quot;:160,&quot;335559740&quot;:259}\">\u00a0<\/span><\/li>\n\n\n\n<li><span data-contrast=\"none\">Para actividades sujetas a autorizaci\u00f3n:<\/span><span data-ccp-props=\"{&quot;134233279&quot;:true,&quot;201341983&quot;:0,&quot;335551550&quot;:6,&quot;335551620&quot;:6,&quot;335559685&quot;:1080,&quot;335559739&quot;:160,&quot;335559740&quot;:259}\">\u00a0<\/span>\n<ul class=\"wp-block-list\">\n<li><span data-contrast=\"none\">Establecimiento de un r\u00e9gimen temporal<\/span><span data-contrast=\"none\"> que garantice:<\/span>\n<ul class=\"wp-block-list\">\n<li><span data-contrast=\"none\">Que <\/span><span data-contrast=\"none\">la adaptaci\u00f3n a los reg\u00edmenes de terceros pa\u00edses no implique una disrupci\u00f3n en la prestaci\u00f3n de servicios asociados a dichos contratos<\/span><span data-contrast=\"none\">,<\/span><\/li>\n\n\n\n<li><span data-contrast=\"none\">O <\/span><span data-contrast=\"none\">f<\/span><span data-contrast=\"none\">acilitar la relocalizaci\u00f3n o terminaci\u00f3n de los contratos si la entidad no desea continuar con su actividad en Espa\u00f1a.\u00a0<\/span><span data-ccp-props=\"{&quot;134233279&quot;:true,&quot;201341983&quot;:0,&quot;335551550&quot;:6,&quot;335551620&quot;:6,&quot;335559739&quot;:160,&quot;335559740&quot;:259}\">\u00a0<\/span><\/li>\n<\/ul>\n<\/li>\n<\/ul>\n<\/li>\n\n\n\n<li><span data-contrast=\"none\">Para actividades <\/span><span data-contrast=\"none\">vinculadas a la gesti\u00f3n de los contratos que no requieran autorizaci\u00f3n, <\/span><span data-contrast=\"none\">podr\u00e1n seguir realiz\u00e1ndose sin necesidad de acogerse al r\u00e9gimen temporal.<\/span><span data-ccp-props=\"{&quot;134233279&quot;:true,&quot;201341983&quot;:0,&quot;335551550&quot;:6,&quot;335551620&quot;:6,&quot;335559685&quot;:1080,&quot;335559739&quot;:160,&quot;335559740&quot;:259}\">\u00a0<\/span><\/li>\n<\/ul>\n<\/li>\n\n\n\n<li><span data-contrast=\"none\">Aduanas<\/span><span data-ccp-props=\"{&quot;134233279&quot;:true,&quot;201341983&quot;:0,&quot;335551550&quot;:6,&quot;335551620&quot;:6,&quot;335559685&quot;:360,&quot;335559739&quot;:160,&quot;335559740&quot;:259}\">\u00a0<\/span>\n<ul class=\"wp-block-list\">\n<li><span data-contrast=\"none\">Desde la publicaci\u00f3n de este real decreto-ley l<\/span><span data-contrast=\"none\">as autoridades aduaneras est\u00e1n autorizadas para empezar a <\/span><span data-contrast=\"none\">tramitar las solicitudes de decisi\u00f3n previstas en el art\u00edculo 22 del c\u00f3digo aduanero de la Uni\u00f3n <\/span><span data-contrast=\"none\">que presenten los operadores afectados, anticip\u00e1ndose a la consideraci\u00f3n del Reino Unido como tercer Estado<\/span><span data-contrast=\"none\">.<\/span><span data-ccp-props=\"{&quot;134233279&quot;:true,&quot;201341983&quot;:0,&quot;335551550&quot;:6,&quot;335551620&quot;:6,&quot;335559685&quot;:1080,&quot;335559739&quot;:160,&quot;335559740&quot;:259}\">\u00a0<\/span><\/li>\n<\/ul>\n<\/li>\n\n\n\n<li><span data-contrast=\"none\">Contrataci\u00f3n p\u00fablica<\/span><span data-contrast=\"none\">.<\/span><span data-ccp-props=\"{&quot;134233279&quot;:true,&quot;201341983&quot;:0,&quot;335551550&quot;:6,&quot;335551620&quot;:6,&quot;335559685&quot;:360,&quot;335559739&quot;:160,&quot;335559740&quot;:259}\">\u00a0<\/span>\n<ul class=\"wp-block-list\">\n<li><span data-contrast=\"none\">Se<\/span><span data-contrast=\"none\"> aplican las normas previstas en esta ley <\/span><span data-contrast=\"none\">y en sus normas de desarrollo si existe reciprocidad con operadores econ\u00f3micos espa\u00f1oles en el Reino Unido <\/span><span data-contrast=\"none\">cuando se trate de <\/span><span data-contrast=\"none\">expedientes <\/span><span data-contrast=\"none\">de contrataci\u00f3n iniciados antes de la fecha de retirada<\/span><span data-contrast=\"none\"> o la fecha de aprobaci\u00f3n de los pliegos <\/span><span data-contrast=\"none\">antes de la fecha de retirada.<\/span><span data-ccp-props=\"{&quot;134233279&quot;:true,&quot;201341983&quot;:0,&quot;335551550&quot;:6,&quot;335551620&quot;:6,&quot;335559685&quot;:1080,&quot;335559739&quot;:160,&quot;335559740&quot;:259}\"><br><br><\/span><\/li>\n<\/ul>\n<\/li>\n<\/ul>\n\n\n\n<h3 class=\"wp-block-heading\" id=\"h-servicios-aeroportuarios\">Servicios aeroportuarios<\/h3>\n\n\n\n<ul class=\"wp-block-list\">\n<li><span data-contrast=\"auto\">Hasta el 28 de febrero de 2020, los pasajeros embarcados con destino a un aeropuerto en el Reino Unido se considerar\u00e1n embarcados con destino a un aeropuerto del Espacio Econ\u00f3mico Europeo a los efectos de la fijaci\u00f3n de importes por las prestaciones p\u00fablicas por salida de pasajeros y servicio de asistencia de mayordom\u00eda (\u00abcatering\u00bb) y sus actualizaciones.<\/span><\/li>\n\n\n\n<li><span data-contrast=\"none\">Aplicabilidad de las medidas de contingencia en materia de transporte a Gibraltar.<\/span><span data-ccp-props=\"{&quot;134233279&quot;:true,&quot;201341983&quot;:0,&quot;335551550&quot;:6,&quot;335551620&quot;:6,&quot;335559685&quot;:360,&quot;335559739&quot;:160,&quot;335559740&quot;:259}\">\u00a0<\/span>\n<ul class=\"wp-block-list\">\n<li><span data-contrast=\"none\">El r\u00e9gimen jur\u00eddico del transporte por territorio espa\u00f1ol, tanto de mercanc\u00edas como <\/span><span data-contrast=\"none\">de<\/span><span data-contrast=\"none\">\u00a0<\/span><span data-contrast=\"none\"> viajeros<\/span><span data-contrast=\"none\"> en autob\u00fas, podr\u00e1 deci<\/span><span data-contrast=\"none\">dirse<\/span><span data-contrast=\"none\"> mediante acuerdo del Gobierno.<\/span><span data-ccp-props=\"{&quot;134233279&quot;:true,&quot;201341983&quot;:0,&quot;335551550&quot;:6,&quot;335551620&quot;:6,&quot;335559685&quot;:1080,&quot;335559739&quot;:160,&quot;335559740&quot;:259}\">\u00a0<\/span><\/li>\n\n\n\n<li><span data-contrast=\"none\">La empresa transportista establecida en Gibraltar debe contar con la autorizaci\u00f3n o licencia que <\/span><span data-contrast=\"none\">la <\/span><span data-contrast=\"none\">habilite para realizar transporte <\/span><span data-contrast=\"none\">de mercanc\u00edas o viajeros <\/span><span data-contrast=\"none\">por <\/span><span data-contrast=\"none\">Espa\u00f1a<\/span><span data-contrast=\"none\"> excepto cuando se trate del transporte de determinadas mercanc\u00edas.<\/span><span data-ccp-props=\"{&quot;134233279&quot;:true,&quot;201341983&quot;:0,&quot;335551550&quot;:6,&quot;335551620&quot;:6,&quot;335559685&quot;:1080,&quot;335559739&quot;:160,&quot;335559740&quot;:259}\"><br><br><\/span><\/li>\n<\/ul>\n<\/li>\n<\/ul>\n\n\n\n<p><strong><span data-contrast=\"auto\">\u00bfDesde cu\u00e1ndo?<\/span><\/strong><span data-ccp-props=\"{&quot;201341983&quot;:0,&quot;335559739&quot;:160,&quot;335559740&quot;:259}\">&nbsp;<\/span><\/p>\n\n\n\n<p><span data-contrast=\"auto\">Desde su publicaci\u00f3n <\/span><span data-contrast=\"auto\">en alg\u00fan caso <\/span><span data-contrast=\"auto\">o <\/span><span data-contrast=\"auto\">en el resto de los casos, desde <\/span><span data-contrast=\"auto\">entrada en vigor <\/span><span data-contrast=\"auto\">de este real decreto-ley <\/span><span data-contrast=\"auto\">(30\/03\/2019) <\/span><span data-contrast=\"auto\">y hasta <\/span><span data-contrast=\"auto\">transcurrido un plazo de dos meses desde su entrada en vigor<\/span><span data-contrast=\"auto\"> si <\/span><span data-contrast=\"auto\">las autoridades brit\u00e1nicas competentes no conceden un tratamiento rec\u00edproco a las personas f\u00edsicas o jur\u00eddicas de nacionalidad espa\u00f1ola en cada uno de los \u00e1mbitos <\/span><span data-contrast=\"auto\">a<\/span><span data-contrast=\"auto\">fectados<\/span><span data-contrast=\"auto\">.<\/span><span data-ccp-props=\"{&quot;134233117&quot;:true,&quot;134233118&quot;:true,&quot;201341983&quot;:0,&quot;335551550&quot;:6,&quot;335551620&quot;:6,&quot;335559740&quot;:240}\">&nbsp;<\/span><\/p>\n\n\n\n<p><span data-contrast=\"none\">Para a<\/span><span data-contrast=\"none\">quellas medidas sujetas a un plazo de vigencia dejar\u00e1n de estar en vigor por el mero transcurso de dicho plazo, salvo que el Gobierno proceda a su pr\u00f3rroga.<\/span><span data-ccp-props=\"{&quot;201341983&quot;:0,&quot;335551550&quot;:6,&quot;335551620&quot;:6,&quot;335559739&quot;:160,&quot;335559740&quot;:259}\">&nbsp;<\/span><\/p>\n\n\n\n<p><span data-contrast=\"auto\"><strong>Ley:<\/strong> <\/span><a href=\"https:\/\/www.boe.es\/diario_boe\/txt.php?id=BOE-A-2019-2976\"><span data-contrast=\"none\">Real Decreto-ley 5\/2019, de 1 de marzo, por el que se adoptan medidas de contingencia ante la retirada del Reino Unido de Gran Breta\u00f1a e Irlanda del Norte de la Uni\u00f3n Europea sin que se haya alcanzado el acuerdo previsto en el art\u00edculo 50 del Tratado de la Uni\u00f3n Europea<\/span><\/a><span data-ccp-props=\"{&quot;201341983&quot;:0,&quot;335551550&quot;:6,&quot;335551620&quot;:6,&quot;335559739&quot;:160,&quot;335559740&quot;:259}\">&nbsp;<\/span><\/p>\n","protected":false},"excerpt":{"rendered":"<p>\u00bfA qu\u00e9 afecta?&nbsp; Al r\u00e9gimen jur\u00eddico de los nacionales del Reino Unido, tanto personas f\u00edsicas como jur\u00eddicas ante la retirada del Reino Unido de Gran Breta\u00f1a e Irlanda del Norte de la Uni\u00f3n Europea sin acuerdo.&nbsp; \u00bfA qui\u00e9n afecta?&nbsp; A empresas que comercien con empresas del Reino Unido y empresas con contratos realizados con nacionales [&hellip;]<\/p>\n","protected":false},"author":248,"featured_media":10160,"comment_status":"open","ping_status":"closed","sticky":false,"template":"","format":"standard","meta":{"_sage_video":false,"post_featured_image_hide":false,"footnotes":""},"categories":[6],"tags":[201],"business_type":[10,11,8],"lilypad":[],"context":[],"industry":[],"persona":[],"imagine_tag":[260],"coauthors":[670],"class_list":["post-14866","post","type-post","status-publish","format-standard","has-post-thumbnail","hentry","category-legal","tag-normativa-legal","business_type-pequena-empresa","business_type-mediana-empresa","business_type-asesorias-despachos-profesionales"],"sage_meta":{"region":"es-es","author_name":"Ronald Lozano","featured_image":"https:\/\/www.sage.com\/es-es\/blog\/wp-content\/uploads\/sites\/8\/2018\/02\/legal-image-chevron_Azul.png","imagine_tags":{"260":"Legal"}},"distributor_meta":false,"distributor_terms":false,"distributor_media":false,"distributor_original_site_name":"Sage Advice Espa\u00f1a","distributor_original_site_url":"https:\/\/www.sage.com\/es-es\/blog","push-errors":false,"_links":{"self":[{"href":"https:\/\/www.sage.com\/es-es\/blog\/api\/wp\/v2\/posts\/14866","targetHints":{"allow":["GET"]}}],"collection":[{"href":"https:\/\/www.sage.com\/es-es\/blog\/api\/wp\/v2\/posts"}],"about":[{"href":"https:\/\/www.sage.com\/es-es\/blog\/api\/wp\/v2\/types\/post"}],"author":[{"embeddable":true,"href":"https:\/\/www.sage.com\/es-es\/blog\/api\/wp\/v2\/users\/248"}],"replies":[{"embeddable":true,"href":"https:\/\/www.sage.com\/es-es\/blog\/api\/wp\/v2\/comments?post=14866"}],"version-history":[{"count":0,"href":"https:\/\/www.sage.com\/es-es\/blog\/api\/wp\/v2\/posts\/14866\/revisions"}],"wp:featuredmedia":[{"embeddable":true,"href":"https:\/\/www.sage.com\/es-es\/blog\/api\/wp\/v2\/media\/10160"}],"wp:attachment":[{"href":"https:\/\/www.sage.com\/es-es\/blog\/api\/wp\/v2\/media?parent=14866"}],"wp:term":[{"taxonomy":"category","embeddable":true,"href":"https:\/\/www.sage.com\/es-es\/blog\/api\/wp\/v2\/categories?post=14866"},{"taxonomy":"post_tag","embeddable":true,"href":"https:\/\/www.sage.com\/es-es\/blog\/api\/wp\/v2\/tags?post=14866"},{"taxonomy":"business_type","embeddable":true,"href":"https:\/\/www.sage.com\/es-es\/blog\/api\/wp\/v2\/business_type?post=14866"},{"taxonomy":"lilypad","embeddable":true,"href":"https:\/\/www.sage.com\/es-es\/blog\/api\/wp\/v2\/lilypad?post=14866"},{"taxonomy":"context","embeddable":true,"href":"https:\/\/www.sage.com\/es-es\/blog\/api\/wp\/v2\/context?post=14866"},{"taxonomy":"industry","embeddable":true,"href":"https:\/\/www.sage.com\/es-es\/blog\/api\/wp\/v2\/industry?post=14866"},{"taxonomy":"persona","embeddable":true,"href":"https:\/\/www.sage.com\/es-es\/blog\/api\/wp\/v2\/persona?post=14866"},{"taxonomy":"imagine_tag","embeddable":true,"href":"https:\/\/www.sage.com\/es-es\/blog\/api\/wp\/v2\/imagine_tag?post=14866"},{"taxonomy":"author","embeddable":true,"href":"https:\/\/www.sage.com\/es-es\/blog\/api\/wp\/v2\/coauthors?post=14866"}],"curies":[{"name":"wp","href":"https:\/\/api.w.org\/{rel}","templated":true}]}}