{"id":15194,"date":"2025-07-24T12:46:08","date_gmt":"2025-07-24T10:46:08","guid":{"rendered":"https:\/\/www.sage.com\/es-es\/blog\/?p=15194"},"modified":"2025-08-19T11:39:43","modified_gmt":"2025-08-19T09:39:43","slug":"baja-laboral-antes-de-las-vacaciones-cuales-son-mis-derechos","status":"publish","type":"post","link":"https:\/\/www.sage.com\/es-es\/blog\/baja-laboral-antes-de-las-vacaciones-cuales-son-mis-derechos\/","title":{"rendered":"Baja laboral antes de las vacaciones: \u00bfCu\u00e1les son mis derechos?"},"content":{"rendered":"<header class=\"entry-header has-dark-background-color entry-header--has-illustration entry-header--has-illustration--generic\">\n\t<div class=\"container\">\n\t\t<div class=\"entry-header__row row align-center\">\n\t\t\t<div class=\"col col-lg-7 col-xlg-6 entry-header__content\">\n\t\t\t\t\t\t\t<div class=\"component component-single-header\">\n\t\t\t\t\t\t\t\t\t\t<div class=\"entry-header__misc text--subtitle text--uppercase text--small\">\n\t\t\t\t\t\t\t<a href=\"https:\/\/www.sage.com\/es-es\/blog\/categoria\/personas-liderazgo\/\" class=\"entry-header__link\">Personas y Liderazgo<\/a>\t\t\t\t\t\t<\/div>\n\t\t\t\t\n\t\t\t\t<div class=\"entry-title-wrapper\">\n\t\t\t\t\t<h1 class=\"entry-title\">\n\t\t\t\t\t\tBaja laboral antes de las vacaciones: \u00bfCu\u00e1les son mis derechos?\t\t\t\t\t<\/h1>\n\t\t\t\t<\/div>\n\n\t\t\t\t\t\t\t\t\t<p class=\"entry-header__description\">\n\t\t\t\t\t\t\t\t\t\t\t<\/p>\n\t\t\t\t\n\t\t\t\t\n\t\t\t\t\n\t\t\t<\/div>\n\n\t\t\t\t\t<\/div>\n\t\t\t\t\t<\/div>\n\t<\/div>\n\t<div class=\"single-post-details container\">\n\t\t<div class=\"col\">\n\t\t\t<span class=\"posted-on \"><time class=\"entry-date published\" datetime=\"2025-07-24T12:46:08+02:00\">24 July, 2025<\/time><\/span><span class=\"reading-time\"> minutos de lectura<\/span>\n\t\t<button\n\t\t\ttype=\"button\"\n\t\t\tclass=\"social-share-button button button--icon button--secondary js-social-share-button\"\n\t\t\tdata-share-title=\"Baja laboral antes de las vacaciones: \u00bfCu\u00e1les son mis derechos?\"\n\t\t\tdata-share-url=\"https:\/\/www.sage.com\/es-es\/blog\/baja-laboral-antes-de-las-vacaciones-cuales-son-mis-derechos\/\"\n\t\t\tdata-share-text=\"Please read this interesting article\"\n\t\t>\n\t\t\t<span class=\"social-share-button__share-label\">Compartir<\/span>\n\t\t\t<span class=\"social-share-button__copy-label\" hidden>Copiar enlace<\/span>\n\t\t\t<span class=\"social-share-button__copy-tooltip\" aria-hidden=\"true\" hidden>Copiado<\/span>\n\t\t<\/button>\n\n\t\t\t\t<\/div>\n\t<\/div>\n<\/header>\n\n\n\n<div class=\"wp-block-post-author has-dark-background-color alignfull\">\n\t<div class=\"container\">\n\t\t<div class=\"col\">\n\t\t\t\t\t\t\t<div class=\"co-authors\">\n\t\t\t\t\t\n\t\t<div class=\"entry-author-wrapper\">\n\t\t\t<a class=\"entry-author\" href=\"https:\/\/www.sage.com\/es-es\/blog\/author\/arantxaalvaro\/\">\n\t\t\t\t<img loading=\"lazy\" decoding=\"async\" width=\"40\" height=\"40\" src=\"https:\/\/www.sage.com\/es-es\/blog\/wp-content\/uploads\/sites\/8\/2024\/02\/foto_arantxa_alvaro_400x400-350x350.jpg\" class=\"entry-author__image\" alt=\"Sage\" srcset=\"https:\/\/www.sage.com\/es-es\/blog\/wp-content\/uploads\/sites\/8\/2024\/02\/foto_arantxa_alvaro_400x400-350x350.jpg 350w, https:\/\/www.sage.com\/es-es\/blog\/wp-content\/uploads\/sites\/8\/2024\/02\/foto_arantxa_alvaro_400x400.jpg 400w\" sizes=\"auto, (max-width: 40px) 100vw, 40px\" \/>\t\t\t\t<span class=\"entry-author__name\">Arantxa \u00c1lvaro<\/span>\n\t\t\t<\/a>\n\n\t\t\t\t\t<\/div>\n\n\t\t\t\t\t\t<\/div>\n\t\t\t\t\t<\/div>\n\t<\/div>\n<\/div>\n\n\n\n\n\n<p class=\"has-paragraph-medium-font-size\">En este post, con&nbsp;contenido actualizado,&nbsp;describimos qu\u00e9 sucede si el m\u00e9dico nos concede una baja laboral durante las vacaciones, y cu\u00e1ndo y c\u00f3mo podremos disfrutarlas.<\/p>\n\n\n\n<ul class=\"wp-block-list\">\n<li>\u00bfSe pierden las vacaciones por estar de baja? \u00bfQu\u00e9 ocurre si esta comienza antes del disfrute de vacaciones? \u00bfY si el contrato finaliza durante una baja m\u00e9dica?<\/li>\n\n\n\n<li>En este post, respondemos a estas y otras cuestiones relacionadas con las vacaciones que afectan a los trabajadores.<\/li>\n<\/ul>\n\n\n\n<p>Los trabajadores deber\u00edan usar su&nbsp;<strong>derecho a las vacaciones<\/strong> durante el a\u00f1o natural en el que se han generado. Pero, en algunas circunstancias, puede hacerse un \u201ctraspaso\u201d de los d\u00edas al a\u00f1o siguiente. Una de esas circunstancias se produce cuando existe una enfermedad, es decir, siempre ser\u00e1 posible transferir los d\u00edas de descanso y poder disfrutarlos cuando la salud est\u00e9 restablecida.<\/p>\n\n\n\n<p>No obstante, existe un l\u00edmite temporal en la recuperaci\u00f3n de los d\u00edas de vacaciones: no pueden haber transcurrido m\u00e1s de 18 meses desde que haya acabado el a\u00f1o al que correspondan esas vacaciones.<\/p>\n\n\n\n<p>\u00bfPodemos&nbsp;<strong>continuar de vacaciones durante la baja<\/strong>&nbsp;laboral? \u00bfQu\u00e9 ocurre si la baja comienza antes del disfrute de vacaciones? En las siguientes l\u00edneas respondemos a estas y otras preguntas que afectan a tu empresa.<\/p>\n\n\n\n<div class=\"single-cta gated-content\">\n\t<div class=\"single-cta__positioner\">\n\t\t<div class=\"single-cta__wrapper has-dark-background-color\">\n\t\t\t<div class=\"single-cta__content\">\n\t\t\t\t\t\t\t\t<h2 class=\"single-cta__title h3\">Bajas y permisos bajo control<\/h2>\n\n\t\t\t\t\t\t\t\t\t<div class=\"single-cta__description\">\n\t\t\t\t\t\t<p><!-- wp:paragraph --><\/p>\n<p>\ud83d\udcd8 <em>Descarga gratis nuestra gu\u00eda y aprende a gestionar bajas, vacaciones y permisos sin perder productividad y cumpliendo la normativa.<\/em><\/p>\n<p><!-- \/wp:paragraph --><\/p>\n\t\t\t\t\t<\/div>\n\t\t\t\t\n\t\t\t\t\t\t\t\t\t\t\t\t\t\t<a\n\t\t\t\t\t\thref=\"#gate-3ce56aa8-9508-4241-bf98-536f23b85459\"\n\t\t\t\t\t\tclass=\"single-cta__button button button--primary\"\n\t\t\t\t\t\t\t\t\t\t\t\t\t\t\t\t\t>\u00a1Quiero GRATIS la gu\u00eda!<\/a>\n\t\t\t\t\t\t\t<\/div>\n\n\t\t\t\t\t<\/div>\n\n\t\t\t\t\t<img decoding=\"async\" width=\"1214\" height=\"810\" src=\"https:\/\/www.sage.com\/es-es\/blog\/wp-content\/uploads\/sites\/8\/2024\/10\/BrandShoot-LND_June2024_Financial-Services_0655-1214x810.jpg\" class=\"single-cta__image\" alt=\"Reuni\u00f3n de compa\u00f1eros en la oficina\" loading=\"lazy\" srcset=\"https:\/\/www.sage.com\/es-es\/blog\/wp-content\/uploads\/sites\/8\/2024\/10\/BrandShoot-LND_June2024_Financial-Services_0655-1214x810.jpg 1214w\" sizes=\"auto, (min-width: 48em) 33vw, 100vw\" \/>\t\t\t<\/div>\n<\/div>\n\n\n\n<p><strong>CONTENIDO DEL POST<\/strong><\/p>\n\n\n<?xml encoding=\"utf-8\" ?><div class=\"wp-block-yoast-seo-table-of-contents yoast-table-of-contents\"><ul><li><a href=\"#baja\" data-level=\"2\">1) Baja m&eacute;dica y vacaciones: &iquest;Son compatibles? Qu&eacute; dice la ley laboral<\/a><\/li><li><a href=\"#que-dice-el-estatuto-de-los-trabajadores-sobre-bajas-y-vacaciones\" data-level=\"2\">2) &iquest;Qu&eacute; dice el Estatuto de los Trabajadores sobre bajas y vacaciones?<\/a><\/li><li><a href=\"#parte\" data-level=\"2\">3) Parte de baja laboral: Clave para recuperar tus vacaciones no disfrutadas<\/a><\/li><li><a href=\"#lunes\" data-level=\"2\">4) Bajas laborales: &iquest;Por qu&eacute; se concentran en lunes y martes? Implicaciones en vacaciones<\/a><\/li><li><a href=\"#los\" data-level=\"2\">5) Los d&iacute;as de baja m&eacute;dica no anulan el derecho a vacaciones: Lo que debes saber<\/a><\/li><li><a href=\"#dias\" data-level=\"2\">6) Dudas frecuentes sobre baja m&eacute;dica y vacaciones: Recuperaci&oacute;n, plazos y derechos<\/a><ul><li><a href=\"#baja-comienza\" data-level=\"3\">&iquest;Y si la baja comienza antes de disfrutar de las vacaciones?<\/a><\/li><li><a href=\"#contrato-termina\" data-level=\"3\">&iquest;Y si el contrato termina durante la baja laboral?<\/a><\/li><li><a href=\"#empresa\" data-level=\"3\">&iquest;Y si la empresa se opone?<\/a><\/li><li><a href=\"#trabajador-viaje\" data-level=\"3\">&iquest;Es posible que el trabajador se vaya de viaje durante la baja?<\/a><\/li><li><a href=\"#cuales-son-los-cambios-recientes-en-la-gestion-de-las-bajas-medicas-que-debes-conocer-actualizacion-2025\" data-level=\"3\">&iquest;Cu&aacute;les son los cambios recientes en la gesti&oacute;n de las bajas m&eacute;dicas que debes conocer (actualizaci&oacute;n 2025)?<\/a><\/li><\/ul><\/li><\/ul><\/div>\n\n\n\n<figure class=\"wp-block-pullquote\"><blockquote><p>\u00bfQuieres gestionar mejor las ausencias, vacaciones y bajas m\u00e9dicas en tu empresa? Con<a href=\"https:\/\/www.sage.com\/es-es\/sage-business-cloud\/hr\/\"> <strong>Sage HR<\/strong> <\/a>puedes automatizar estos procesos, evitar errores y garantizar el cumplimiento legal.<\/p><\/blockquote><\/figure>\n\n\n\n<h2 class=\"wp-block-heading\" id=\"baja\">1) Baja m\u00e9dica y vacaciones: \u00bfSon compatibles? Qu\u00e9 dice la ley laboral<\/h2>\n\n\n\n<p><strong>Las vacaciones no se pierden<\/strong>&nbsp;por estar de baja por enfermedad, sino que se activar\u00e1n nuevamente una vez se obtenga el alta. Eso s\u00ed, durante una baja laboral, el trabajador debe obtener el consentimiento del m\u00e9dico de los servicios p\u00fablicos de salud o de la mutua para irse de vacaciones.<\/p>\n\n\n\n<blockquote class=\"wp-block-quote is-layout-flow wp-block-quote-is-layout-flow\">\n<p>Si el periodo de vacaciones coincide con una baja m\u00e9dica, el trabajador tiene derecho a recuperar los d\u00edas no disfrutados.<\/p>\n\n\n\n<h2 class=\"wp-block-heading\" id=\"que-dice-el-estatuto-de-los-trabajadores-sobre-bajas-y-vacaciones\">2) \u00bfQu\u00e9 dice el Estatuto de los Trabajadores sobre bajas y vacaciones?<\/h2>\n<\/blockquote>\n\n\n\n<p>El art\u00edculo 38 del Estatuto de los Trabajadores establece que todas las <strong>personas trabajadoras tienen derecho a un periodo de vacaciones anuales retribuidas<\/strong>, que no puede ser sustituido por compensaci\u00f3n econ\u00f3mica, salvo en caso de extinci\u00f3n del contrato.<\/p>\n\n\n\n<p>Adem\u00e1s, si durante ese periodo vacacional el trabajador se encuentra en situaci\u00f3n de incapacidad temporal \u2014por enfermedad com\u00fan o accidente, laboral o no laboral\u2014, <strong>tendr\u00e1 derecho a disfrutar de sus vacaciones en una fecha distinta<\/strong>, aunque ello implique superar el a\u00f1o natural al que correspond\u00edan.<\/p>\n\n\n\n<p>La ley fija un plazo de hasta 18 meses desde el final de la baja para poder disfrutar de esas vacaciones pendientes.<\/p>\n\n\n\n<p>En resumen: si est\u00e1s de baja m\u00e9dica durante las vacaciones o justo antes de iniciarlas, <strong>no pierdes el derecho a disfrutarlas.<\/strong> Podr\u00e1s reprogramarlas dentro del plazo legal, siempre que la situaci\u00f3n est\u00e9 correctamente justificada.<\/p>\n\n\n\n<h2 class=\"wp-block-heading\" id=\"parte\">3) Parte de baja laboral: Clave para recuperar tus vacaciones no disfrutadas<\/h2>\n\n\n\n<p>Durante las vacaciones de un trabajador pueden darse muchas circunstancias imprevistas: tener una enfermedad como una gripe o sufrir un accidente que suponga una serie de lesiones, por ejemplo.<\/p>\n\n\n\n<p>Pero \u00bfQu\u00e9 pasa con las vacaciones? \u00bfSe deben disfrutar desde el sof\u00e1 o la cama?&nbsp;<strong>La respuesta es que no.<\/strong>&nbsp;Con el&nbsp;<a href=\"https:\/\/www.sage.com\/es-es\/blog\/los-secretos-de-las-bajas-laborales-mobbing-depresion-y-ansiedad\/\">parte de baja&nbsp;<\/a>correspondiente, es posible&nbsp;<strong>interrumpir las&nbsp;<\/strong><a href=\"https:\/\/www.sage.com\/es-es\/blog\/dias-vacaciones\/\"><strong>vacaciones<\/strong><\/a><strong>&nbsp;para poder disfrutarlas cuando el trabajador se recupere<\/strong>. No olvidemos que no es posible renunciar a un derecho que, incluso, se encuentra reconocido en la Carta de los Derechos Fundamentales de la Uni\u00f3n Europea.<\/p>\n\n\n\n<p>Seg\u00fan el art. 38 ET, si los d\u00edas de vacaciones coinciden con un periodo de baja m\u00e9dica, el empleado tiene derecho a recuperar esos d\u00edas que no se hayan podido disfrutar durante la misma.<\/p>\n\n\n\n<h2 class=\"wp-block-heading\" id=\"lunes\">4) Bajas laborales: \u00bfPor qu\u00e9 se concentran en lunes y martes? Implicaciones en vacaciones<\/h2>\n\n\n\n<p>Aunque resulte curioso, hay d\u00edas de la semana en los que el n\u00famero de bajas es mayor. Seg\u00fan el informe del Observatorio Nacional del Absentismo de&nbsp;<a href=\"https:\/\/www.asepeyo.es\/gestion-absentismo\/#Equipo_de_gestion_de_Asepeyo\">Asepeyo<\/a>,&nbsp;<strong>los lunes (28%) y los martes (20%) son los d\u00edas de la semana en lo que se produce mayor n\u00famero de bajas laborales.<\/strong><\/p>\n\n\n\n<p>El <a href=\"https:\/\/www.sage.com\/es-es\/blog\/reducir-absentismo-laboral-espana-infografia\/\">absentismo laboral<\/a> sigue creciendo a\u00f1o tras a\u00f1o y llega a suponer que, de media,&nbsp;<strong>cada asalariado pierda casi 8 horas al mes.<\/strong>&nbsp;Entre las enfermedades que lo ocasionan, el estr\u00e9s sigue siendo la m\u00e1s destacada: la Agencia Europea para la Seguridad y la Salud en el Trabajo estima que entre el 50% y el 60% de las bajas son ocasionadas por esta enfermedad<\/p>\n\n\n\n<h4 class=\"wp-block-heading\" id=\"h-te-interesa\">\u00a1TE INTERESA!<\/h4>\n\n\n\n<figure class=\"wp-block-pullquote\"><blockquote><p>Desde el 1 de abril de 2023, los trabajadores que est\u00e9n de baja no tendr\u00e1n que entregar el parte m\u00e9dico de IT a la empresa. Conoce todos los detalles en este <a href=\"https:\/\/www.sage.com\/es-es\/blog\/adios-tramite-entregar-baja-laboral-empresa-como-afecta-a-companias-y-empleados\/\">art\u00edculo<\/a>.<\/p><\/blockquote><\/figure>\n\n\n\n<h2 class=\"wp-block-heading\" id=\"los\">5) Los d\u00edas de baja m\u00e9dica no anulan el derecho a vacaciones: Lo que debes saber<\/h2>\n\n\n\n<p>Podemos decir que, con los a\u00f1os, ha habido una evoluci\u00f3n favorable en la forma de tratar las vacaciones cuando coincid\u00edan con una incapacidad temporal.<\/p>\n\n\n\n<p>Hasta la Ley 3\/2012, \u00fanicamente se reconoc\u00eda la posibilidad de disfrutar y recuperar las vacaciones no disfrutadas durante el periodo de&nbsp;<a href=\"https:\/\/www.sage.com\/es-es\/blog\/brecha-de-genero-y-su-impacto-en-cada-generacion-de-mujeres\/#:~:text=La%20brecha%20de%20g%C3%A9nero%2C%20conocida,trabajo%20o%20el%20%C3%A1mbito%20dom%C3%A9stico.\">embarazo, parto o lactancia natural.&nbsp;<\/a>Despu\u00e9s de esta reforma, se extendi\u00f3 al resto de casos.<\/p>\n\n\n\n<p>En base a la regulaci\u00f3n del p\u00e1rrafo segundo y tercero del apartado 3 del art\u00edculo 38 del Estatuto de los Trabajadores, el trabajador tendr\u00e1 derecho a&nbsp;<strong>disfrutar de las vacaciones en una fecha distinta<\/strong>&nbsp;a la de la baja o el permiso correspondiente, aunque haya terminado el a\u00f1o natural al que correspondan las vacaciones, en los siguientes casos:<\/p>\n\n\n\n<ul class=\"wp-block-list\">\n<li>Embarazo.<\/li>\n\n\n\n<li>Parto.<\/li>\n\n\n\n<li>Lactancia natural.<\/li>\n\n\n\n<li>Nacimiento, que comprende el parto y el cuidado del menor de doce meses.<\/li>\n\n\n\n<li>Adopci\u00f3n, guarda con fines de adopci\u00f3n y acogimiento.<\/li>\n\n\n\n<li>Riesgo durante el embarazo o riesgo durante la lactancia natural.<\/li>\n<\/ul>\n\n\n\n<p>En todo caso<strong>, si la baja es por una causa diferente a las anteriores<\/strong>&nbsp;(por ejemplo, un accidente o enfermedad), el trabajador podr\u00e1 disfrutar de las vacaciones una vez finalice su incapacidad. Y siempre que no transcurran m\u00e1s de 18 meses a partir del final del a\u00f1o en el que comenz\u00f3 la baja.<\/p>\n\n\n\n<p>De lo anterior se deduce que, en funci\u00f3n de la situaci\u00f3n en la que se encuentre el trabajador en el momento de comenzar con la baja (normal o en una situaci\u00f3n derivada del embarazo), dispondr\u00e1 de un&nbsp;<strong>plazo diferente<\/strong>&nbsp;para utilizar el tiempo de vacaciones que no ha consumido.<\/p>\n\n\n\n<h2 class=\"wp-block-heading\" id=\"dias\">6) Dudas frecuentes sobre baja m\u00e9dica y vacaciones: Recuperaci\u00f3n, plazos y derechos<\/h2>\n\n\n\n<p>Lo primero que debemos recordar es que mientras el trabajador est\u00e9 de baja laboral, el contrato de trabajo queda suspendido. Lo anterior quiere decir que, al igual que el empleado no est\u00e1 prestando servicios, la empresa tampoco paga los salarios. Por tanto, es una situaci\u00f3n diferente a la de las vacaciones, ya que mientras se disfruta de los d\u00edas de vacaciones solo se interrumpe la prestaci\u00f3n de servicios, pero&nbsp;<strong>el contrato sigue activo.<\/strong><\/p>\n\n\n\n<h3 class=\"wp-block-heading\" id=\"baja-comienza\">\u00bfY si la baja comienza antes de disfrutar de las vacaciones?<\/h3>\n\n\n\n<p>En este caso, el empleado tiene el mismo derecho a las vacaciones previamente pactadas. No importa si la baja se ha generado de forma simult\u00e1nea a las vacaciones o si es previa. El plazo de los&nbsp;<strong>18 meses es el l\u00edmite para poder disfrutarlas<\/strong>.<\/p>\n\n\n\n<h3 class=\"wp-block-heading\" id=\"contrato-termina\">\u00bfY si el contrato termina durante la baja laboral?<\/h3>\n\n\n\n<p>En este caso, la ley protege tambi\u00e9n al trabajador. Si el contrato termina durante la baja, la<strong>&nbsp;empresa deber\u00e1 abonar los d\u00edas pendientes de vacaciones<\/strong>&nbsp;que no se haya podido disfrutar en el&nbsp;<a href=\"https:\/\/www.sage.com\/es-es\/blog\/finiquito-que-debe-incluir-y-en-que-debes-fijarte\/\">finiquito<\/a>.<\/p>\n\n\n\n<h3 class=\"wp-block-heading\" id=\"empresa\">\u00bfY si la empresa se opone?<\/h3>\n\n\n\n<p>Si la empresa se niega a que el empleado disfrute de los d\u00edas que le quedan pendientes de vacaciones por haber estado de baja m\u00e9dica, el trabajador puede<strong>&nbsp;reclamar dichos d\u00edas antes los tribunales<\/strong>&nbsp;para que resuelvan el conflicto. No importa si transcurre el tiempo y el trabajador deja de prestar los servicios en la empresa.<\/p>\n\n\n\n<h3 class=\"wp-block-heading\" id=\"trabajador-viaje\">\u00bfEs posible que el trabajador se vaya de viaje durante la baja?<\/h3>\n\n\n\n<p>El periodo de baja laboral tiene como objetivo la recuperaci\u00f3n de la salud, por lo que el trabajador tiene que hacer todo lo posible para recuperarse en el menor tiempo posible. Por eso, la posibilidad de seguir o irse de viaje durante la baja<strong>&nbsp;depender\u00e1 de la enfermedad que se padezca<\/strong>.<\/p>\n\n\n\n<p>En cualquier caso, es esencial obtener el permiso del m\u00e9dico de los servicios p\u00fablicos de salud o de la mutua. Ser\u00e1n ellos los que tendr\u00e1n la<strong>&nbsp;\u00faltima palabra<\/strong>&nbsp;sobre si el trabajador se puede ir o no de viaje.<\/p>\n\n\n\n<h3 class=\"wp-block-heading\" id=\"cuales-son-los-cambios-recientes-en-la-gestion-de-las-bajas-medicas-que-debes-conocer-actualizacion-2025\">\u00bfCu\u00e1les son los cambios recientes en la gesti\u00f3n de las bajas m\u00e9dicas que debes conocer (actualizaci\u00f3n 2025)?<\/h3>\n\n\n\n<p>Desde 2024, se han reforzado ciertos aspectos en la gesti\u00f3n de las bajas m\u00e9dicas en Espa\u00f1a, especialmente en lo que respecta al control de la incapacidad temporal por parte de las mutuas y las bajas relacionadas con salud mental o entornos de teletrabajo.<\/p>\n\n\n\n<p>Aunque estas modificaciones no afectan directamente al derecho a disfrutar de las vacaciones tras una baja, es importante tener en cuenta que <strong>la entidad gestora (Seguridad Social o mutua) puede influir en el reconocimiento de la baja y su duraci\u00f3n<\/strong>.<\/p>\n\n\n\n<figure class=\"wp-block-pullquote\"><blockquote><p><strong>Recomendaci\u00f3n<\/strong>: consulta siempre con tu m\u00e9dico de cabecera o con el Servicio de Prevenci\u00f3n de tu empresa si tienes dudas sobre tu situaci\u00f3n espec\u00edfica.<\/p><\/blockquote><\/figure>\n\n\n\n<p>En definitiva, si una baja m\u00e9dica interfiere en tus vacaciones, <strong>debes saber que no pierdes ese derecho. <\/strong>La ley protege tu descanso y te permite recuperarlo en otro momento, incluso despu\u00e9s del a\u00f1o natural, siempre que se cumplan los plazos y procedimientos establecidos. Estar bien informado es clave para ejercer tus derechos laborales sin renunciar al tiempo de desconexi\u00f3n que te corresponde.<\/p>\n\n\n\n<p><em><strong>Nota del editor: <\/strong>Este art\u00edculo fue publicado con anterioridad y actualizado a 2025 por su relevancia.<\/em><\/p>\n\n\n\n<div class=\"single-cta gated-content\">\n\t<div class=\"single-cta__positioner\">\n\t\t<div class=\"single-cta__wrapper has-dark-background-color\">\n\t\t\t<div class=\"single-cta__content\">\n\t\t\t\t\t\t\t\t<h2 class=\"single-cta__title h3\">Bajas y permisos bajo control<\/h2>\n\n\t\t\t\t\t\t\t\t\t<div class=\"single-cta__description\">\n\t\t\t\t\t\t<p><!-- wp:paragraph --><\/p>\n<p><strong>Mejora la gesti\u00f3n de ausencias en tu empresa con nuestra gu\u00eda gratuita<\/strong><br \/>\u2705 Claves para cumplir la ley y mantener la productividad.<br \/>\u2705 Estrategias para prevenir conflictos y mejorar la comunicaci\u00f3n.<\/p>\n<p><!-- \/wp:paragraph --><\/p>\n\t\t\t\t\t<\/div>\n\t\t\t\t\n\t\t\t\t\t\t\t\t\t\t\t\t\t\t<a\n\t\t\t\t\t\thref=\"#gate-3ce56aa8-9508-4241-bf98-536f23b85459\"\n\t\t\t\t\t\tclass=\"single-cta__button button button--primary\"\n\t\t\t\t\t\t\t\t\t\t\t\t\t\t\t\t\t>\u00a1Quiero mi GUIA gratis!<\/a>\n\t\t\t\t\t\t\t<\/div>\n\n\t\t\t\t\t<\/div>\n\n\t\t\t\t\t<img decoding=\"async\" width=\"1214\" height=\"810\" src=\"https:\/\/www.sage.com\/es-es\/blog\/wp-content\/uploads\/sites\/8\/2024\/10\/BrandShootLDN_Jul2022_ProfSvcs_0493-original-1214x810.jpeg\" class=\"single-cta__image\" alt=\"Dos compa\u00f1eros charlando en la oficina\" loading=\"lazy\" srcset=\"https:\/\/www.sage.com\/es-es\/blog\/wp-content\/uploads\/sites\/8\/2024\/10\/BrandShootLDN_Jul2022_ProfSvcs_0493-original-1214x810.jpeg 1214w\" sizes=\"auto, (min-width: 48em) 33vw, 100vw\" \/>\t\t\t<\/div>\n<\/div>\n","protected":false},"excerpt":{"rendered":"<p>Descubre qu\u00e9 ocurre si te dan la baja justo antes de las vacaciones: tus derechos, c\u00f3mo recuperar d\u00edas no disfrutados y el plazo legal de 18 meses<\/p>\n","protected":false},"author":1304,"featured_media":19998,"comment_status":"open","ping_status":"open","sticky":false,"template":"","format":"standard","meta":{"_sage_video":false,"post_featured_image_hide":false,"footnotes":""},"categories":[4],"tags":[178,156,128],"business_type":[11],"lilypad":[],"context":[],"industry":[],"persona":[],"imagine_tag":[282],"coauthors":[443],"class_list":["post-15194","post","type-post","status-publish","format-standard","has-post-thumbnail","hentry","category-personas-liderazgo","tag-baja-laboral","tag-rrhh","tag-vacaciones","business_type-mediana-empresa"],"sage_meta":{"region":"es-es","author_name":"Arantxa \u00c1lvaro","featured_image":"https:\/\/www.sage.com\/es-es\/blog\/wp-content\/uploads\/sites\/8\/2022\/04\/GettyImages-1166663659.jpg","imagine_tags":{"282":"RRHH y n\u00f3minas"}},"distributor_meta":false,"distributor_terms":false,"distributor_media":false,"distributor_original_site_name":"Sage Advice Espa\u00f1a","distributor_original_site_url":"https:\/\/www.sage.com\/es-es\/blog","push-errors":false,"_links":{"self":[{"href":"https:\/\/www.sage.com\/es-es\/blog\/api\/wp\/v2\/posts\/15194","targetHints":{"allow":["GET"]}}],"collection":[{"href":"https:\/\/www.sage.com\/es-es\/blog\/api\/wp\/v2\/posts"}],"about":[{"href":"https:\/\/www.sage.com\/es-es\/blog\/api\/wp\/v2\/types\/post"}],"author":[{"embeddable":true,"href":"https:\/\/www.sage.com\/es-es\/blog\/api\/wp\/v2\/users\/1304"}],"replies":[{"embeddable":true,"href":"https:\/\/www.sage.com\/es-es\/blog\/api\/wp\/v2\/comments?post=15194"}],"version-history":[{"count":0,"href":"https:\/\/www.sage.com\/es-es\/blog\/api\/wp\/v2\/posts\/15194\/revisions"}],"wp:featuredmedia":[{"embeddable":true,"href":"https:\/\/www.sage.com\/es-es\/blog\/api\/wp\/v2\/media\/19998"}],"wp:attachment":[{"href":"https:\/\/www.sage.com\/es-es\/blog\/api\/wp\/v2\/media?parent=15194"}],"wp:term":[{"taxonomy":"category","embeddable":true,"href":"https:\/\/www.sage.com\/es-es\/blog\/api\/wp\/v2\/categories?post=15194"},{"taxonomy":"post_tag","embeddable":true,"href":"https:\/\/www.sage.com\/es-es\/blog\/api\/wp\/v2\/tags?post=15194"},{"taxonomy":"business_type","embeddable":true,"href":"https:\/\/www.sage.com\/es-es\/blog\/api\/wp\/v2\/business_type?post=15194"},{"taxonomy":"lilypad","embeddable":true,"href":"https:\/\/www.sage.com\/es-es\/blog\/api\/wp\/v2\/lilypad?post=15194"},{"taxonomy":"context","embeddable":true,"href":"https:\/\/www.sage.com\/es-es\/blog\/api\/wp\/v2\/context?post=15194"},{"taxonomy":"industry","embeddable":true,"href":"https:\/\/www.sage.com\/es-es\/blog\/api\/wp\/v2\/industry?post=15194"},{"taxonomy":"persona","embeddable":true,"href":"https:\/\/www.sage.com\/es-es\/blog\/api\/wp\/v2\/persona?post=15194"},{"taxonomy":"imagine_tag","embeddable":true,"href":"https:\/\/www.sage.com\/es-es\/blog\/api\/wp\/v2\/imagine_tag?post=15194"},{"taxonomy":"author","embeddable":true,"href":"https:\/\/www.sage.com\/es-es\/blog\/api\/wp\/v2\/coauthors?post=15194"}],"curies":[{"name":"wp","href":"https:\/\/api.w.org\/{rel}","templated":true}]}}