{"id":15343,"date":"2019-08-21T09:30:49","date_gmt":"2019-08-21T07:30:49","guid":{"rendered":"https:\/\/www.sage.com\/es-es\/blog\/?p=15343"},"modified":"2026-04-20T11:00:35","modified_gmt":"2026-04-20T09:00:35","slug":"economia-colaborativa-y-ley-deberes-pendientes-en-su-marco-juridico","status":"publish","type":"post","link":"https:\/\/www.sage.com\/es-es\/blog\/economia-colaborativa-y-ley-deberes-pendientes-en-su-marco-juridico\/","title":{"rendered":"Econom\u00eda colaborativa y ley: deberes pendientes en su marco jur\u00eddico"},"content":{"rendered":"<header class=\"entry-header has-dark-background-color entry-header--standard entry-header--has-illustration entry-header--has-illustration--standard\">\n\t<div class=\"container\">\n\t\t<div class=\"entry-header__row row align-center\">\n\t\t\t<div class=\"col col-lg-7 col-xlg-6 entry-header__content\">\n\t\t\t\t\t\t\t<div class=\"component component-single-header\">\n\t\t\t\t\t\t\t\t\t\t<div class=\"entry-header__misc text--subtitle text--uppercase text--small\">\n\t\t\t\t\t\t\t<a href=\"https:\/\/www.sage.com\/es-es\/blog\/categoria\/estrategia-gestion\/\" class=\"entry-header__link\">Estrategia y Gesti\u00f3n<\/a>\t\t\t\t\t\t<\/div>\n\t\t\t\t\n\t\t\t\t<div class=\"entry-title-wrapper\">\n\t\t\t\t\t<h1 class=\"entry-title\">\n\t\t\t\t\t\tEconom\u00eda colaborativa y ley: deberes pendientes en su marco jur\u00eddico\t\t\t\t\t<\/h1>\n\t\t\t\t<\/div>\n\n\t\t\t\t\t\t\t\t\t<p class=\"entry-header__description\">\n\t\t\t\t\t\t\t\t\t\t\t<\/p>\n\t\t\t\t\n\t\t\t\t\n\t\t\t\t\n\t\t\t<\/div>\n\n\t\t\t\t\t<\/div>\n\t\t\t\t\t<\/div>\n\t<\/div>\n\t<div class=\"single-post-details container\">\n\t\t<div class=\"col\">\n\t\t\t<span class=\"posted-on \"><time class=\"entry-date published\" datetime=\"2019-08-21T09:30:49+02:00\">21 August, 2019<\/time><\/span><span class=\"reading-time\"> minutos de lectura<\/span>\n\t\t<button\n\t\t\ttype=\"button\"\n\t\t\tclass=\"social-share-button button button--icon button--secondary js-social-share-button\"\n\t\t\tdata-share-title=\"Econom\u00eda colaborativa y ley: deberes pendientes en su marco jur\u00eddico\"\n\t\t\tdata-share-url=\"https:\/\/www.sage.com\/es-es\/blog\/economia-colaborativa-y-ley-deberes-pendientes-en-su-marco-juridico\/\"\n\t\t\tdata-share-text=\"Please read this interesting article\"\n\t\t>\n\t\t\t<span class=\"social-share-button__share-label\">Compartir<\/span>\n\t\t\t<span class=\"social-share-button__copy-label\" hidden>Copiar enlace<\/span>\n\t\t\t<span class=\"social-share-button__copy-tooltip\" aria-hidden=\"true\" hidden>Copiado<\/span>\n\t\t<\/button>\n\n\t\t\t\t<\/div>\n\t<\/div>\n<\/header>\n\n\n\n<div class=\"wp-block-post-author has-dark-background-color alignfull\">\n\t<div class=\"container\">\n\t\t<div class=\"col\">\n\t\t\t\t\t\t\t<div class=\"co-authors\">\n\t\t\t\t\t\n\t\t<div class=\"entry-author-wrapper\">\n\t\t\t<a class=\"entry-author\" href=\"https:\/\/www.sage.com\/es-es\/blog\/author\/gonzalo-garcia-abad\/\">\n\t\t\t\t<img loading=\"lazy\" decoding=\"async\" width=\"40\" height=\"40\" src=\"https:\/\/www.sage.com\/es-es\/blog\/wp-content\/uploads\/sites\/8\/2024\/02\/Gonzalo-Garcia_2024_600x600-350x350.jpg\" class=\"entry-author__image\" alt=\"\" srcset=\"https:\/\/www.sage.com\/es-es\/blog\/wp-content\/uploads\/sites\/8\/2024\/02\/Gonzalo-Garcia_2024_600x600-350x350.jpg 350w, https:\/\/www.sage.com\/es-es\/blog\/wp-content\/uploads\/sites\/8\/2024\/02\/Gonzalo-Garcia_2024_600x600.jpg 600w\" sizes=\"auto, (max-width: 40px) 100vw, 40px\" \/>\t\t\t\t<span class=\"entry-author__name\">Gonzalo Garc\u00eda Abad<\/span>\n\t\t\t<\/a>\n\n\t\t\t\t\t<\/div>\n\n\t\t\t\t\t\t<\/div>\n\t\t\t\t\t<\/div>\n\t<\/div>\n<\/div>\n\n\n\n<p>Analizamos el reto jur\u00eddico de la econom\u00eda colaborativa, el conjunto de respuestas que las diferentes partes interesadas est\u00e1n demandando.<\/p>\n\n\n\n<ul class=\"wp-block-list\">\n<li>La econom\u00eda colaborativa est\u00e1 suscitando muchos debates jur\u00eddicos<\/li>\n\n\n\n<li>Un marco jur\u00eddico m\u00e1s claro disminuye los riesgos derivados de la participaci\u00f3n en la econom\u00eda colaborativa, pero tambi\u00e9n en sectores tradicionales con los que aquella pueda competir<\/li>\n<\/ul>\n\n\n\n<p>El <strong>reto jur\u00eddico de la <\/strong>econom\u00eda colaborativa consiste, en t\u00e9rminos generales, en delimitar cu\u00e1l es el tratamiento legal que debe tener esta forma en auge de extraer utilidad de los recursos de los que dispone la poblaci\u00f3n y que, en un momento dado, pueden estar infrautilizados.<\/p>\n\n\n\n<p>En nuestro Derecho, <strong>no existe la posibilidad de un <\/strong><a href=\"https:\/\/www.sage.com\/es-es\/blog\/como-resolver-conflicto-juridico\/\"><strong>conflicto jur\u00eddico<\/strong><\/a><strong> sin soluci\u00f3n<\/strong>. Llegado el caso, los jueces y tribunales tienen el deber inexcusable de resolver en todo caso los asuntos de que conozcan, ateni\u00e9ndose al sistema de fuentes establecido.<\/p>\n\n\n\n<p>Por lo tanto, <strong>no se puede hablar de una verdadera carencia de marco jur\u00eddico<\/strong>. Sin embargo, para los agentes econ\u00f3micos puede ser necesario, especialmente por la novedad de algunas pr\u00e1cticas de la econom\u00eda colaborativa, <strong>clarificar <\/strong>c\u00f3mo se podr\u00edan resolver judicialmente las posibles <strong>dudas <\/strong>que se planteen.<\/p>\n\n\n\n<p>Por otro lado, adicionalmente a los conflictos jur\u00eddicos, existen otros retos legales procedentes de las relaciones de las partes implicadas con la <strong>Administraci\u00f3n<\/strong>, los <strong>procedimientos sancionadores<\/strong>, la <strong>regulaci\u00f3n <\/strong>y <strong>defensa de la competencia<\/strong> o el establecimiento de <strong>impuestos <\/strong>y <strong>subvenciones<\/strong>, entre otros aspectos.<\/p>\n\n\n\n<p>Aclarar esos retos, evidentemente, tiene un traslado al <strong>riesgo <\/strong>que asumen las diferentes partes implicadas al tomar sus decisiones. Cuanto m\u00e1s sencillo resulte <strong>prever los l\u00edmites legales<\/strong> de nuestra propia actuaci\u00f3n y de la otras partes, como la competencia o la Administraci\u00f3n, m\u00e1s probable es que podamos hacer un buena <a href=\"https:\/\/www.sage.com\/es-es\/blog\/la-planificacion-y-el-control-presupuestario-como-sistemas-de-gestion-de-la-empresa\/\"><strong>planificaci\u00f3n<\/strong><\/a>, especialmente cuando contamos con las <a href=\"https:\/\/www.sage.com\/es-es\/erp\/\">herramientas adecuadas<\/a>.<\/p>\n\n\n\n<p>Por todo ello, es previsible que a lo largo de los pr\u00f3ximos a\u00f1os puedan sucederse diferentes <strong>reformas legales<\/strong> conducentes a <strong>reencauzar la econom\u00eda colaborativa<\/strong> de una forma diferente. Siendo as\u00ed, conviene tener muy presentes los principales retos jur\u00eddicos.<\/p>\n\n\n\n<h2 class=\"wp-block-heading\" id=\"h-el-reto-de-la-calificacion-fiscal\">El reto de la calificaci\u00f3n fiscal<\/h2>\n\n\n\n<p>De por s\u00ed, la <a href=\"http:\/\/partnews.sage.es\/2018\/10\/que-es-la-economia-colaborativa\/\" target=\"_blank\" rel=\"noopener noreferrer\">econom\u00eda colaborativa<\/a> no es imposible, ni mucho menos, de calificar fiscalmente con las leyes actuales. Sin embargo, en casi todos los pa\u00edses, vamos viendo c\u00f3mo surgen reiteradas <strong>diferencias de criterio<\/strong>.<\/p>\n\n\n\n<p>Por ejemplo, pensemos en quien dispone de uno de sus bienes para ceder su uso a otra persona durante un tiempo y, adem\u00e1s, se presta a dirigir las operaciones encaminadas a que dicho bien produzca alguna clase de utilidad al destinatario. \u00bfEs una <strong>actividad econ\u00f3mica<\/strong>? \u00bfEs un trabajo y, al mismo tiempo, se producen rendimientos procedentes del <strong>arrendamiento<\/strong> de un bien? \u00bfEs la plataforma de econom\u00eda colaborativa un <strong>empleador<\/strong>? Hoy existe mucho debate al respecto.<\/p>\n\n\n\n<p>No menos complejo resulta clarificar <strong>d\u00f3nde se est\u00e1n desarrollando los hechos imponibles<\/strong>. En muchos casos, intervienen medios materiales, algoritmos y medios humanos que han sido concebidos o puestos en marcha desde diferentes lugares. \u00bfC\u00f3mo valoramos d\u00f3nde debe recaer el peso de la tributaci\u00f3n? Adem\u00e1s, no es raro que las plataformas de econom\u00eda colaborativa empleen filiales en pa\u00edses de baja tributaci\u00f3n, cuyo papel en los procesos productivos suscita importantes debates jur\u00eddicos.<\/p>\n\n\n\n<h2 class=\"wp-block-heading\" id=\"h-la-uberizacion-del-empleo\">La uberizaci\u00f3n del empleo<\/h2>\n\n\n\n<p>El debate jur\u00eddico sobre la <a href=\"https:\/\/www.sage.com\/es-es\/blog\/uberizacion-del-empleo-todas-las-claves-para-entenderla\/\"><strong>uberizaci\u00f3n del empleo<\/strong><\/a> est\u00e1, en realidad, inserto en gran medida en otro m\u00e1s amplio, que es el de los l\u00edmites entre la contrataci\u00f3n laboral y la civil o mercantil. En definitiva, lo que se trata de clarificar es cu\u00e1ndo hay que recurrir a un contrato laboral y al derecho del trabajo.<\/p>\n\n\n\n<p>Sin embargo, las respuestas de <a href=\"https:\/\/www.sage.com\/es-es\/blog\/lo-que-todo-emprendedor-debe-conocer-sobre-la-jurisprudencia-del-tribunal-supremo\/\">jurisprudenciales<\/a> y administrativas pueden variar mucho de unos casos a otros. Tengamos en cuenta que, en la econom\u00eda colaborativa, puede haber <strong>muchas formas de participaci\u00f3n<\/strong> en las que el elemento humano puede disponer de mayor o menor <strong>autonom\u00eda <\/strong>para tomar sus decisiones y de una asunci\u00f3n del <strong>riesgo <\/strong>de la actividad m\u00e1s grande o peque\u00f1a.<\/p>\n\n\n\n<p>No obstante, no es descartable que, en el futuro, el legislador se decante, a la luz de las pr\u00e1cticas m\u00e1s habituales, por clarificar tipos concretos de <strong>contratos de la econom\u00eda colaborativa<\/strong> que han de ser calificados como laborales y otros que puedan ser considerados civiles o mercantiles.<\/p>\n\n\n\n<h2 class=\"wp-block-heading\" id=\"h-las-obligaciones-formales-de-los-usuarios\">Las obligaciones formales de los usuarios<\/h2>\n\n\n\n<p>Existe otro debate sobre los l\u00edmites a los que deben llegar las <strong>obligaciones formales <\/strong>de los usuarios de la econom\u00eda colaborativa. Por un lado, incrementar el n\u00famero de libros, registros, <a href=\"https:\/\/www.sage.com\/es-es\/blog\/tag\/modelos\/\">modelos<\/a>, comunicaciones y dem\u00e1s tr\u00e1mites administrativos puede ayudar a generar confianza. La Administraci\u00f3n, puede ofrecer con ello una supervisi\u00f3n reforzada que haga que un mayor n\u00famero de personas y entidades est\u00e9n interesadas en participar en la econom\u00eda colaborativa.<\/p>\n\n\n\n<p>Adem\u00e1s, incrementar las formalidades puede ser una v\u00eda para generar amplias <strong>fuentes de informaci\u00f3n<\/strong> que orienten las pol\u00edticas p\u00fablicas. Incluso, parte de esos datos pueden ser abiertos a empresas, investigadores y al p\u00fablico en general para que tomen decisiones m\u00e1s informadas sobre su participaci\u00f3n en la econom\u00eda colaborativa.<\/p>\n\n\n\n<p>Sin embargo, un incremento de formalidades podr\u00eda llevar a muchos particulares a olvidarse de la econom\u00eda colaborativa. Finalmente, la <strong>simplicidad <\/strong>es una de las caracter\u00edsticas m\u00e1s importantes para los usuarios. Si se les impone una <a href=\"https:\/\/www.sage.com\/es-es\/blog\/porque-perdemos-tanto-tiempo-tareas-administrativas\/\">carga administrativa<\/a> importante, es muy probable que busquen otras alternativas.<\/p>\n\n\n\n<h2 class=\"wp-block-heading\" id=\"h-el-marco-juridico-de-las-plataformas\">El marco jur\u00eddico de las plataformas<\/h2>\n\n\n\n<p>Las plataformas de econom\u00eda colaborativa se basan en el desarrollo de <strong>protocolos tecnol\u00f3gicos <\/strong>que permiten que los usuarios intercambien bienes o servicios. La cuesti\u00f3n clave est\u00e1 en delimitar hasta d\u00f3nde podemos hablar de <strong>proveedores de un servicio tecnol\u00f3gico<\/strong> y desde d\u00f3nde, realmente, est\u00e1n <strong>controlando un proceso productivo<\/strong>.<\/p>\n\n\n\n<p>Ello es importante, entre otros aspectos, para definir qu\u00e9 <strong>regulaciones sectoriales<\/strong> se aplican a una plataforma. Lo estamos viendo, por ejemplo, en el caso del transporte, donde una de los principales punto de debate es determinar hasta qu\u00e9 punto las plataformas son proveedoras de un servicio tecnol\u00f3gico o de transporte de viajeros, paqueter\u00eda, etc.<\/p>\n\n\n\n<h2 class=\"wp-block-heading\" id=\"h-la-competencia-con-otros-sectores\">La competencia con otros sectores<\/h2>\n\n\n\n<p>La econom\u00eda colaborativa es capaz de crear <strong>nuevos tipos de intercambios<\/strong>, pero tambi\u00e9n de redefinir los existentes. En ese punto, algunos sectores tradicionales ven en ella una forma de competencia que est\u00e1 comprometiendo su propio marco.<\/p>\n\n\n\n<p>Todas estas empresas suelen estar sujetas a unos <strong>requisitos <\/strong>para la prestaci\u00f3n de un determinado servicio que, una vez cumplidos, generan la <strong>expectativa de poder excluir a cualquier otra <\/strong><a href=\"https:\/\/www.sage.com\/es-es\/blog\/los-seis-principios-basicos-que-debes-conocer-sobre-la-competencia\/\"><strong>competencia<\/strong><\/a><strong> que no los cumpla<\/strong>.<\/p>\n\n\n\n<p>Si la econom\u00eda colaborativa plantea <strong>un nuevo marco <\/strong>en el que se genera la confianza de otro modo y algunos de esos requisitos ya no son necesarios, la expectativa de esas empresas tradicionales que han realizado diversos tipos de <strong>inversiones <\/strong>para cumplir requerimientos normativos se ve quebrada.<\/p>\n\n\n\n<p>Es muy importante plantear los mecanismos para<strong> no desincentivar el cumplimiento normativo<\/strong> en sectores tradicionales, ya que muchos negocios pueden cerrar o no llegar a abrirse por la <strong>incertidumbre <\/strong>que puede generarse al no saber si los esfuerzos por cumplir con la ley se ven recompensados con un marco jur\u00eddico estable y en el que pueden confiar.<\/p>\n\n\n\n<h2 class=\"wp-block-heading\" id=\"h-el-reto-juridico-de-la-confianza\">El reto jur\u00eddico de la confianza<\/h2>\n\n\n\n<p>A estas alturas, sabemos que la tecnolog\u00eda puede contribuir decisivamente para generar <strong>confianza <\/strong>en las transacciones. Por ejemplo, las <strong>opiniones de los usuario<\/strong>s pueden ayudar a describir con mayor precisi\u00f3n <strong>condiciones <\/strong>que hasta ahora sol\u00edan permanecer ocultas. Se est\u00e1n convirtiendo en un remedio a la <strong>asimetr\u00eda de la informaci\u00f3n <\/strong>de las distintas partes, dando a conocer lo bueno de determinadas ofertas y alertando sobre los problemas. Adem\u00e1s, se est\u00e1 avanzando en el descubrimiento de <strong>qu\u00e9 opiniones son cualificadamente cre\u00edbles<\/strong>.<\/p>\n\n\n\n<p>Sin embargo, aun cuando los protocolos que emplea la econom\u00eda colaborativa para generar confianza funcionen bien, no son infalibles. Existen situaciones en los que la ley puede ayudar. Por ejemplo, habr\u00eda que continuar estudiando qu\u00e9 consecuencias jur\u00eddicas se deben anudar a <strong>comportamientos fraudulentos<\/strong> de cualquiera de las partes implicadas. A medida que vayan apareciendo pr\u00e1cticas fraudulentas nuevas, lo l\u00f3gico es que se implementen reformas legales para combatirlas.<\/p>\n\n\n\n<p>La econom\u00eda colaborativa est\u00e1 siendo el foco de important\u00edsimos debates jur\u00eddicos, organizativos y tecnol\u00f3gicos. Las respuestas que se vayan dando contribuir\u00e1n a <strong>moldear el marco de los negocios<\/strong>.<\/p>\n\n\n\n<div class=\"single-cta\">\n\t<div class=\"single-cta__positioner\">\n\t\t<div class=\"single-cta__wrapper has-dark-background-color\">\n\t\t\t<div class=\"single-cta__content\">\n\t\t\t\t\t\t\t\t<h2 class=\"single-cta__title h3\">Subscr\u00edbete a la newsletter de Sage Advice<\/h2>\n\n\t\t\t\t\t\t\t\t\t<div class=\"single-cta__description\">\n\t\t\t\t\t\t<p>Recibe nuestros consejos m\u00e1s recientes directamente en la bandeja de entrada de tu correo electr\u00f3nico.<\/p>\n\t\t\t\t\t<\/div>\n\t\t\t\t\n\t\t\t\t\t\t\t\t\t\t\t\t\t\t<a\n\t\t\t\t\t\thref=\"#gate-263a5c00-99e4-4e71-8421-469deda8e674\"\n\t\t\t\t\t\tclass=\"single-cta__button button button--primary\"\n\t\t\t\t\t\t\t\t\t\t\t\t\t\t\t\t\t>Suscr\u00edbete<\/a>\n\t\t\t\t\t\t\t<\/div>\n\n\t\t\t\t\t<\/div>\n\n\t\t\t\t\t<img decoding=\"async\" width=\"1440\" height=\"810\" src=\"https:\/\/www.sage.com\/es-es\/blog\/wp-content\/uploads\/sites\/8\/2022\/04\/GettyImages-1171960556-1440x810.jpg\" class=\"single-cta__image\" alt=\"Sage\" loading=\"lazy\" srcset=\"https:\/\/www.sage.com\/es-es\/blog\/wp-content\/uploads\/sites\/8\/2022\/04\/GettyImages-1171960556-1440x810.jpg 1440w\" sizes=\"auto, (min-width: 48em) 33vw, 100vw\" \/>\t\t\t<\/div>\n<\/div>\n","protected":false},"excerpt":{"rendered":"<p>Analizamos el reto jur\u00eddico de la econom\u00eda colaborativa, el conjunto de respuestas que las diferentes partes interesadas est\u00e1n demandando. El reto jur\u00eddico de la econom\u00eda colaborativa consiste, en t\u00e9rminos generales, en delimitar cu\u00e1l es el tratamiento legal que debe tener esta forma en auge de extraer utilidad de los recursos de los que dispone la [&hellip;]<\/p>\n","protected":false},"author":240,"featured_media":32269,"comment_status":"open","ping_status":"closed","sticky":false,"template":"","format":"standard","meta":{"_sage_video":false,"post_featured_image_hide":false,"footnotes":""},"categories":[3],"tags":[37,38],"business_type":[10,11],"lilypad":[],"context":[],"industry":[],"persona":[],"imagine_tag":[281],"coauthors":[412],"class_list":["post-15343","post","type-post","status-publish","format-standard","has-post-thumbnail","hentry","category-estrategia-gestion","tag-gestion-empresarial","tag-gestion-financiera","business_type-pequena-empresa","business_type-mediana-empresa"],"sage_meta":{"region":"es-es","author_name":"Gonzalo Garc\u00eda Abad","featured_image":"https:\/\/www.sage.com\/es-es\/blog\/wp-content\/uploads\/sites\/8\/2025\/08\/Mar2025_GB-Trucking-Logistics_0132.jpeg","imagine_tags":{"281":"Gesti\u00f3n empresarial"}},"distributor_meta":false,"distributor_terms":false,"distributor_media":false,"distributor_original_site_name":"Sage Advice Espa\u00f1a","distributor_original_site_url":"https:\/\/www.sage.com\/es-es\/blog","push-errors":false,"_links":{"self":[{"href":"https:\/\/www.sage.com\/es-es\/blog\/api\/wp\/v2\/posts\/15343","targetHints":{"allow":["GET"]}}],"collection":[{"href":"https:\/\/www.sage.com\/es-es\/blog\/api\/wp\/v2\/posts"}],"about":[{"href":"https:\/\/www.sage.com\/es-es\/blog\/api\/wp\/v2\/types\/post"}],"author":[{"embeddable":true,"href":"https:\/\/www.sage.com\/es-es\/blog\/api\/wp\/v2\/users\/240"}],"replies":[{"embeddable":true,"href":"https:\/\/www.sage.com\/es-es\/blog\/api\/wp\/v2\/comments?post=15343"}],"version-history":[{"count":1,"href":"https:\/\/www.sage.com\/es-es\/blog\/api\/wp\/v2\/posts\/15343\/revisions"}],"predecessor-version":[{"id":37578,"href":"https:\/\/www.sage.com\/es-es\/blog\/api\/wp\/v2\/posts\/15343\/revisions\/37578"}],"wp:featuredmedia":[{"embeddable":true,"href":"https:\/\/www.sage.com\/es-es\/blog\/api\/wp\/v2\/media\/32269"}],"wp:attachment":[{"href":"https:\/\/www.sage.com\/es-es\/blog\/api\/wp\/v2\/media?parent=15343"}],"wp:term":[{"taxonomy":"category","embeddable":true,"href":"https:\/\/www.sage.com\/es-es\/blog\/api\/wp\/v2\/categories?post=15343"},{"taxonomy":"post_tag","embeddable":true,"href":"https:\/\/www.sage.com\/es-es\/blog\/api\/wp\/v2\/tags?post=15343"},{"taxonomy":"business_type","embeddable":true,"href":"https:\/\/www.sage.com\/es-es\/blog\/api\/wp\/v2\/business_type?post=15343"},{"taxonomy":"lilypad","embeddable":true,"href":"https:\/\/www.sage.com\/es-es\/blog\/api\/wp\/v2\/lilypad?post=15343"},{"taxonomy":"context","embeddable":true,"href":"https:\/\/www.sage.com\/es-es\/blog\/api\/wp\/v2\/context?post=15343"},{"taxonomy":"industry","embeddable":true,"href":"https:\/\/www.sage.com\/es-es\/blog\/api\/wp\/v2\/industry?post=15343"},{"taxonomy":"persona","embeddable":true,"href":"https:\/\/www.sage.com\/es-es\/blog\/api\/wp\/v2\/persona?post=15343"},{"taxonomy":"imagine_tag","embeddable":true,"href":"https:\/\/www.sage.com\/es-es\/blog\/api\/wp\/v2\/imagine_tag?post=15343"},{"taxonomy":"author","embeddable":true,"href":"https:\/\/www.sage.com\/es-es\/blog\/api\/wp\/v2\/coauthors?post=15343"}],"curies":[{"name":"wp","href":"https:\/\/api.w.org\/{rel}","templated":true}]}}