{"id":15466,"date":"2019-10-01T00:00:24","date_gmt":"2019-09-30T22:00:24","guid":{"rendered":"https:\/\/www.sage.com\/es-es\/blog\/?p=15466"},"modified":"2026-02-04T18:02:38","modified_gmt":"2026-02-04T17:02:38","slug":"elecciones-a-la-vista-esto-es-lo-que-piden-las-pymes-y-los-autonomos","status":"publish","type":"post","link":"https:\/\/www.sage.com\/es-es\/blog\/elecciones-a-la-vista-esto-es-lo-que-piden-las-pymes-y-los-autonomos\/","title":{"rendered":"Elecciones a la vista: esto es lo que piden las pymes y los aut\u00f3nomos"},"content":{"rendered":"<header class=\"entry-header has-dark-background-color entry-header--has-illustration entry-header--has-illustration--generic\">\n\t<div class=\"container\">\n\t\t<div class=\"entry-header__row row align-center\">\n\t\t\t<div class=\"col col-lg-7 col-xlg-6 entry-header__content\">\n\t\t\t\t\t\t\t<div class=\"component component-single-header\">\n\t\t\t\t\t\t\t\t\t\t<div class=\"entry-header__misc text--subtitle text--uppercase text--small\">\n\t\t\t\t\t\t\t<a href=\"https:\/\/www.sage.com\/es-es\/blog\/categoria\/estrategia-gestion\/\" class=\"entry-header__link\">Estrategia y Gesti\u00f3n<\/a>\t\t\t\t\t\t<\/div>\n\t\t\t\t\n\t\t\t\t<div class=\"entry-title-wrapper\">\n\t\t\t\t\t<h1 class=\"entry-title\">\n\t\t\t\t\t\tElecciones a la vista: esto es lo que piden las pymes y los aut\u00f3nomos\t\t\t\t\t<\/h1>\n\t\t\t\t<\/div>\n\n\t\t\t\t\t\t\t\t\t<p class=\"entry-header__description\">\n\t\t\t\t\t\t\t\t\t\t\t<\/p>\n\t\t\t\t\n\t\t\t\t\n\t\t\t\t\n\t\t\t<\/div>\n\n\t\t\t\t\t<\/div>\n\t\t\t\t\t<\/div>\n\t<\/div>\n\t<div class=\"single-post-details container\">\n\t\t<div class=\"col\">\n\t\t\t<span class=\"posted-on \"><time class=\"entry-date published\" datetime=\"2019-10-01T00:00:24+02:00\">1 October, 2019<\/time><\/span><span class=\"reading-time\"> minutos de lectura<\/span>\n\t\t<button\n\t\t\ttype=\"button\"\n\t\t\tclass=\"social-share-button button button--icon button--secondary js-social-share-button\"\n\t\t\tdata-share-title=\"Elecciones a la vista: esto es lo que piden las pymes y los aut\u00f3nomos\"\n\t\t\tdata-share-url=\"https:\/\/www.sage.com\/es-es\/blog\/elecciones-a-la-vista-esto-es-lo-que-piden-las-pymes-y-los-autonomos\/\"\n\t\t\tdata-share-text=\"Please read this interesting article\"\n\t\t>\n\t\t\t<span class=\"social-share-button__share-label\">Compartir<\/span>\n\t\t\t<span class=\"social-share-button__copy-label\" hidden>Copiar enlace<\/span>\n\t\t\t<span class=\"social-share-button__copy-tooltip\" aria-hidden=\"true\" hidden>Copiado<\/span>\n\t\t<\/button>\n\n\t\t\t\t<\/div>\n\t<\/div>\n<\/header>\n\n\n\n<div class=\"wp-block-post-author has-dark-background-color alignfull\">\n\t<div class=\"container\">\n\t\t<div class=\"col\">\n\t\t\t\t\t\t\t<div class=\"co-authors\">\n\t\t\t\t\t\n\t\t<div class=\"entry-author-wrapper\">\n\t\t\t<a class=\"entry-author\" href=\"https:\/\/www.sage.com\/es-es\/blog\/author\/gonzalo-garcia-abad\/\">\n\t\t\t\t<img loading=\"lazy\" decoding=\"async\" width=\"40\" height=\"40\" src=\"https:\/\/www.sage.com\/es-es\/blog\/wp-content\/uploads\/sites\/8\/2024\/02\/Gonzalo-Garcia_2024_600x600-350x350.jpg\" class=\"entry-author__image\" alt=\"\" srcset=\"https:\/\/www.sage.com\/es-es\/blog\/wp-content\/uploads\/sites\/8\/2024\/02\/Gonzalo-Garcia_2024_600x600-350x350.jpg 350w, https:\/\/www.sage.com\/es-es\/blog\/wp-content\/uploads\/sites\/8\/2024\/02\/Gonzalo-Garcia_2024_600x600.jpg 600w\" sizes=\"auto, (max-width: 40px) 100vw, 40px\" \/>\t\t\t\t<span class=\"entry-author__name\">Gonzalo Garc\u00eda Abad<\/span>\n\t\t\t<\/a>\n\n\t\t\t\t\t<\/div>\n\n\t\t\t\t\t\t<\/div>\n\t\t\t\t\t<\/div>\n\t<\/div>\n<\/div>\n<div class=\"sage-block-classic-wrapper\">\n\n<p>Resumimos los principales puntos de debate en torno a la regulaci\u00f3n del marco jur\u00eddico relacionado con pymes y aut\u00f3nomos, que tendr\u00e1n cierto protagonismo de cara a las nuevas elecciones y, sobre todo, en la siguiente legislatura.<\/p>\n<ul>\n<li>Pymes y aut\u00f3nomos son dos importantes focos de atenci\u00f3n ante el nuevo proceso electoral<\/li>\n<li>Las visiones de las asociaciones representativas de pymes y aut\u00f3nomos no son siempre coincidentes, existe un gran riqueza de matices<\/li>\n<\/ul>\n<p>Por fin, se ha confirmado: vamos a unas <strong>nuevas elecciones<\/strong>. Sin embargo, las viejas <strong>aspiraciones de pymes y aut\u00f3nomos<\/strong> siguen ah\u00ed. En todo caso, hoy sabemos que, aunque <a href=\"https:\/\/www.sage.com\/es-es\/blog\/esto-es-lo-que-opinan-los-autonomos-sobre-la-nueva-ley-de-reformas-urgentes\/\">quiz\u00e1 no lleg\u00f3 a colmar todos los deseos del colectivo,<\/a> hace poco m\u00e1s de dos a\u00f1os todos los partidos con representaci\u00f3n parlamentaria se pusieron de acuerdo para <a href=\"https:\/\/www.sage.com\/es-es\/blog\/novedades-nueva-ley-autonomos-que-entran-en-vigor-2018\/\">tomar medidas<\/a> que favoreciesen la actividad de los trabajadores por cuenta propia.<!--more--><\/p>\n<p>Las cortes y el gobierno que salgan del nuevo proceso electoral tendr\u00e1n, por tanto, a buen seguro, sea cual sea su composici\u00f3n, como <strong>una de sus prioridades el apoyo a los emprendedores<\/strong>. En todo caso, los diferentes colectivos representativos tienen<strong> muchas visiones y propuestas<\/strong> que unas veces coinciden, otras se complementan y algunas contrastan claramente.<\/p>\n<p>Veamos cu\u00e1les son las <strong>principales opiniones<\/strong> sobre los asuntos que m\u00e1s preocupan a pymes y aut\u00f3nomos.<\/p>\n<h2>Las cargas administrativas<\/h2>\n<ul>\n<li>Hace unos d\u00edas se ha firmado <a href=\"https:\/\/www.boe.es\/diario_boe\/txt.php?id=BOE-A-2019-12965\" target=\"_blank\" rel=\"noopener noreferrer\">un convenio<\/a> de la Secretar\u00eda de Estado de Funci\u00f3n P\u00fablica con la Federaci\u00f3n Nacional de Asociaciones de Empresarios y Trabajadores Aut\u00f3nomos (ATA) por el cual, entre otras medidas, esta \u00faltima organizaci\u00f3n se compromete a elaborar un plan para la <a href=\"https:\/\/www.sage.com\/es-es\/blog\/estos-son-los-principales-frenos-administrativos-del-automo-para-emprender\/\"><strong>reducci\u00f3n de cargas<\/strong><\/a> y la secretar\u00eda de estado a su remisi\u00f3n a los diferentes departamentos, en funci\u00f3n de su competencia, para su an\u00e1lisis.<\/li>\n<li>No es la primera vez que se firman convenios de estas caracter\u00edsticas, a los que ya se ha llegado en otras ocasiones, por ejemplo, <a href=\"https:\/\/www.boe.es\/diario_boe\/txt.php?id=BOE-A-2018-11116\" target=\"_blank\" rel=\"noopener noreferrer\">con la propia ATA<\/a> y, el pasado a\u00f1o, con la Confederaci\u00f3n Espa\u00f1ola de Organizaciones Empresariales (CEOE) y la Confederaci\u00f3n Espa\u00f1ola de la Peque\u00f1a y Mediana Empresa (CEPYME).<\/li>\n<\/ul>\n<h2>Incentivos fiscales<\/h2>\n<ul>\n<li>Desde CEPYME consideran necesario que se den <a href=\"https:\/\/www.europapress.es\/economia\/laboral-00346\/noticia-cepyme-pide-nuevo-gobierno-piense-primero-pymes-incentivos-fiscales-empresarios-20190403124107.html\" target=\"_blank\" rel=\"noopener noreferrer\"><strong>bonificaciones o deducciones<\/strong> a los empresarios por reinvertir beneficios<\/a> en su propia empresa y que se introduzcan incentivos fiscales para la inversi\u00f3n en la peque\u00f1a empresa.<\/li>\n<li>Entre las asociaciones de aut\u00f3nomos tambi\u00e9n se\u00f1alan prioridades. Por ejemplo, <a href=\"https:\/\/www.eleconomista.es\/economia\/noticias\/9953696\/06\/19\/Upta-pedira-al-nuevo-gobierno-bonificaciones-fiscales-y-sociales-para-autonomos-con-discapacidad.html\" target=\"_blank\" rel=\"noopener noreferrer\">UPTA reclama<\/a> que, a lo largo de toda su vida laboral, se bonifiquen al 100% las cotizaciones a la Seguridad Social de los trabajadores <strong>aut\u00f3nomos con discapacidad<\/strong> reconocida en un grado superior al 33%.<\/li>\n<\/ul>\n<h2>Competitividad<\/h2>\n<ul>\n<li>Desde CEPYME sit\u00faan la<strong> lucha por la competitividad <\/strong>como una de las preocupaciones principales. Para ello, entienden que el di\u00e1logo social y la <a href=\"https:\/\/www.sage.com\/es-es\/blog\/contenido-convenios-colectivos\/\">negociaci\u00f3n colectiva<\/a> son los instrumentos m\u00e1s eficaces para el buen funcionamiento del sistema de <a href=\"https:\/\/www.sage.com\/es-es\/blog\/tag\/relaciones-laborales\/\">relaciones laborales<\/a>, en todos los niveles, y para abordar las reformas, los cambios y las adaptaciones que los sectores productivos y las empresas necesitan para asegurar su competitividad.<\/li>\n<li>En UATAE est\u00e1n particularmente preocupados por la <strong>competitividad del aut\u00f3nomo industrial<\/strong>. Observan que cada vez hay menos y consideran que esta p\u00e9rdida de actividades de aut\u00f3nomos en la Industria nos debe preocupar a todos, ya que se produce en el sector estrat\u00e9gico para el desarrollo de una econom\u00eda avanzada y s\u00f3lida.<\/li>\n<\/ul>\n<h2>Cotizaci\u00f3n por ingresos reales<\/h2>\n<ul>\n<li>Para la Uni\u00f3n de Asociaciones de Trabajadores, Aut\u00f3nomos y Emprendedores (UATAE) la <strong>cotizaci\u00f3n por ingresos reales<\/strong> es una \u201cmedida imprescindible para introducir criterios de justicia, solidaridad y mayor protecci\u00f3n social al colectivo\u201d.<\/li>\n<li>En todo caso, la implementaci\u00f3n de la medida genera <strong>cierto debate<\/strong> entre las asociaciones. Todas coinciden en que hay que buscar f\u00f3rmulas para<strong> aliviar la presi\u00f3n de las cotizaciones <\/strong>sobre los aut\u00f3nomos con menores ingresos. Sin embargo, no est\u00e1 claro c\u00f3mo conseguirlo. Se ha hablado de un <a href=\"https:\/\/www.abc.es\/economia\/abci-y-upta-firman-acuerdo-para-autonomos-coticen-funcion-ingresos-reales-201807161234_noticia.html\" target=\"_blank\" rel=\"noopener noreferrer\">sistema de tramos<\/a> o, incluso, de que la medida fuese de aplicaci\u00f3n voluntaria, <a href=\"https:\/\/www.eleconomista.es\/economia\/noticias\/9873274\/05\/19\/Ata-quiere-que-el-sistema-de-cotizacion-de-los-autonomos-por-ingresos-reales-sea-voluntario.html\" target=\"_blank\" rel=\"noopener noreferrer\">como defiende ATA<\/a>.<\/li>\n<\/ul>\n<h2>Brecha en las pensiones<\/h2>\n<ul>\n<li><a href=\"https:\/\/www.sage.com\/es-es\/blog\/cotizacion-autonomos-7-cosas-a-conocer-para-tener-una-pension-digna\/\">\u00cdntimamente ligada con lo anterior<\/a>, est\u00e1 la cuesti\u00f3n de las <a href=\"https:\/\/www.sage.com\/es-es\/blog\/como-pueden-mejorar-su-pension-los-autonomos-espanoles-infografia\/\"><strong>pensiones de los aut\u00f3nomos<\/strong><\/a>, a menudo m\u00e1s reducidas que las de los asalariados. De ah\u00ed que se plantee qu\u00e9 hacer para mejorar las prestaciones.<\/li>\n<li>En ese sentido, ATA propone que l<strong>a pensi\u00f3n de jubilaci\u00f3n pueda calcularse sobre toda la vida laboral<\/strong>, eligiendo para ello el 75% de los mejores a\u00f1os de cotizaci\u00f3n y el 25% de los peores.<\/li>\n<li>Por su parte, UATAE valora que hay que <strong>resolver un d\u00e9ficit<\/strong> que provoca que los aut\u00f3nomos cobren menos en proporci\u00f3n a sus cotizaciones. Entiende que la manera de lograrlo ser\u00e1 a trav\u00e9s del sistema de cotizaci\u00f3n por ingresos reales para pasar a un sistema justo, proporcional y contributivo que garantice una protecci\u00f3n social digna a todos y todas las aut\u00f3nomas.<\/li>\n<li>Para UPTA la soluci\u00f3n pasa por impulsar el <strong>incremento de las <\/strong><a href=\"https:\/\/www.sage.com\/es-es\/blog\/diccionario-empresarial\/bases-de-cotizacion-a-la-seguridad-social\/\"><strong>bases de cotizaci\u00f3n<\/strong><\/a>, incentivar la subida con medidas que no lastren la mermada econom\u00eda del colectivo, pero que supongan un aumento paulatino de las cotizaciones.<\/li>\n<\/ul>\n<h2>TRADE digital<\/h2>\n<ul>\n<li>Desde UPTA, <em>se oponen<\/em> a la creaci\u00f3n de un nuevo tipo de trabajador aut\u00f3nomo econ\u00f3micamente dependiente (TRADE): el <strong>TRADE digital<\/strong>. Consideran que \u201ctan solo tendr\u00edan que ser revisadas algunas peculiaridades, no en el sentido contractual, m\u00e1s bien en el operativo del desarrollo de la actividad\u201d.<\/li>\n<li><strong>La actitud desde ATA es expectante<\/strong>. En su d\u00eda, defendieron la creaci\u00f3n de la figura de TRADE digital, pero <a href=\"https:\/\/www.lainformacion.com\/economia-negocios-y-finanzas\/ata-autonomos-retira-propuesta-trade-digital-riders\/6513070\/\" target=\"_blank\" rel=\"noopener noreferrer\">ahora mismo est\u00e1n a la espera<\/a> de que la justicia se pronuncie acerca de cuestiones como la calificaci\u00f3n de los <em>riders<\/em> como aut\u00f3nomos o como personal de la empresa que deber\u00eda tener un contrato como asalariado.<\/li>\n<\/ul>\n<p>Como vemos, existen sobre la mesa muchos e interesantes debates. La pr\u00f3xima legislatura est\u00e1, en principio, llamada a ser una de las m\u00e1s importantes en la configuraci\u00f3n del marco jur\u00eddico en el que se desarrolla la actividad de pymes y aut\u00f3nomos.<\/p>\n<\/div>\n<div class=\"single-cta\">\n\t<div class=\"single-cta__positioner\">\n\t\t<div class=\"single-cta__wrapper has-dark-background-color\">\n\t\t\t<div class=\"single-cta__content\">\n\t\t\t\t\t\t\t\t<h2 class=\"single-cta__title h3\">Subscr\u00edbete a la newsletter de Sage Advice<\/h2>\n\n\t\t\t\t\t\t\t\t\t<div class=\"single-cta__description\">\n\t\t\t\t\t\t<p>Recibe nuestros consejos m\u00e1s recientes directamente en la bandeja de entrada de tu correo electr\u00f3nico.<\/p>\n\t\t\t\t\t<\/div>\n\t\t\t\t\n\t\t\t\t\t\t\t\t\t\t\t\t\t\t<a\n\t\t\t\t\t\thref=\"#gate-263a5c00-99e4-4e71-8421-469deda8e674\"\n\t\t\t\t\t\tclass=\"single-cta__button button button--primary\"\n\t\t\t\t\t\t\t\t\t\t\t\t\t\t\t\t\t>Suscr\u00edbete<\/a>\n\t\t\t\t\t\t\t<\/div>\n\n\t\t\t\t\t<\/div>\n\n\t\t\t\t\t<img decoding=\"async\" width=\"1440\" height=\"810\" src=\"https:\/\/www.sage.com\/es-es\/blog\/wp-content\/uploads\/sites\/8\/2022\/04\/GettyImages-1171960556-1440x810.jpg\" class=\"single-cta__image\" alt=\"Sage\" loading=\"lazy\" srcset=\"https:\/\/www.sage.com\/es-es\/blog\/wp-content\/uploads\/sites\/8\/2022\/04\/GettyImages-1171960556-1440x810.jpg 1440w\" sizes=\"auto, (min-width: 48em) 33vw, 100vw\" \/>\t\t\t<\/div>\n<\/div>\n","protected":false},"excerpt":{"rendered":"<p>Resumimos los principales puntos de debate en torno a la regulaci\u00f3n del marco jur\u00eddico relacionado con pymes y aut\u00f3nomos, que tendr\u00e1n cierto protagonismo de cara a las nuevas elecciones y, sobre todo, en la siguiente legislatura. Pymes y aut\u00f3nomos son dos importantes focos de atenci\u00f3n ante el nuevo proceso electoral Las visiones de las asociaciones [&hellip;]<\/p>\n","protected":false},"author":240,"featured_media":15450,"comment_status":"open","ping_status":"closed","sticky":false,"template":"","format":"standard","meta":{"_sage_video":false,"post_featured_image_hide":false,"footnotes":""},"categories":[3,6],"tags":[16,202,56],"business_type":[10,11],"lilypad":[],"context":[],"industry":[],"persona":[],"imagine_tag":[287,260,284],"coauthors":[412],"class_list":["post-15466","post","type-post","status-publish","format-standard","has-post-thumbnail","hentry","category-estrategia-gestion","category-legal","tag-autonomos","tag-novedades-legales","tag-pymes","business_type-pequena-empresa","business_type-mediana-empresa"],"sage_meta":{"region":"es-es","author_name":"Gonzalo Garc\u00eda Abad","featured_image":"https:\/\/www.sage.com\/es-es\/blog\/wp-content\/uploads\/sites\/8\/2019\/09\/Specialtys_FY19_Intacct_BrandPhotography_300r.jpg","imagine_tags":{"287":"Aut\u00f3nomos","260":"Legal","284":"Pymes"}},"distributor_meta":false,"distributor_terms":false,"distributor_media":false,"distributor_original_site_name":"Sage Advice Espa\u00f1a","distributor_original_site_url":"https:\/\/www.sage.com\/es-es\/blog","push-errors":false,"_links":{"self":[{"href":"https:\/\/www.sage.com\/es-es\/blog\/api\/wp\/v2\/posts\/15466","targetHints":{"allow":["GET"]}}],"collection":[{"href":"https:\/\/www.sage.com\/es-es\/blog\/api\/wp\/v2\/posts"}],"about":[{"href":"https:\/\/www.sage.com\/es-es\/blog\/api\/wp\/v2\/types\/post"}],"author":[{"embeddable":true,"href":"https:\/\/www.sage.com\/es-es\/blog\/api\/wp\/v2\/users\/240"}],"replies":[{"embeddable":true,"href":"https:\/\/www.sage.com\/es-es\/blog\/api\/wp\/v2\/comments?post=15466"}],"version-history":[{"count":0,"href":"https:\/\/www.sage.com\/es-es\/blog\/api\/wp\/v2\/posts\/15466\/revisions"}],"wp:featuredmedia":[{"embeddable":true,"href":"https:\/\/www.sage.com\/es-es\/blog\/api\/wp\/v2\/media\/15450"}],"wp:attachment":[{"href":"https:\/\/www.sage.com\/es-es\/blog\/api\/wp\/v2\/media?parent=15466"}],"wp:term":[{"taxonomy":"category","embeddable":true,"href":"https:\/\/www.sage.com\/es-es\/blog\/api\/wp\/v2\/categories?post=15466"},{"taxonomy":"post_tag","embeddable":true,"href":"https:\/\/www.sage.com\/es-es\/blog\/api\/wp\/v2\/tags?post=15466"},{"taxonomy":"business_type","embeddable":true,"href":"https:\/\/www.sage.com\/es-es\/blog\/api\/wp\/v2\/business_type?post=15466"},{"taxonomy":"lilypad","embeddable":true,"href":"https:\/\/www.sage.com\/es-es\/blog\/api\/wp\/v2\/lilypad?post=15466"},{"taxonomy":"context","embeddable":true,"href":"https:\/\/www.sage.com\/es-es\/blog\/api\/wp\/v2\/context?post=15466"},{"taxonomy":"industry","embeddable":true,"href":"https:\/\/www.sage.com\/es-es\/blog\/api\/wp\/v2\/industry?post=15466"},{"taxonomy":"persona","embeddable":true,"href":"https:\/\/www.sage.com\/es-es\/blog\/api\/wp\/v2\/persona?post=15466"},{"taxonomy":"imagine_tag","embeddable":true,"href":"https:\/\/www.sage.com\/es-es\/blog\/api\/wp\/v2\/imagine_tag?post=15466"},{"taxonomy":"author","embeddable":true,"href":"https:\/\/www.sage.com\/es-es\/blog\/api\/wp\/v2\/coauthors?post=15466"}],"curies":[{"name":"wp","href":"https:\/\/api.w.org\/{rel}","templated":true}]}}